{"id":185776,"date":"2018-07-19T08:32:22","date_gmt":"2018-07-19T11:32:22","guid":{"rendered":"https:\/\/www.notibras.com\/site\/?p=185776"},"modified":"2018-07-19T08:32:22","modified_gmt":"2018-07-19T11:32:22","slug":"turquia-sai-do-estado-de-emergencia-e-cria-lei-antiterror","status":"publish","type":"post","link":"https:\/\/www.notibras.com\/site\/turquia-sai-do-estado-de-emergencia-e-cria-lei-antiterror\/","title":{"rendered":"Turquia sai do estado de emerg\u00eancia e cria lei antiterror"},"content":{"rendered":"<p>A Turquia encerrou \u00e0 meia-noite desta quinta-feira (hor\u00e1rio local) o estado de emerg\u00eancia que j\u00e1 vigorava h\u00e1 dois anos no pa\u00eds, desde a violenta e fracassada tentativa de golpe em 2016. O presidente Recep Tayyip Erdogan, contudo, se prepara para introduzir novas leis antiterrorismo classificadas pelo governo como necess\u00e1rias para lidar com amea\u00e7as continuadas \u00e0 seguran\u00e7a.<\/p>\n<p>A oposi\u00e7\u00e3o a Erdogan, por sua vez, insiste que a legisla\u00e7\u00e3o planejada ser\u00e1 t\u00e3o opressora quanto os poderes emergenciais que ela substituir\u00e1.<\/p>\n<p>A n\u00e3o extens\u00e3o do estado de emerg\u00eancia, que inicialmente duraria tr\u00eas meses e foi renovado sete vezes pelo presidente turco, foi uma promessa de campanha de Erdogan com vistas \u00e0 elei\u00e7\u00e3o antecipada realizada em junho.<\/p>\n<p>Um comit\u00ea do Parlamento turco tem agenda prevista para discutir as propostas legislativas do governo que, entre outras coisas, permitiriam a autoridades promover demiss\u00f5es em massa de funcion\u00e1rios p\u00fablicos e deter alguns suspeitos em cust\u00f3dia por at\u00e9 12 dias. A vota\u00e7\u00e3o na assembleia geral poderia ocorrer j\u00e1 na semana que vem.<\/p>\n<p>Sob o estado de emerg\u00eancia, a Turquia prendeu mais de 75 mil pessoas por supostas liga\u00e7\u00f5es com o cl\u00e9rigo Fethullah G\u00fclen, residente nos Estados Unidos, que Ancara culpa pela fracassada tentativa de golpe. Cerca de 130 mil funcion\u00e1rios p\u00fablicos foram exonerados de empregos p\u00fablicos por supostos elos com organiza\u00e7\u00f5es terroristas.<\/p>\n","protected":false},"excerpt":{"rendered":"<p>A Turquia encerrou \u00e0 meia-noite desta quinta-feira (hor\u00e1rio local) o estado de emerg\u00eancia que j\u00e1 vigorava h\u00e1 dois anos no pa\u00eds, desde a violenta e fracassada tentativa de golpe em 2016. O presidente Recep Tayyip Erdogan, contudo, se prepara para introduzir novas leis antiterrorismo classificadas pelo governo como necess\u00e1rias para lidar com amea\u00e7as continuadas \u00e0 [&hellip;]<\/p>\n","protected":false},"author":2,"featured_media":145728,"comment_status":"closed","ping_status":"closed","sticky":false,"template":"","format":"standard","meta":{"_acf_changed":false,"footnotes":""},"categories":[17],"tags":[],"class_list":["post-185776","post","type-post","status-publish","format-standard","has-post-thumbnail","hentry","category-mundo"],"acf":[],"yoast_head":"<!-- This site is optimized with the Yoast SEO plugin v27.2 - https:\/\/yoast.com\/product\/yoast-seo-wordpress\/ -->\n<title>Turquia sai do estado de emerg\u00eancia e cria lei antiterror - Notibras<\/title>\n<meta name=\"robots\" content=\"index, follow, max-snippet:-1, max-image-preview:large, max-video-preview:-1\" \/>\n<link rel=\"canonical\" href=\"https:\/\/www.notibras.com\/site\/turquia-sai-do-estado-de-emergencia-e-cria-lei-antiterror\/\" \/>\n<meta property=\"og:locale\" content=\"pt_BR\" \/>\n<meta property=\"og:type\" content=\"article\" \/>\n<meta property=\"og:title\" content=\"Turquia sai do estado de emerg\u00eancia e cria lei antiterror - Notibras\" \/>\n<meta property=\"og:description\" content=\"A Turquia encerrou \u00e0 meia-noite desta quinta-feira (hor\u00e1rio local) o estado de emerg\u00eancia que j\u00e1 vigorava h\u00e1 dois anos no pa\u00eds, desde a violenta e fracassada tentativa de golpe em 2016. O presidente Recep Tayyip Erdogan, contudo, se prepara para introduzir novas leis antiterrorismo classificadas pelo governo como necess\u00e1rias para lidar com amea\u00e7as continuadas \u00e0 [&hellip;]\" \/>\n<meta property=\"og:url\" content=\"https:\/\/www.notibras.com\/site\/turquia-sai-do-estado-de-emergencia-e-cria-lei-antiterror\/\" \/>\n<meta property=\"og:site_name\" content=\"Notibras\" \/>\n<meta property=\"article:publisher\" content=\"https:\/\/www.facebook.com\/notibras\/\" \/>\n<meta property=\"article:published_time\" content=\"2018-07-19T11:32:22+00:00\" \/>\n<meta property=\"og:image\" content=\"https:\/\/www.notibras.com\/site\/wp-content\/uploads\/2017\/07\/Edorgan-2.jpg\" \/>\n\t<meta property=\"og:image:width\" content=\"1160\" \/>\n\t<meta property=\"og:image:height\" content=\"779\" \/>\n\t<meta property=\"og:image:type\" content=\"image\/jpeg\" \/>\n<meta name=\"author\" content=\"Reda\u00e7\u00e3o\" \/>\n<meta name=\"twitter:card\" content=\"summary_large_image\" \/>\n<meta name=\"twitter:creator\" content=\"@Notibras\" \/>\n<meta name=\"twitter:site\" content=\"@Notibras\" \/>\n<meta name=\"twitter:label1\" content=\"Escrito por\" \/>\n\t<meta name=\"twitter:data1\" content=\"Reda\u00e7\u00e3o\" \/>\n\t<meta name=\"twitter:label2\" content=\"Est. tempo de leitura\" \/>\n\t<meta name=\"twitter:data2\" content=\"1 minuto\" \/>\n<script type=\"application\/ld+json\" class=\"yoast-schema-graph\">{\"@context\":\"https:\/\/schema.org\",\"@graph\":[{\"@type\":\"Article\",\"@id\":\"https:\/\/www.notibras.com\/site\/turquia-sai-do-estado-de-emergencia-e-cria-lei-antiterror\/#article\",\"isPartOf\":{\"@id\":\"https:\/\/www.notibras.com\/site\/turquia-sai-do-estado-de-emergencia-e-cria-lei-antiterror\/\"},\"author\":{\"name\":\"Reda\u00e7\u00e3o\",\"@id\":\"https:\/\/www.notibras.com\/site\/#\/schema\/person\/36ab0979449956132d3e5b517ea76ac8\"},\"headline\":\"Turquia sai do estado de emerg\u00eancia e cria lei antiterror\",\"datePublished\":\"2018-07-19T11:32:22+00:00\",\"mainEntityOfPage\":{\"@id\":\"https:\/\/www.notibras.com\/site\/turquia-sai-do-estado-de-emergencia-e-cria-lei-antiterror\/\"},\"wordCount\":245,\"publisher\":{\"@id\":\"https:\/\/www.notibras.com\/site\/#organization\"},\"image\":{\"@id\":\"https:\/\/www.notibras.com\/site\/turquia-sai-do-estado-de-emergencia-e-cria-lei-antiterror\/#primaryimage\"},\"thumbnailUrl\":\"https:\/\/www.notibras.com\/site\/wp-content\/uploads\/2017\/07\/Edorgan-2.jpg\",\"articleSection\":[\"Mundo\"],\"inLanguage\":\"pt-BR\"},{\"@type\":\"WebPage\",\"@id\":\"https:\/\/www.notibras.com\/site\/turquia-sai-do-estado-de-emergencia-e-cria-lei-antiterror\/\",\"url\":\"https:\/\/www.notibras.com\/site\/turquia-sai-do-estado-de-emergencia-e-cria-lei-antiterror\/\",\"name\":\"Turquia sai do estado de emerg\u00eancia e cria lei antiterror - Notibras\",\"isPartOf\":{\"@id\":\"https:\/\/www.notibras.com\/site\/#website\"},\"primaryImageOfPage\":{\"@id\":\"https:\/\/www.notibras.com\/site\/turquia-sai-do-estado-de-emergencia-e-cria-lei-antiterror\/#primaryimage\"},\"image\":{\"@id\":\"https:\/\/www.notibras.com\/site\/turquia-sai-do-estado-de-emergencia-e-cria-lei-antiterror\/#primaryimage\"},\"thumbnailUrl\":\"https:\/\/www.notibras.com\/site\/wp-content\/uploads\/2017\/07\/Edorgan-2.jpg\",\"datePublished\":\"2018-07-19T11:32:22+00:00\",\"breadcrumb\":{\"@id\":\"https:\/\/www.notibras.com\/site\/turquia-sai-do-estado-de-emergencia-e-cria-lei-antiterror\/#breadcrumb\"},\"inLanguage\":\"pt-BR\",\"potentialAction\":[{\"@type\":\"ReadAction\",\"target\":[\"https:\/\/www.notibras.com\/site\/turquia-sai-do-estado-de-emergencia-e-cria-lei-antiterror\/\"]}]},{\"@type\":\"ImageObject\",\"inLanguage\":\"pt-BR\",\"@id\":\"https:\/\/www.notibras.com\/site\/turquia-sai-do-estado-de-emergencia-e-cria-lei-antiterror\/#primaryimage\",\"url\":\"https:\/\/www.notibras.com\/site\/wp-content\/uploads\/2017\/07\/Edorgan-2.jpg\",\"contentUrl\":\"https:\/\/www.notibras.com\/site\/wp-content\/uploads\/2017\/07\/Edorgan-2.jpg\",\"width\":1160,\"height\":779,\"caption\":\"Foto\/Reprodu\u00e7\u00e3o\/Getty Images\"},{\"@type\":\"BreadcrumbList\",\"@id\":\"https:\/\/www.notibras.com\/site\/turquia-sai-do-estado-de-emergencia-e-cria-lei-antiterror\/#breadcrumb\",\"itemListElement\":[{\"@type\":\"ListItem\",\"position\":1,\"name\":\"In\u00edcio\",\"item\":\"https:\/\/www.notibras.com\/site\/\"},{\"@type\":\"ListItem\",\"position\":2,\"name\":\"Turquia sai do estado de emerg\u00eancia e cria lei antiterror\"}]},{\"@type\":\"WebSite\",\"@id\":\"https:\/\/www.notibras.com\/site\/#website\",\"url\":\"https:\/\/www.notibras.com\/site\/\",\"name\":\"Notibras\",\"description\":\"Not\u00edcias de Bras\u00edlia, do Brasil e do Mundo\",\"publisher\":{\"@id\":\"https:\/\/www.notibras.com\/site\/#organization\"},\"potentialAction\":[{\"@type\":\"SearchAction\",\"target\":{\"@type\":\"EntryPoint\",\"urlTemplate\":\"https:\/\/www.notibras.com\/site\/?s={search_term_string}\"},\"query-input\":{\"@type\":\"PropertyValueSpecification\",\"valueRequired\":true,\"valueName\":\"search_term_string\"}}],\"inLanguage\":\"pt-BR\"},{\"@type\":\"Organization\",\"@id\":\"https:\/\/www.notibras.com\/site\/#organization\",\"name\":\"Grupo Notibras de Comunica\u00e7\u00e3o\",\"url\":\"https:\/\/www.notibras.com\/site\/\",\"logo\":{\"@type\":\"ImageObject\",\"inLanguage\":\"pt-BR\",\"@id\":\"https:\/\/www.notibras.com\/site\/#\/schema\/logo\/image\/\",\"url\":\"https:\/\/www.notibras.com\/site\/wp-content\/uploads\/2023\/01\/notibras23.png\",\"contentUrl\":\"https:\/\/www.notibras.com\/site\/wp-content\/uploads\/2023\/01\/notibras23.png\",\"width\":350,\"height\":87,\"caption\":\"Grupo Notibras de Comunica\u00e7\u00e3o\"},\"image\":{\"@id\":\"https:\/\/www.notibras.com\/site\/#\/schema\/logo\/image\/\"},\"sameAs\":[\"https:\/\/www.facebook.com\/notibras\/\",\"https:\/\/x.com\/Notibras\",\"https:\/\/www.instagram.com\/notibras\/\"]},{\"@type\":\"Person\",\"@id\":\"https:\/\/www.notibras.com\/site\/#\/schema\/person\/36ab0979449956132d3e5b517ea76ac8\",\"name\":\"Reda\u00e7\u00e3o\",\"image\":{\"@type\":\"ImageObject\",\"inLanguage\":\"pt-BR\",\"@id\":\"https:\/\/secure.gravatar.com\/avatar\/e0a867bdedb85fd243eadf09663511f96fc81e0720a4a42581f334ad4303aa6b?s=96&d=mm&r=g\",\"url\":\"https:\/\/secure.gravatar.com\/avatar\/e0a867bdedb85fd243eadf09663511f96fc81e0720a4a42581f334ad4303aa6b?s=96&d=mm&r=g\",\"contentUrl\":\"https:\/\/secure.gravatar.com\/avatar\/e0a867bdedb85fd243eadf09663511f96fc81e0720a4a42581f334ad4303aa6b?s=96&d=mm&r=g\",\"caption\":\"Reda\u00e7\u00e3o\"}}]}<\/script>\n<!-- \/ Yoast SEO plugin. -->","yoast_head_json":{"title":"Turquia sai do estado de emerg\u00eancia e cria lei antiterror - Notibras","robots":{"index":"index","follow":"follow","max-snippet":"max-snippet:-1","max-image-preview":"max-image-preview:large","max-video-preview":"max-video-preview:-1"},"canonical":"https:\/\/www.notibras.com\/site\/turquia-sai-do-estado-de-emergencia-e-cria-lei-antiterror\/","og_locale":"pt_BR","og_type":"article","og_title":"Turquia sai do estado de emerg\u00eancia e cria lei antiterror - Notibras","og_description":"A Turquia encerrou \u00e0 meia-noite desta quinta-feira (hor\u00e1rio local) o estado de emerg\u00eancia que j\u00e1 vigorava h\u00e1 dois anos no pa\u00eds, desde a violenta e fracassada tentativa de golpe em 2016. O presidente Recep Tayyip Erdogan, contudo, se prepara para introduzir novas leis antiterrorismo classificadas pelo governo como necess\u00e1rias para lidar com amea\u00e7as continuadas \u00e0 [&hellip;]","og_url":"https:\/\/www.notibras.com\/site\/turquia-sai-do-estado-de-emergencia-e-cria-lei-antiterror\/","og_site_name":"Notibras","article_publisher":"https:\/\/www.facebook.com\/notibras\/","article_published_time":"2018-07-19T11:32:22+00:00","og_image":[{"width":1160,"height":779,"url":"https:\/\/www.notibras.com\/site\/wp-content\/uploads\/2017\/07\/Edorgan-2.jpg","type":"image\/jpeg"}],"author":"Reda\u00e7\u00e3o","twitter_card":"summary_large_image","twitter_creator":"@Notibras","twitter_site":"@Notibras","twitter_misc":{"Escrito por":"Reda\u00e7\u00e3o","Est. tempo de leitura":"1 minuto"},"schema":{"@context":"https:\/\/schema.org","@graph":[{"@type":"Article","@id":"https:\/\/www.notibras.com\/site\/turquia-sai-do-estado-de-emergencia-e-cria-lei-antiterror\/#article","isPartOf":{"@id":"https:\/\/www.notibras.com\/site\/turquia-sai-do-estado-de-emergencia-e-cria-lei-antiterror\/"},"author":{"name":"Reda\u00e7\u00e3o","@id":"https:\/\/www.notibras.com\/site\/#\/schema\/person\/36ab0979449956132d3e5b517ea76ac8"},"headline":"Turquia sai do estado de emerg\u00eancia e cria lei antiterror","datePublished":"2018-07-19T11:32:22+00:00","mainEntityOfPage":{"@id":"https:\/\/www.notibras.com\/site\/turquia-sai-do-estado-de-emergencia-e-cria-lei-antiterror\/"},"wordCount":245,"publisher":{"@id":"https:\/\/www.notibras.com\/site\/#organization"},"image":{"@id":"https:\/\/www.notibras.com\/site\/turquia-sai-do-estado-de-emergencia-e-cria-lei-antiterror\/#primaryimage"},"thumbnailUrl":"https:\/\/www.notibras.com\/site\/wp-content\/uploads\/2017\/07\/Edorgan-2.jpg","articleSection":["Mundo"],"inLanguage":"pt-BR"},{"@type":"WebPage","@id":"https:\/\/www.notibras.com\/site\/turquia-sai-do-estado-de-emergencia-e-cria-lei-antiterror\/","url":"https:\/\/www.notibras.com\/site\/turquia-sai-do-estado-de-emergencia-e-cria-lei-antiterror\/","name":"Turquia sai do estado de emerg\u00eancia e cria lei antiterror - Notibras","isPartOf":{"@id":"https:\/\/www.notibras.com\/site\/#website"},"primaryImageOfPage":{"@id":"https:\/\/www.notibras.com\/site\/turquia-sai-do-estado-de-emergencia-e-cria-lei-antiterror\/#primaryimage"},"image":{"@id":"https:\/\/www.notibras.com\/site\/turquia-sai-do-estado-de-emergencia-e-cria-lei-antiterror\/#primaryimage"},"thumbnailUrl":"https:\/\/www.notibras.com\/site\/wp-content\/uploads\/2017\/07\/Edorgan-2.jpg","datePublished":"2018-07-19T11:32:22+00:00","breadcrumb":{"@id":"https:\/\/www.notibras.com\/site\/turquia-sai-do-estado-de-emergencia-e-cria-lei-antiterror\/#breadcrumb"},"inLanguage":"pt-BR","potentialAction":[{"@type":"ReadAction","target":["https:\/\/www.notibras.com\/site\/turquia-sai-do-estado-de-emergencia-e-cria-lei-antiterror\/"]}]},{"@type":"ImageObject","inLanguage":"pt-BR","@id":"https:\/\/www.notibras.com\/site\/turquia-sai-do-estado-de-emergencia-e-cria-lei-antiterror\/#primaryimage","url":"https:\/\/www.notibras.com\/site\/wp-content\/uploads\/2017\/07\/Edorgan-2.jpg","contentUrl":"https:\/\/www.notibras.com\/site\/wp-content\/uploads\/2017\/07\/Edorgan-2.jpg","width":1160,"height":779,"caption":"Foto\/Reprodu\u00e7\u00e3o\/Getty Images"},{"@type":"BreadcrumbList","@id":"https:\/\/www.notibras.com\/site\/turquia-sai-do-estado-de-emergencia-e-cria-lei-antiterror\/#breadcrumb","itemListElement":[{"@type":"ListItem","position":1,"name":"In\u00edcio","item":"https:\/\/www.notibras.com\/site\/"},{"@type":"ListItem","position":2,"name":"Turquia sai do estado de emerg\u00eancia e cria lei antiterror"}]},{"@type":"WebSite","@id":"https:\/\/www.notibras.com\/site\/#website","url":"https:\/\/www.notibras.com\/site\/","name":"Notibras","description":"Not\u00edcias de Bras\u00edlia, do Brasil e do Mundo","publisher":{"@id":"https:\/\/www.notibras.com\/site\/#organization"},"potentialAction":[{"@type":"SearchAction","target":{"@type":"EntryPoint","urlTemplate":"https:\/\/www.notibras.com\/site\/?s={search_term_string}"},"query-input":{"@type":"PropertyValueSpecification","valueRequired":true,"valueName":"search_term_string"}}],"inLanguage":"pt-BR"},{"@type":"Organization","@id":"https:\/\/www.notibras.com\/site\/#organization","name":"Grupo Notibras de Comunica\u00e7\u00e3o","url":"https:\/\/www.notibras.com\/site\/","logo":{"@type":"ImageObject","inLanguage":"pt-BR","@id":"https:\/\/www.notibras.com\/site\/#\/schema\/logo\/image\/","url":"https:\/\/www.notibras.com\/site\/wp-content\/uploads\/2023\/01\/notibras23.png","contentUrl":"https:\/\/www.notibras.com\/site\/wp-content\/uploads\/2023\/01\/notibras23.png","width":350,"height":87,"caption":"Grupo Notibras de Comunica\u00e7\u00e3o"},"image":{"@id":"https:\/\/www.notibras.com\/site\/#\/schema\/logo\/image\/"},"sameAs":["https:\/\/www.facebook.com\/notibras\/","https:\/\/x.com\/Notibras","https:\/\/www.instagram.com\/notibras\/"]},{"@type":"Person","@id":"https:\/\/www.notibras.com\/site\/#\/schema\/person\/36ab0979449956132d3e5b517ea76ac8","name":"Reda\u00e7\u00e3o","image":{"@type":"ImageObject","inLanguage":"pt-BR","@id":"https:\/\/secure.gravatar.com\/avatar\/e0a867bdedb85fd243eadf09663511f96fc81e0720a4a42581f334ad4303aa6b?s=96&d=mm&r=g","url":"https:\/\/secure.gravatar.com\/avatar\/e0a867bdedb85fd243eadf09663511f96fc81e0720a4a42581f334ad4303aa6b?s=96&d=mm&r=g","contentUrl":"https:\/\/secure.gravatar.com\/avatar\/e0a867bdedb85fd243eadf09663511f96fc81e0720a4a42581f334ad4303aa6b?s=96&d=mm&r=g","caption":"Reda\u00e7\u00e3o"}}]}},"amp_enabled":true,"_links":{"self":[{"href":"https:\/\/www.notibras.com\/site\/wp-json\/wp\/v2\/posts\/185776","targetHints":{"allow":["GET"]}}],"collection":[{"href":"https:\/\/www.notibras.com\/site\/wp-json\/wp\/v2\/posts"}],"about":[{"href":"https:\/\/www.notibras.com\/site\/wp-json\/wp\/v2\/types\/post"}],"author":[{"embeddable":true,"href":"https:\/\/www.notibras.com\/site\/wp-json\/wp\/v2\/users\/2"}],"replies":[{"embeddable":true,"href":"https:\/\/www.notibras.com\/site\/wp-json\/wp\/v2\/comments?post=185776"}],"version-history":[{"count":1,"href":"https:\/\/www.notibras.com\/site\/wp-json\/wp\/v2\/posts\/185776\/revisions"}],"predecessor-version":[{"id":185777,"href":"https:\/\/www.notibras.com\/site\/wp-json\/wp\/v2\/posts\/185776\/revisions\/185777"}],"wp:featuredmedia":[{"embeddable":true,"href":"https:\/\/www.notibras.com\/site\/wp-json\/wp\/v2\/media\/145728"}],"wp:attachment":[{"href":"https:\/\/www.notibras.com\/site\/wp-json\/wp\/v2\/media?parent=185776"}],"wp:term":[{"taxonomy":"category","embeddable":true,"href":"https:\/\/www.notibras.com\/site\/wp-json\/wp\/v2\/categories?post=185776"},{"taxonomy":"post_tag","embeddable":true,"href":"https:\/\/www.notibras.com\/site\/wp-json\/wp\/v2\/tags?post=185776"}],"curies":[{"name":"wp","href":"https:\/\/api.w.org\/{rel}","templated":true}]}}