{"id":185889,"date":"2018-07-20T09:15:16","date_gmt":"2018-07-20T12:15:16","guid":{"rendered":"https:\/\/www.notibras.com\/site\/?p=185889"},"modified":"2018-07-20T09:15:16","modified_gmt":"2018-07-20T12:15:16","slug":"peruanos-protestam-contra-corrupcao-no-sistema-judicial","status":"publish","type":"post","link":"https:\/\/www.notibras.com\/site\/peruanos-protestam-contra-corrupcao-no-sistema-judicial\/","title":{"rendered":"Peruanos protestam contra corrup\u00e7\u00e3o no sistema judicial"},"content":{"rendered":"<p>Milhares de peruanos marcharam contra a corrup\u00e7\u00e3o em v\u00e1rias cidades do pa\u00eds para expressar indigna\u00e7\u00e3o pelo esc\u00e2ndalo de \u00e1udios de ju\u00edzes negociando senten\u00e7as que j\u00e1 provocou a ren\u00fancia do presidente da Suprema Corte e do ministro da Justi\u00e7a.<\/p>\n<p>Frases como &#8220;Unidos contra a corrup\u00e7\u00e3o&#8221; e &#8220;Todas as institui\u00e7\u00f5es do Estado est\u00e3o podres&#8221; podiam ser lidas em cartazes erguidos por manifestantes convocados pelos coletivos civis durante o protesto no centro hist\u00f3rico de Lima.<\/p>\n<p>&#8220;Hoje estamos de luto. Estamos indignados pelas atitudes dos pol\u00edticos corruptos e pela administra\u00e7\u00e3o da justi\u00e7a&#8221;, disse ao canal N de televis\u00e3o uma manifestante que pediu anonimato.<\/p>\n<p>Segundo o Canal N, cerca de 10.000 pessoas participaram da manifesta\u00e7\u00e3o. O presidente Mart\u00edn Vizcarra apoiou o protesto e pediu para que ocorresse de forma pac\u00edfica.<\/p>\n<p>&#8220;Estamos atuando de maneira firme para construir um Peru mais justo e soberano. Entendo e compartilho as motiva\u00e7\u00f5es da indigna\u00e7\u00e3o cidad\u00e3 frente \u00e0 corrup\u00e7\u00e3o, e pe\u00e7o aos que se manifestam para que fa\u00e7am isso de maneira pac\u00edfica e respeitando a lei&#8221;, escreveu Vizcarra em sua conta do Twitter.<\/p>\n<p>A l\u00edder opositora Keiko Fujimori disse que seu partido compartilha &#8220;o sentimento de cidadania de sair \u00e0s ruas para protestar&#8221;.<\/p>\n<p>Outras mobiliza\u00e7\u00f5es ocorreram nas cidades de Cusco, Puno, Iquitos, Chiclayo, Huaraz, Chimbote, Trujillo e Huancayo.<\/p>\n","protected":false},"excerpt":{"rendered":"<p>Milhares de peruanos marcharam contra a corrup\u00e7\u00e3o em v\u00e1rias cidades do pa\u00eds para expressar indigna\u00e7\u00e3o pelo esc\u00e2ndalo de \u00e1udios de ju\u00edzes negociando senten\u00e7as que j\u00e1 provocou a ren\u00fancia do presidente da Suprema Corte e do ministro da Justi\u00e7a. Frases como &#8220;Unidos contra a corrup\u00e7\u00e3o&#8221; e &#8220;Todas as institui\u00e7\u00f5es do Estado est\u00e3o podres&#8221; podiam ser lidas [&hellip;]<\/p>\n","protected":false},"author":1,"featured_media":185890,"comment_status":"closed","ping_status":"closed","sticky":false,"template":"","format":"standard","meta":{"_acf_changed":false,"footnotes":""},"categories":[17],"tags":[],"class_list":["post-185889","post","type-post","status-publish","format-standard","has-post-thumbnail","hentry","category-mundo"],"acf":[],"yoast_head":"<!-- This site is optimized with the Yoast SEO plugin v27.2 - https:\/\/yoast.com\/product\/yoast-seo-wordpress\/ -->\n<title>Peruanos protestam contra corrup\u00e7\u00e3o no sistema judicial - Notibras<\/title>\n<meta name=\"robots\" content=\"index, follow, max-snippet:-1, max-image-preview:large, max-video-preview:-1\" \/>\n<link rel=\"canonical\" href=\"https:\/\/www.notibras.com\/site\/peruanos-protestam-contra-corrupcao-no-sistema-judicial\/\" \/>\n<meta property=\"og:locale\" content=\"pt_BR\" \/>\n<meta property=\"og:type\" content=\"article\" \/>\n<meta property=\"og:title\" content=\"Peruanos protestam contra corrup\u00e7\u00e3o no sistema judicial - Notibras\" \/>\n<meta property=\"og:description\" content=\"Milhares de peruanos marcharam contra a corrup\u00e7\u00e3o em v\u00e1rias cidades do pa\u00eds para expressar indigna\u00e7\u00e3o pelo esc\u00e2ndalo de \u00e1udios de ju\u00edzes negociando senten\u00e7as que j\u00e1 provocou a ren\u00fancia do presidente da Suprema Corte e do ministro da Justi\u00e7a. Frases como &#8220;Unidos contra a corrup\u00e7\u00e3o&#8221; e &#8220;Todas as institui\u00e7\u00f5es do Estado est\u00e3o podres&#8221; podiam ser lidas [&hellip;]\" \/>\n<meta property=\"og:url\" content=\"https:\/\/www.notibras.com\/site\/peruanos-protestam-contra-corrupcao-no-sistema-judicial\/\" \/>\n<meta property=\"og:site_name\" content=\"Notibras\" \/>\n<meta property=\"article:publisher\" content=\"https:\/\/www.facebook.com\/notibras\/\" \/>\n<meta property=\"article:published_time\" content=\"2018-07-20T12:15:16+00:00\" \/>\n<meta property=\"og:image\" content=\"https:\/\/www.notibras.com\/site\/wp-content\/uploads\/2018\/07\/1e1711704759f1fab696220df1d7caa619872567.jpg\" \/>\n\t<meta property=\"og:image:width\" content=\"768\" \/>\n\t<meta property=\"og:image:height\" content=\"488\" \/>\n\t<meta property=\"og:image:type\" content=\"image\/jpeg\" \/>\n<meta name=\"author\" content=\"Reda\u00e7\u00e3o\" \/>\n<meta name=\"twitter:card\" content=\"summary_large_image\" \/>\n<meta name=\"twitter:creator\" content=\"@Notibras\" \/>\n<meta name=\"twitter:site\" content=\"@Notibras\" \/>\n<meta name=\"twitter:label1\" content=\"Escrito por\" \/>\n\t<meta name=\"twitter:data1\" content=\"Reda\u00e7\u00e3o\" \/>\n\t<meta name=\"twitter:label2\" content=\"Est. tempo de leitura\" \/>\n\t<meta name=\"twitter:data2\" content=\"1 minuto\" \/>\n<script type=\"application\/ld+json\" class=\"yoast-schema-graph\">{\"@context\":\"https:\/\/schema.org\",\"@graph\":[{\"@type\":\"Article\",\"@id\":\"https:\/\/www.notibras.com\/site\/peruanos-protestam-contra-corrupcao-no-sistema-judicial\/#article\",\"isPartOf\":{\"@id\":\"https:\/\/www.notibras.com\/site\/peruanos-protestam-contra-corrupcao-no-sistema-judicial\/\"},\"author\":{\"name\":\"Reda\u00e7\u00e3o\",\"@id\":\"https:\/\/www.notibras.com\/site\/#\/schema\/person\/00b8e1aa08f9ef6563e878c5159d01cf\"},\"headline\":\"Peruanos protestam contra corrup\u00e7\u00e3o no sistema judicial\",\"datePublished\":\"2018-07-20T12:15:16+00:00\",\"mainEntityOfPage\":{\"@id\":\"https:\/\/www.notibras.com\/site\/peruanos-protestam-contra-corrupcao-no-sistema-judicial\/\"},\"wordCount\":242,\"publisher\":{\"@id\":\"https:\/\/www.notibras.com\/site\/#organization\"},\"image\":{\"@id\":\"https:\/\/www.notibras.com\/site\/peruanos-protestam-contra-corrupcao-no-sistema-judicial\/#primaryimage\"},\"thumbnailUrl\":\"https:\/\/www.notibras.com\/site\/wp-content\/uploads\/2018\/07\/1e1711704759f1fab696220df1d7caa619872567.jpg\",\"articleSection\":[\"Mundo\"],\"inLanguage\":\"pt-BR\"},{\"@type\":\"WebPage\",\"@id\":\"https:\/\/www.notibras.com\/site\/peruanos-protestam-contra-corrupcao-no-sistema-judicial\/\",\"url\":\"https:\/\/www.notibras.com\/site\/peruanos-protestam-contra-corrupcao-no-sistema-judicial\/\",\"name\":\"Peruanos protestam contra corrup\u00e7\u00e3o no sistema judicial - Notibras\",\"isPartOf\":{\"@id\":\"https:\/\/www.notibras.com\/site\/#website\"},\"primaryImageOfPage\":{\"@id\":\"https:\/\/www.notibras.com\/site\/peruanos-protestam-contra-corrupcao-no-sistema-judicial\/#primaryimage\"},\"image\":{\"@id\":\"https:\/\/www.notibras.com\/site\/peruanos-protestam-contra-corrupcao-no-sistema-judicial\/#primaryimage\"},\"thumbnailUrl\":\"https:\/\/www.notibras.com\/site\/wp-content\/uploads\/2018\/07\/1e1711704759f1fab696220df1d7caa619872567.jpg\",\"datePublished\":\"2018-07-20T12:15:16+00:00\",\"breadcrumb\":{\"@id\":\"https:\/\/www.notibras.com\/site\/peruanos-protestam-contra-corrupcao-no-sistema-judicial\/#breadcrumb\"},\"inLanguage\":\"pt-BR\",\"potentialAction\":[{\"@type\":\"ReadAction\",\"target\":[\"https:\/\/www.notibras.com\/site\/peruanos-protestam-contra-corrupcao-no-sistema-judicial\/\"]}]},{\"@type\":\"ImageObject\",\"inLanguage\":\"pt-BR\",\"@id\":\"https:\/\/www.notibras.com\/site\/peruanos-protestam-contra-corrupcao-no-sistema-judicial\/#primaryimage\",\"url\":\"https:\/\/www.notibras.com\/site\/wp-content\/uploads\/2018\/07\/1e1711704759f1fab696220df1d7caa619872567.jpg\",\"contentUrl\":\"https:\/\/www.notibras.com\/site\/wp-content\/uploads\/2018\/07\/1e1711704759f1fab696220df1d7caa619872567.jpg\",\"width\":768,\"height\":488,\"caption\":\"Manifestantes participam em marcha contra a corrup\u00e7\u00e3o do sistema judicial em Lima, Peru. Foto: Teo Bizca\"},{\"@type\":\"BreadcrumbList\",\"@id\":\"https:\/\/www.notibras.com\/site\/peruanos-protestam-contra-corrupcao-no-sistema-judicial\/#breadcrumb\",\"itemListElement\":[{\"@type\":\"ListItem\",\"position\":1,\"name\":\"In\u00edcio\",\"item\":\"https:\/\/www.notibras.com\/site\/\"},{\"@type\":\"ListItem\",\"position\":2,\"name\":\"Peruanos protestam contra corrup\u00e7\u00e3o no sistema judicial\"}]},{\"@type\":\"WebSite\",\"@id\":\"https:\/\/www.notibras.com\/site\/#website\",\"url\":\"https:\/\/www.notibras.com\/site\/\",\"name\":\"Notibras\",\"description\":\"Not\u00edcias de Bras\u00edlia, do Brasil e do Mundo\",\"publisher\":{\"@id\":\"https:\/\/www.notibras.com\/site\/#organization\"},\"potentialAction\":[{\"@type\":\"SearchAction\",\"target\":{\"@type\":\"EntryPoint\",\"urlTemplate\":\"https:\/\/www.notibras.com\/site\/?s={search_term_string}\"},\"query-input\":{\"@type\":\"PropertyValueSpecification\",\"valueRequired\":true,\"valueName\":\"search_term_string\"}}],\"inLanguage\":\"pt-BR\"},{\"@type\":\"Organization\",\"@id\":\"https:\/\/www.notibras.com\/site\/#organization\",\"name\":\"Grupo Notibras de Comunica\u00e7\u00e3o\",\"url\":\"https:\/\/www.notibras.com\/site\/\",\"logo\":{\"@type\":\"ImageObject\",\"inLanguage\":\"pt-BR\",\"@id\":\"https:\/\/www.notibras.com\/site\/#\/schema\/logo\/image\/\",\"url\":\"https:\/\/www.notibras.com\/site\/wp-content\/uploads\/2023\/01\/notibras23.png\",\"contentUrl\":\"https:\/\/www.notibras.com\/site\/wp-content\/uploads\/2023\/01\/notibras23.png\",\"width\":350,\"height\":87,\"caption\":\"Grupo Notibras de Comunica\u00e7\u00e3o\"},\"image\":{\"@id\":\"https:\/\/www.notibras.com\/site\/#\/schema\/logo\/image\/\"},\"sameAs\":[\"https:\/\/www.facebook.com\/notibras\/\",\"https:\/\/x.com\/Notibras\",\"https:\/\/www.instagram.com\/notibras\/\"]},{\"@type\":\"Person\",\"@id\":\"https:\/\/www.notibras.com\/site\/#\/schema\/person\/00b8e1aa08f9ef6563e878c5159d01cf\",\"name\":\"Reda\u00e7\u00e3o\",\"image\":{\"@type\":\"ImageObject\",\"inLanguage\":\"pt-BR\",\"@id\":\"https:\/\/secure.gravatar.com\/avatar\/ac5a707d5b47784a5ed426c6e213e201423c750890f64e4c379114dade67dfb9?s=96&d=mm&r=g\",\"url\":\"https:\/\/secure.gravatar.com\/avatar\/ac5a707d5b47784a5ed426c6e213e201423c750890f64e4c379114dade67dfb9?s=96&d=mm&r=g\",\"contentUrl\":\"https:\/\/secure.gravatar.com\/avatar\/ac5a707d5b47784a5ed426c6e213e201423c750890f64e4c379114dade67dfb9?s=96&d=mm&r=g\",\"caption\":\"Reda\u00e7\u00e3o\"}}]}<\/script>\n<!-- \/ Yoast SEO plugin. -->","yoast_head_json":{"title":"Peruanos protestam contra corrup\u00e7\u00e3o no sistema judicial - Notibras","robots":{"index":"index","follow":"follow","max-snippet":"max-snippet:-1","max-image-preview":"max-image-preview:large","max-video-preview":"max-video-preview:-1"},"canonical":"https:\/\/www.notibras.com\/site\/peruanos-protestam-contra-corrupcao-no-sistema-judicial\/","og_locale":"pt_BR","og_type":"article","og_title":"Peruanos protestam contra corrup\u00e7\u00e3o no sistema judicial - Notibras","og_description":"Milhares de peruanos marcharam contra a corrup\u00e7\u00e3o em v\u00e1rias cidades do pa\u00eds para expressar indigna\u00e7\u00e3o pelo esc\u00e2ndalo de \u00e1udios de ju\u00edzes negociando senten\u00e7as que j\u00e1 provocou a ren\u00fancia do presidente da Suprema Corte e do ministro da Justi\u00e7a. Frases como &#8220;Unidos contra a corrup\u00e7\u00e3o&#8221; e &#8220;Todas as institui\u00e7\u00f5es do Estado est\u00e3o podres&#8221; podiam ser lidas [&hellip;]","og_url":"https:\/\/www.notibras.com\/site\/peruanos-protestam-contra-corrupcao-no-sistema-judicial\/","og_site_name":"Notibras","article_publisher":"https:\/\/www.facebook.com\/notibras\/","article_published_time":"2018-07-20T12:15:16+00:00","og_image":[{"width":768,"height":488,"url":"https:\/\/www.notibras.com\/site\/wp-content\/uploads\/2018\/07\/1e1711704759f1fab696220df1d7caa619872567.jpg","type":"image\/jpeg"}],"author":"Reda\u00e7\u00e3o","twitter_card":"summary_large_image","twitter_creator":"@Notibras","twitter_site":"@Notibras","twitter_misc":{"Escrito por":"Reda\u00e7\u00e3o","Est. tempo de leitura":"1 minuto"},"schema":{"@context":"https:\/\/schema.org","@graph":[{"@type":"Article","@id":"https:\/\/www.notibras.com\/site\/peruanos-protestam-contra-corrupcao-no-sistema-judicial\/#article","isPartOf":{"@id":"https:\/\/www.notibras.com\/site\/peruanos-protestam-contra-corrupcao-no-sistema-judicial\/"},"author":{"name":"Reda\u00e7\u00e3o","@id":"https:\/\/www.notibras.com\/site\/#\/schema\/person\/00b8e1aa08f9ef6563e878c5159d01cf"},"headline":"Peruanos protestam contra corrup\u00e7\u00e3o no sistema judicial","datePublished":"2018-07-20T12:15:16+00:00","mainEntityOfPage":{"@id":"https:\/\/www.notibras.com\/site\/peruanos-protestam-contra-corrupcao-no-sistema-judicial\/"},"wordCount":242,"publisher":{"@id":"https:\/\/www.notibras.com\/site\/#organization"},"image":{"@id":"https:\/\/www.notibras.com\/site\/peruanos-protestam-contra-corrupcao-no-sistema-judicial\/#primaryimage"},"thumbnailUrl":"https:\/\/www.notibras.com\/site\/wp-content\/uploads\/2018\/07\/1e1711704759f1fab696220df1d7caa619872567.jpg","articleSection":["Mundo"],"inLanguage":"pt-BR"},{"@type":"WebPage","@id":"https:\/\/www.notibras.com\/site\/peruanos-protestam-contra-corrupcao-no-sistema-judicial\/","url":"https:\/\/www.notibras.com\/site\/peruanos-protestam-contra-corrupcao-no-sistema-judicial\/","name":"Peruanos protestam contra corrup\u00e7\u00e3o no sistema judicial - Notibras","isPartOf":{"@id":"https:\/\/www.notibras.com\/site\/#website"},"primaryImageOfPage":{"@id":"https:\/\/www.notibras.com\/site\/peruanos-protestam-contra-corrupcao-no-sistema-judicial\/#primaryimage"},"image":{"@id":"https:\/\/www.notibras.com\/site\/peruanos-protestam-contra-corrupcao-no-sistema-judicial\/#primaryimage"},"thumbnailUrl":"https:\/\/www.notibras.com\/site\/wp-content\/uploads\/2018\/07\/1e1711704759f1fab696220df1d7caa619872567.jpg","datePublished":"2018-07-20T12:15:16+00:00","breadcrumb":{"@id":"https:\/\/www.notibras.com\/site\/peruanos-protestam-contra-corrupcao-no-sistema-judicial\/#breadcrumb"},"inLanguage":"pt-BR","potentialAction":[{"@type":"ReadAction","target":["https:\/\/www.notibras.com\/site\/peruanos-protestam-contra-corrupcao-no-sistema-judicial\/"]}]},{"@type":"ImageObject","inLanguage":"pt-BR","@id":"https:\/\/www.notibras.com\/site\/peruanos-protestam-contra-corrupcao-no-sistema-judicial\/#primaryimage","url":"https:\/\/www.notibras.com\/site\/wp-content\/uploads\/2018\/07\/1e1711704759f1fab696220df1d7caa619872567.jpg","contentUrl":"https:\/\/www.notibras.com\/site\/wp-content\/uploads\/2018\/07\/1e1711704759f1fab696220df1d7caa619872567.jpg","width":768,"height":488,"caption":"Manifestantes participam em marcha contra a corrup\u00e7\u00e3o do sistema judicial em Lima, Peru. Foto: Teo Bizca"},{"@type":"BreadcrumbList","@id":"https:\/\/www.notibras.com\/site\/peruanos-protestam-contra-corrupcao-no-sistema-judicial\/#breadcrumb","itemListElement":[{"@type":"ListItem","position":1,"name":"In\u00edcio","item":"https:\/\/www.notibras.com\/site\/"},{"@type":"ListItem","position":2,"name":"Peruanos protestam contra corrup\u00e7\u00e3o no sistema judicial"}]},{"@type":"WebSite","@id":"https:\/\/www.notibras.com\/site\/#website","url":"https:\/\/www.notibras.com\/site\/","name":"Notibras","description":"Not\u00edcias de Bras\u00edlia, do Brasil e do Mundo","publisher":{"@id":"https:\/\/www.notibras.com\/site\/#organization"},"potentialAction":[{"@type":"SearchAction","target":{"@type":"EntryPoint","urlTemplate":"https:\/\/www.notibras.com\/site\/?s={search_term_string}"},"query-input":{"@type":"PropertyValueSpecification","valueRequired":true,"valueName":"search_term_string"}}],"inLanguage":"pt-BR"},{"@type":"Organization","@id":"https:\/\/www.notibras.com\/site\/#organization","name":"Grupo Notibras de Comunica\u00e7\u00e3o","url":"https:\/\/www.notibras.com\/site\/","logo":{"@type":"ImageObject","inLanguage":"pt-BR","@id":"https:\/\/www.notibras.com\/site\/#\/schema\/logo\/image\/","url":"https:\/\/www.notibras.com\/site\/wp-content\/uploads\/2023\/01\/notibras23.png","contentUrl":"https:\/\/www.notibras.com\/site\/wp-content\/uploads\/2023\/01\/notibras23.png","width":350,"height":87,"caption":"Grupo Notibras de Comunica\u00e7\u00e3o"},"image":{"@id":"https:\/\/www.notibras.com\/site\/#\/schema\/logo\/image\/"},"sameAs":["https:\/\/www.facebook.com\/notibras\/","https:\/\/x.com\/Notibras","https:\/\/www.instagram.com\/notibras\/"]},{"@type":"Person","@id":"https:\/\/www.notibras.com\/site\/#\/schema\/person\/00b8e1aa08f9ef6563e878c5159d01cf","name":"Reda\u00e7\u00e3o","image":{"@type":"ImageObject","inLanguage":"pt-BR","@id":"https:\/\/secure.gravatar.com\/avatar\/ac5a707d5b47784a5ed426c6e213e201423c750890f64e4c379114dade67dfb9?s=96&d=mm&r=g","url":"https:\/\/secure.gravatar.com\/avatar\/ac5a707d5b47784a5ed426c6e213e201423c750890f64e4c379114dade67dfb9?s=96&d=mm&r=g","contentUrl":"https:\/\/secure.gravatar.com\/avatar\/ac5a707d5b47784a5ed426c6e213e201423c750890f64e4c379114dade67dfb9?s=96&d=mm&r=g","caption":"Reda\u00e7\u00e3o"}}]}},"amp_enabled":true,"_links":{"self":[{"href":"https:\/\/www.notibras.com\/site\/wp-json\/wp\/v2\/posts\/185889","targetHints":{"allow":["GET"]}}],"collection":[{"href":"https:\/\/www.notibras.com\/site\/wp-json\/wp\/v2\/posts"}],"about":[{"href":"https:\/\/www.notibras.com\/site\/wp-json\/wp\/v2\/types\/post"}],"author":[{"embeddable":true,"href":"https:\/\/www.notibras.com\/site\/wp-json\/wp\/v2\/users\/1"}],"replies":[{"embeddable":true,"href":"https:\/\/www.notibras.com\/site\/wp-json\/wp\/v2\/comments?post=185889"}],"version-history":[{"count":1,"href":"https:\/\/www.notibras.com\/site\/wp-json\/wp\/v2\/posts\/185889\/revisions"}],"predecessor-version":[{"id":185891,"href":"https:\/\/www.notibras.com\/site\/wp-json\/wp\/v2\/posts\/185889\/revisions\/185891"}],"wp:featuredmedia":[{"embeddable":true,"href":"https:\/\/www.notibras.com\/site\/wp-json\/wp\/v2\/media\/185890"}],"wp:attachment":[{"href":"https:\/\/www.notibras.com\/site\/wp-json\/wp\/v2\/media?parent=185889"}],"wp:term":[{"taxonomy":"category","embeddable":true,"href":"https:\/\/www.notibras.com\/site\/wp-json\/wp\/v2\/categories?post=185889"},{"taxonomy":"post_tag","embeddable":true,"href":"https:\/\/www.notibras.com\/site\/wp-json\/wp\/v2\/tags?post=185889"}],"curies":[{"name":"wp","href":"https:\/\/api.w.org\/{rel}","templated":true}]}}