{"id":185914,"date":"2018-07-20T17:50:03","date_gmt":"2018-07-20T20:50:03","guid":{"rendered":"https:\/\/www.notibras.com\/site\/?p=185914"},"modified":"2018-07-20T17:50:03","modified_gmt":"2018-07-20T20:50:03","slug":"ataque-a-faca-em-onibus-deixa-nove-feridos","status":"publish","type":"post","link":"https:\/\/www.notibras.com\/site\/ataque-a-faca-em-onibus-deixa-nove-feridos\/","title":{"rendered":"Ataque a faca em \u00f4nibus deixa nove feridos"},"content":{"rendered":"<p>Nove pessoas ficaram feridas nesta sexta-feira (20) \u00e0 tarde em um \u00f4nibus no norte da Alemanha, depois que um homem atacou passageiros com uma faca, antes de ser controlado.<\/p>\n<p>O agressor seria um alem\u00e3o de 34 anos e foi preso logo ap\u00f3s o ataque.<br \/>\nO ministro regional do Interior de Schleswig-Holstein, Hans-Joachim Grote, afirmou \u00e0 ag\u00eancia de not\u00edcias DPA que seis pessoas foram esfaqueadas e outras tr\u00eas sofreram outros tipos de ferimentos.<\/p>\n<p>&#8220;Os motivos do crime ainda n\u00e3o foram esclarecidos&#8221;, indicou a Pol\u00edcia.<br \/>\nSegundo a procuradora de Kiel Ulla Hingst, o suspeito \u00e9 um alem\u00e3o de 34 anos. \u00c9 poss\u00edvel que ele tenha nascido em outro pa\u00eds, acrescentou, citada pela ag\u00eancia de not\u00edcias DPA.<\/p>\n<p>&#8220;N\u00e3o podemos excluir nada, incluindo uma motiva\u00e7\u00e3o terrorista&#8221;, ressaltou, informando que agentes especiais est\u00e3o no local analisando a mochila do suspeito.<\/p>\n<p>As v\u00edtimas foram feridas em um \u00f4nibus de L\u00fcbeck.\u00a0De acordo com testemunhas citadas pelo L\u00fcbecker Nachrichten, um passageiro do \u00f4nibus deixou cair sua mochila no ch\u00e3o, da qual tirou uma faca, e atacou aleatoriamente os outros passageiros.<\/p>\n<p>O motorista parou o \u00f4nibus e foi atacado, de acordo com o depoimento desta testemunha. Ele ent\u00e3o abriu as portas do ve\u00edculo para deixar os passageiros sa\u00edrem, acrescentou a mesma fonte.<\/p>\n<p>Segundo Hingst, foram os passageiros que dominaram o suspeito. Os policiais que chegaram logo depois o prenderam.<\/p>\n<p>De acordo com Lothar H., outra testemunha de 87 anos de idade citada pelo L\u00fcbecker Nachrichten, os &#8220;passageiros saltaram do \u00f4nibus gritando. Foi assustador. Depois os feridos foram evacuados. O atacante tinha uma faca de cozinha&#8221;.<\/p>\n<p>Embora o motivo para o crime ainda n\u00e3o tenha sido estabelecido, esse incidente acontece em um contexto de tens\u00e3o na Alemanha, onde v\u00e1rios ataques ou tentativas de atentados foram registrados nos \u00faltimos anos, particularmente com facas.<\/p>\n<p>O \u00faltimo caso foi relatado em junho de 2018, quando a Pol\u00edcia anunciou que havia frustrado um atentado com &#8220;bomba biol\u00f3gica&#8221; ap\u00f3s a pris\u00e3o de um tunisiano suspeito de estar ligado ao grupo Estado Isl\u00e2mico (EI).<br \/>\nAcredita-se que o homem de 29 anos, que chegou \u00e0 Alemanha em 2015, tivesse a inten\u00e7\u00e3o de encher a bomba com ricina, um veneno.<\/p>\n<p>O ataque terrorista mais grave em solo alem\u00e3o continua sendo o do mercado de Natal em Berlim, em dezembro de 2016, reivindicado pelo grupo do Estado Isl\u00e2mico e que matou 12 pessoas.<\/p>\n<p>No final de julho de 2017, um demandante de asilo que estava prestes a ser deportado matou uma pessoa em um supermercado e feriu outras seis. Segundo a Justi\u00e7a, o ato foi motivado pelo &#8220;islamismo radical&#8221;.<br \/>\nO EI tamb\u00e9m reivindicou em 2016 um assassinato em Hamburgo (norte), um atentado a bomba em Ansbach (sul) que deixou 15 feridos e provocou a morte do terrorista, bem como um ataque com machado em um trem na Baviera (cinco feridos).<\/p>\n<p>Muitos desses atos foram cometidos por requerentes de asilo e valeram \u00e0 chanceler Angela Merkel muitas cr\u00edticas por sua pol\u00edtica de abertura a centenas de milhares de refugiados em 2015 e 2016.<\/p>\n<p>Para os investigadores, no entanto, nenhum dos agressores chegou \u00e0 Europa levando ordens do EI, ao contr\u00e1rio de alguns dos terroristas dos ataques de 13 de novembro de 2015 em Paris.<\/p>\n<p>A Alemanha continua sendo alvo de grupos extremistas, particularmente em raz\u00e3o de seu envolvimento na coaliz\u00e3o que luta contra o Estado Isl\u00e2mico no Iraque e na S\u00edria e na que est\u00e1 no Afeganist\u00e3o desde 2001.<\/p>\n<p>As tropas alem\u00e3s n\u00e3o participam, por\u00e9m, de qualquer opera\u00e7\u00e3o de combate, apenas de miss\u00f5es de reconhecimento, treinamento, ou reabastecimento.<\/p>\n","protected":false},"excerpt":{"rendered":"<p>Nove pessoas ficaram feridas nesta sexta-feira (20) \u00e0 tarde em um \u00f4nibus no norte da Alemanha, depois que um homem atacou passageiros com uma faca, antes de ser controlado. O agressor seria um alem\u00e3o de 34 anos e foi preso logo ap\u00f3s o ataque. O ministro regional do Interior de Schleswig-Holstein, Hans-Joachim Grote, afirmou \u00e0 [&hellip;]<\/p>\n","protected":false},"author":1,"featured_media":185915,"comment_status":"closed","ping_status":"closed","sticky":false,"template":"","format":"standard","meta":{"_acf_changed":false,"footnotes":""},"categories":[17],"tags":[],"class_list":["post-185914","post","type-post","status-publish","format-standard","has-post-thumbnail","hentry","category-mundo"],"acf":[],"yoast_head":"<!-- This site is optimized with the Yoast SEO plugin v27.2 - https:\/\/yoast.com\/product\/yoast-seo-wordpress\/ -->\n<title>Ataque a faca em \u00f4nibus deixa nove feridos - Notibras<\/title>\n<meta name=\"robots\" content=\"index, follow, max-snippet:-1, max-image-preview:large, max-video-preview:-1\" \/>\n<link rel=\"canonical\" href=\"https:\/\/www.notibras.com\/site\/ataque-a-faca-em-onibus-deixa-nove-feridos\/\" \/>\n<meta property=\"og:locale\" content=\"pt_BR\" \/>\n<meta property=\"og:type\" content=\"article\" \/>\n<meta property=\"og:title\" content=\"Ataque a faca em \u00f4nibus deixa nove feridos - Notibras\" \/>\n<meta property=\"og:description\" content=\"Nove pessoas ficaram feridas nesta sexta-feira (20) \u00e0 tarde em um \u00f4nibus no norte da Alemanha, depois que um homem atacou passageiros com uma faca, antes de ser controlado. O agressor seria um alem\u00e3o de 34 anos e foi preso logo ap\u00f3s o ataque. O ministro regional do Interior de Schleswig-Holstein, Hans-Joachim Grote, afirmou \u00e0 [&hellip;]\" \/>\n<meta property=\"og:url\" content=\"https:\/\/www.notibras.com\/site\/ataque-a-faca-em-onibus-deixa-nove-feridos\/\" \/>\n<meta property=\"og:site_name\" content=\"Notibras\" \/>\n<meta property=\"article:publisher\" content=\"https:\/\/www.facebook.com\/notibras\/\" \/>\n<meta property=\"article:published_time\" content=\"2018-07-20T20:50:03+00:00\" \/>\n<meta property=\"og:image\" content=\"https:\/\/www.notibras.com\/site\/wp-content\/uploads\/2018\/07\/2d38be0e3ff64356578a55ef49841911e5069489.jpg\" \/>\n\t<meta property=\"og:image:width\" content=\"768\" \/>\n\t<meta property=\"og:image:height\" content=\"505\" \/>\n\t<meta property=\"og:image:type\" content=\"image\/jpeg\" \/>\n<meta name=\"author\" content=\"Reda\u00e7\u00e3o\" \/>\n<meta name=\"twitter:card\" content=\"summary_large_image\" \/>\n<meta name=\"twitter:creator\" content=\"@Notibras\" \/>\n<meta name=\"twitter:site\" content=\"@Notibras\" \/>\n<meta name=\"twitter:label1\" content=\"Escrito por\" \/>\n\t<meta name=\"twitter:data1\" content=\"Reda\u00e7\u00e3o\" \/>\n\t<meta name=\"twitter:label2\" content=\"Est. tempo de leitura\" \/>\n\t<meta name=\"twitter:data2\" content=\"3 minutos\" \/>\n<script type=\"application\/ld+json\" class=\"yoast-schema-graph\">{\"@context\":\"https:\/\/schema.org\",\"@graph\":[{\"@type\":\"Article\",\"@id\":\"https:\/\/www.notibras.com\/site\/ataque-a-faca-em-onibus-deixa-nove-feridos\/#article\",\"isPartOf\":{\"@id\":\"https:\/\/www.notibras.com\/site\/ataque-a-faca-em-onibus-deixa-nove-feridos\/\"},\"author\":{\"name\":\"Reda\u00e7\u00e3o\",\"@id\":\"https:\/\/www.notibras.com\/site\/#\/schema\/person\/00b8e1aa08f9ef6563e878c5159d01cf\"},\"headline\":\"Ataque a faca em \u00f4nibus deixa nove feridos\",\"datePublished\":\"2018-07-20T20:50:03+00:00\",\"mainEntityOfPage\":{\"@id\":\"https:\/\/www.notibras.com\/site\/ataque-a-faca-em-onibus-deixa-nove-feridos\/\"},\"wordCount\":612,\"publisher\":{\"@id\":\"https:\/\/www.notibras.com\/site\/#organization\"},\"image\":{\"@id\":\"https:\/\/www.notibras.com\/site\/ataque-a-faca-em-onibus-deixa-nove-feridos\/#primaryimage\"},\"thumbnailUrl\":\"https:\/\/www.notibras.com\/site\/wp-content\/uploads\/2018\/07\/2d38be0e3ff64356578a55ef49841911e5069489.jpg\",\"articleSection\":[\"Mundo\"],\"inLanguage\":\"pt-BR\"},{\"@type\":\"WebPage\",\"@id\":\"https:\/\/www.notibras.com\/site\/ataque-a-faca-em-onibus-deixa-nove-feridos\/\",\"url\":\"https:\/\/www.notibras.com\/site\/ataque-a-faca-em-onibus-deixa-nove-feridos\/\",\"name\":\"Ataque a faca em \u00f4nibus deixa nove feridos - Notibras\",\"isPartOf\":{\"@id\":\"https:\/\/www.notibras.com\/site\/#website\"},\"primaryImageOfPage\":{\"@id\":\"https:\/\/www.notibras.com\/site\/ataque-a-faca-em-onibus-deixa-nove-feridos\/#primaryimage\"},\"image\":{\"@id\":\"https:\/\/www.notibras.com\/site\/ataque-a-faca-em-onibus-deixa-nove-feridos\/#primaryimage\"},\"thumbnailUrl\":\"https:\/\/www.notibras.com\/site\/wp-content\/uploads\/2018\/07\/2d38be0e3ff64356578a55ef49841911e5069489.jpg\",\"datePublished\":\"2018-07-20T20:50:03+00:00\",\"breadcrumb\":{\"@id\":\"https:\/\/www.notibras.com\/site\/ataque-a-faca-em-onibus-deixa-nove-feridos\/#breadcrumb\"},\"inLanguage\":\"pt-BR\",\"potentialAction\":[{\"@type\":\"ReadAction\",\"target\":[\"https:\/\/www.notibras.com\/site\/ataque-a-faca-em-onibus-deixa-nove-feridos\/\"]}]},{\"@type\":\"ImageObject\",\"inLanguage\":\"pt-BR\",\"@id\":\"https:\/\/www.notibras.com\/site\/ataque-a-faca-em-onibus-deixa-nove-feridos\/#primaryimage\",\"url\":\"https:\/\/www.notibras.com\/site\/wp-content\/uploads\/2018\/07\/2d38be0e3ff64356578a55ef49841911e5069489.jpg\",\"contentUrl\":\"https:\/\/www.notibras.com\/site\/wp-content\/uploads\/2018\/07\/2d38be0e3ff64356578a55ef49841911e5069489.jpg\",\"width\":768,\"height\":505,\"caption\":\"Policiais e bombeiros se re\u00fanem no local do ataque, Foto: Markus Scholz\"},{\"@type\":\"BreadcrumbList\",\"@id\":\"https:\/\/www.notibras.com\/site\/ataque-a-faca-em-onibus-deixa-nove-feridos\/#breadcrumb\",\"itemListElement\":[{\"@type\":\"ListItem\",\"position\":1,\"name\":\"In\u00edcio\",\"item\":\"https:\/\/www.notibras.com\/site\/\"},{\"@type\":\"ListItem\",\"position\":2,\"name\":\"Ataque a faca em \u00f4nibus deixa nove feridos\"}]},{\"@type\":\"WebSite\",\"@id\":\"https:\/\/www.notibras.com\/site\/#website\",\"url\":\"https:\/\/www.notibras.com\/site\/\",\"name\":\"Notibras\",\"description\":\"Not\u00edcias de Bras\u00edlia, do Brasil e do Mundo\",\"publisher\":{\"@id\":\"https:\/\/www.notibras.com\/site\/#organization\"},\"potentialAction\":[{\"@type\":\"SearchAction\",\"target\":{\"@type\":\"EntryPoint\",\"urlTemplate\":\"https:\/\/www.notibras.com\/site\/?s={search_term_string}\"},\"query-input\":{\"@type\":\"PropertyValueSpecification\",\"valueRequired\":true,\"valueName\":\"search_term_string\"}}],\"inLanguage\":\"pt-BR\"},{\"@type\":\"Organization\",\"@id\":\"https:\/\/www.notibras.com\/site\/#organization\",\"name\":\"Grupo Notibras de Comunica\u00e7\u00e3o\",\"url\":\"https:\/\/www.notibras.com\/site\/\",\"logo\":{\"@type\":\"ImageObject\",\"inLanguage\":\"pt-BR\",\"@id\":\"https:\/\/www.notibras.com\/site\/#\/schema\/logo\/image\/\",\"url\":\"https:\/\/www.notibras.com\/site\/wp-content\/uploads\/2023\/01\/notibras23.png\",\"contentUrl\":\"https:\/\/www.notibras.com\/site\/wp-content\/uploads\/2023\/01\/notibras23.png\",\"width\":350,\"height\":87,\"caption\":\"Grupo Notibras de Comunica\u00e7\u00e3o\"},\"image\":{\"@id\":\"https:\/\/www.notibras.com\/site\/#\/schema\/logo\/image\/\"},\"sameAs\":[\"https:\/\/www.facebook.com\/notibras\/\",\"https:\/\/x.com\/Notibras\",\"https:\/\/www.instagram.com\/notibras\/\"]},{\"@type\":\"Person\",\"@id\":\"https:\/\/www.notibras.com\/site\/#\/schema\/person\/00b8e1aa08f9ef6563e878c5159d01cf\",\"name\":\"Reda\u00e7\u00e3o\",\"image\":{\"@type\":\"ImageObject\",\"inLanguage\":\"pt-BR\",\"@id\":\"https:\/\/secure.gravatar.com\/avatar\/ac5a707d5b47784a5ed426c6e213e201423c750890f64e4c379114dade67dfb9?s=96&d=mm&r=g\",\"url\":\"https:\/\/secure.gravatar.com\/avatar\/ac5a707d5b47784a5ed426c6e213e201423c750890f64e4c379114dade67dfb9?s=96&d=mm&r=g\",\"contentUrl\":\"https:\/\/secure.gravatar.com\/avatar\/ac5a707d5b47784a5ed426c6e213e201423c750890f64e4c379114dade67dfb9?s=96&d=mm&r=g\",\"caption\":\"Reda\u00e7\u00e3o\"}}]}<\/script>\n<!-- \/ Yoast SEO plugin. -->","yoast_head_json":{"title":"Ataque a faca em \u00f4nibus deixa nove feridos - Notibras","robots":{"index":"index","follow":"follow","max-snippet":"max-snippet:-1","max-image-preview":"max-image-preview:large","max-video-preview":"max-video-preview:-1"},"canonical":"https:\/\/www.notibras.com\/site\/ataque-a-faca-em-onibus-deixa-nove-feridos\/","og_locale":"pt_BR","og_type":"article","og_title":"Ataque a faca em \u00f4nibus deixa nove feridos - Notibras","og_description":"Nove pessoas ficaram feridas nesta sexta-feira (20) \u00e0 tarde em um \u00f4nibus no norte da Alemanha, depois que um homem atacou passageiros com uma faca, antes de ser controlado. O agressor seria um alem\u00e3o de 34 anos e foi preso logo ap\u00f3s o ataque. O ministro regional do Interior de Schleswig-Holstein, Hans-Joachim Grote, afirmou \u00e0 [&hellip;]","og_url":"https:\/\/www.notibras.com\/site\/ataque-a-faca-em-onibus-deixa-nove-feridos\/","og_site_name":"Notibras","article_publisher":"https:\/\/www.facebook.com\/notibras\/","article_published_time":"2018-07-20T20:50:03+00:00","og_image":[{"width":768,"height":505,"url":"https:\/\/www.notibras.com\/site\/wp-content\/uploads\/2018\/07\/2d38be0e3ff64356578a55ef49841911e5069489.jpg","type":"image\/jpeg"}],"author":"Reda\u00e7\u00e3o","twitter_card":"summary_large_image","twitter_creator":"@Notibras","twitter_site":"@Notibras","twitter_misc":{"Escrito por":"Reda\u00e7\u00e3o","Est. tempo de leitura":"3 minutos"},"schema":{"@context":"https:\/\/schema.org","@graph":[{"@type":"Article","@id":"https:\/\/www.notibras.com\/site\/ataque-a-faca-em-onibus-deixa-nove-feridos\/#article","isPartOf":{"@id":"https:\/\/www.notibras.com\/site\/ataque-a-faca-em-onibus-deixa-nove-feridos\/"},"author":{"name":"Reda\u00e7\u00e3o","@id":"https:\/\/www.notibras.com\/site\/#\/schema\/person\/00b8e1aa08f9ef6563e878c5159d01cf"},"headline":"Ataque a faca em \u00f4nibus deixa nove feridos","datePublished":"2018-07-20T20:50:03+00:00","mainEntityOfPage":{"@id":"https:\/\/www.notibras.com\/site\/ataque-a-faca-em-onibus-deixa-nove-feridos\/"},"wordCount":612,"publisher":{"@id":"https:\/\/www.notibras.com\/site\/#organization"},"image":{"@id":"https:\/\/www.notibras.com\/site\/ataque-a-faca-em-onibus-deixa-nove-feridos\/#primaryimage"},"thumbnailUrl":"https:\/\/www.notibras.com\/site\/wp-content\/uploads\/2018\/07\/2d38be0e3ff64356578a55ef49841911e5069489.jpg","articleSection":["Mundo"],"inLanguage":"pt-BR"},{"@type":"WebPage","@id":"https:\/\/www.notibras.com\/site\/ataque-a-faca-em-onibus-deixa-nove-feridos\/","url":"https:\/\/www.notibras.com\/site\/ataque-a-faca-em-onibus-deixa-nove-feridos\/","name":"Ataque a faca em \u00f4nibus deixa nove feridos - Notibras","isPartOf":{"@id":"https:\/\/www.notibras.com\/site\/#website"},"primaryImageOfPage":{"@id":"https:\/\/www.notibras.com\/site\/ataque-a-faca-em-onibus-deixa-nove-feridos\/#primaryimage"},"image":{"@id":"https:\/\/www.notibras.com\/site\/ataque-a-faca-em-onibus-deixa-nove-feridos\/#primaryimage"},"thumbnailUrl":"https:\/\/www.notibras.com\/site\/wp-content\/uploads\/2018\/07\/2d38be0e3ff64356578a55ef49841911e5069489.jpg","datePublished":"2018-07-20T20:50:03+00:00","breadcrumb":{"@id":"https:\/\/www.notibras.com\/site\/ataque-a-faca-em-onibus-deixa-nove-feridos\/#breadcrumb"},"inLanguage":"pt-BR","potentialAction":[{"@type":"ReadAction","target":["https:\/\/www.notibras.com\/site\/ataque-a-faca-em-onibus-deixa-nove-feridos\/"]}]},{"@type":"ImageObject","inLanguage":"pt-BR","@id":"https:\/\/www.notibras.com\/site\/ataque-a-faca-em-onibus-deixa-nove-feridos\/#primaryimage","url":"https:\/\/www.notibras.com\/site\/wp-content\/uploads\/2018\/07\/2d38be0e3ff64356578a55ef49841911e5069489.jpg","contentUrl":"https:\/\/www.notibras.com\/site\/wp-content\/uploads\/2018\/07\/2d38be0e3ff64356578a55ef49841911e5069489.jpg","width":768,"height":505,"caption":"Policiais e bombeiros se re\u00fanem no local do ataque, Foto: Markus Scholz"},{"@type":"BreadcrumbList","@id":"https:\/\/www.notibras.com\/site\/ataque-a-faca-em-onibus-deixa-nove-feridos\/#breadcrumb","itemListElement":[{"@type":"ListItem","position":1,"name":"In\u00edcio","item":"https:\/\/www.notibras.com\/site\/"},{"@type":"ListItem","position":2,"name":"Ataque a faca em \u00f4nibus deixa nove feridos"}]},{"@type":"WebSite","@id":"https:\/\/www.notibras.com\/site\/#website","url":"https:\/\/www.notibras.com\/site\/","name":"Notibras","description":"Not\u00edcias de Bras\u00edlia, do Brasil e do Mundo","publisher":{"@id":"https:\/\/www.notibras.com\/site\/#organization"},"potentialAction":[{"@type":"SearchAction","target":{"@type":"EntryPoint","urlTemplate":"https:\/\/www.notibras.com\/site\/?s={search_term_string}"},"query-input":{"@type":"PropertyValueSpecification","valueRequired":true,"valueName":"search_term_string"}}],"inLanguage":"pt-BR"},{"@type":"Organization","@id":"https:\/\/www.notibras.com\/site\/#organization","name":"Grupo Notibras de Comunica\u00e7\u00e3o","url":"https:\/\/www.notibras.com\/site\/","logo":{"@type":"ImageObject","inLanguage":"pt-BR","@id":"https:\/\/www.notibras.com\/site\/#\/schema\/logo\/image\/","url":"https:\/\/www.notibras.com\/site\/wp-content\/uploads\/2023\/01\/notibras23.png","contentUrl":"https:\/\/www.notibras.com\/site\/wp-content\/uploads\/2023\/01\/notibras23.png","width":350,"height":87,"caption":"Grupo Notibras de Comunica\u00e7\u00e3o"},"image":{"@id":"https:\/\/www.notibras.com\/site\/#\/schema\/logo\/image\/"},"sameAs":["https:\/\/www.facebook.com\/notibras\/","https:\/\/x.com\/Notibras","https:\/\/www.instagram.com\/notibras\/"]},{"@type":"Person","@id":"https:\/\/www.notibras.com\/site\/#\/schema\/person\/00b8e1aa08f9ef6563e878c5159d01cf","name":"Reda\u00e7\u00e3o","image":{"@type":"ImageObject","inLanguage":"pt-BR","@id":"https:\/\/secure.gravatar.com\/avatar\/ac5a707d5b47784a5ed426c6e213e201423c750890f64e4c379114dade67dfb9?s=96&d=mm&r=g","url":"https:\/\/secure.gravatar.com\/avatar\/ac5a707d5b47784a5ed426c6e213e201423c750890f64e4c379114dade67dfb9?s=96&d=mm&r=g","contentUrl":"https:\/\/secure.gravatar.com\/avatar\/ac5a707d5b47784a5ed426c6e213e201423c750890f64e4c379114dade67dfb9?s=96&d=mm&r=g","caption":"Reda\u00e7\u00e3o"}}]}},"amp_enabled":true,"_links":{"self":[{"href":"https:\/\/www.notibras.com\/site\/wp-json\/wp\/v2\/posts\/185914","targetHints":{"allow":["GET"]}}],"collection":[{"href":"https:\/\/www.notibras.com\/site\/wp-json\/wp\/v2\/posts"}],"about":[{"href":"https:\/\/www.notibras.com\/site\/wp-json\/wp\/v2\/types\/post"}],"author":[{"embeddable":true,"href":"https:\/\/www.notibras.com\/site\/wp-json\/wp\/v2\/users\/1"}],"replies":[{"embeddable":true,"href":"https:\/\/www.notibras.com\/site\/wp-json\/wp\/v2\/comments?post=185914"}],"version-history":[{"count":1,"href":"https:\/\/www.notibras.com\/site\/wp-json\/wp\/v2\/posts\/185914\/revisions"}],"predecessor-version":[{"id":185916,"href":"https:\/\/www.notibras.com\/site\/wp-json\/wp\/v2\/posts\/185914\/revisions\/185916"}],"wp:featuredmedia":[{"embeddable":true,"href":"https:\/\/www.notibras.com\/site\/wp-json\/wp\/v2\/media\/185915"}],"wp:attachment":[{"href":"https:\/\/www.notibras.com\/site\/wp-json\/wp\/v2\/media?parent=185914"}],"wp:term":[{"taxonomy":"category","embeddable":true,"href":"https:\/\/www.notibras.com\/site\/wp-json\/wp\/v2\/categories?post=185914"},{"taxonomy":"post_tag","embeddable":true,"href":"https:\/\/www.notibras.com\/site\/wp-json\/wp\/v2\/tags?post=185914"}],"curies":[{"name":"wp","href":"https:\/\/api.w.org\/{rel}","templated":true}]}}