{"id":185968,"date":"2018-07-21T07:18:52","date_gmt":"2018-07-21T10:18:52","guid":{"rendered":"https:\/\/www.notibras.com\/site\/?p=185968"},"modified":"2018-07-21T07:26:07","modified_gmt":"2018-07-21T10:26:07","slug":"parlamento-derrota-mocao-de-desconfianca-contra-premie-narendra","status":"publish","type":"post","link":"https:\/\/www.notibras.com\/site\/parlamento-derrota-mocao-de-desconfianca-contra-premie-narendra\/","title":{"rendered":"Parlamento derrota mo\u00e7\u00e3o de desconfian\u00e7a contra premi\u00ea"},"content":{"rendered":"<p>A Casa dos Povos, como \u00e9 chamada a c\u00e2mara baixa do Parlamento da \u00cdndia, debateu e derrotou nesta sexta-feira, por 325 votos a 126, a mo\u00e7\u00e3o de desconfian\u00e7a protocolada pela oposi\u00e7\u00e3o contra o governo do primeiro-ministro Narendra Modi.<\/p>\n<p>Enquanto os parlamentares debatiam o procedimento, agricultores marchavam em Nova D\u00e9lhi exigindo o perd\u00e3o de d\u00edvidas contra\u00eddas por meio de cr\u00e9dito rural e pre\u00e7os justos para seus produtos. H\u00e1 anos, o setor agr\u00edcola na \u00cdndia enfrenta dificuldades em face de rendas cadentes.<\/p>\n<p>Dentro da Casa Legislativa, a vota\u00e7\u00e3o permitiu aos oposicionistas criticar o governo por faltar com o cumprimento de promessas feitas antes de assumir o mandato. O l\u00edder do partido Congresso Nacional Indiano, Rahul Gandhi, acusou a situa\u00e7\u00e3o de criar apenas 400 mil novos empregos, uma fra\u00e7\u00e3o dos 20 milh\u00f5es prometidos para o per\u00edodo de um ano. O rebento da dinastia pol\u00edtica Nehru-Gandhi alegou que Modi favorece grandes empresas em detrimento da popula\u00e7\u00e3o empobrecida.<\/p>\n<p>Os ataques enraiveceram parlamentares da legenda do premi\u00ea, o nacionalista hindu Partido Bharatiya Janata (BJP, na sigla em ingl\u00eas), levando a presidente da Casa, Sumitra Mahajan, a suspender os tr\u00e2mites para acalmar os \u00e2nimos. Posteriormente, Gandhi retomou seu discurso e, ao encerr\u00e1-lo, caminhou de forma inesperada ao lugar em que Modi estava sentado, apertou-lhe as m\u00e3os e o abra\u00e7ou.<\/p>\n<p>Ainda assim, quando assumiu a fala, Modi acusou Gandhi de tentar derrub\u00e1-lo do posto de primeiro-ministro. &#8220;(A oposi\u00e7\u00e3o) fez mau uso da provis\u00e3o (que permite convocar mo\u00e7\u00f5es de desconfian\u00e7a) para desestabilizar este governo&#8221;, disse, acrescentando que seus detratores sabiam n\u00e3o ter votos suficientes para derrot\u00e1-lo.<\/p>\n","protected":false},"excerpt":{"rendered":"<p>A Casa dos Povos, como \u00e9 chamada a c\u00e2mara baixa do Parlamento da \u00cdndia, debateu e derrotou nesta sexta-feira, por 325 votos a 126, a mo\u00e7\u00e3o de desconfian\u00e7a protocolada pela oposi\u00e7\u00e3o contra o governo do primeiro-ministro Narendra Modi. Enquanto os parlamentares debatiam o procedimento, agricultores marchavam em Nova D\u00e9lhi exigindo o perd\u00e3o de d\u00edvidas contra\u00eddas [&hellip;]<\/p>\n","protected":false},"author":2,"featured_media":185969,"comment_status":"closed","ping_status":"closed","sticky":false,"template":"","format":"standard","meta":{"_acf_changed":false,"footnotes":""},"categories":[17],"tags":[],"class_list":["post-185968","post","type-post","status-publish","format-standard","has-post-thumbnail","hentry","category-mundo"],"acf":[],"yoast_head":"<!-- This site is optimized with the Yoast SEO plugin v27.2 - https:\/\/yoast.com\/product\/yoast-seo-wordpress\/ -->\n<title>Parlamento derrota mo\u00e7\u00e3o de desconfian\u00e7a contra premi\u00ea - Notibras<\/title>\n<meta name=\"robots\" content=\"index, follow, max-snippet:-1, max-image-preview:large, max-video-preview:-1\" \/>\n<link rel=\"canonical\" href=\"https:\/\/www.notibras.com\/site\/parlamento-derrota-mocao-de-desconfianca-contra-premie-narendra\/\" \/>\n<meta property=\"og:locale\" content=\"pt_BR\" \/>\n<meta property=\"og:type\" content=\"article\" \/>\n<meta property=\"og:title\" content=\"Parlamento derrota mo\u00e7\u00e3o de desconfian\u00e7a contra premi\u00ea - Notibras\" \/>\n<meta property=\"og:description\" content=\"A Casa dos Povos, como \u00e9 chamada a c\u00e2mara baixa do Parlamento da \u00cdndia, debateu e derrotou nesta sexta-feira, por 325 votos a 126, a mo\u00e7\u00e3o de desconfian\u00e7a protocolada pela oposi\u00e7\u00e3o contra o governo do primeiro-ministro Narendra Modi. Enquanto os parlamentares debatiam o procedimento, agricultores marchavam em Nova D\u00e9lhi exigindo o perd\u00e3o de d\u00edvidas contra\u00eddas [&hellip;]\" \/>\n<meta property=\"og:url\" content=\"https:\/\/www.notibras.com\/site\/parlamento-derrota-mocao-de-desconfianca-contra-premie-narendra\/\" \/>\n<meta property=\"og:site_name\" content=\"Notibras\" \/>\n<meta property=\"article:publisher\" content=\"https:\/\/www.facebook.com\/notibras\/\" \/>\n<meta property=\"article:published_time\" content=\"2018-07-21T10:18:52+00:00\" \/>\n<meta property=\"article:modified_time\" content=\"2018-07-21T10:26:07+00:00\" \/>\n<meta property=\"og:image\" content=\"https:\/\/www.notibras.com\/site\/wp-content\/uploads\/2018\/07\/Narendra-Modi.jpg\" \/>\n\t<meta property=\"og:image:width\" content=\"1280\" \/>\n\t<meta property=\"og:image:height\" content=\"720\" \/>\n\t<meta property=\"og:image:type\" content=\"image\/jpeg\" \/>\n<meta name=\"author\" content=\"Reda\u00e7\u00e3o\" \/>\n<meta name=\"twitter:card\" content=\"summary_large_image\" \/>\n<meta name=\"twitter:creator\" content=\"@Notibras\" \/>\n<meta name=\"twitter:site\" content=\"@Notibras\" \/>\n<meta name=\"twitter:label1\" content=\"Escrito por\" \/>\n\t<meta name=\"twitter:data1\" content=\"Reda\u00e7\u00e3o\" \/>\n\t<meta name=\"twitter:label2\" content=\"Est. tempo de leitura\" \/>\n\t<meta name=\"twitter:data2\" content=\"1 minuto\" \/>\n<script type=\"application\/ld+json\" class=\"yoast-schema-graph\">{\"@context\":\"https:\/\/schema.org\",\"@graph\":[{\"@type\":\"Article\",\"@id\":\"https:\/\/www.notibras.com\/site\/parlamento-derrota-mocao-de-desconfianca-contra-premie-narendra\/#article\",\"isPartOf\":{\"@id\":\"https:\/\/www.notibras.com\/site\/parlamento-derrota-mocao-de-desconfianca-contra-premie-narendra\/\"},\"author\":{\"name\":\"Reda\u00e7\u00e3o\",\"@id\":\"https:\/\/www.notibras.com\/site\/#\/schema\/person\/36ab0979449956132d3e5b517ea76ac8\"},\"headline\":\"Parlamento derrota mo\u00e7\u00e3o de desconfian\u00e7a contra premi\u00ea\",\"datePublished\":\"2018-07-21T10:18:52+00:00\",\"dateModified\":\"2018-07-21T10:26:07+00:00\",\"mainEntityOfPage\":{\"@id\":\"https:\/\/www.notibras.com\/site\/parlamento-derrota-mocao-de-desconfianca-contra-premie-narendra\/\"},\"wordCount\":292,\"publisher\":{\"@id\":\"https:\/\/www.notibras.com\/site\/#organization\"},\"image\":{\"@id\":\"https:\/\/www.notibras.com\/site\/parlamento-derrota-mocao-de-desconfianca-contra-premie-narendra\/#primaryimage\"},\"thumbnailUrl\":\"https:\/\/www.notibras.com\/site\/wp-content\/uploads\/2018\/07\/Narendra-Modi.jpg\",\"articleSection\":[\"Mundo\"],\"inLanguage\":\"pt-BR\"},{\"@type\":\"WebPage\",\"@id\":\"https:\/\/www.notibras.com\/site\/parlamento-derrota-mocao-de-desconfianca-contra-premie-narendra\/\",\"url\":\"https:\/\/www.notibras.com\/site\/parlamento-derrota-mocao-de-desconfianca-contra-premie-narendra\/\",\"name\":\"Parlamento derrota mo\u00e7\u00e3o de desconfian\u00e7a contra premi\u00ea - Notibras\",\"isPartOf\":{\"@id\":\"https:\/\/www.notibras.com\/site\/#website\"},\"primaryImageOfPage\":{\"@id\":\"https:\/\/www.notibras.com\/site\/parlamento-derrota-mocao-de-desconfianca-contra-premie-narendra\/#primaryimage\"},\"image\":{\"@id\":\"https:\/\/www.notibras.com\/site\/parlamento-derrota-mocao-de-desconfianca-contra-premie-narendra\/#primaryimage\"},\"thumbnailUrl\":\"https:\/\/www.notibras.com\/site\/wp-content\/uploads\/2018\/07\/Narendra-Modi.jpg\",\"datePublished\":\"2018-07-21T10:18:52+00:00\",\"dateModified\":\"2018-07-21T10:26:07+00:00\",\"breadcrumb\":{\"@id\":\"https:\/\/www.notibras.com\/site\/parlamento-derrota-mocao-de-desconfianca-contra-premie-narendra\/#breadcrumb\"},\"inLanguage\":\"pt-BR\",\"potentialAction\":[{\"@type\":\"ReadAction\",\"target\":[\"https:\/\/www.notibras.com\/site\/parlamento-derrota-mocao-de-desconfianca-contra-premie-narendra\/\"]}]},{\"@type\":\"ImageObject\",\"inLanguage\":\"pt-BR\",\"@id\":\"https:\/\/www.notibras.com\/site\/parlamento-derrota-mocao-de-desconfianca-contra-premie-narendra\/#primaryimage\",\"url\":\"https:\/\/www.notibras.com\/site\/wp-content\/uploads\/2018\/07\/Narendra-Modi.jpg\",\"contentUrl\":\"https:\/\/www.notibras.com\/site\/wp-content\/uploads\/2018\/07\/Narendra-Modi.jpg\",\"width\":1280,\"height\":720,\"caption\":\"Foto\/Divulga\u00e7\u00e3o\"},{\"@type\":\"BreadcrumbList\",\"@id\":\"https:\/\/www.notibras.com\/site\/parlamento-derrota-mocao-de-desconfianca-contra-premie-narendra\/#breadcrumb\",\"itemListElement\":[{\"@type\":\"ListItem\",\"position\":1,\"name\":\"In\u00edcio\",\"item\":\"https:\/\/www.notibras.com\/site\/\"},{\"@type\":\"ListItem\",\"position\":2,\"name\":\"Parlamento derrota mo\u00e7\u00e3o de desconfian\u00e7a contra premi\u00ea\"}]},{\"@type\":\"WebSite\",\"@id\":\"https:\/\/www.notibras.com\/site\/#website\",\"url\":\"https:\/\/www.notibras.com\/site\/\",\"name\":\"Notibras\",\"description\":\"Not\u00edcias de Bras\u00edlia, do Brasil e do Mundo\",\"publisher\":{\"@id\":\"https:\/\/www.notibras.com\/site\/#organization\"},\"potentialAction\":[{\"@type\":\"SearchAction\",\"target\":{\"@type\":\"EntryPoint\",\"urlTemplate\":\"https:\/\/www.notibras.com\/site\/?s={search_term_string}\"},\"query-input\":{\"@type\":\"PropertyValueSpecification\",\"valueRequired\":true,\"valueName\":\"search_term_string\"}}],\"inLanguage\":\"pt-BR\"},{\"@type\":\"Organization\",\"@id\":\"https:\/\/www.notibras.com\/site\/#organization\",\"name\":\"Grupo Notibras de Comunica\u00e7\u00e3o\",\"url\":\"https:\/\/www.notibras.com\/site\/\",\"logo\":{\"@type\":\"ImageObject\",\"inLanguage\":\"pt-BR\",\"@id\":\"https:\/\/www.notibras.com\/site\/#\/schema\/logo\/image\/\",\"url\":\"https:\/\/www.notibras.com\/site\/wp-content\/uploads\/2023\/01\/notibras23.png\",\"contentUrl\":\"https:\/\/www.notibras.com\/site\/wp-content\/uploads\/2023\/01\/notibras23.png\",\"width\":350,\"height\":87,\"caption\":\"Grupo Notibras de Comunica\u00e7\u00e3o\"},\"image\":{\"@id\":\"https:\/\/www.notibras.com\/site\/#\/schema\/logo\/image\/\"},\"sameAs\":[\"https:\/\/www.facebook.com\/notibras\/\",\"https:\/\/x.com\/Notibras\",\"https:\/\/www.instagram.com\/notibras\/\"]},{\"@type\":\"Person\",\"@id\":\"https:\/\/www.notibras.com\/site\/#\/schema\/person\/36ab0979449956132d3e5b517ea76ac8\",\"name\":\"Reda\u00e7\u00e3o\",\"image\":{\"@type\":\"ImageObject\",\"inLanguage\":\"pt-BR\",\"@id\":\"https:\/\/secure.gravatar.com\/avatar\/e0a867bdedb85fd243eadf09663511f96fc81e0720a4a42581f334ad4303aa6b?s=96&d=mm&r=g\",\"url\":\"https:\/\/secure.gravatar.com\/avatar\/e0a867bdedb85fd243eadf09663511f96fc81e0720a4a42581f334ad4303aa6b?s=96&d=mm&r=g\",\"contentUrl\":\"https:\/\/secure.gravatar.com\/avatar\/e0a867bdedb85fd243eadf09663511f96fc81e0720a4a42581f334ad4303aa6b?s=96&d=mm&r=g\",\"caption\":\"Reda\u00e7\u00e3o\"}}]}<\/script>\n<!-- \/ Yoast SEO plugin. -->","yoast_head_json":{"title":"Parlamento derrota mo\u00e7\u00e3o de desconfian\u00e7a contra premi\u00ea - Notibras","robots":{"index":"index","follow":"follow","max-snippet":"max-snippet:-1","max-image-preview":"max-image-preview:large","max-video-preview":"max-video-preview:-1"},"canonical":"https:\/\/www.notibras.com\/site\/parlamento-derrota-mocao-de-desconfianca-contra-premie-narendra\/","og_locale":"pt_BR","og_type":"article","og_title":"Parlamento derrota mo\u00e7\u00e3o de desconfian\u00e7a contra premi\u00ea - Notibras","og_description":"A Casa dos Povos, como \u00e9 chamada a c\u00e2mara baixa do Parlamento da \u00cdndia, debateu e derrotou nesta sexta-feira, por 325 votos a 126, a mo\u00e7\u00e3o de desconfian\u00e7a protocolada pela oposi\u00e7\u00e3o contra o governo do primeiro-ministro Narendra Modi. Enquanto os parlamentares debatiam o procedimento, agricultores marchavam em Nova D\u00e9lhi exigindo o perd\u00e3o de d\u00edvidas contra\u00eddas [&hellip;]","og_url":"https:\/\/www.notibras.com\/site\/parlamento-derrota-mocao-de-desconfianca-contra-premie-narendra\/","og_site_name":"Notibras","article_publisher":"https:\/\/www.facebook.com\/notibras\/","article_published_time":"2018-07-21T10:18:52+00:00","article_modified_time":"2018-07-21T10:26:07+00:00","og_image":[{"width":1280,"height":720,"url":"https:\/\/www.notibras.com\/site\/wp-content\/uploads\/2018\/07\/Narendra-Modi.jpg","type":"image\/jpeg"}],"author":"Reda\u00e7\u00e3o","twitter_card":"summary_large_image","twitter_creator":"@Notibras","twitter_site":"@Notibras","twitter_misc":{"Escrito por":"Reda\u00e7\u00e3o","Est. tempo de leitura":"1 minuto"},"schema":{"@context":"https:\/\/schema.org","@graph":[{"@type":"Article","@id":"https:\/\/www.notibras.com\/site\/parlamento-derrota-mocao-de-desconfianca-contra-premie-narendra\/#article","isPartOf":{"@id":"https:\/\/www.notibras.com\/site\/parlamento-derrota-mocao-de-desconfianca-contra-premie-narendra\/"},"author":{"name":"Reda\u00e7\u00e3o","@id":"https:\/\/www.notibras.com\/site\/#\/schema\/person\/36ab0979449956132d3e5b517ea76ac8"},"headline":"Parlamento derrota mo\u00e7\u00e3o de desconfian\u00e7a contra premi\u00ea","datePublished":"2018-07-21T10:18:52+00:00","dateModified":"2018-07-21T10:26:07+00:00","mainEntityOfPage":{"@id":"https:\/\/www.notibras.com\/site\/parlamento-derrota-mocao-de-desconfianca-contra-premie-narendra\/"},"wordCount":292,"publisher":{"@id":"https:\/\/www.notibras.com\/site\/#organization"},"image":{"@id":"https:\/\/www.notibras.com\/site\/parlamento-derrota-mocao-de-desconfianca-contra-premie-narendra\/#primaryimage"},"thumbnailUrl":"https:\/\/www.notibras.com\/site\/wp-content\/uploads\/2018\/07\/Narendra-Modi.jpg","articleSection":["Mundo"],"inLanguage":"pt-BR"},{"@type":"WebPage","@id":"https:\/\/www.notibras.com\/site\/parlamento-derrota-mocao-de-desconfianca-contra-premie-narendra\/","url":"https:\/\/www.notibras.com\/site\/parlamento-derrota-mocao-de-desconfianca-contra-premie-narendra\/","name":"Parlamento derrota mo\u00e7\u00e3o de desconfian\u00e7a contra premi\u00ea - Notibras","isPartOf":{"@id":"https:\/\/www.notibras.com\/site\/#website"},"primaryImageOfPage":{"@id":"https:\/\/www.notibras.com\/site\/parlamento-derrota-mocao-de-desconfianca-contra-premie-narendra\/#primaryimage"},"image":{"@id":"https:\/\/www.notibras.com\/site\/parlamento-derrota-mocao-de-desconfianca-contra-premie-narendra\/#primaryimage"},"thumbnailUrl":"https:\/\/www.notibras.com\/site\/wp-content\/uploads\/2018\/07\/Narendra-Modi.jpg","datePublished":"2018-07-21T10:18:52+00:00","dateModified":"2018-07-21T10:26:07+00:00","breadcrumb":{"@id":"https:\/\/www.notibras.com\/site\/parlamento-derrota-mocao-de-desconfianca-contra-premie-narendra\/#breadcrumb"},"inLanguage":"pt-BR","potentialAction":[{"@type":"ReadAction","target":["https:\/\/www.notibras.com\/site\/parlamento-derrota-mocao-de-desconfianca-contra-premie-narendra\/"]}]},{"@type":"ImageObject","inLanguage":"pt-BR","@id":"https:\/\/www.notibras.com\/site\/parlamento-derrota-mocao-de-desconfianca-contra-premie-narendra\/#primaryimage","url":"https:\/\/www.notibras.com\/site\/wp-content\/uploads\/2018\/07\/Narendra-Modi.jpg","contentUrl":"https:\/\/www.notibras.com\/site\/wp-content\/uploads\/2018\/07\/Narendra-Modi.jpg","width":1280,"height":720,"caption":"Foto\/Divulga\u00e7\u00e3o"},{"@type":"BreadcrumbList","@id":"https:\/\/www.notibras.com\/site\/parlamento-derrota-mocao-de-desconfianca-contra-premie-narendra\/#breadcrumb","itemListElement":[{"@type":"ListItem","position":1,"name":"In\u00edcio","item":"https:\/\/www.notibras.com\/site\/"},{"@type":"ListItem","position":2,"name":"Parlamento derrota mo\u00e7\u00e3o de desconfian\u00e7a contra premi\u00ea"}]},{"@type":"WebSite","@id":"https:\/\/www.notibras.com\/site\/#website","url":"https:\/\/www.notibras.com\/site\/","name":"Notibras","description":"Not\u00edcias de Bras\u00edlia, do Brasil e do Mundo","publisher":{"@id":"https:\/\/www.notibras.com\/site\/#organization"},"potentialAction":[{"@type":"SearchAction","target":{"@type":"EntryPoint","urlTemplate":"https:\/\/www.notibras.com\/site\/?s={search_term_string}"},"query-input":{"@type":"PropertyValueSpecification","valueRequired":true,"valueName":"search_term_string"}}],"inLanguage":"pt-BR"},{"@type":"Organization","@id":"https:\/\/www.notibras.com\/site\/#organization","name":"Grupo Notibras de Comunica\u00e7\u00e3o","url":"https:\/\/www.notibras.com\/site\/","logo":{"@type":"ImageObject","inLanguage":"pt-BR","@id":"https:\/\/www.notibras.com\/site\/#\/schema\/logo\/image\/","url":"https:\/\/www.notibras.com\/site\/wp-content\/uploads\/2023\/01\/notibras23.png","contentUrl":"https:\/\/www.notibras.com\/site\/wp-content\/uploads\/2023\/01\/notibras23.png","width":350,"height":87,"caption":"Grupo Notibras de Comunica\u00e7\u00e3o"},"image":{"@id":"https:\/\/www.notibras.com\/site\/#\/schema\/logo\/image\/"},"sameAs":["https:\/\/www.facebook.com\/notibras\/","https:\/\/x.com\/Notibras","https:\/\/www.instagram.com\/notibras\/"]},{"@type":"Person","@id":"https:\/\/www.notibras.com\/site\/#\/schema\/person\/36ab0979449956132d3e5b517ea76ac8","name":"Reda\u00e7\u00e3o","image":{"@type":"ImageObject","inLanguage":"pt-BR","@id":"https:\/\/secure.gravatar.com\/avatar\/e0a867bdedb85fd243eadf09663511f96fc81e0720a4a42581f334ad4303aa6b?s=96&d=mm&r=g","url":"https:\/\/secure.gravatar.com\/avatar\/e0a867bdedb85fd243eadf09663511f96fc81e0720a4a42581f334ad4303aa6b?s=96&d=mm&r=g","contentUrl":"https:\/\/secure.gravatar.com\/avatar\/e0a867bdedb85fd243eadf09663511f96fc81e0720a4a42581f334ad4303aa6b?s=96&d=mm&r=g","caption":"Reda\u00e7\u00e3o"}}]}},"amp_enabled":true,"_links":{"self":[{"href":"https:\/\/www.notibras.com\/site\/wp-json\/wp\/v2\/posts\/185968","targetHints":{"allow":["GET"]}}],"collection":[{"href":"https:\/\/www.notibras.com\/site\/wp-json\/wp\/v2\/posts"}],"about":[{"href":"https:\/\/www.notibras.com\/site\/wp-json\/wp\/v2\/types\/post"}],"author":[{"embeddable":true,"href":"https:\/\/www.notibras.com\/site\/wp-json\/wp\/v2\/users\/2"}],"replies":[{"embeddable":true,"href":"https:\/\/www.notibras.com\/site\/wp-json\/wp\/v2\/comments?post=185968"}],"version-history":[{"count":2,"href":"https:\/\/www.notibras.com\/site\/wp-json\/wp\/v2\/posts\/185968\/revisions"}],"predecessor-version":[{"id":185974,"href":"https:\/\/www.notibras.com\/site\/wp-json\/wp\/v2\/posts\/185968\/revisions\/185974"}],"wp:featuredmedia":[{"embeddable":true,"href":"https:\/\/www.notibras.com\/site\/wp-json\/wp\/v2\/media\/185969"}],"wp:attachment":[{"href":"https:\/\/www.notibras.com\/site\/wp-json\/wp\/v2\/media?parent=185968"}],"wp:term":[{"taxonomy":"category","embeddable":true,"href":"https:\/\/www.notibras.com\/site\/wp-json\/wp\/v2\/categories?post=185968"},{"taxonomy":"post_tag","embeddable":true,"href":"https:\/\/www.notibras.com\/site\/wp-json\/wp\/v2\/tags?post=185968"}],"curies":[{"name":"wp","href":"https:\/\/api.w.org\/{rel}","templated":true}]}}