{"id":18599,"date":"2014-08-05T22:44:14","date_gmt":"2014-08-06T01:44:14","guid":{"rendered":"http:\/\/www.notibras.com\/site\/?p=18599"},"modified":"2014-08-07T12:48:22","modified_gmt":"2014-08-07T15:48:22","slug":"rapaz-e-preso-ao-voltar-ao-local-onde-matou-a-avo-para-roubar","status":"publish","type":"post","link":"https:\/\/www.notibras.com\/site\/rapaz-e-preso-ao-voltar-ao-local-onde-matou-a-avo-para-roubar\/","title":{"rendered":"Rapaz preso na casa onde matou a av\u00f3 para roubar bens"},"content":{"rendered":"<p>Um homem foi preso nesta\u00a0segunda-feira no bairro de Paula Lima, Salvador, Bahia,\u00a0ap\u00f3s voltar ao local onde havia matado a av\u00f3. A mulher\u00a0havia se recusado a\u00a0entregar uma TV e um aparelho de DVD a\u00a0Eduardo Rom\u00e1rio dos Santos, o \u201cDudinha\u201d, para que ele pudesse quitar uma d\u00edvida com traficantes do bairro de Castelo Branco.<\/p>\n<p class=\"text\">O homem, de 28 anos, voltou ao lugar onde havia cometido o crime para procurar um\u00a0pai de santo, que o denunciou \u00e0\u00a0pol\u00edcia. Apresentado \u00e0 imprensa, na manh\u00e3 desta ter\u00e7a-feira, no audit\u00f3rio do Departamento de Homic\u00eddio e Prote\u00e7\u00e3o a Pessoa (DHPP), o gar\u00e7om e auxiliar de servi\u00e7os gerais confessou ter esfaqueado Vanda Margarida dos Santos, de 79 anos por diversas vezes no pesco\u00e7o, t\u00f3rax e abd\u00f4men.<\/p>\n<blockquote>\n<p class=\"text\">A casa onde ocorreu o crime pertencia \u00e0 m\u00e3e de Eduardo, mas a av\u00f3 a frequentava, durante a semana, para cuidar de outro neto, de 10 anos. O homem disse que n\u00e3o tinha a inten\u00e7\u00e3o de matar a av\u00f3, mas depois que a feriu no pesco\u00e7o, decidiu n\u00e3o deix\u00e1-la viva, para evitar que fosse denunciado.<\/p>\n<\/blockquote>\n<p class=\"text\">Segundo a delegada Jamila Cidade, Eduardo fugiu do local levando o televisor, o DVD, um receptor de TV a cabo e R$ 15 em dinheiro. H\u00e1 dois meses, ele j\u00e1 havia invadido a casa da irm\u00e3, em Cosme de Farias, e da m\u00e3e, em Castelo Branco, onde matou a av\u00f3, para conseguir dinheiro, levando R$ 4 mil, no total.<\/p>\n<p class=\"text\">Depois do homic\u00eddio, Eduardo foi \u00e0 casa de um amigo, em Itapu\u00e3, e quando soube que estava sendo procurado escondeu-se num barraco abandonado, em Cajazeiras II.<\/p>\n<p class=\"text\">\u201cDudinha\u201d est\u00e1 detido no Complexo Penitenci\u00e1rio da Mata Escura.<\/p>\n","protected":false},"excerpt":{"rendered":"<p>Um homem foi preso nesta\u00a0segunda-feira no bairro de Paula Lima, Salvador, Bahia,\u00a0ap\u00f3s voltar ao local onde havia matado a av\u00f3. A mulher\u00a0havia se recusado a\u00a0entregar uma TV e um aparelho de DVD a\u00a0Eduardo Rom\u00e1rio dos Santos, o \u201cDudinha\u201d, para que ele pudesse quitar uma d\u00edvida com traficantes do bairro de Castelo Branco. O homem, de [&hellip;]<\/p>\n","protected":false},"author":2,"featured_media":18600,"comment_status":"open","ping_status":"closed","sticky":false,"template":"","format":"standard","meta":{"_acf_changed":false,"footnotes":""},"categories":[16],"tags":[],"class_list":["post-18599","post","type-post","status-publish","format-standard","has-post-thumbnail","hentry","category-brasil"],"acf":[],"_links":{"self":[{"href":"https:\/\/www.notibras.com\/site\/wp-json\/wp\/v2\/posts\/18599","targetHints":{"allow":["GET"]}}],"collection":[{"href":"https:\/\/www.notibras.com\/site\/wp-json\/wp\/v2\/posts"}],"about":[{"href":"https:\/\/www.notibras.com\/site\/wp-json\/wp\/v2\/types\/post"}],"author":[{"embeddable":true,"href":"https:\/\/www.notibras.com\/site\/wp-json\/wp\/v2\/users\/2"}],"replies":[{"embeddable":true,"href":"https:\/\/www.notibras.com\/site\/wp-json\/wp\/v2\/comments?post=18599"}],"version-history":[{"count":0,"href":"https:\/\/www.notibras.com\/site\/wp-json\/wp\/v2\/posts\/18599\/revisions"}],"wp:featuredmedia":[{"embeddable":true,"href":"https:\/\/www.notibras.com\/site\/wp-json\/wp\/v2\/media\/18600"}],"wp:attachment":[{"href":"https:\/\/www.notibras.com\/site\/wp-json\/wp\/v2\/media?parent=18599"}],"wp:term":[{"taxonomy":"category","embeddable":true,"href":"https:\/\/www.notibras.com\/site\/wp-json\/wp\/v2\/categories?post=18599"},{"taxonomy":"post_tag","embeddable":true,"href":"https:\/\/www.notibras.com\/site\/wp-json\/wp\/v2\/tags?post=18599"}],"curies":[{"name":"wp","href":"https:\/\/api.w.org\/{rel}","templated":true}]}}