{"id":185999,"date":"2018-07-22T00:45:14","date_gmt":"2018-07-22T03:45:14","guid":{"rendered":"https:\/\/www.notibras.com\/site\/?p=185999"},"modified":"2018-07-22T05:33:20","modified_gmt":"2018-07-22T08:33:20","slug":"ira-descarta-conversar-com-eua-e-ameaca-fechar-ormuz","status":"publish","type":"post","link":"https:\/\/www.notibras.com\/site\/ira-descarta-conversar-com-eua-e-ameaca-fechar-ormuz\/","title":{"rendered":"Ir\u00e3 descarta conversar com EUA e amea\u00e7a fechar Ormuz"},"content":{"rendered":"<p>O l\u00edder supremo do Ir\u00e3, aiatol\u00e1 Ali Khamenei, rejeitou neste s\u00e1bado a ideia de novas negocia\u00e7\u00f5es com os Estados Unidos, elogiando os \u00faltimos coment\u00e1rios do presidente iraniano, Hassan Rouhani, no qual ele amea\u00e7ou fechar o Estreito de Ormuz se novas san\u00e7\u00f5es sobre as exporta\u00e7\u00f5es de petr\u00f3leo forem impostas contra Teer\u00e3.<\/p>\n<p>De acordo com a ag\u00eancia iraniana de not\u00edcias Irna, Khamenei considerou &#8211; durante uma reuni\u00e3o com o ministro iraniano das Rela\u00e7\u00f5es Exteriores, Javad Zarif, e com v\u00e1rios embaixadores e diplomatas &#8211; que &#8220;n\u00e3o h\u00e1 benef\u00edcio em negociar com os EUA&#8221;.<\/p>\n<p>Khamenei, que tem a palavra final em todos os assuntos de Estado, n\u00e3o deu mais detalhes.<\/p>\n<p>&#8220;N\u00e3o podemos confiar nas declara\u00e7\u00f5es americanas ou at\u00e9 mesmo em suas assinaturas&#8221;, disse Khamenei, acrescentando que &#8220;a afirma\u00e7\u00e3o do presidente iraniano de que se o petr\u00f3leo n\u00e3o for exportado, o petr\u00f3leo de qualquer estado da regi\u00e3o n\u00e3o ser\u00e1 exportado&#8221; \u00e9 uma estrat\u00e9gia.<\/p>\n<p>Os EUA abandonaram o acordo nuclear com o Ir\u00e3 em maio e disseram que querem que seus aliados<\/p>\n<p>parem de comprar inteiramente o petr\u00f3leo iraniano. As remessas de petr\u00f3leo iranianas j\u00e1 est\u00e3o come\u00e7ando a parar gradualmente \u00e0 medida que os operadores de navios petroleiros come\u00e7am a concluir seus acordos comerciais com o Ir\u00e3 antes que as san\u00e7\u00f5es americanas entrem em vigor no in\u00edcio de novembro.<\/p>\n<p>O Estreito de Ormuz \u00e9 a \u00fanica liga\u00e7\u00e3o entre o Golfo P\u00e9rsico e os oceanos. Todo o tr\u00e1fego mar\u00edtimo de e para os principais pa\u00edses exportadores de petr\u00f3leo do mundo tem que passar pela via.<\/p>\n","protected":false},"excerpt":{"rendered":"<p>O l\u00edder supremo do Ir\u00e3, aiatol\u00e1 Ali Khamenei, rejeitou neste s\u00e1bado a ideia de novas negocia\u00e7\u00f5es com os Estados Unidos, elogiando os \u00faltimos coment\u00e1rios do presidente iraniano, Hassan Rouhani, no qual ele amea\u00e7ou fechar o Estreito de Ormuz se novas san\u00e7\u00f5es sobre as exporta\u00e7\u00f5es de petr\u00f3leo forem impostas contra Teer\u00e3. De acordo com a ag\u00eancia [&hellip;]<\/p>\n","protected":false},"author":2,"featured_media":186000,"comment_status":"closed","ping_status":"closed","sticky":false,"template":"","format":"standard","meta":{"_acf_changed":false,"footnotes":""},"categories":[17],"tags":[],"class_list":["post-185999","post","type-post","status-publish","format-standard","has-post-thumbnail","hentry","category-mundo"],"acf":[],"yoast_head":"<!-- This site is optimized with the Yoast SEO plugin v27.2 - https:\/\/yoast.com\/product\/yoast-seo-wordpress\/ -->\n<title>Ir\u00e3 descarta conversar com EUA e amea\u00e7a fechar Ormuz - Notibras<\/title>\n<meta name=\"robots\" content=\"index, follow, max-snippet:-1, max-image-preview:large, max-video-preview:-1\" \/>\n<link rel=\"canonical\" href=\"https:\/\/www.notibras.com\/site\/ira-descarta-conversar-com-eua-e-ameaca-fechar-ormuz\/\" \/>\n<meta property=\"og:locale\" content=\"pt_BR\" \/>\n<meta property=\"og:type\" content=\"article\" \/>\n<meta property=\"og:title\" content=\"Ir\u00e3 descarta conversar com EUA e amea\u00e7a fechar Ormuz - Notibras\" \/>\n<meta property=\"og:description\" content=\"O l\u00edder supremo do Ir\u00e3, aiatol\u00e1 Ali Khamenei, rejeitou neste s\u00e1bado a ideia de novas negocia\u00e7\u00f5es com os Estados Unidos, elogiando os \u00faltimos coment\u00e1rios do presidente iraniano, Hassan Rouhani, no qual ele amea\u00e7ou fechar o Estreito de Ormuz se novas san\u00e7\u00f5es sobre as exporta\u00e7\u00f5es de petr\u00f3leo forem impostas contra Teer\u00e3. De acordo com a ag\u00eancia [&hellip;]\" \/>\n<meta property=\"og:url\" content=\"https:\/\/www.notibras.com\/site\/ira-descarta-conversar-com-eua-e-ameaca-fechar-ormuz\/\" \/>\n<meta property=\"og:site_name\" content=\"Notibras\" \/>\n<meta property=\"article:publisher\" content=\"https:\/\/www.facebook.com\/notibras\/\" \/>\n<meta property=\"article:published_time\" content=\"2018-07-22T03:45:14+00:00\" \/>\n<meta property=\"article:modified_time\" content=\"2018-07-22T08:33:20+00:00\" \/>\n<meta property=\"og:image\" content=\"https:\/\/www.notibras.com\/site\/wp-content\/uploads\/2018\/07\/ir\u00e3-ormuz.jpg\" \/>\n\t<meta property=\"og:image:width\" content=\"1024\" \/>\n\t<meta property=\"og:image:height\" content=\"578\" \/>\n\t<meta property=\"og:image:type\" content=\"image\/jpeg\" \/>\n<meta name=\"author\" content=\"Reda\u00e7\u00e3o\" \/>\n<meta name=\"twitter:card\" content=\"summary_large_image\" \/>\n<meta name=\"twitter:creator\" content=\"@Notibras\" \/>\n<meta name=\"twitter:site\" content=\"@Notibras\" \/>\n<meta name=\"twitter:label1\" content=\"Escrito por\" \/>\n\t<meta name=\"twitter:data1\" content=\"Reda\u00e7\u00e3o\" \/>\n\t<meta name=\"twitter:label2\" content=\"Est. tempo de leitura\" \/>\n\t<meta name=\"twitter:data2\" content=\"1 minuto\" \/>\n<script type=\"application\/ld+json\" class=\"yoast-schema-graph\">{\"@context\":\"https:\/\/schema.org\",\"@graph\":[{\"@type\":\"Article\",\"@id\":\"https:\/\/www.notibras.com\/site\/ira-descarta-conversar-com-eua-e-ameaca-fechar-ormuz\/#article\",\"isPartOf\":{\"@id\":\"https:\/\/www.notibras.com\/site\/ira-descarta-conversar-com-eua-e-ameaca-fechar-ormuz\/\"},\"author\":{\"name\":\"Reda\u00e7\u00e3o\",\"@id\":\"https:\/\/www.notibras.com\/site\/#\/schema\/person\/36ab0979449956132d3e5b517ea76ac8\"},\"headline\":\"Ir\u00e3 descarta conversar com EUA e amea\u00e7a fechar Ormuz\",\"datePublished\":\"2018-07-22T03:45:14+00:00\",\"dateModified\":\"2018-07-22T08:33:20+00:00\",\"mainEntityOfPage\":{\"@id\":\"https:\/\/www.notibras.com\/site\/ira-descarta-conversar-com-eua-e-ameaca-fechar-ormuz\/\"},\"wordCount\":293,\"publisher\":{\"@id\":\"https:\/\/www.notibras.com\/site\/#organization\"},\"image\":{\"@id\":\"https:\/\/www.notibras.com\/site\/ira-descarta-conversar-com-eua-e-ameaca-fechar-ormuz\/#primaryimage\"},\"thumbnailUrl\":\"https:\/\/www.notibras.com\/site\/wp-content\/uploads\/2018\/07\/ir\u00e3-ormuz.jpg\",\"articleSection\":[\"Mundo\"],\"inLanguage\":\"pt-BR\"},{\"@type\":\"WebPage\",\"@id\":\"https:\/\/www.notibras.com\/site\/ira-descarta-conversar-com-eua-e-ameaca-fechar-ormuz\/\",\"url\":\"https:\/\/www.notibras.com\/site\/ira-descarta-conversar-com-eua-e-ameaca-fechar-ormuz\/\",\"name\":\"Ir\u00e3 descarta conversar com EUA e amea\u00e7a fechar Ormuz - Notibras\",\"isPartOf\":{\"@id\":\"https:\/\/www.notibras.com\/site\/#website\"},\"primaryImageOfPage\":{\"@id\":\"https:\/\/www.notibras.com\/site\/ira-descarta-conversar-com-eua-e-ameaca-fechar-ormuz\/#primaryimage\"},\"image\":{\"@id\":\"https:\/\/www.notibras.com\/site\/ira-descarta-conversar-com-eua-e-ameaca-fechar-ormuz\/#primaryimage\"},\"thumbnailUrl\":\"https:\/\/www.notibras.com\/site\/wp-content\/uploads\/2018\/07\/ir\u00e3-ormuz.jpg\",\"datePublished\":\"2018-07-22T03:45:14+00:00\",\"dateModified\":\"2018-07-22T08:33:20+00:00\",\"breadcrumb\":{\"@id\":\"https:\/\/www.notibras.com\/site\/ira-descarta-conversar-com-eua-e-ameaca-fechar-ormuz\/#breadcrumb\"},\"inLanguage\":\"pt-BR\",\"potentialAction\":[{\"@type\":\"ReadAction\",\"target\":[\"https:\/\/www.notibras.com\/site\/ira-descarta-conversar-com-eua-e-ameaca-fechar-ormuz\/\"]}]},{\"@type\":\"ImageObject\",\"inLanguage\":\"pt-BR\",\"@id\":\"https:\/\/www.notibras.com\/site\/ira-descarta-conversar-com-eua-e-ameaca-fechar-ormuz\/#primaryimage\",\"url\":\"https:\/\/www.notibras.com\/site\/wp-content\/uploads\/2018\/07\/ir\u00e3-ormuz.jpg\",\"contentUrl\":\"https:\/\/www.notibras.com\/site\/wp-content\/uploads\/2018\/07\/ir\u00e3-ormuz.jpg\",\"width\":1024,\"height\":578,\"caption\":\"Foto\/Arquivo Notibras\"},{\"@type\":\"BreadcrumbList\",\"@id\":\"https:\/\/www.notibras.com\/site\/ira-descarta-conversar-com-eua-e-ameaca-fechar-ormuz\/#breadcrumb\",\"itemListElement\":[{\"@type\":\"ListItem\",\"position\":1,\"name\":\"In\u00edcio\",\"item\":\"https:\/\/www.notibras.com\/site\/\"},{\"@type\":\"ListItem\",\"position\":2,\"name\":\"Ir\u00e3 descarta conversar com EUA e amea\u00e7a fechar Ormuz\"}]},{\"@type\":\"WebSite\",\"@id\":\"https:\/\/www.notibras.com\/site\/#website\",\"url\":\"https:\/\/www.notibras.com\/site\/\",\"name\":\"Notibras\",\"description\":\"Not\u00edcias de Bras\u00edlia, do Brasil e do Mundo\",\"publisher\":{\"@id\":\"https:\/\/www.notibras.com\/site\/#organization\"},\"potentialAction\":[{\"@type\":\"SearchAction\",\"target\":{\"@type\":\"EntryPoint\",\"urlTemplate\":\"https:\/\/www.notibras.com\/site\/?s={search_term_string}\"},\"query-input\":{\"@type\":\"PropertyValueSpecification\",\"valueRequired\":true,\"valueName\":\"search_term_string\"}}],\"inLanguage\":\"pt-BR\"},{\"@type\":\"Organization\",\"@id\":\"https:\/\/www.notibras.com\/site\/#organization\",\"name\":\"Grupo Notibras de Comunica\u00e7\u00e3o\",\"url\":\"https:\/\/www.notibras.com\/site\/\",\"logo\":{\"@type\":\"ImageObject\",\"inLanguage\":\"pt-BR\",\"@id\":\"https:\/\/www.notibras.com\/site\/#\/schema\/logo\/image\/\",\"url\":\"https:\/\/www.notibras.com\/site\/wp-content\/uploads\/2023\/01\/notibras23.png\",\"contentUrl\":\"https:\/\/www.notibras.com\/site\/wp-content\/uploads\/2023\/01\/notibras23.png\",\"width\":350,\"height\":87,\"caption\":\"Grupo Notibras de Comunica\u00e7\u00e3o\"},\"image\":{\"@id\":\"https:\/\/www.notibras.com\/site\/#\/schema\/logo\/image\/\"},\"sameAs\":[\"https:\/\/www.facebook.com\/notibras\/\",\"https:\/\/x.com\/Notibras\",\"https:\/\/www.instagram.com\/notibras\/\"]},{\"@type\":\"Person\",\"@id\":\"https:\/\/www.notibras.com\/site\/#\/schema\/person\/36ab0979449956132d3e5b517ea76ac8\",\"name\":\"Reda\u00e7\u00e3o\",\"image\":{\"@type\":\"ImageObject\",\"inLanguage\":\"pt-BR\",\"@id\":\"https:\/\/secure.gravatar.com\/avatar\/e0a867bdedb85fd243eadf09663511f96fc81e0720a4a42581f334ad4303aa6b?s=96&d=mm&r=g\",\"url\":\"https:\/\/secure.gravatar.com\/avatar\/e0a867bdedb85fd243eadf09663511f96fc81e0720a4a42581f334ad4303aa6b?s=96&d=mm&r=g\",\"contentUrl\":\"https:\/\/secure.gravatar.com\/avatar\/e0a867bdedb85fd243eadf09663511f96fc81e0720a4a42581f334ad4303aa6b?s=96&d=mm&r=g\",\"caption\":\"Reda\u00e7\u00e3o\"}}]}<\/script>\n<!-- \/ Yoast SEO plugin. -->","yoast_head_json":{"title":"Ir\u00e3 descarta conversar com EUA e amea\u00e7a fechar Ormuz - Notibras","robots":{"index":"index","follow":"follow","max-snippet":"max-snippet:-1","max-image-preview":"max-image-preview:large","max-video-preview":"max-video-preview:-1"},"canonical":"https:\/\/www.notibras.com\/site\/ira-descarta-conversar-com-eua-e-ameaca-fechar-ormuz\/","og_locale":"pt_BR","og_type":"article","og_title":"Ir\u00e3 descarta conversar com EUA e amea\u00e7a fechar Ormuz - Notibras","og_description":"O l\u00edder supremo do Ir\u00e3, aiatol\u00e1 Ali Khamenei, rejeitou neste s\u00e1bado a ideia de novas negocia\u00e7\u00f5es com os Estados Unidos, elogiando os \u00faltimos coment\u00e1rios do presidente iraniano, Hassan Rouhani, no qual ele amea\u00e7ou fechar o Estreito de Ormuz se novas san\u00e7\u00f5es sobre as exporta\u00e7\u00f5es de petr\u00f3leo forem impostas contra Teer\u00e3. De acordo com a ag\u00eancia [&hellip;]","og_url":"https:\/\/www.notibras.com\/site\/ira-descarta-conversar-com-eua-e-ameaca-fechar-ormuz\/","og_site_name":"Notibras","article_publisher":"https:\/\/www.facebook.com\/notibras\/","article_published_time":"2018-07-22T03:45:14+00:00","article_modified_time":"2018-07-22T08:33:20+00:00","og_image":[{"width":1024,"height":578,"url":"https:\/\/www.notibras.com\/site\/wp-content\/uploads\/2018\/07\/ir\u00e3-ormuz.jpg","type":"image\/jpeg"}],"author":"Reda\u00e7\u00e3o","twitter_card":"summary_large_image","twitter_creator":"@Notibras","twitter_site":"@Notibras","twitter_misc":{"Escrito por":"Reda\u00e7\u00e3o","Est. tempo de leitura":"1 minuto"},"schema":{"@context":"https:\/\/schema.org","@graph":[{"@type":"Article","@id":"https:\/\/www.notibras.com\/site\/ira-descarta-conversar-com-eua-e-ameaca-fechar-ormuz\/#article","isPartOf":{"@id":"https:\/\/www.notibras.com\/site\/ira-descarta-conversar-com-eua-e-ameaca-fechar-ormuz\/"},"author":{"name":"Reda\u00e7\u00e3o","@id":"https:\/\/www.notibras.com\/site\/#\/schema\/person\/36ab0979449956132d3e5b517ea76ac8"},"headline":"Ir\u00e3 descarta conversar com EUA e amea\u00e7a fechar Ormuz","datePublished":"2018-07-22T03:45:14+00:00","dateModified":"2018-07-22T08:33:20+00:00","mainEntityOfPage":{"@id":"https:\/\/www.notibras.com\/site\/ira-descarta-conversar-com-eua-e-ameaca-fechar-ormuz\/"},"wordCount":293,"publisher":{"@id":"https:\/\/www.notibras.com\/site\/#organization"},"image":{"@id":"https:\/\/www.notibras.com\/site\/ira-descarta-conversar-com-eua-e-ameaca-fechar-ormuz\/#primaryimage"},"thumbnailUrl":"https:\/\/www.notibras.com\/site\/wp-content\/uploads\/2018\/07\/ir\u00e3-ormuz.jpg","articleSection":["Mundo"],"inLanguage":"pt-BR"},{"@type":"WebPage","@id":"https:\/\/www.notibras.com\/site\/ira-descarta-conversar-com-eua-e-ameaca-fechar-ormuz\/","url":"https:\/\/www.notibras.com\/site\/ira-descarta-conversar-com-eua-e-ameaca-fechar-ormuz\/","name":"Ir\u00e3 descarta conversar com EUA e amea\u00e7a fechar Ormuz - Notibras","isPartOf":{"@id":"https:\/\/www.notibras.com\/site\/#website"},"primaryImageOfPage":{"@id":"https:\/\/www.notibras.com\/site\/ira-descarta-conversar-com-eua-e-ameaca-fechar-ormuz\/#primaryimage"},"image":{"@id":"https:\/\/www.notibras.com\/site\/ira-descarta-conversar-com-eua-e-ameaca-fechar-ormuz\/#primaryimage"},"thumbnailUrl":"https:\/\/www.notibras.com\/site\/wp-content\/uploads\/2018\/07\/ir\u00e3-ormuz.jpg","datePublished":"2018-07-22T03:45:14+00:00","dateModified":"2018-07-22T08:33:20+00:00","breadcrumb":{"@id":"https:\/\/www.notibras.com\/site\/ira-descarta-conversar-com-eua-e-ameaca-fechar-ormuz\/#breadcrumb"},"inLanguage":"pt-BR","potentialAction":[{"@type":"ReadAction","target":["https:\/\/www.notibras.com\/site\/ira-descarta-conversar-com-eua-e-ameaca-fechar-ormuz\/"]}]},{"@type":"ImageObject","inLanguage":"pt-BR","@id":"https:\/\/www.notibras.com\/site\/ira-descarta-conversar-com-eua-e-ameaca-fechar-ormuz\/#primaryimage","url":"https:\/\/www.notibras.com\/site\/wp-content\/uploads\/2018\/07\/ir\u00e3-ormuz.jpg","contentUrl":"https:\/\/www.notibras.com\/site\/wp-content\/uploads\/2018\/07\/ir\u00e3-ormuz.jpg","width":1024,"height":578,"caption":"Foto\/Arquivo Notibras"},{"@type":"BreadcrumbList","@id":"https:\/\/www.notibras.com\/site\/ira-descarta-conversar-com-eua-e-ameaca-fechar-ormuz\/#breadcrumb","itemListElement":[{"@type":"ListItem","position":1,"name":"In\u00edcio","item":"https:\/\/www.notibras.com\/site\/"},{"@type":"ListItem","position":2,"name":"Ir\u00e3 descarta conversar com EUA e amea\u00e7a fechar Ormuz"}]},{"@type":"WebSite","@id":"https:\/\/www.notibras.com\/site\/#website","url":"https:\/\/www.notibras.com\/site\/","name":"Notibras","description":"Not\u00edcias de Bras\u00edlia, do Brasil e do Mundo","publisher":{"@id":"https:\/\/www.notibras.com\/site\/#organization"},"potentialAction":[{"@type":"SearchAction","target":{"@type":"EntryPoint","urlTemplate":"https:\/\/www.notibras.com\/site\/?s={search_term_string}"},"query-input":{"@type":"PropertyValueSpecification","valueRequired":true,"valueName":"search_term_string"}}],"inLanguage":"pt-BR"},{"@type":"Organization","@id":"https:\/\/www.notibras.com\/site\/#organization","name":"Grupo Notibras de Comunica\u00e7\u00e3o","url":"https:\/\/www.notibras.com\/site\/","logo":{"@type":"ImageObject","inLanguage":"pt-BR","@id":"https:\/\/www.notibras.com\/site\/#\/schema\/logo\/image\/","url":"https:\/\/www.notibras.com\/site\/wp-content\/uploads\/2023\/01\/notibras23.png","contentUrl":"https:\/\/www.notibras.com\/site\/wp-content\/uploads\/2023\/01\/notibras23.png","width":350,"height":87,"caption":"Grupo Notibras de Comunica\u00e7\u00e3o"},"image":{"@id":"https:\/\/www.notibras.com\/site\/#\/schema\/logo\/image\/"},"sameAs":["https:\/\/www.facebook.com\/notibras\/","https:\/\/x.com\/Notibras","https:\/\/www.instagram.com\/notibras\/"]},{"@type":"Person","@id":"https:\/\/www.notibras.com\/site\/#\/schema\/person\/36ab0979449956132d3e5b517ea76ac8","name":"Reda\u00e7\u00e3o","image":{"@type":"ImageObject","inLanguage":"pt-BR","@id":"https:\/\/secure.gravatar.com\/avatar\/e0a867bdedb85fd243eadf09663511f96fc81e0720a4a42581f334ad4303aa6b?s=96&d=mm&r=g","url":"https:\/\/secure.gravatar.com\/avatar\/e0a867bdedb85fd243eadf09663511f96fc81e0720a4a42581f334ad4303aa6b?s=96&d=mm&r=g","contentUrl":"https:\/\/secure.gravatar.com\/avatar\/e0a867bdedb85fd243eadf09663511f96fc81e0720a4a42581f334ad4303aa6b?s=96&d=mm&r=g","caption":"Reda\u00e7\u00e3o"}}]}},"amp_enabled":true,"_links":{"self":[{"href":"https:\/\/www.notibras.com\/site\/wp-json\/wp\/v2\/posts\/185999","targetHints":{"allow":["GET"]}}],"collection":[{"href":"https:\/\/www.notibras.com\/site\/wp-json\/wp\/v2\/posts"}],"about":[{"href":"https:\/\/www.notibras.com\/site\/wp-json\/wp\/v2\/types\/post"}],"author":[{"embeddable":true,"href":"https:\/\/www.notibras.com\/site\/wp-json\/wp\/v2\/users\/2"}],"replies":[{"embeddable":true,"href":"https:\/\/www.notibras.com\/site\/wp-json\/wp\/v2\/comments?post=185999"}],"version-history":[{"count":4,"href":"https:\/\/www.notibras.com\/site\/wp-json\/wp\/v2\/posts\/185999\/revisions"}],"predecessor-version":[{"id":186004,"href":"https:\/\/www.notibras.com\/site\/wp-json\/wp\/v2\/posts\/185999\/revisions\/186004"}],"wp:featuredmedia":[{"embeddable":true,"href":"https:\/\/www.notibras.com\/site\/wp-json\/wp\/v2\/media\/186000"}],"wp:attachment":[{"href":"https:\/\/www.notibras.com\/site\/wp-json\/wp\/v2\/media?parent=185999"}],"wp:term":[{"taxonomy":"category","embeddable":true,"href":"https:\/\/www.notibras.com\/site\/wp-json\/wp\/v2\/categories?post=185999"},{"taxonomy":"post_tag","embeddable":true,"href":"https:\/\/www.notibras.com\/site\/wp-json\/wp\/v2\/tags?post=185999"}],"curies":[{"name":"wp","href":"https:\/\/api.w.org\/{rel}","templated":true}]}}