{"id":18602,"date":"2014-08-05T21:50:24","date_gmt":"2014-08-06T00:50:24","guid":{"rendered":"http:\/\/www.notibras.com\/site\/?p=18602"},"modified":"2014-08-05T22:54:50","modified_gmt":"2014-08-06T01:54:50","slug":"governo-comeca-a-monitorar-portos-e-aeroportos-contra-virus-do-ebola","status":"publish","type":"post","link":"https:\/\/www.notibras.com\/site\/governo-comeca-a-monitorar-portos-e-aeroportos-contra-virus-do-ebola\/","title":{"rendered":"Governo monitora portos e aeroportos contra o Ebola"},"content":{"rendered":"<p>O ministro da Sa\u00fade, Arthur Chioro, disse nesta ter\u00e7a 5 que n\u00e3o h\u00e1 nenhum caso suspeito do v\u00edrus ebola no Brasil, e assegurou que todas as entradas de pessoas no pa\u00eds est\u00e3o sendo monitoradas.<\/p>\n<p>Segundo ele, o Sistema Nacional de Vigil\u00e2ncia Epidemiol\u00f3gica est\u00e1 atento \u00e0s recomenda\u00e7\u00f5es e aos boletins di\u00e1rios fornecidos pela Organiza\u00e7\u00e3o Mundial da Sa\u00fade (OMS).<\/p>\n<p>O \u00f3rg\u00e3o tamb\u00e9m refor\u00e7ou a rede de hospitais de refer\u00eancia junto \u00e0s secretarias municipais e estaduais de Sa\u00fade, estabelecendo crit\u00e9rios de diagn\u00f3stico e preven\u00e7\u00e3o.<\/p>\n<blockquote><p>\u201cJ\u00e1 t\u00ednhamos, na semana passada, aumentado o n\u00edvel de alerta para nossas equipes que atuam nos portos e aeroportos. N\u00e3o temos nenhum caso suspeito, mas todos os tripulantes e passageiros que chegam s\u00e3o submetidos a rigorosa avalia\u00e7\u00e3o e, se for identificado algu\u00e9m com sintomas, vai imediatamento para o isolamento e coleta de exames\u201d, disse ele.<\/p><\/blockquote>\n<p>Chioro explicou que, de acordo com regulamento internacional, sempre que um passageiro apresenta algum sintoma, a tripula\u00e7\u00e3o \u00e9 obrigada a comunicar imediatamente e a dar prioridade no desembarque.<\/p>\n<p>O surto de ebola \u00e9 o maior registrado at\u00e9 agora e, segundo dados da OMS, j\u00e1 infectou 1.603 pessoas, das quais 887 morreram nos pa\u00edses africanos de Serra Leoa, da Guin\u00e9, Lib\u00e9ria e Nig\u00e9ria. Este com apenas um caso.<\/p>\n<div class=\"node-info\"><strong>Andreia Verd\u00e9lio, ABr<\/strong><\/div>\n","protected":false},"excerpt":{"rendered":"<p>O ministro da Sa\u00fade, Arthur Chioro, disse nesta ter\u00e7a 5 que n\u00e3o h\u00e1 nenhum caso suspeito do v\u00edrus ebola no Brasil, e assegurou que todas as entradas de pessoas no pa\u00eds est\u00e3o sendo monitoradas. Segundo ele, o Sistema Nacional de Vigil\u00e2ncia Epidemiol\u00f3gica est\u00e1 atento \u00e0s recomenda\u00e7\u00f5es e aos boletins di\u00e1rios fornecidos pela Organiza\u00e7\u00e3o Mundial da [&hellip;]<\/p>\n","protected":false},"author":2,"featured_media":18603,"comment_status":"open","ping_status":"closed","sticky":false,"template":"","format":"standard","meta":{"_acf_changed":false,"footnotes":""},"categories":[16],"tags":[],"class_list":["post-18602","post","type-post","status-publish","format-standard","has-post-thumbnail","hentry","category-brasil"],"acf":[],"_links":{"self":[{"href":"https:\/\/www.notibras.com\/site\/wp-json\/wp\/v2\/posts\/18602","targetHints":{"allow":["GET"]}}],"collection":[{"href":"https:\/\/www.notibras.com\/site\/wp-json\/wp\/v2\/posts"}],"about":[{"href":"https:\/\/www.notibras.com\/site\/wp-json\/wp\/v2\/types\/post"}],"author":[{"embeddable":true,"href":"https:\/\/www.notibras.com\/site\/wp-json\/wp\/v2\/users\/2"}],"replies":[{"embeddable":true,"href":"https:\/\/www.notibras.com\/site\/wp-json\/wp\/v2\/comments?post=18602"}],"version-history":[{"count":0,"href":"https:\/\/www.notibras.com\/site\/wp-json\/wp\/v2\/posts\/18602\/revisions"}],"wp:featuredmedia":[{"embeddable":true,"href":"https:\/\/www.notibras.com\/site\/wp-json\/wp\/v2\/media\/18603"}],"wp:attachment":[{"href":"https:\/\/www.notibras.com\/site\/wp-json\/wp\/v2\/media?parent=18602"}],"wp:term":[{"taxonomy":"category","embeddable":true,"href":"https:\/\/www.notibras.com\/site\/wp-json\/wp\/v2\/categories?post=18602"},{"taxonomy":"post_tag","embeddable":true,"href":"https:\/\/www.notibras.com\/site\/wp-json\/wp\/v2\/tags?post=18602"}],"curies":[{"name":"wp","href":"https:\/\/api.w.org\/{rel}","templated":true}]}}