{"id":186052,"date":"2018-07-22T08:08:22","date_gmt":"2018-07-22T11:08:22","guid":{"rendered":"https:\/\/www.notibras.com\/site\/?p=186052"},"modified":"2018-07-22T08:08:22","modified_gmt":"2018-07-22T11:08:22","slug":"assembleia-cubana-discute-liberar-casamentos-gays","status":"publish","type":"post","link":"https:\/\/www.notibras.com\/site\/assembleia-cubana-discute-liberar-casamentos-gays\/","title":{"rendered":"Assembleia cubana discute liberar casamentos gays"},"content":{"rendered":"<p>Reunida neste s\u00e1bado (21), no Pal\u00e1cio das Conven\u00e7\u00f5es, em Havana, a 9\u00aa Assembleia Nacional do Poder Popular de Cuba discute mudan\u00e7as na Constitui\u00e7\u00e3o. Na primeira etapa dos debates, foram discutidas mudan\u00e7as nas \u00e1reas sociais e econ\u00f4micas. No campo social, a proposta \u00e9 que o novo texto defina matrim\u00f4nio como uni\u00e3o volunt\u00e1ria, sem resist\u00eancias, entre duas pessoas e, n\u00e3o necessariamente entre homem e mulher.<\/p>\n<p>Na \u00e1rea econ\u00f4mica, o anteprojeto, submetido \u00e0 discuss\u00e3o, menciona o &#8220;socialismo&#8221; como pol\u00edtica de Estado. Na atual Constitui\u00e7\u00e3o de 1976, no artigo 5, define o &#8220;avan\u00e7o para a sociedade comunista&#8221;.<\/p>\n<p>H\u00e1 tr\u00eas dias, os 600 deputados da Assembleia Nacional do Poder Popular analisam o projeto da nova Constitui\u00e7\u00e3o, ap\u00f3s aprovar o novo Conselho de Ministros proposto pelo presidente de Cuba, Miguel D\u00edaz-Canel. Os debates v\u00e3o se estender at\u00e9 segunda-feira (23), quando o anteprojeto deve ser votado, depois submetido \u00e0 consulta popular e, em seguida, por um referendo.<\/p>\n<p>Os parlamentares analisaram por tr\u00eas dias a minuta da reforma constitucional reunidos nas dez comiss\u00f5es permanentes da Assembleia.<\/p>\n<p>O presidente da Assembleia Nacional, Esteban Lazo, ressaltou que os princ\u00edpios que guiam o comando do pa\u00eds ser\u00e3o mantidos. &#8220;Isto n\u00e3o quer dizer que renunciamos \u00e0s nossas ideias, mas que em nossa vis\u00e3o pensamos em um pa\u00eds socialista, soberano, independente, pr\u00f3spero e sustent\u00e1vel.&#8221;<\/p>\n<p><strong>Comunismo<\/strong> &#8211; Para defender a supress\u00e3o do termo &#8220;comunismo&#8221;, Lazo tamb\u00e9m alegou que a situa\u00e7\u00e3o atual de Cuba e o contexto internacional s\u00e3o muito diferentes em compara\u00e7\u00e3o a 1976, segundo o jornal oficial &#8220;Granma&#8221;.<\/p>\n<p>O artigo 21 do novo texto submetido a debate reconhece &#8220;outras formas de propriedade como a cooperativa, a propriedade mista e a propriedade privada&#8221;, e admite o investimento estrangeiro como &#8220;uma necessidade e um elemento importante do desenvolvimento&#8221;.<\/p>\n<p>As mudan\u00e7as buscam adaptar a Constitui\u00e7\u00e3o \u00e0 realidade econ\u00f4mica de Cuba cujas mudan\u00e7as foram impulsionadas durante o governo de Ra\u00fal Castro, que promoveu abertura e buscou meio para atenuar as dificuldades internas.<\/p>\n<p>No \u00e2mbito pol\u00edtico, o texto da minuta confirma que n\u00e3o haver\u00e1 mudan\u00e7as no &#8220;car\u00e1ter socialista do sistema pol\u00edtico e social&#8221; e mant\u00e9m como &#8220;for\u00e7a dirigente superior&#8221; o Partido Comunista de Cuba, embora institua a figura do presidente da Rep\u00fablica, limite seu mandato a dez anos e proponha a cria\u00e7\u00e3o de um primeiro-ministro.<\/p>\n<p><strong>Matrim\u00f4nio<\/strong> &#8211; A quest\u00e3o sobre mudan\u00e7as no que refere ao casamento foi informada pelo secretario do Conselho de Estado, Homero Acosta. Segundo ele, a mudan\u00e7a \u00e9 de conceito, sem especificar o g\u00eanero, como garantia da igualmente, rompendo barreiras e incorporando os conceitos &#8211; justi\u00e7a, humanidade e igualdade.<\/p>\n<p>Acosta lembrou que h\u00e1 em torno de 24 pa\u00edses que j\u00e1 compreendem e definem este conceito de matrim\u00f4nio entre pessoas e n\u00e3o distintos sexos. &#8220;N\u00e3o se trata somente do \u00e2mbito do direito de fam\u00edlia, mas perpassa por outros direitos que t\u00eam a ver com o C\u00f3dio Civil, documentos e heran\u00e7as&#8221;, disse.<\/p>\n","protected":false},"excerpt":{"rendered":"<p>Reunida neste s\u00e1bado (21), no Pal\u00e1cio das Conven\u00e7\u00f5es, em Havana, a 9\u00aa Assembleia Nacional do Poder Popular de Cuba discute mudan\u00e7as na Constitui\u00e7\u00e3o. Na primeira etapa dos debates, foram discutidas mudan\u00e7as nas \u00e1reas sociais e econ\u00f4micas. No campo social, a proposta \u00e9 que o novo texto defina matrim\u00f4nio como uni\u00e3o volunt\u00e1ria, sem resist\u00eancias, entre duas [&hellip;]<\/p>\n","protected":false},"author":2,"featured_media":183326,"comment_status":"closed","ping_status":"closed","sticky":false,"template":"","format":"standard","meta":{"_acf_changed":false,"footnotes":""},"categories":[17],"tags":[],"class_list":["post-186052","post","type-post","status-publish","format-standard","has-post-thumbnail","hentry","category-mundo"],"acf":[],"yoast_head":"<!-- This site is optimized with the Yoast SEO plugin v27.2 - https:\/\/yoast.com\/product\/yoast-seo-wordpress\/ -->\n<title>Assembleia cubana discute liberar casamentos gays - Notibras<\/title>\n<meta name=\"robots\" content=\"index, follow, max-snippet:-1, max-image-preview:large, max-video-preview:-1\" \/>\n<link rel=\"canonical\" href=\"https:\/\/www.notibras.com\/site\/assembleia-cubana-discute-liberar-casamentos-gays\/\" \/>\n<meta property=\"og:locale\" content=\"pt_BR\" \/>\n<meta property=\"og:type\" content=\"article\" \/>\n<meta property=\"og:title\" content=\"Assembleia cubana discute liberar casamentos gays - Notibras\" \/>\n<meta property=\"og:description\" content=\"Reunida neste s\u00e1bado (21), no Pal\u00e1cio das Conven\u00e7\u00f5es, em Havana, a 9\u00aa Assembleia Nacional do Poder Popular de Cuba discute mudan\u00e7as na Constitui\u00e7\u00e3o. Na primeira etapa dos debates, foram discutidas mudan\u00e7as nas \u00e1reas sociais e econ\u00f4micas. No campo social, a proposta \u00e9 que o novo texto defina matrim\u00f4nio como uni\u00e3o volunt\u00e1ria, sem resist\u00eancias, entre duas [&hellip;]\" \/>\n<meta property=\"og:url\" content=\"https:\/\/www.notibras.com\/site\/assembleia-cubana-discute-liberar-casamentos-gays\/\" \/>\n<meta property=\"og:site_name\" content=\"Notibras\" \/>\n<meta property=\"article:publisher\" content=\"https:\/\/www.facebook.com\/notibras\/\" \/>\n<meta property=\"article:published_time\" content=\"2018-07-22T11:08:22+00:00\" \/>\n<meta property=\"og:image\" content=\"https:\/\/www.notibras.com\/site\/wp-content\/uploads\/2018\/06\/casal-gay.jpg\" \/>\n\t<meta property=\"og:image:width\" content=\"800\" \/>\n\t<meta property=\"og:image:height\" content=\"509\" \/>\n\t<meta property=\"og:image:type\" content=\"image\/jpeg\" \/>\n<meta name=\"author\" content=\"Reda\u00e7\u00e3o\" \/>\n<meta name=\"twitter:card\" content=\"summary_large_image\" \/>\n<meta name=\"twitter:creator\" content=\"@Notibras\" \/>\n<meta name=\"twitter:site\" content=\"@Notibras\" \/>\n<meta name=\"twitter:label1\" content=\"Escrito por\" \/>\n\t<meta name=\"twitter:data1\" content=\"Reda\u00e7\u00e3o\" \/>\n\t<meta name=\"twitter:label2\" content=\"Est. tempo de leitura\" \/>\n\t<meta name=\"twitter:data2\" content=\"3 minutos\" \/>\n<script type=\"application\/ld+json\" class=\"yoast-schema-graph\">{\"@context\":\"https:\/\/schema.org\",\"@graph\":[{\"@type\":\"Article\",\"@id\":\"https:\/\/www.notibras.com\/site\/assembleia-cubana-discute-liberar-casamentos-gays\/#article\",\"isPartOf\":{\"@id\":\"https:\/\/www.notibras.com\/site\/assembleia-cubana-discute-liberar-casamentos-gays\/\"},\"author\":{\"name\":\"Reda\u00e7\u00e3o\",\"@id\":\"https:\/\/www.notibras.com\/site\/#\/schema\/person\/36ab0979449956132d3e5b517ea76ac8\"},\"headline\":\"Assembleia cubana discute liberar casamentos gays\",\"datePublished\":\"2018-07-22T11:08:22+00:00\",\"mainEntityOfPage\":{\"@id\":\"https:\/\/www.notibras.com\/site\/assembleia-cubana-discute-liberar-casamentos-gays\/\"},\"wordCount\":522,\"publisher\":{\"@id\":\"https:\/\/www.notibras.com\/site\/#organization\"},\"image\":{\"@id\":\"https:\/\/www.notibras.com\/site\/assembleia-cubana-discute-liberar-casamentos-gays\/#primaryimage\"},\"thumbnailUrl\":\"https:\/\/www.notibras.com\/site\/wp-content\/uploads\/2018\/06\/casal-gay.jpg\",\"articleSection\":[\"Mundo\"],\"inLanguage\":\"pt-BR\"},{\"@type\":\"WebPage\",\"@id\":\"https:\/\/www.notibras.com\/site\/assembleia-cubana-discute-liberar-casamentos-gays\/\",\"url\":\"https:\/\/www.notibras.com\/site\/assembleia-cubana-discute-liberar-casamentos-gays\/\",\"name\":\"Assembleia cubana discute liberar casamentos gays - Notibras\",\"isPartOf\":{\"@id\":\"https:\/\/www.notibras.com\/site\/#website\"},\"primaryImageOfPage\":{\"@id\":\"https:\/\/www.notibras.com\/site\/assembleia-cubana-discute-liberar-casamentos-gays\/#primaryimage\"},\"image\":{\"@id\":\"https:\/\/www.notibras.com\/site\/assembleia-cubana-discute-liberar-casamentos-gays\/#primaryimage\"},\"thumbnailUrl\":\"https:\/\/www.notibras.com\/site\/wp-content\/uploads\/2018\/06\/casal-gay.jpg\",\"datePublished\":\"2018-07-22T11:08:22+00:00\",\"breadcrumb\":{\"@id\":\"https:\/\/www.notibras.com\/site\/assembleia-cubana-discute-liberar-casamentos-gays\/#breadcrumb\"},\"inLanguage\":\"pt-BR\",\"potentialAction\":[{\"@type\":\"ReadAction\",\"target\":[\"https:\/\/www.notibras.com\/site\/assembleia-cubana-discute-liberar-casamentos-gays\/\"]}]},{\"@type\":\"ImageObject\",\"inLanguage\":\"pt-BR\",\"@id\":\"https:\/\/www.notibras.com\/site\/assembleia-cubana-discute-liberar-casamentos-gays\/#primaryimage\",\"url\":\"https:\/\/www.notibras.com\/site\/wp-content\/uploads\/2018\/06\/casal-gay.jpg\",\"contentUrl\":\"https:\/\/www.notibras.com\/site\/wp-content\/uploads\/2018\/06\/casal-gay.jpg\",\"width\":800,\"height\":509,\"caption\":\"Foto\/Reprodu\u00e7\u00e3o\"},{\"@type\":\"BreadcrumbList\",\"@id\":\"https:\/\/www.notibras.com\/site\/assembleia-cubana-discute-liberar-casamentos-gays\/#breadcrumb\",\"itemListElement\":[{\"@type\":\"ListItem\",\"position\":1,\"name\":\"In\u00edcio\",\"item\":\"https:\/\/www.notibras.com\/site\/\"},{\"@type\":\"ListItem\",\"position\":2,\"name\":\"Assembleia cubana discute liberar casamentos gays\"}]},{\"@type\":\"WebSite\",\"@id\":\"https:\/\/www.notibras.com\/site\/#website\",\"url\":\"https:\/\/www.notibras.com\/site\/\",\"name\":\"Notibras\",\"description\":\"Not\u00edcias de Bras\u00edlia, do Brasil e do Mundo\",\"publisher\":{\"@id\":\"https:\/\/www.notibras.com\/site\/#organization\"},\"potentialAction\":[{\"@type\":\"SearchAction\",\"target\":{\"@type\":\"EntryPoint\",\"urlTemplate\":\"https:\/\/www.notibras.com\/site\/?s={search_term_string}\"},\"query-input\":{\"@type\":\"PropertyValueSpecification\",\"valueRequired\":true,\"valueName\":\"search_term_string\"}}],\"inLanguage\":\"pt-BR\"},{\"@type\":\"Organization\",\"@id\":\"https:\/\/www.notibras.com\/site\/#organization\",\"name\":\"Grupo Notibras de Comunica\u00e7\u00e3o\",\"url\":\"https:\/\/www.notibras.com\/site\/\",\"logo\":{\"@type\":\"ImageObject\",\"inLanguage\":\"pt-BR\",\"@id\":\"https:\/\/www.notibras.com\/site\/#\/schema\/logo\/image\/\",\"url\":\"https:\/\/www.notibras.com\/site\/wp-content\/uploads\/2023\/01\/notibras23.png\",\"contentUrl\":\"https:\/\/www.notibras.com\/site\/wp-content\/uploads\/2023\/01\/notibras23.png\",\"width\":350,\"height\":87,\"caption\":\"Grupo Notibras de Comunica\u00e7\u00e3o\"},\"image\":{\"@id\":\"https:\/\/www.notibras.com\/site\/#\/schema\/logo\/image\/\"},\"sameAs\":[\"https:\/\/www.facebook.com\/notibras\/\",\"https:\/\/x.com\/Notibras\",\"https:\/\/www.instagram.com\/notibras\/\"]},{\"@type\":\"Person\",\"@id\":\"https:\/\/www.notibras.com\/site\/#\/schema\/person\/36ab0979449956132d3e5b517ea76ac8\",\"name\":\"Reda\u00e7\u00e3o\",\"image\":{\"@type\":\"ImageObject\",\"inLanguage\":\"pt-BR\",\"@id\":\"https:\/\/secure.gravatar.com\/avatar\/e0a867bdedb85fd243eadf09663511f96fc81e0720a4a42581f334ad4303aa6b?s=96&d=mm&r=g\",\"url\":\"https:\/\/secure.gravatar.com\/avatar\/e0a867bdedb85fd243eadf09663511f96fc81e0720a4a42581f334ad4303aa6b?s=96&d=mm&r=g\",\"contentUrl\":\"https:\/\/secure.gravatar.com\/avatar\/e0a867bdedb85fd243eadf09663511f96fc81e0720a4a42581f334ad4303aa6b?s=96&d=mm&r=g\",\"caption\":\"Reda\u00e7\u00e3o\"}}]}<\/script>\n<!-- \/ Yoast SEO plugin. -->","yoast_head_json":{"title":"Assembleia cubana discute liberar casamentos gays - Notibras","robots":{"index":"index","follow":"follow","max-snippet":"max-snippet:-1","max-image-preview":"max-image-preview:large","max-video-preview":"max-video-preview:-1"},"canonical":"https:\/\/www.notibras.com\/site\/assembleia-cubana-discute-liberar-casamentos-gays\/","og_locale":"pt_BR","og_type":"article","og_title":"Assembleia cubana discute liberar casamentos gays - Notibras","og_description":"Reunida neste s\u00e1bado (21), no Pal\u00e1cio das Conven\u00e7\u00f5es, em Havana, a 9\u00aa Assembleia Nacional do Poder Popular de Cuba discute mudan\u00e7as na Constitui\u00e7\u00e3o. Na primeira etapa dos debates, foram discutidas mudan\u00e7as nas \u00e1reas sociais e econ\u00f4micas. No campo social, a proposta \u00e9 que o novo texto defina matrim\u00f4nio como uni\u00e3o volunt\u00e1ria, sem resist\u00eancias, entre duas [&hellip;]","og_url":"https:\/\/www.notibras.com\/site\/assembleia-cubana-discute-liberar-casamentos-gays\/","og_site_name":"Notibras","article_publisher":"https:\/\/www.facebook.com\/notibras\/","article_published_time":"2018-07-22T11:08:22+00:00","og_image":[{"width":800,"height":509,"url":"https:\/\/www.notibras.com\/site\/wp-content\/uploads\/2018\/06\/casal-gay.jpg","type":"image\/jpeg"}],"author":"Reda\u00e7\u00e3o","twitter_card":"summary_large_image","twitter_creator":"@Notibras","twitter_site":"@Notibras","twitter_misc":{"Escrito por":"Reda\u00e7\u00e3o","Est. tempo de leitura":"3 minutos"},"schema":{"@context":"https:\/\/schema.org","@graph":[{"@type":"Article","@id":"https:\/\/www.notibras.com\/site\/assembleia-cubana-discute-liberar-casamentos-gays\/#article","isPartOf":{"@id":"https:\/\/www.notibras.com\/site\/assembleia-cubana-discute-liberar-casamentos-gays\/"},"author":{"name":"Reda\u00e7\u00e3o","@id":"https:\/\/www.notibras.com\/site\/#\/schema\/person\/36ab0979449956132d3e5b517ea76ac8"},"headline":"Assembleia cubana discute liberar casamentos gays","datePublished":"2018-07-22T11:08:22+00:00","mainEntityOfPage":{"@id":"https:\/\/www.notibras.com\/site\/assembleia-cubana-discute-liberar-casamentos-gays\/"},"wordCount":522,"publisher":{"@id":"https:\/\/www.notibras.com\/site\/#organization"},"image":{"@id":"https:\/\/www.notibras.com\/site\/assembleia-cubana-discute-liberar-casamentos-gays\/#primaryimage"},"thumbnailUrl":"https:\/\/www.notibras.com\/site\/wp-content\/uploads\/2018\/06\/casal-gay.jpg","articleSection":["Mundo"],"inLanguage":"pt-BR"},{"@type":"WebPage","@id":"https:\/\/www.notibras.com\/site\/assembleia-cubana-discute-liberar-casamentos-gays\/","url":"https:\/\/www.notibras.com\/site\/assembleia-cubana-discute-liberar-casamentos-gays\/","name":"Assembleia cubana discute liberar casamentos gays - Notibras","isPartOf":{"@id":"https:\/\/www.notibras.com\/site\/#website"},"primaryImageOfPage":{"@id":"https:\/\/www.notibras.com\/site\/assembleia-cubana-discute-liberar-casamentos-gays\/#primaryimage"},"image":{"@id":"https:\/\/www.notibras.com\/site\/assembleia-cubana-discute-liberar-casamentos-gays\/#primaryimage"},"thumbnailUrl":"https:\/\/www.notibras.com\/site\/wp-content\/uploads\/2018\/06\/casal-gay.jpg","datePublished":"2018-07-22T11:08:22+00:00","breadcrumb":{"@id":"https:\/\/www.notibras.com\/site\/assembleia-cubana-discute-liberar-casamentos-gays\/#breadcrumb"},"inLanguage":"pt-BR","potentialAction":[{"@type":"ReadAction","target":["https:\/\/www.notibras.com\/site\/assembleia-cubana-discute-liberar-casamentos-gays\/"]}]},{"@type":"ImageObject","inLanguage":"pt-BR","@id":"https:\/\/www.notibras.com\/site\/assembleia-cubana-discute-liberar-casamentos-gays\/#primaryimage","url":"https:\/\/www.notibras.com\/site\/wp-content\/uploads\/2018\/06\/casal-gay.jpg","contentUrl":"https:\/\/www.notibras.com\/site\/wp-content\/uploads\/2018\/06\/casal-gay.jpg","width":800,"height":509,"caption":"Foto\/Reprodu\u00e7\u00e3o"},{"@type":"BreadcrumbList","@id":"https:\/\/www.notibras.com\/site\/assembleia-cubana-discute-liberar-casamentos-gays\/#breadcrumb","itemListElement":[{"@type":"ListItem","position":1,"name":"In\u00edcio","item":"https:\/\/www.notibras.com\/site\/"},{"@type":"ListItem","position":2,"name":"Assembleia cubana discute liberar casamentos gays"}]},{"@type":"WebSite","@id":"https:\/\/www.notibras.com\/site\/#website","url":"https:\/\/www.notibras.com\/site\/","name":"Notibras","description":"Not\u00edcias de Bras\u00edlia, do Brasil e do Mundo","publisher":{"@id":"https:\/\/www.notibras.com\/site\/#organization"},"potentialAction":[{"@type":"SearchAction","target":{"@type":"EntryPoint","urlTemplate":"https:\/\/www.notibras.com\/site\/?s={search_term_string}"},"query-input":{"@type":"PropertyValueSpecification","valueRequired":true,"valueName":"search_term_string"}}],"inLanguage":"pt-BR"},{"@type":"Organization","@id":"https:\/\/www.notibras.com\/site\/#organization","name":"Grupo Notibras de Comunica\u00e7\u00e3o","url":"https:\/\/www.notibras.com\/site\/","logo":{"@type":"ImageObject","inLanguage":"pt-BR","@id":"https:\/\/www.notibras.com\/site\/#\/schema\/logo\/image\/","url":"https:\/\/www.notibras.com\/site\/wp-content\/uploads\/2023\/01\/notibras23.png","contentUrl":"https:\/\/www.notibras.com\/site\/wp-content\/uploads\/2023\/01\/notibras23.png","width":350,"height":87,"caption":"Grupo Notibras de Comunica\u00e7\u00e3o"},"image":{"@id":"https:\/\/www.notibras.com\/site\/#\/schema\/logo\/image\/"},"sameAs":["https:\/\/www.facebook.com\/notibras\/","https:\/\/x.com\/Notibras","https:\/\/www.instagram.com\/notibras\/"]},{"@type":"Person","@id":"https:\/\/www.notibras.com\/site\/#\/schema\/person\/36ab0979449956132d3e5b517ea76ac8","name":"Reda\u00e7\u00e3o","image":{"@type":"ImageObject","inLanguage":"pt-BR","@id":"https:\/\/secure.gravatar.com\/avatar\/e0a867bdedb85fd243eadf09663511f96fc81e0720a4a42581f334ad4303aa6b?s=96&d=mm&r=g","url":"https:\/\/secure.gravatar.com\/avatar\/e0a867bdedb85fd243eadf09663511f96fc81e0720a4a42581f334ad4303aa6b?s=96&d=mm&r=g","contentUrl":"https:\/\/secure.gravatar.com\/avatar\/e0a867bdedb85fd243eadf09663511f96fc81e0720a4a42581f334ad4303aa6b?s=96&d=mm&r=g","caption":"Reda\u00e7\u00e3o"}}]}},"amp_enabled":true,"_links":{"self":[{"href":"https:\/\/www.notibras.com\/site\/wp-json\/wp\/v2\/posts\/186052","targetHints":{"allow":["GET"]}}],"collection":[{"href":"https:\/\/www.notibras.com\/site\/wp-json\/wp\/v2\/posts"}],"about":[{"href":"https:\/\/www.notibras.com\/site\/wp-json\/wp\/v2\/types\/post"}],"author":[{"embeddable":true,"href":"https:\/\/www.notibras.com\/site\/wp-json\/wp\/v2\/users\/2"}],"replies":[{"embeddable":true,"href":"https:\/\/www.notibras.com\/site\/wp-json\/wp\/v2\/comments?post=186052"}],"version-history":[{"count":1,"href":"https:\/\/www.notibras.com\/site\/wp-json\/wp\/v2\/posts\/186052\/revisions"}],"predecessor-version":[{"id":186053,"href":"https:\/\/www.notibras.com\/site\/wp-json\/wp\/v2\/posts\/186052\/revisions\/186053"}],"wp:featuredmedia":[{"embeddable":true,"href":"https:\/\/www.notibras.com\/site\/wp-json\/wp\/v2\/media\/183326"}],"wp:attachment":[{"href":"https:\/\/www.notibras.com\/site\/wp-json\/wp\/v2\/media?parent=186052"}],"wp:term":[{"taxonomy":"category","embeddable":true,"href":"https:\/\/www.notibras.com\/site\/wp-json\/wp\/v2\/categories?post=186052"},{"taxonomy":"post_tag","embeddable":true,"href":"https:\/\/www.notibras.com\/site\/wp-json\/wp\/v2\/tags?post=186052"}],"curies":[{"name":"wp","href":"https:\/\/api.w.org\/{rel}","templated":true}]}}