{"id":18608,"date":"2014-08-05T21:57:04","date_gmt":"2014-08-06T00:57:04","guid":{"rendered":"http:\/\/www.notibras.com\/site\/?p=18608"},"modified":"2014-08-05T22:59:46","modified_gmt":"2014-08-06T01:59:46","slug":"aposentado-recebera-13o-salario-na-folha-de-agosto","status":"publish","type":"post","link":"https:\/\/www.notibras.com\/site\/aposentado-recebera-13o-salario-na-folha-de-agosto\/","title":{"rendered":"Aposentado receber\u00e1 13\u00ba sal\u00e1rio na folha de agosto"},"content":{"rendered":"<p>O decreto presidencial que prev\u00ea o pagamento, na folha de agosto, da primeira parcela do d\u00e9cimo terceiro sal\u00e1rio dos segurados e pensionistas da Previd\u00eancia Social foi publicado nesta ter\u00e7a-feira 5.<\/p>\n<p>A primeira parcela, que corresponde a at\u00e9 50% do valor do benef\u00edcio, ser\u00e1 depositada entre os dias 25 de agosto e 5 de setembro. Nela n\u00e3o ser\u00e1 descontado o Imposto de Renda. Isso s\u00f3 ser\u00e1 feito entre o final de novembro e o in\u00edcio de dezembro, quando ser\u00e1 depositado o restante do abono.<\/p>\n<p>De acordo com a Previd\u00eancia Social, esta \u00e9 a nona vez que a gratifica\u00e7\u00e3o est\u00e1 sendo antecipada. A primeira foi em 2006. O valor ser\u00e1 calculado com base no total de meses que a pessoa recebeu o benef\u00edcio previdenci\u00e1rio, a partir de janeiro deste ano. Ou seja, se ele come\u00e7ou a receber a aposentadoria em janeiro, o c\u00e1lculo ser\u00e1 feito sobre os 12 meses do ano, e o valor a ser depositado ser\u00e1 correspondente a 50% desse total. Se ele come\u00e7ou a receber em mar\u00e7o, o c\u00e1lculo ser\u00e1 sobre dez meses, e assim por diante.<\/p>\n<blockquote><p>J\u00e1 os segurados que est\u00e3o em aux\u00edlio-doen\u00e7a receber\u00e3o parcela menor que os 50%, devido ao car\u00e1ter tempor\u00e1rio do benef\u00edcio. No caso, o INSS calcula a antecipa\u00e7\u00e3o proporcional ao per\u00edodo.<\/p><\/blockquote>\n<p>N\u00e3o t\u00eam direito ao d\u00e9cimo terceiro sal\u00e1rio os seguintes benef\u00edcios: amparo previdenci\u00e1rio do trabalhador rural, renda mensal vital\u00edcia, amparo assistencial ao idoso e ao deficiente, aux\u00edlio suplementar por acidente de trabalho, pens\u00e3o mensal vital\u00edcia, abono de perman\u00eancia em servi\u00e7o, vantagem do servidor aposentado pela autarquia empregadora e sal\u00e1rio-fam\u00edlia.<\/p>\n<div class=\"node-info\"><strong>Pedro Peduzzi, ABr<\/strong><strong><br \/>\n<\/strong><\/div>\n","protected":false},"excerpt":{"rendered":"<p>O decreto presidencial que prev\u00ea o pagamento, na folha de agosto, da primeira parcela do d\u00e9cimo terceiro sal\u00e1rio dos segurados e pensionistas da Previd\u00eancia Social foi publicado nesta ter\u00e7a-feira 5. A primeira parcela, que corresponde a at\u00e9 50% do valor do benef\u00edcio, ser\u00e1 depositada entre os dias 25 de agosto e 5 de setembro. Nela [&hellip;]<\/p>\n","protected":false},"author":2,"featured_media":18609,"comment_status":"open","ping_status":"closed","sticky":false,"template":"","format":"standard","meta":{"_acf_changed":false,"footnotes":""},"categories":[16],"tags":[],"class_list":["post-18608","post","type-post","status-publish","format-standard","has-post-thumbnail","hentry","category-brasil"],"acf":[],"_links":{"self":[{"href":"https:\/\/www.notibras.com\/site\/wp-json\/wp\/v2\/posts\/18608","targetHints":{"allow":["GET"]}}],"collection":[{"href":"https:\/\/www.notibras.com\/site\/wp-json\/wp\/v2\/posts"}],"about":[{"href":"https:\/\/www.notibras.com\/site\/wp-json\/wp\/v2\/types\/post"}],"author":[{"embeddable":true,"href":"https:\/\/www.notibras.com\/site\/wp-json\/wp\/v2\/users\/2"}],"replies":[{"embeddable":true,"href":"https:\/\/www.notibras.com\/site\/wp-json\/wp\/v2\/comments?post=18608"}],"version-history":[{"count":0,"href":"https:\/\/www.notibras.com\/site\/wp-json\/wp\/v2\/posts\/18608\/revisions"}],"wp:featuredmedia":[{"embeddable":true,"href":"https:\/\/www.notibras.com\/site\/wp-json\/wp\/v2\/media\/18609"}],"wp:attachment":[{"href":"https:\/\/www.notibras.com\/site\/wp-json\/wp\/v2\/media?parent=18608"}],"wp:term":[{"taxonomy":"category","embeddable":true,"href":"https:\/\/www.notibras.com\/site\/wp-json\/wp\/v2\/categories?post=18608"},{"taxonomy":"post_tag","embeddable":true,"href":"https:\/\/www.notibras.com\/site\/wp-json\/wp\/v2\/tags?post=18608"}],"curies":[{"name":"wp","href":"https:\/\/api.w.org\/{rel}","templated":true}]}}