{"id":186136,"date":"2018-07-23T03:30:46","date_gmt":"2018-07-23T06:30:46","guid":{"rendered":"https:\/\/www.notibras.com\/site\/?p=186136"},"modified":"2018-07-23T03:30:46","modified_gmt":"2018-07-23T06:30:46","slug":"texto-base-da-constituicao-abre-porta-para-empresa-privada","status":"publish","type":"post","link":"https:\/\/www.notibras.com\/site\/texto-base-da-constituicao-abre-porta-para-empresa-privada\/","title":{"rendered":"Texto-base da Constitui\u00e7\u00e3o abre porta para empresa privada"},"content":{"rendered":"<p>O texto que renova a Constitui\u00e7\u00e3o cubana entrar\u00e1 em consulta popular a partir de agosto, antes de retornar ao Parlamento no fim do ano. Ap\u00f3s dois dias de sess\u00f5es, os deputados aprovaram neste domingo o anteprojeto da Carta Magna que procura reformar a que est\u00e1 em vigor desde 1976.<\/p>\n<p>Os mais de 600 deputados da Assembleia Nacional do Poder Popular decidiram que a Constitui\u00e7\u00e3o passar\u00e1 por um processo de consulta em todo o pa\u00eds entre 13 de agosto e 15 de novembro.<\/p>\n<p>O projeto estabelece, entre outras coisas, o reconhecimento da propriedade privada, autoriza a contrata\u00e7\u00e3o de pessoal e abre espa\u00e7o para casamento entre pessoas do mesmo sexo, entre outros assuntos, enquanto mant\u00e9m a primazia do Partido Comunista de Cuba (PCC) como a organiza\u00e7\u00e3o que guia a sociedade e com predom\u00ednio da empresa estatal socialista.<\/p>\n<p>O novo texto da Constitui\u00e7\u00e3o tamb\u00e9m estabelece a cria\u00e7\u00e3o da figura de um primeiro-ministro e um vice-presidente no governo e introduz a fun\u00e7\u00e3o de governadores das prov\u00edncias.<\/p>\n<p>A sess\u00e3o, na qual esteve presente o ex-presidente Ra\u00fal Castro &#8211; que tamb\u00e9m atua como secret\u00e1rio do Partido Comunista de Cuba -, foi encerrada com um discurso do seu sucessor Miguel Diaz-Canel. &#8220;Cada cubano poder\u00e1 expressar livremente suas opini\u00f5es e contribuir para alcan\u00e7ar um texto constitucional que reflita o hoje e o futuro do pa\u00eds&#8221;, disse.<\/p>\n","protected":false},"excerpt":{"rendered":"<p>O texto que renova a Constitui\u00e7\u00e3o cubana entrar\u00e1 em consulta popular a partir de agosto, antes de retornar ao Parlamento no fim do ano. Ap\u00f3s dois dias de sess\u00f5es, os deputados aprovaram neste domingo o anteprojeto da Carta Magna que procura reformar a que est\u00e1 em vigor desde 1976. Os mais de 600 deputados da [&hellip;]<\/p>\n","protected":false},"author":2,"featured_media":186137,"comment_status":"closed","ping_status":"closed","sticky":false,"template":"","format":"standard","meta":{"_acf_changed":false,"footnotes":""},"categories":[17],"tags":[],"class_list":["post-186136","post","type-post","status-publish","format-standard","has-post-thumbnail","hentry","category-mundo"],"acf":[],"yoast_head":"<!-- This site is optimized with the Yoast SEO plugin v27.2 - https:\/\/yoast.com\/product\/yoast-seo-wordpress\/ -->\n<title>Texto-base da Constitui\u00e7\u00e3o abre porta para empresa privada - Notibras<\/title>\n<meta name=\"robots\" content=\"index, follow, max-snippet:-1, max-image-preview:large, max-video-preview:-1\" \/>\n<link rel=\"canonical\" href=\"https:\/\/www.notibras.com\/site\/texto-base-da-constituicao-abre-porta-para-empresa-privada\/\" \/>\n<meta property=\"og:locale\" content=\"pt_BR\" \/>\n<meta property=\"og:type\" content=\"article\" \/>\n<meta property=\"og:title\" content=\"Texto-base da Constitui\u00e7\u00e3o abre porta para empresa privada - Notibras\" \/>\n<meta property=\"og:description\" content=\"O texto que renova a Constitui\u00e7\u00e3o cubana entrar\u00e1 em consulta popular a partir de agosto, antes de retornar ao Parlamento no fim do ano. Ap\u00f3s dois dias de sess\u00f5es, os deputados aprovaram neste domingo o anteprojeto da Carta Magna que procura reformar a que est\u00e1 em vigor desde 1976. Os mais de 600 deputados da [&hellip;]\" \/>\n<meta property=\"og:url\" content=\"https:\/\/www.notibras.com\/site\/texto-base-da-constituicao-abre-porta-para-empresa-privada\/\" \/>\n<meta property=\"og:site_name\" content=\"Notibras\" \/>\n<meta property=\"article:publisher\" content=\"https:\/\/www.facebook.com\/notibras\/\" \/>\n<meta property=\"article:published_time\" content=\"2018-07-23T06:30:46+00:00\" \/>\n<meta property=\"og:image\" content=\"https:\/\/www.notibras.com\/site\/wp-content\/uploads\/2018\/07\/CUBA.CONSTITUI\u00c7\u00c3O.jpg\" \/>\n\t<meta property=\"og:image:width\" content=\"1380\" \/>\n\t<meta property=\"og:image:height\" content=\"920\" \/>\n\t<meta property=\"og:image:type\" content=\"image\/jpeg\" \/>\n<meta name=\"author\" content=\"Reda\u00e7\u00e3o\" \/>\n<meta name=\"twitter:card\" content=\"summary_large_image\" \/>\n<meta name=\"twitter:creator\" content=\"@Notibras\" \/>\n<meta name=\"twitter:site\" content=\"@Notibras\" \/>\n<meta name=\"twitter:label1\" content=\"Escrito por\" \/>\n\t<meta name=\"twitter:data1\" content=\"Reda\u00e7\u00e3o\" \/>\n\t<meta name=\"twitter:label2\" content=\"Est. tempo de leitura\" \/>\n\t<meta name=\"twitter:data2\" content=\"1 minuto\" \/>\n<script type=\"application\/ld+json\" class=\"yoast-schema-graph\">{\"@context\":\"https:\/\/schema.org\",\"@graph\":[{\"@type\":\"Article\",\"@id\":\"https:\/\/www.notibras.com\/site\/texto-base-da-constituicao-abre-porta-para-empresa-privada\/#article\",\"isPartOf\":{\"@id\":\"https:\/\/www.notibras.com\/site\/texto-base-da-constituicao-abre-porta-para-empresa-privada\/\"},\"author\":{\"name\":\"Reda\u00e7\u00e3o\",\"@id\":\"https:\/\/www.notibras.com\/site\/#\/schema\/person\/36ab0979449956132d3e5b517ea76ac8\"},\"headline\":\"Texto-base da Constitui\u00e7\u00e3o abre porta para empresa privada\",\"datePublished\":\"2018-07-23T06:30:46+00:00\",\"mainEntityOfPage\":{\"@id\":\"https:\/\/www.notibras.com\/site\/texto-base-da-constituicao-abre-porta-para-empresa-privada\/\"},\"wordCount\":245,\"publisher\":{\"@id\":\"https:\/\/www.notibras.com\/site\/#organization\"},\"image\":{\"@id\":\"https:\/\/www.notibras.com\/site\/texto-base-da-constituicao-abre-porta-para-empresa-privada\/#primaryimage\"},\"thumbnailUrl\":\"https:\/\/www.notibras.com\/site\/wp-content\/uploads\/2018\/07\/CUBA.CONSTITUI\u00c7\u00c3O.jpg\",\"articleSection\":[\"Mundo\"],\"inLanguage\":\"pt-BR\"},{\"@type\":\"WebPage\",\"@id\":\"https:\/\/www.notibras.com\/site\/texto-base-da-constituicao-abre-porta-para-empresa-privada\/\",\"url\":\"https:\/\/www.notibras.com\/site\/texto-base-da-constituicao-abre-porta-para-empresa-privada\/\",\"name\":\"Texto-base da Constitui\u00e7\u00e3o abre porta para empresa privada - Notibras\",\"isPartOf\":{\"@id\":\"https:\/\/www.notibras.com\/site\/#website\"},\"primaryImageOfPage\":{\"@id\":\"https:\/\/www.notibras.com\/site\/texto-base-da-constituicao-abre-porta-para-empresa-privada\/#primaryimage\"},\"image\":{\"@id\":\"https:\/\/www.notibras.com\/site\/texto-base-da-constituicao-abre-porta-para-empresa-privada\/#primaryimage\"},\"thumbnailUrl\":\"https:\/\/www.notibras.com\/site\/wp-content\/uploads\/2018\/07\/CUBA.CONSTITUI\u00c7\u00c3O.jpg\",\"datePublished\":\"2018-07-23T06:30:46+00:00\",\"breadcrumb\":{\"@id\":\"https:\/\/www.notibras.com\/site\/texto-base-da-constituicao-abre-porta-para-empresa-privada\/#breadcrumb\"},\"inLanguage\":\"pt-BR\",\"potentialAction\":[{\"@type\":\"ReadAction\",\"target\":[\"https:\/\/www.notibras.com\/site\/texto-base-da-constituicao-abre-porta-para-empresa-privada\/\"]}]},{\"@type\":\"ImageObject\",\"inLanguage\":\"pt-BR\",\"@id\":\"https:\/\/www.notibras.com\/site\/texto-base-da-constituicao-abre-porta-para-empresa-privada\/#primaryimage\",\"url\":\"https:\/\/www.notibras.com\/site\/wp-content\/uploads\/2018\/07\/CUBA.CONSTITUI\u00c7\u00c3O.jpg\",\"contentUrl\":\"https:\/\/www.notibras.com\/site\/wp-content\/uploads\/2018\/07\/CUBA.CONSTITUI\u00c7\u00c3O.jpg\",\"width\":1380,\"height\":920,\"caption\":\"Foto\/Divulga\u00e7\u00e3o\"},{\"@type\":\"BreadcrumbList\",\"@id\":\"https:\/\/www.notibras.com\/site\/texto-base-da-constituicao-abre-porta-para-empresa-privada\/#breadcrumb\",\"itemListElement\":[{\"@type\":\"ListItem\",\"position\":1,\"name\":\"In\u00edcio\",\"item\":\"https:\/\/www.notibras.com\/site\/\"},{\"@type\":\"ListItem\",\"position\":2,\"name\":\"Texto-base da Constitui\u00e7\u00e3o abre porta para empresa privada\"}]},{\"@type\":\"WebSite\",\"@id\":\"https:\/\/www.notibras.com\/site\/#website\",\"url\":\"https:\/\/www.notibras.com\/site\/\",\"name\":\"Notibras\",\"description\":\"Not\u00edcias de Bras\u00edlia, do Brasil e do Mundo\",\"publisher\":{\"@id\":\"https:\/\/www.notibras.com\/site\/#organization\"},\"potentialAction\":[{\"@type\":\"SearchAction\",\"target\":{\"@type\":\"EntryPoint\",\"urlTemplate\":\"https:\/\/www.notibras.com\/site\/?s={search_term_string}\"},\"query-input\":{\"@type\":\"PropertyValueSpecification\",\"valueRequired\":true,\"valueName\":\"search_term_string\"}}],\"inLanguage\":\"pt-BR\"},{\"@type\":\"Organization\",\"@id\":\"https:\/\/www.notibras.com\/site\/#organization\",\"name\":\"Grupo Notibras de Comunica\u00e7\u00e3o\",\"url\":\"https:\/\/www.notibras.com\/site\/\",\"logo\":{\"@type\":\"ImageObject\",\"inLanguage\":\"pt-BR\",\"@id\":\"https:\/\/www.notibras.com\/site\/#\/schema\/logo\/image\/\",\"url\":\"https:\/\/www.notibras.com\/site\/wp-content\/uploads\/2023\/01\/notibras23.png\",\"contentUrl\":\"https:\/\/www.notibras.com\/site\/wp-content\/uploads\/2023\/01\/notibras23.png\",\"width\":350,\"height\":87,\"caption\":\"Grupo Notibras de Comunica\u00e7\u00e3o\"},\"image\":{\"@id\":\"https:\/\/www.notibras.com\/site\/#\/schema\/logo\/image\/\"},\"sameAs\":[\"https:\/\/www.facebook.com\/notibras\/\",\"https:\/\/x.com\/Notibras\",\"https:\/\/www.instagram.com\/notibras\/\"]},{\"@type\":\"Person\",\"@id\":\"https:\/\/www.notibras.com\/site\/#\/schema\/person\/36ab0979449956132d3e5b517ea76ac8\",\"name\":\"Reda\u00e7\u00e3o\",\"image\":{\"@type\":\"ImageObject\",\"inLanguage\":\"pt-BR\",\"@id\":\"https:\/\/secure.gravatar.com\/avatar\/e0a867bdedb85fd243eadf09663511f96fc81e0720a4a42581f334ad4303aa6b?s=96&d=mm&r=g\",\"url\":\"https:\/\/secure.gravatar.com\/avatar\/e0a867bdedb85fd243eadf09663511f96fc81e0720a4a42581f334ad4303aa6b?s=96&d=mm&r=g\",\"contentUrl\":\"https:\/\/secure.gravatar.com\/avatar\/e0a867bdedb85fd243eadf09663511f96fc81e0720a4a42581f334ad4303aa6b?s=96&d=mm&r=g\",\"caption\":\"Reda\u00e7\u00e3o\"}}]}<\/script>\n<!-- \/ Yoast SEO plugin. -->","yoast_head_json":{"title":"Texto-base da Constitui\u00e7\u00e3o abre porta para empresa privada - Notibras","robots":{"index":"index","follow":"follow","max-snippet":"max-snippet:-1","max-image-preview":"max-image-preview:large","max-video-preview":"max-video-preview:-1"},"canonical":"https:\/\/www.notibras.com\/site\/texto-base-da-constituicao-abre-porta-para-empresa-privada\/","og_locale":"pt_BR","og_type":"article","og_title":"Texto-base da Constitui\u00e7\u00e3o abre porta para empresa privada - Notibras","og_description":"O texto que renova a Constitui\u00e7\u00e3o cubana entrar\u00e1 em consulta popular a partir de agosto, antes de retornar ao Parlamento no fim do ano. Ap\u00f3s dois dias de sess\u00f5es, os deputados aprovaram neste domingo o anteprojeto da Carta Magna que procura reformar a que est\u00e1 em vigor desde 1976. Os mais de 600 deputados da [&hellip;]","og_url":"https:\/\/www.notibras.com\/site\/texto-base-da-constituicao-abre-porta-para-empresa-privada\/","og_site_name":"Notibras","article_publisher":"https:\/\/www.facebook.com\/notibras\/","article_published_time":"2018-07-23T06:30:46+00:00","og_image":[{"width":1380,"height":920,"url":"https:\/\/www.notibras.com\/site\/wp-content\/uploads\/2018\/07\/CUBA.CONSTITUI\u00c7\u00c3O.jpg","type":"image\/jpeg"}],"author":"Reda\u00e7\u00e3o","twitter_card":"summary_large_image","twitter_creator":"@Notibras","twitter_site":"@Notibras","twitter_misc":{"Escrito por":"Reda\u00e7\u00e3o","Est. tempo de leitura":"1 minuto"},"schema":{"@context":"https:\/\/schema.org","@graph":[{"@type":"Article","@id":"https:\/\/www.notibras.com\/site\/texto-base-da-constituicao-abre-porta-para-empresa-privada\/#article","isPartOf":{"@id":"https:\/\/www.notibras.com\/site\/texto-base-da-constituicao-abre-porta-para-empresa-privada\/"},"author":{"name":"Reda\u00e7\u00e3o","@id":"https:\/\/www.notibras.com\/site\/#\/schema\/person\/36ab0979449956132d3e5b517ea76ac8"},"headline":"Texto-base da Constitui\u00e7\u00e3o abre porta para empresa privada","datePublished":"2018-07-23T06:30:46+00:00","mainEntityOfPage":{"@id":"https:\/\/www.notibras.com\/site\/texto-base-da-constituicao-abre-porta-para-empresa-privada\/"},"wordCount":245,"publisher":{"@id":"https:\/\/www.notibras.com\/site\/#organization"},"image":{"@id":"https:\/\/www.notibras.com\/site\/texto-base-da-constituicao-abre-porta-para-empresa-privada\/#primaryimage"},"thumbnailUrl":"https:\/\/www.notibras.com\/site\/wp-content\/uploads\/2018\/07\/CUBA.CONSTITUI\u00c7\u00c3O.jpg","articleSection":["Mundo"],"inLanguage":"pt-BR"},{"@type":"WebPage","@id":"https:\/\/www.notibras.com\/site\/texto-base-da-constituicao-abre-porta-para-empresa-privada\/","url":"https:\/\/www.notibras.com\/site\/texto-base-da-constituicao-abre-porta-para-empresa-privada\/","name":"Texto-base da Constitui\u00e7\u00e3o abre porta para empresa privada - Notibras","isPartOf":{"@id":"https:\/\/www.notibras.com\/site\/#website"},"primaryImageOfPage":{"@id":"https:\/\/www.notibras.com\/site\/texto-base-da-constituicao-abre-porta-para-empresa-privada\/#primaryimage"},"image":{"@id":"https:\/\/www.notibras.com\/site\/texto-base-da-constituicao-abre-porta-para-empresa-privada\/#primaryimage"},"thumbnailUrl":"https:\/\/www.notibras.com\/site\/wp-content\/uploads\/2018\/07\/CUBA.CONSTITUI\u00c7\u00c3O.jpg","datePublished":"2018-07-23T06:30:46+00:00","breadcrumb":{"@id":"https:\/\/www.notibras.com\/site\/texto-base-da-constituicao-abre-porta-para-empresa-privada\/#breadcrumb"},"inLanguage":"pt-BR","potentialAction":[{"@type":"ReadAction","target":["https:\/\/www.notibras.com\/site\/texto-base-da-constituicao-abre-porta-para-empresa-privada\/"]}]},{"@type":"ImageObject","inLanguage":"pt-BR","@id":"https:\/\/www.notibras.com\/site\/texto-base-da-constituicao-abre-porta-para-empresa-privada\/#primaryimage","url":"https:\/\/www.notibras.com\/site\/wp-content\/uploads\/2018\/07\/CUBA.CONSTITUI\u00c7\u00c3O.jpg","contentUrl":"https:\/\/www.notibras.com\/site\/wp-content\/uploads\/2018\/07\/CUBA.CONSTITUI\u00c7\u00c3O.jpg","width":1380,"height":920,"caption":"Foto\/Divulga\u00e7\u00e3o"},{"@type":"BreadcrumbList","@id":"https:\/\/www.notibras.com\/site\/texto-base-da-constituicao-abre-porta-para-empresa-privada\/#breadcrumb","itemListElement":[{"@type":"ListItem","position":1,"name":"In\u00edcio","item":"https:\/\/www.notibras.com\/site\/"},{"@type":"ListItem","position":2,"name":"Texto-base da Constitui\u00e7\u00e3o abre porta para empresa privada"}]},{"@type":"WebSite","@id":"https:\/\/www.notibras.com\/site\/#website","url":"https:\/\/www.notibras.com\/site\/","name":"Notibras","description":"Not\u00edcias de Bras\u00edlia, do Brasil e do Mundo","publisher":{"@id":"https:\/\/www.notibras.com\/site\/#organization"},"potentialAction":[{"@type":"SearchAction","target":{"@type":"EntryPoint","urlTemplate":"https:\/\/www.notibras.com\/site\/?s={search_term_string}"},"query-input":{"@type":"PropertyValueSpecification","valueRequired":true,"valueName":"search_term_string"}}],"inLanguage":"pt-BR"},{"@type":"Organization","@id":"https:\/\/www.notibras.com\/site\/#organization","name":"Grupo Notibras de Comunica\u00e7\u00e3o","url":"https:\/\/www.notibras.com\/site\/","logo":{"@type":"ImageObject","inLanguage":"pt-BR","@id":"https:\/\/www.notibras.com\/site\/#\/schema\/logo\/image\/","url":"https:\/\/www.notibras.com\/site\/wp-content\/uploads\/2023\/01\/notibras23.png","contentUrl":"https:\/\/www.notibras.com\/site\/wp-content\/uploads\/2023\/01\/notibras23.png","width":350,"height":87,"caption":"Grupo Notibras de Comunica\u00e7\u00e3o"},"image":{"@id":"https:\/\/www.notibras.com\/site\/#\/schema\/logo\/image\/"},"sameAs":["https:\/\/www.facebook.com\/notibras\/","https:\/\/x.com\/Notibras","https:\/\/www.instagram.com\/notibras\/"]},{"@type":"Person","@id":"https:\/\/www.notibras.com\/site\/#\/schema\/person\/36ab0979449956132d3e5b517ea76ac8","name":"Reda\u00e7\u00e3o","image":{"@type":"ImageObject","inLanguage":"pt-BR","@id":"https:\/\/secure.gravatar.com\/avatar\/e0a867bdedb85fd243eadf09663511f96fc81e0720a4a42581f334ad4303aa6b?s=96&d=mm&r=g","url":"https:\/\/secure.gravatar.com\/avatar\/e0a867bdedb85fd243eadf09663511f96fc81e0720a4a42581f334ad4303aa6b?s=96&d=mm&r=g","contentUrl":"https:\/\/secure.gravatar.com\/avatar\/e0a867bdedb85fd243eadf09663511f96fc81e0720a4a42581f334ad4303aa6b?s=96&d=mm&r=g","caption":"Reda\u00e7\u00e3o"}}]}},"amp_enabled":true,"_links":{"self":[{"href":"https:\/\/www.notibras.com\/site\/wp-json\/wp\/v2\/posts\/186136","targetHints":{"allow":["GET"]}}],"collection":[{"href":"https:\/\/www.notibras.com\/site\/wp-json\/wp\/v2\/posts"}],"about":[{"href":"https:\/\/www.notibras.com\/site\/wp-json\/wp\/v2\/types\/post"}],"author":[{"embeddable":true,"href":"https:\/\/www.notibras.com\/site\/wp-json\/wp\/v2\/users\/2"}],"replies":[{"embeddable":true,"href":"https:\/\/www.notibras.com\/site\/wp-json\/wp\/v2\/comments?post=186136"}],"version-history":[{"count":1,"href":"https:\/\/www.notibras.com\/site\/wp-json\/wp\/v2\/posts\/186136\/revisions"}],"predecessor-version":[{"id":186138,"href":"https:\/\/www.notibras.com\/site\/wp-json\/wp\/v2\/posts\/186136\/revisions\/186138"}],"wp:featuredmedia":[{"embeddable":true,"href":"https:\/\/www.notibras.com\/site\/wp-json\/wp\/v2\/media\/186137"}],"wp:attachment":[{"href":"https:\/\/www.notibras.com\/site\/wp-json\/wp\/v2\/media?parent=186136"}],"wp:term":[{"taxonomy":"category","embeddable":true,"href":"https:\/\/www.notibras.com\/site\/wp-json\/wp\/v2\/categories?post=186136"},{"taxonomy":"post_tag","embeddable":true,"href":"https:\/\/www.notibras.com\/site\/wp-json\/wp\/v2\/tags?post=186136"}],"curies":[{"name":"wp","href":"https:\/\/api.w.org\/{rel}","templated":true}]}}