{"id":186139,"date":"2018-07-23T00:31:41","date_gmt":"2018-07-23T03:31:41","guid":{"rendered":"https:\/\/www.notibras.com\/site\/?p=186139"},"modified":"2018-07-23T03:32:58","modified_gmt":"2018-07-23T06:32:58","slug":"china-estreita-lacoes-comerciais-e-politicos-com-os-africanos","status":"publish","type":"post","link":"https:\/\/www.notibras.com\/site\/china-estreita-lacoes-comerciais-e-politicos-com-os-africanos\/","title":{"rendered":"China estreita la\u00e7\u00f5es comerciais e pol\u00edticos com os africanos"},"content":{"rendered":"<p>O presidente da China, Xi Jinping, chegou a Ruanda, a segunda parada da sua visita \u00e0 \u00c1frica. O presidente de Ruanda, Paul Kagame, recebeu Xi como o primeiro presidente chin\u00eas a visitar o pa\u00eds da \u00c1frica Oriental. Na segunda-feira, Xi deve visitar um memorial do genoc\u00eddio de Ruanda de 1994 e assinar acordos bilaterais.<\/p>\n<p>O l\u00edder chin\u00eas segue ent\u00e3o para a \u00c1frica do Sul para participar de uma c\u00fapula das economias emergentes do Brics que come\u00e7a na quarta-feira. Depois disso, Xi vai visitar as Ilhas Maur\u00edcio.<\/p>\n<p>A China \u00e9 o maior parceiro comercial de \u00c1frica e procura agora estreitar os la\u00e7os militares. A China inaugurou a sua primeira base militar no continente no ano passado em Djibouti.<\/p>\n","protected":false},"excerpt":{"rendered":"<p>O presidente da China, Xi Jinping, chegou a Ruanda, a segunda parada da sua visita \u00e0 \u00c1frica. O presidente de Ruanda, Paul Kagame, recebeu Xi como o primeiro presidente chin\u00eas a visitar o pa\u00eds da \u00c1frica Oriental. Na segunda-feira, Xi deve visitar um memorial do genoc\u00eddio de Ruanda de 1994 e assinar acordos bilaterais. O [&hellip;]<\/p>\n","protected":false},"author":2,"featured_media":133676,"comment_status":"closed","ping_status":"closed","sticky":false,"template":"","format":"standard","meta":{"_acf_changed":false,"footnotes":""},"categories":[17],"tags":[],"class_list":["post-186139","post","type-post","status-publish","format-standard","has-post-thumbnail","hentry","category-mundo"],"acf":[],"yoast_head":"<!-- This site is optimized with the Yoast SEO plugin v27.2 - https:\/\/yoast.com\/product\/yoast-seo-wordpress\/ -->\n<title>China estreita la\u00e7\u00f5es comerciais e pol\u00edticos com os africanos - Notibras<\/title>\n<meta name=\"robots\" content=\"index, follow, max-snippet:-1, max-image-preview:large, max-video-preview:-1\" \/>\n<link rel=\"canonical\" href=\"https:\/\/www.notibras.com\/site\/china-estreita-lacoes-comerciais-e-politicos-com-os-africanos\/\" \/>\n<meta property=\"og:locale\" content=\"pt_BR\" \/>\n<meta property=\"og:type\" content=\"article\" \/>\n<meta property=\"og:title\" content=\"China estreita la\u00e7\u00f5es comerciais e pol\u00edticos com os africanos - Notibras\" \/>\n<meta property=\"og:description\" content=\"O presidente da China, Xi Jinping, chegou a Ruanda, a segunda parada da sua visita \u00e0 \u00c1frica. O presidente de Ruanda, Paul Kagame, recebeu Xi como o primeiro presidente chin\u00eas a visitar o pa\u00eds da \u00c1frica Oriental. Na segunda-feira, Xi deve visitar um memorial do genoc\u00eddio de Ruanda de 1994 e assinar acordos bilaterais. O [&hellip;]\" \/>\n<meta property=\"og:url\" content=\"https:\/\/www.notibras.com\/site\/china-estreita-lacoes-comerciais-e-politicos-com-os-africanos\/\" \/>\n<meta property=\"og:site_name\" content=\"Notibras\" \/>\n<meta property=\"article:publisher\" content=\"https:\/\/www.facebook.com\/notibras\/\" \/>\n<meta property=\"article:published_time\" content=\"2018-07-23T03:31:41+00:00\" \/>\n<meta property=\"article:modified_time\" content=\"2018-07-23T06:32:58+00:00\" \/>\n<meta property=\"og:image\" content=\"https:\/\/www.notibras.com\/site\/wp-content\/uploads\/2017\/03\/xi-jinping_122314.jpg\" \/>\n\t<meta property=\"og:image:width\" content=\"1460\" \/>\n\t<meta property=\"og:image:height\" content=\"913\" \/>\n\t<meta property=\"og:image:type\" content=\"image\/jpeg\" \/>\n<meta name=\"author\" content=\"Reda\u00e7\u00e3o\" \/>\n<meta name=\"twitter:card\" content=\"summary_large_image\" \/>\n<meta name=\"twitter:creator\" content=\"@Notibras\" \/>\n<meta name=\"twitter:site\" content=\"@Notibras\" \/>\n<meta name=\"twitter:label1\" content=\"Escrito por\" \/>\n\t<meta name=\"twitter:data1\" content=\"Reda\u00e7\u00e3o\" \/>\n\t<meta name=\"twitter:label2\" content=\"Est. tempo de leitura\" \/>\n\t<meta name=\"twitter:data2\" content=\"1 minuto\" \/>\n<script type=\"application\/ld+json\" class=\"yoast-schema-graph\">{\"@context\":\"https:\/\/schema.org\",\"@graph\":[{\"@type\":\"Article\",\"@id\":\"https:\/\/www.notibras.com\/site\/china-estreita-lacoes-comerciais-e-politicos-com-os-africanos\/#article\",\"isPartOf\":{\"@id\":\"https:\/\/www.notibras.com\/site\/china-estreita-lacoes-comerciais-e-politicos-com-os-africanos\/\"},\"author\":{\"name\":\"Reda\u00e7\u00e3o\",\"@id\":\"https:\/\/www.notibras.com\/site\/#\/schema\/person\/36ab0979449956132d3e5b517ea76ac8\"},\"headline\":\"China estreita la\u00e7\u00f5es comerciais e pol\u00edticos com os africanos\",\"datePublished\":\"2018-07-23T03:31:41+00:00\",\"dateModified\":\"2018-07-23T06:32:58+00:00\",\"mainEntityOfPage\":{\"@id\":\"https:\/\/www.notibras.com\/site\/china-estreita-lacoes-comerciais-e-politicos-com-os-africanos\/\"},\"wordCount\":135,\"publisher\":{\"@id\":\"https:\/\/www.notibras.com\/site\/#organization\"},\"image\":{\"@id\":\"https:\/\/www.notibras.com\/site\/china-estreita-lacoes-comerciais-e-politicos-com-os-africanos\/#primaryimage\"},\"thumbnailUrl\":\"https:\/\/www.notibras.com\/site\/wp-content\/uploads\/2017\/03\/xi-jinping_122314.jpg\",\"articleSection\":[\"Mundo\"],\"inLanguage\":\"pt-BR\"},{\"@type\":\"WebPage\",\"@id\":\"https:\/\/www.notibras.com\/site\/china-estreita-lacoes-comerciais-e-politicos-com-os-africanos\/\",\"url\":\"https:\/\/www.notibras.com\/site\/china-estreita-lacoes-comerciais-e-politicos-com-os-africanos\/\",\"name\":\"China estreita la\u00e7\u00f5es comerciais e pol\u00edticos com os africanos - Notibras\",\"isPartOf\":{\"@id\":\"https:\/\/www.notibras.com\/site\/#website\"},\"primaryImageOfPage\":{\"@id\":\"https:\/\/www.notibras.com\/site\/china-estreita-lacoes-comerciais-e-politicos-com-os-africanos\/#primaryimage\"},\"image\":{\"@id\":\"https:\/\/www.notibras.com\/site\/china-estreita-lacoes-comerciais-e-politicos-com-os-africanos\/#primaryimage\"},\"thumbnailUrl\":\"https:\/\/www.notibras.com\/site\/wp-content\/uploads\/2017\/03\/xi-jinping_122314.jpg\",\"datePublished\":\"2018-07-23T03:31:41+00:00\",\"dateModified\":\"2018-07-23T06:32:58+00:00\",\"breadcrumb\":{\"@id\":\"https:\/\/www.notibras.com\/site\/china-estreita-lacoes-comerciais-e-politicos-com-os-africanos\/#breadcrumb\"},\"inLanguage\":\"pt-BR\",\"potentialAction\":[{\"@type\":\"ReadAction\",\"target\":[\"https:\/\/www.notibras.com\/site\/china-estreita-lacoes-comerciais-e-politicos-com-os-africanos\/\"]}]},{\"@type\":\"ImageObject\",\"inLanguage\":\"pt-BR\",\"@id\":\"https:\/\/www.notibras.com\/site\/china-estreita-lacoes-comerciais-e-politicos-com-os-africanos\/#primaryimage\",\"url\":\"https:\/\/www.notibras.com\/site\/wp-content\/uploads\/2017\/03\/xi-jinping_122314.jpg\",\"contentUrl\":\"https:\/\/www.notibras.com\/site\/wp-content\/uploads\/2017\/03\/xi-jinping_122314.jpg\",\"width\":1460,\"height\":913,\"caption\":\"Foto\/Arquivo Notibras\"},{\"@type\":\"BreadcrumbList\",\"@id\":\"https:\/\/www.notibras.com\/site\/china-estreita-lacoes-comerciais-e-politicos-com-os-africanos\/#breadcrumb\",\"itemListElement\":[{\"@type\":\"ListItem\",\"position\":1,\"name\":\"In\u00edcio\",\"item\":\"https:\/\/www.notibras.com\/site\/\"},{\"@type\":\"ListItem\",\"position\":2,\"name\":\"China estreita la\u00e7\u00f5es comerciais e pol\u00edticos com os africanos\"}]},{\"@type\":\"WebSite\",\"@id\":\"https:\/\/www.notibras.com\/site\/#website\",\"url\":\"https:\/\/www.notibras.com\/site\/\",\"name\":\"Notibras\",\"description\":\"Not\u00edcias de Bras\u00edlia, do Brasil e do Mundo\",\"publisher\":{\"@id\":\"https:\/\/www.notibras.com\/site\/#organization\"},\"potentialAction\":[{\"@type\":\"SearchAction\",\"target\":{\"@type\":\"EntryPoint\",\"urlTemplate\":\"https:\/\/www.notibras.com\/site\/?s={search_term_string}\"},\"query-input\":{\"@type\":\"PropertyValueSpecification\",\"valueRequired\":true,\"valueName\":\"search_term_string\"}}],\"inLanguage\":\"pt-BR\"},{\"@type\":\"Organization\",\"@id\":\"https:\/\/www.notibras.com\/site\/#organization\",\"name\":\"Grupo Notibras de Comunica\u00e7\u00e3o\",\"url\":\"https:\/\/www.notibras.com\/site\/\",\"logo\":{\"@type\":\"ImageObject\",\"inLanguage\":\"pt-BR\",\"@id\":\"https:\/\/www.notibras.com\/site\/#\/schema\/logo\/image\/\",\"url\":\"https:\/\/www.notibras.com\/site\/wp-content\/uploads\/2023\/01\/notibras23.png\",\"contentUrl\":\"https:\/\/www.notibras.com\/site\/wp-content\/uploads\/2023\/01\/notibras23.png\",\"width\":350,\"height\":87,\"caption\":\"Grupo Notibras de Comunica\u00e7\u00e3o\"},\"image\":{\"@id\":\"https:\/\/www.notibras.com\/site\/#\/schema\/logo\/image\/\"},\"sameAs\":[\"https:\/\/www.facebook.com\/notibras\/\",\"https:\/\/x.com\/Notibras\",\"https:\/\/www.instagram.com\/notibras\/\"]},{\"@type\":\"Person\",\"@id\":\"https:\/\/www.notibras.com\/site\/#\/schema\/person\/36ab0979449956132d3e5b517ea76ac8\",\"name\":\"Reda\u00e7\u00e3o\",\"image\":{\"@type\":\"ImageObject\",\"inLanguage\":\"pt-BR\",\"@id\":\"https:\/\/secure.gravatar.com\/avatar\/e0a867bdedb85fd243eadf09663511f96fc81e0720a4a42581f334ad4303aa6b?s=96&d=mm&r=g\",\"url\":\"https:\/\/secure.gravatar.com\/avatar\/e0a867bdedb85fd243eadf09663511f96fc81e0720a4a42581f334ad4303aa6b?s=96&d=mm&r=g\",\"contentUrl\":\"https:\/\/secure.gravatar.com\/avatar\/e0a867bdedb85fd243eadf09663511f96fc81e0720a4a42581f334ad4303aa6b?s=96&d=mm&r=g\",\"caption\":\"Reda\u00e7\u00e3o\"}}]}<\/script>\n<!-- \/ Yoast SEO plugin. -->","yoast_head_json":{"title":"China estreita la\u00e7\u00f5es comerciais e pol\u00edticos com os africanos - Notibras","robots":{"index":"index","follow":"follow","max-snippet":"max-snippet:-1","max-image-preview":"max-image-preview:large","max-video-preview":"max-video-preview:-1"},"canonical":"https:\/\/www.notibras.com\/site\/china-estreita-lacoes-comerciais-e-politicos-com-os-africanos\/","og_locale":"pt_BR","og_type":"article","og_title":"China estreita la\u00e7\u00f5es comerciais e pol\u00edticos com os africanos - Notibras","og_description":"O presidente da China, Xi Jinping, chegou a Ruanda, a segunda parada da sua visita \u00e0 \u00c1frica. O presidente de Ruanda, Paul Kagame, recebeu Xi como o primeiro presidente chin\u00eas a visitar o pa\u00eds da \u00c1frica Oriental. Na segunda-feira, Xi deve visitar um memorial do genoc\u00eddio de Ruanda de 1994 e assinar acordos bilaterais. O [&hellip;]","og_url":"https:\/\/www.notibras.com\/site\/china-estreita-lacoes-comerciais-e-politicos-com-os-africanos\/","og_site_name":"Notibras","article_publisher":"https:\/\/www.facebook.com\/notibras\/","article_published_time":"2018-07-23T03:31:41+00:00","article_modified_time":"2018-07-23T06:32:58+00:00","og_image":[{"width":1460,"height":913,"url":"https:\/\/www.notibras.com\/site\/wp-content\/uploads\/2017\/03\/xi-jinping_122314.jpg","type":"image\/jpeg"}],"author":"Reda\u00e7\u00e3o","twitter_card":"summary_large_image","twitter_creator":"@Notibras","twitter_site":"@Notibras","twitter_misc":{"Escrito por":"Reda\u00e7\u00e3o","Est. tempo de leitura":"1 minuto"},"schema":{"@context":"https:\/\/schema.org","@graph":[{"@type":"Article","@id":"https:\/\/www.notibras.com\/site\/china-estreita-lacoes-comerciais-e-politicos-com-os-africanos\/#article","isPartOf":{"@id":"https:\/\/www.notibras.com\/site\/china-estreita-lacoes-comerciais-e-politicos-com-os-africanos\/"},"author":{"name":"Reda\u00e7\u00e3o","@id":"https:\/\/www.notibras.com\/site\/#\/schema\/person\/36ab0979449956132d3e5b517ea76ac8"},"headline":"China estreita la\u00e7\u00f5es comerciais e pol\u00edticos com os africanos","datePublished":"2018-07-23T03:31:41+00:00","dateModified":"2018-07-23T06:32:58+00:00","mainEntityOfPage":{"@id":"https:\/\/www.notibras.com\/site\/china-estreita-lacoes-comerciais-e-politicos-com-os-africanos\/"},"wordCount":135,"publisher":{"@id":"https:\/\/www.notibras.com\/site\/#organization"},"image":{"@id":"https:\/\/www.notibras.com\/site\/china-estreita-lacoes-comerciais-e-politicos-com-os-africanos\/#primaryimage"},"thumbnailUrl":"https:\/\/www.notibras.com\/site\/wp-content\/uploads\/2017\/03\/xi-jinping_122314.jpg","articleSection":["Mundo"],"inLanguage":"pt-BR"},{"@type":"WebPage","@id":"https:\/\/www.notibras.com\/site\/china-estreita-lacoes-comerciais-e-politicos-com-os-africanos\/","url":"https:\/\/www.notibras.com\/site\/china-estreita-lacoes-comerciais-e-politicos-com-os-africanos\/","name":"China estreita la\u00e7\u00f5es comerciais e pol\u00edticos com os africanos - Notibras","isPartOf":{"@id":"https:\/\/www.notibras.com\/site\/#website"},"primaryImageOfPage":{"@id":"https:\/\/www.notibras.com\/site\/china-estreita-lacoes-comerciais-e-politicos-com-os-africanos\/#primaryimage"},"image":{"@id":"https:\/\/www.notibras.com\/site\/china-estreita-lacoes-comerciais-e-politicos-com-os-africanos\/#primaryimage"},"thumbnailUrl":"https:\/\/www.notibras.com\/site\/wp-content\/uploads\/2017\/03\/xi-jinping_122314.jpg","datePublished":"2018-07-23T03:31:41+00:00","dateModified":"2018-07-23T06:32:58+00:00","breadcrumb":{"@id":"https:\/\/www.notibras.com\/site\/china-estreita-lacoes-comerciais-e-politicos-com-os-africanos\/#breadcrumb"},"inLanguage":"pt-BR","potentialAction":[{"@type":"ReadAction","target":["https:\/\/www.notibras.com\/site\/china-estreita-lacoes-comerciais-e-politicos-com-os-africanos\/"]}]},{"@type":"ImageObject","inLanguage":"pt-BR","@id":"https:\/\/www.notibras.com\/site\/china-estreita-lacoes-comerciais-e-politicos-com-os-africanos\/#primaryimage","url":"https:\/\/www.notibras.com\/site\/wp-content\/uploads\/2017\/03\/xi-jinping_122314.jpg","contentUrl":"https:\/\/www.notibras.com\/site\/wp-content\/uploads\/2017\/03\/xi-jinping_122314.jpg","width":1460,"height":913,"caption":"Foto\/Arquivo Notibras"},{"@type":"BreadcrumbList","@id":"https:\/\/www.notibras.com\/site\/china-estreita-lacoes-comerciais-e-politicos-com-os-africanos\/#breadcrumb","itemListElement":[{"@type":"ListItem","position":1,"name":"In\u00edcio","item":"https:\/\/www.notibras.com\/site\/"},{"@type":"ListItem","position":2,"name":"China estreita la\u00e7\u00f5es comerciais e pol\u00edticos com os africanos"}]},{"@type":"WebSite","@id":"https:\/\/www.notibras.com\/site\/#website","url":"https:\/\/www.notibras.com\/site\/","name":"Notibras","description":"Not\u00edcias de Bras\u00edlia, do Brasil e do Mundo","publisher":{"@id":"https:\/\/www.notibras.com\/site\/#organization"},"potentialAction":[{"@type":"SearchAction","target":{"@type":"EntryPoint","urlTemplate":"https:\/\/www.notibras.com\/site\/?s={search_term_string}"},"query-input":{"@type":"PropertyValueSpecification","valueRequired":true,"valueName":"search_term_string"}}],"inLanguage":"pt-BR"},{"@type":"Organization","@id":"https:\/\/www.notibras.com\/site\/#organization","name":"Grupo Notibras de Comunica\u00e7\u00e3o","url":"https:\/\/www.notibras.com\/site\/","logo":{"@type":"ImageObject","inLanguage":"pt-BR","@id":"https:\/\/www.notibras.com\/site\/#\/schema\/logo\/image\/","url":"https:\/\/www.notibras.com\/site\/wp-content\/uploads\/2023\/01\/notibras23.png","contentUrl":"https:\/\/www.notibras.com\/site\/wp-content\/uploads\/2023\/01\/notibras23.png","width":350,"height":87,"caption":"Grupo Notibras de Comunica\u00e7\u00e3o"},"image":{"@id":"https:\/\/www.notibras.com\/site\/#\/schema\/logo\/image\/"},"sameAs":["https:\/\/www.facebook.com\/notibras\/","https:\/\/x.com\/Notibras","https:\/\/www.instagram.com\/notibras\/"]},{"@type":"Person","@id":"https:\/\/www.notibras.com\/site\/#\/schema\/person\/36ab0979449956132d3e5b517ea76ac8","name":"Reda\u00e7\u00e3o","image":{"@type":"ImageObject","inLanguage":"pt-BR","@id":"https:\/\/secure.gravatar.com\/avatar\/e0a867bdedb85fd243eadf09663511f96fc81e0720a4a42581f334ad4303aa6b?s=96&d=mm&r=g","url":"https:\/\/secure.gravatar.com\/avatar\/e0a867bdedb85fd243eadf09663511f96fc81e0720a4a42581f334ad4303aa6b?s=96&d=mm&r=g","contentUrl":"https:\/\/secure.gravatar.com\/avatar\/e0a867bdedb85fd243eadf09663511f96fc81e0720a4a42581f334ad4303aa6b?s=96&d=mm&r=g","caption":"Reda\u00e7\u00e3o"}}]}},"amp_enabled":true,"_links":{"self":[{"href":"https:\/\/www.notibras.com\/site\/wp-json\/wp\/v2\/posts\/186139","targetHints":{"allow":["GET"]}}],"collection":[{"href":"https:\/\/www.notibras.com\/site\/wp-json\/wp\/v2\/posts"}],"about":[{"href":"https:\/\/www.notibras.com\/site\/wp-json\/wp\/v2\/types\/post"}],"author":[{"embeddable":true,"href":"https:\/\/www.notibras.com\/site\/wp-json\/wp\/v2\/users\/2"}],"replies":[{"embeddable":true,"href":"https:\/\/www.notibras.com\/site\/wp-json\/wp\/v2\/comments?post=186139"}],"version-history":[{"count":1,"href":"https:\/\/www.notibras.com\/site\/wp-json\/wp\/v2\/posts\/186139\/revisions"}],"predecessor-version":[{"id":186140,"href":"https:\/\/www.notibras.com\/site\/wp-json\/wp\/v2\/posts\/186139\/revisions\/186140"}],"wp:featuredmedia":[{"embeddable":true,"href":"https:\/\/www.notibras.com\/site\/wp-json\/wp\/v2\/media\/133676"}],"wp:attachment":[{"href":"https:\/\/www.notibras.com\/site\/wp-json\/wp\/v2\/media?parent=186139"}],"wp:term":[{"taxonomy":"category","embeddable":true,"href":"https:\/\/www.notibras.com\/site\/wp-json\/wp\/v2\/categories?post=186139"},{"taxonomy":"post_tag","embeddable":true,"href":"https:\/\/www.notibras.com\/site\/wp-json\/wp\/v2\/tags?post=186139"}],"curies":[{"name":"wp","href":"https:\/\/api.w.org\/{rel}","templated":true}]}}