{"id":186141,"date":"2018-07-23T00:00:44","date_gmt":"2018-07-23T03:00:44","guid":{"rendered":"https:\/\/www.notibras.com\/site\/?p=186141"},"modified":"2018-07-23T03:36:40","modified_gmt":"2018-07-23T06:36:40","slug":"assessor-de-seguranca-de-macron-vai-responder-a-processo","status":"publish","type":"post","link":"https:\/\/www.notibras.com\/site\/assessor-de-seguranca-de-macron-vai-responder-a-processo\/","title":{"rendered":"Assessor de seguran\u00e7a de Macron vai responder a processo"},"content":{"rendered":"<p>Um dos principais assessores de seguran\u00e7a do presidente da Fran\u00e7a, Emmanuel Macron, foi acusado formalmente depois que um v\u00eddeo mostrou que ele havia agredido um manifestante em um protesto. As acusa\u00e7\u00f5es m\u00faltiplas contra Alexandre Benalla incluem viol\u00eancia, interfer\u00eancia no exerc\u00edcio do cargo p\u00fablico e exibi\u00e7\u00e3o p\u00fablica n\u00e3o autorizada de ins\u00edgnias oficiais.<\/p>\n<p>O v\u00eddeo divulgado pelo jornal Le Monde na quarta-feira provocou a primeira grande crise pol\u00edtica para Macron desde que ele assumiu o cargo no ano passado. Legisladores e oponentes pol\u00edticos do presidente questionaram por que Benalla n\u00e3o foi demitido quando autoridades presidenciais souberam do espancamento meses atr\u00e1s.<\/p>\n<p>A grava\u00e7\u00e3o mostra Benalla, que n\u00e3o \u00e9 policial, usando um capacete da pol\u00edcia no protesto de 1\u00ba de maio. Cercado pela pol\u00edcia antimotim, ele brutalmente arrastou uma mulher da multid\u00e3o e depois bateu repetidamente em um jovem manifestante no ch\u00e3o. O homem pode ser ouvido no v\u00eddeo implorando a Benalla para parar.<\/p>\n<p>O pal\u00e1cio presidencial iniciou o processo para demitir Benalla na sexta-feira, e investigadores fizeram buscas em sua casa no s\u00e1bado. O gabinete de Macron disse que Benalla deveria estar acompanhando os oficiais ao protesto de maio como observador.<\/p>\n<p>O gabinete do presidente tem sido alvo de cr\u00edticas desde que revelou que sabia sobre o ataque antes da semana passada. Benalla inicialmente recebeu apenas uma suspens\u00e3o de duas semanas e ainda tinha um escrit\u00f3rio no pal\u00e1cio presidencial dois meses ap\u00f3s o espancamento.<\/p>\n","protected":false},"excerpt":{"rendered":"<p>Um dos principais assessores de seguran\u00e7a do presidente da Fran\u00e7a, Emmanuel Macron, foi acusado formalmente depois que um v\u00eddeo mostrou que ele havia agredido um manifestante em um protesto. As acusa\u00e7\u00f5es m\u00faltiplas contra Alexandre Benalla incluem viol\u00eancia, interfer\u00eancia no exerc\u00edcio do cargo p\u00fablico e exibi\u00e7\u00e3o p\u00fablica n\u00e3o autorizada de ins\u00edgnias oficiais. O v\u00eddeo divulgado pelo [&hellip;]<\/p>\n","protected":false},"author":2,"featured_media":186142,"comment_status":"closed","ping_status":"closed","sticky":false,"template":"","format":"standard","meta":{"_acf_changed":false,"footnotes":""},"categories":[17],"tags":[],"class_list":["post-186141","post","type-post","status-publish","format-standard","has-post-thumbnail","hentry","category-mundo"],"acf":[],"yoast_head":"<!-- This site is optimized with the Yoast SEO plugin v27.2 - https:\/\/yoast.com\/product\/yoast-seo-wordpress\/ -->\n<title>Assessor de seguran\u00e7a de Macron vai responder a processo - Notibras<\/title>\n<meta name=\"robots\" content=\"index, follow, max-snippet:-1, max-image-preview:large, max-video-preview:-1\" \/>\n<link rel=\"canonical\" href=\"https:\/\/www.notibras.com\/site\/assessor-de-seguranca-de-macron-vai-responder-a-processo\/\" \/>\n<meta property=\"og:locale\" content=\"pt_BR\" \/>\n<meta property=\"og:type\" content=\"article\" \/>\n<meta property=\"og:title\" content=\"Assessor de seguran\u00e7a de Macron vai responder a processo - Notibras\" \/>\n<meta property=\"og:description\" content=\"Um dos principais assessores de seguran\u00e7a do presidente da Fran\u00e7a, Emmanuel Macron, foi acusado formalmente depois que um v\u00eddeo mostrou que ele havia agredido um manifestante em um protesto. As acusa\u00e7\u00f5es m\u00faltiplas contra Alexandre Benalla incluem viol\u00eancia, interfer\u00eancia no exerc\u00edcio do cargo p\u00fablico e exibi\u00e7\u00e3o p\u00fablica n\u00e3o autorizada de ins\u00edgnias oficiais. O v\u00eddeo divulgado pelo [&hellip;]\" \/>\n<meta property=\"og:url\" content=\"https:\/\/www.notibras.com\/site\/assessor-de-seguranca-de-macron-vai-responder-a-processo\/\" \/>\n<meta property=\"og:site_name\" content=\"Notibras\" \/>\n<meta property=\"article:publisher\" content=\"https:\/\/www.facebook.com\/notibras\/\" \/>\n<meta property=\"article:published_time\" content=\"2018-07-23T03:00:44+00:00\" \/>\n<meta property=\"article:modified_time\" content=\"2018-07-23T06:36:40+00:00\" \/>\n<meta property=\"og:image\" content=\"https:\/\/www.notibras.com\/site\/wp-content\/uploads\/2018\/07\/Alexandre-Benalla.jpg\" \/>\n\t<meta property=\"og:image:width\" content=\"685\" \/>\n\t<meta property=\"og:image:height\" content=\"385\" \/>\n\t<meta property=\"og:image:type\" content=\"image\/jpeg\" \/>\n<meta name=\"author\" content=\"Reda\u00e7\u00e3o\" \/>\n<meta name=\"twitter:card\" content=\"summary_large_image\" \/>\n<meta name=\"twitter:creator\" content=\"@Notibras\" \/>\n<meta name=\"twitter:site\" content=\"@Notibras\" \/>\n<meta name=\"twitter:label1\" content=\"Escrito por\" \/>\n\t<meta name=\"twitter:data1\" content=\"Reda\u00e7\u00e3o\" \/>\n\t<meta name=\"twitter:label2\" content=\"Est. tempo de leitura\" \/>\n\t<meta name=\"twitter:data2\" content=\"1 minuto\" \/>\n<script type=\"application\/ld+json\" class=\"yoast-schema-graph\">{\"@context\":\"https:\/\/schema.org\",\"@graph\":[{\"@type\":\"Article\",\"@id\":\"https:\/\/www.notibras.com\/site\/assessor-de-seguranca-de-macron-vai-responder-a-processo\/#article\",\"isPartOf\":{\"@id\":\"https:\/\/www.notibras.com\/site\/assessor-de-seguranca-de-macron-vai-responder-a-processo\/\"},\"author\":{\"name\":\"Reda\u00e7\u00e3o\",\"@id\":\"https:\/\/www.notibras.com\/site\/#\/schema\/person\/36ab0979449956132d3e5b517ea76ac8\"},\"headline\":\"Assessor de seguran\u00e7a de Macron vai responder a processo\",\"datePublished\":\"2018-07-23T03:00:44+00:00\",\"dateModified\":\"2018-07-23T06:36:40+00:00\",\"mainEntityOfPage\":{\"@id\":\"https:\/\/www.notibras.com\/site\/assessor-de-seguranca-de-macron-vai-responder-a-processo\/\"},\"wordCount\":271,\"publisher\":{\"@id\":\"https:\/\/www.notibras.com\/site\/#organization\"},\"image\":{\"@id\":\"https:\/\/www.notibras.com\/site\/assessor-de-seguranca-de-macron-vai-responder-a-processo\/#primaryimage\"},\"thumbnailUrl\":\"https:\/\/www.notibras.com\/site\/wp-content\/uploads\/2018\/07\/Alexandre-Benalla.jpg\",\"articleSection\":[\"Mundo\"],\"inLanguage\":\"pt-BR\"},{\"@type\":\"WebPage\",\"@id\":\"https:\/\/www.notibras.com\/site\/assessor-de-seguranca-de-macron-vai-responder-a-processo\/\",\"url\":\"https:\/\/www.notibras.com\/site\/assessor-de-seguranca-de-macron-vai-responder-a-processo\/\",\"name\":\"Assessor de seguran\u00e7a de Macron vai responder a processo - Notibras\",\"isPartOf\":{\"@id\":\"https:\/\/www.notibras.com\/site\/#website\"},\"primaryImageOfPage\":{\"@id\":\"https:\/\/www.notibras.com\/site\/assessor-de-seguranca-de-macron-vai-responder-a-processo\/#primaryimage\"},\"image\":{\"@id\":\"https:\/\/www.notibras.com\/site\/assessor-de-seguranca-de-macron-vai-responder-a-processo\/#primaryimage\"},\"thumbnailUrl\":\"https:\/\/www.notibras.com\/site\/wp-content\/uploads\/2018\/07\/Alexandre-Benalla.jpg\",\"datePublished\":\"2018-07-23T03:00:44+00:00\",\"dateModified\":\"2018-07-23T06:36:40+00:00\",\"breadcrumb\":{\"@id\":\"https:\/\/www.notibras.com\/site\/assessor-de-seguranca-de-macron-vai-responder-a-processo\/#breadcrumb\"},\"inLanguage\":\"pt-BR\",\"potentialAction\":[{\"@type\":\"ReadAction\",\"target\":[\"https:\/\/www.notibras.com\/site\/assessor-de-seguranca-de-macron-vai-responder-a-processo\/\"]}]},{\"@type\":\"ImageObject\",\"inLanguage\":\"pt-BR\",\"@id\":\"https:\/\/www.notibras.com\/site\/assessor-de-seguranca-de-macron-vai-responder-a-processo\/#primaryimage\",\"url\":\"https:\/\/www.notibras.com\/site\/wp-content\/uploads\/2018\/07\/Alexandre-Benalla.jpg\",\"contentUrl\":\"https:\/\/www.notibras.com\/site\/wp-content\/uploads\/2018\/07\/Alexandre-Benalla.jpg\",\"width\":685,\"height\":385,\"caption\":\"Foto\/Divulga\u00e7\u00e3o\"},{\"@type\":\"BreadcrumbList\",\"@id\":\"https:\/\/www.notibras.com\/site\/assessor-de-seguranca-de-macron-vai-responder-a-processo\/#breadcrumb\",\"itemListElement\":[{\"@type\":\"ListItem\",\"position\":1,\"name\":\"In\u00edcio\",\"item\":\"https:\/\/www.notibras.com\/site\/\"},{\"@type\":\"ListItem\",\"position\":2,\"name\":\"Assessor de seguran\u00e7a de Macron vai responder a processo\"}]},{\"@type\":\"WebSite\",\"@id\":\"https:\/\/www.notibras.com\/site\/#website\",\"url\":\"https:\/\/www.notibras.com\/site\/\",\"name\":\"Notibras\",\"description\":\"Not\u00edcias de Bras\u00edlia, do Brasil e do Mundo\",\"publisher\":{\"@id\":\"https:\/\/www.notibras.com\/site\/#organization\"},\"potentialAction\":[{\"@type\":\"SearchAction\",\"target\":{\"@type\":\"EntryPoint\",\"urlTemplate\":\"https:\/\/www.notibras.com\/site\/?s={search_term_string}\"},\"query-input\":{\"@type\":\"PropertyValueSpecification\",\"valueRequired\":true,\"valueName\":\"search_term_string\"}}],\"inLanguage\":\"pt-BR\"},{\"@type\":\"Organization\",\"@id\":\"https:\/\/www.notibras.com\/site\/#organization\",\"name\":\"Grupo Notibras de Comunica\u00e7\u00e3o\",\"url\":\"https:\/\/www.notibras.com\/site\/\",\"logo\":{\"@type\":\"ImageObject\",\"inLanguage\":\"pt-BR\",\"@id\":\"https:\/\/www.notibras.com\/site\/#\/schema\/logo\/image\/\",\"url\":\"https:\/\/www.notibras.com\/site\/wp-content\/uploads\/2023\/01\/notibras23.png\",\"contentUrl\":\"https:\/\/www.notibras.com\/site\/wp-content\/uploads\/2023\/01\/notibras23.png\",\"width\":350,\"height\":87,\"caption\":\"Grupo Notibras de Comunica\u00e7\u00e3o\"},\"image\":{\"@id\":\"https:\/\/www.notibras.com\/site\/#\/schema\/logo\/image\/\"},\"sameAs\":[\"https:\/\/www.facebook.com\/notibras\/\",\"https:\/\/x.com\/Notibras\",\"https:\/\/www.instagram.com\/notibras\/\"]},{\"@type\":\"Person\",\"@id\":\"https:\/\/www.notibras.com\/site\/#\/schema\/person\/36ab0979449956132d3e5b517ea76ac8\",\"name\":\"Reda\u00e7\u00e3o\",\"image\":{\"@type\":\"ImageObject\",\"inLanguage\":\"pt-BR\",\"@id\":\"https:\/\/secure.gravatar.com\/avatar\/e0a867bdedb85fd243eadf09663511f96fc81e0720a4a42581f334ad4303aa6b?s=96&d=mm&r=g\",\"url\":\"https:\/\/secure.gravatar.com\/avatar\/e0a867bdedb85fd243eadf09663511f96fc81e0720a4a42581f334ad4303aa6b?s=96&d=mm&r=g\",\"contentUrl\":\"https:\/\/secure.gravatar.com\/avatar\/e0a867bdedb85fd243eadf09663511f96fc81e0720a4a42581f334ad4303aa6b?s=96&d=mm&r=g\",\"caption\":\"Reda\u00e7\u00e3o\"}}]}<\/script>\n<!-- \/ Yoast SEO plugin. -->","yoast_head_json":{"title":"Assessor de seguran\u00e7a de Macron vai responder a processo - Notibras","robots":{"index":"index","follow":"follow","max-snippet":"max-snippet:-1","max-image-preview":"max-image-preview:large","max-video-preview":"max-video-preview:-1"},"canonical":"https:\/\/www.notibras.com\/site\/assessor-de-seguranca-de-macron-vai-responder-a-processo\/","og_locale":"pt_BR","og_type":"article","og_title":"Assessor de seguran\u00e7a de Macron vai responder a processo - Notibras","og_description":"Um dos principais assessores de seguran\u00e7a do presidente da Fran\u00e7a, Emmanuel Macron, foi acusado formalmente depois que um v\u00eddeo mostrou que ele havia agredido um manifestante em um protesto. As acusa\u00e7\u00f5es m\u00faltiplas contra Alexandre Benalla incluem viol\u00eancia, interfer\u00eancia no exerc\u00edcio do cargo p\u00fablico e exibi\u00e7\u00e3o p\u00fablica n\u00e3o autorizada de ins\u00edgnias oficiais. O v\u00eddeo divulgado pelo [&hellip;]","og_url":"https:\/\/www.notibras.com\/site\/assessor-de-seguranca-de-macron-vai-responder-a-processo\/","og_site_name":"Notibras","article_publisher":"https:\/\/www.facebook.com\/notibras\/","article_published_time":"2018-07-23T03:00:44+00:00","article_modified_time":"2018-07-23T06:36:40+00:00","og_image":[{"width":685,"height":385,"url":"https:\/\/www.notibras.com\/site\/wp-content\/uploads\/2018\/07\/Alexandre-Benalla.jpg","type":"image\/jpeg"}],"author":"Reda\u00e7\u00e3o","twitter_card":"summary_large_image","twitter_creator":"@Notibras","twitter_site":"@Notibras","twitter_misc":{"Escrito por":"Reda\u00e7\u00e3o","Est. tempo de leitura":"1 minuto"},"schema":{"@context":"https:\/\/schema.org","@graph":[{"@type":"Article","@id":"https:\/\/www.notibras.com\/site\/assessor-de-seguranca-de-macron-vai-responder-a-processo\/#article","isPartOf":{"@id":"https:\/\/www.notibras.com\/site\/assessor-de-seguranca-de-macron-vai-responder-a-processo\/"},"author":{"name":"Reda\u00e7\u00e3o","@id":"https:\/\/www.notibras.com\/site\/#\/schema\/person\/36ab0979449956132d3e5b517ea76ac8"},"headline":"Assessor de seguran\u00e7a de Macron vai responder a processo","datePublished":"2018-07-23T03:00:44+00:00","dateModified":"2018-07-23T06:36:40+00:00","mainEntityOfPage":{"@id":"https:\/\/www.notibras.com\/site\/assessor-de-seguranca-de-macron-vai-responder-a-processo\/"},"wordCount":271,"publisher":{"@id":"https:\/\/www.notibras.com\/site\/#organization"},"image":{"@id":"https:\/\/www.notibras.com\/site\/assessor-de-seguranca-de-macron-vai-responder-a-processo\/#primaryimage"},"thumbnailUrl":"https:\/\/www.notibras.com\/site\/wp-content\/uploads\/2018\/07\/Alexandre-Benalla.jpg","articleSection":["Mundo"],"inLanguage":"pt-BR"},{"@type":"WebPage","@id":"https:\/\/www.notibras.com\/site\/assessor-de-seguranca-de-macron-vai-responder-a-processo\/","url":"https:\/\/www.notibras.com\/site\/assessor-de-seguranca-de-macron-vai-responder-a-processo\/","name":"Assessor de seguran\u00e7a de Macron vai responder a processo - Notibras","isPartOf":{"@id":"https:\/\/www.notibras.com\/site\/#website"},"primaryImageOfPage":{"@id":"https:\/\/www.notibras.com\/site\/assessor-de-seguranca-de-macron-vai-responder-a-processo\/#primaryimage"},"image":{"@id":"https:\/\/www.notibras.com\/site\/assessor-de-seguranca-de-macron-vai-responder-a-processo\/#primaryimage"},"thumbnailUrl":"https:\/\/www.notibras.com\/site\/wp-content\/uploads\/2018\/07\/Alexandre-Benalla.jpg","datePublished":"2018-07-23T03:00:44+00:00","dateModified":"2018-07-23T06:36:40+00:00","breadcrumb":{"@id":"https:\/\/www.notibras.com\/site\/assessor-de-seguranca-de-macron-vai-responder-a-processo\/#breadcrumb"},"inLanguage":"pt-BR","potentialAction":[{"@type":"ReadAction","target":["https:\/\/www.notibras.com\/site\/assessor-de-seguranca-de-macron-vai-responder-a-processo\/"]}]},{"@type":"ImageObject","inLanguage":"pt-BR","@id":"https:\/\/www.notibras.com\/site\/assessor-de-seguranca-de-macron-vai-responder-a-processo\/#primaryimage","url":"https:\/\/www.notibras.com\/site\/wp-content\/uploads\/2018\/07\/Alexandre-Benalla.jpg","contentUrl":"https:\/\/www.notibras.com\/site\/wp-content\/uploads\/2018\/07\/Alexandre-Benalla.jpg","width":685,"height":385,"caption":"Foto\/Divulga\u00e7\u00e3o"},{"@type":"BreadcrumbList","@id":"https:\/\/www.notibras.com\/site\/assessor-de-seguranca-de-macron-vai-responder-a-processo\/#breadcrumb","itemListElement":[{"@type":"ListItem","position":1,"name":"In\u00edcio","item":"https:\/\/www.notibras.com\/site\/"},{"@type":"ListItem","position":2,"name":"Assessor de seguran\u00e7a de Macron vai responder a processo"}]},{"@type":"WebSite","@id":"https:\/\/www.notibras.com\/site\/#website","url":"https:\/\/www.notibras.com\/site\/","name":"Notibras","description":"Not\u00edcias de Bras\u00edlia, do Brasil e do Mundo","publisher":{"@id":"https:\/\/www.notibras.com\/site\/#organization"},"potentialAction":[{"@type":"SearchAction","target":{"@type":"EntryPoint","urlTemplate":"https:\/\/www.notibras.com\/site\/?s={search_term_string}"},"query-input":{"@type":"PropertyValueSpecification","valueRequired":true,"valueName":"search_term_string"}}],"inLanguage":"pt-BR"},{"@type":"Organization","@id":"https:\/\/www.notibras.com\/site\/#organization","name":"Grupo Notibras de Comunica\u00e7\u00e3o","url":"https:\/\/www.notibras.com\/site\/","logo":{"@type":"ImageObject","inLanguage":"pt-BR","@id":"https:\/\/www.notibras.com\/site\/#\/schema\/logo\/image\/","url":"https:\/\/www.notibras.com\/site\/wp-content\/uploads\/2023\/01\/notibras23.png","contentUrl":"https:\/\/www.notibras.com\/site\/wp-content\/uploads\/2023\/01\/notibras23.png","width":350,"height":87,"caption":"Grupo Notibras de Comunica\u00e7\u00e3o"},"image":{"@id":"https:\/\/www.notibras.com\/site\/#\/schema\/logo\/image\/"},"sameAs":["https:\/\/www.facebook.com\/notibras\/","https:\/\/x.com\/Notibras","https:\/\/www.instagram.com\/notibras\/"]},{"@type":"Person","@id":"https:\/\/www.notibras.com\/site\/#\/schema\/person\/36ab0979449956132d3e5b517ea76ac8","name":"Reda\u00e7\u00e3o","image":{"@type":"ImageObject","inLanguage":"pt-BR","@id":"https:\/\/secure.gravatar.com\/avatar\/e0a867bdedb85fd243eadf09663511f96fc81e0720a4a42581f334ad4303aa6b?s=96&d=mm&r=g","url":"https:\/\/secure.gravatar.com\/avatar\/e0a867bdedb85fd243eadf09663511f96fc81e0720a4a42581f334ad4303aa6b?s=96&d=mm&r=g","contentUrl":"https:\/\/secure.gravatar.com\/avatar\/e0a867bdedb85fd243eadf09663511f96fc81e0720a4a42581f334ad4303aa6b?s=96&d=mm&r=g","caption":"Reda\u00e7\u00e3o"}}]}},"amp_enabled":true,"_links":{"self":[{"href":"https:\/\/www.notibras.com\/site\/wp-json\/wp\/v2\/posts\/186141","targetHints":{"allow":["GET"]}}],"collection":[{"href":"https:\/\/www.notibras.com\/site\/wp-json\/wp\/v2\/posts"}],"about":[{"href":"https:\/\/www.notibras.com\/site\/wp-json\/wp\/v2\/types\/post"}],"author":[{"embeddable":true,"href":"https:\/\/www.notibras.com\/site\/wp-json\/wp\/v2\/users\/2"}],"replies":[{"embeddable":true,"href":"https:\/\/www.notibras.com\/site\/wp-json\/wp\/v2\/comments?post=186141"}],"version-history":[{"count":1,"href":"https:\/\/www.notibras.com\/site\/wp-json\/wp\/v2\/posts\/186141\/revisions"}],"predecessor-version":[{"id":186143,"href":"https:\/\/www.notibras.com\/site\/wp-json\/wp\/v2\/posts\/186141\/revisions\/186143"}],"wp:featuredmedia":[{"embeddable":true,"href":"https:\/\/www.notibras.com\/site\/wp-json\/wp\/v2\/media\/186142"}],"wp:attachment":[{"href":"https:\/\/www.notibras.com\/site\/wp-json\/wp\/v2\/media?parent=186141"}],"wp:term":[{"taxonomy":"category","embeddable":true,"href":"https:\/\/www.notibras.com\/site\/wp-json\/wp\/v2\/categories?post=186141"},{"taxonomy":"post_tag","embeddable":true,"href":"https:\/\/www.notibras.com\/site\/wp-json\/wp\/v2\/tags?post=186141"}],"curies":[{"name":"wp","href":"https:\/\/api.w.org\/{rel}","templated":true}]}}