{"id":186150,"date":"2018-07-23T00:00:10","date_gmt":"2018-07-23T03:00:10","guid":{"rendered":"https:\/\/www.notibras.com\/site\/?p=186150"},"modified":"2018-07-23T03:50:14","modified_gmt":"2018-07-23T06:50:14","slug":"israel-e-aliados-resgatam-trabalhadores-em-territorio-sirio","status":"publish","type":"post","link":"https:\/\/www.notibras.com\/site\/israel-e-aliados-resgatam-trabalhadores-em-territorio-sirio\/","title":{"rendered":"Israel e aliados resgatam trabalhadores em territ\u00f3rio s\u00edrio"},"content":{"rendered":"<p>As for\u00e7as armadas israelenses em coordena\u00e7\u00e3o com seus aliados norte-americanos e europeus evacuaram centenas de trabalhadores de resgate s\u00edrios conhecidos como Capacetes Brancos da regi\u00e3o de fronteira do pa\u00eds com a S\u00edria, em uma opera\u00e7\u00e3o complexa e in\u00e9dita. Os trabalhadores resgatados, que foram cercados de um lado por tropas hostis da S\u00edria e do outro lado por militantes afiliados com o Estado Isl\u00e2mico, foram transportados para a Jord\u00e2nia, de onde devem ser reassentados para a Europa e o Canad\u00e1 nas pr\u00f3ximas semanas.<\/p>\n<p>O ministro das Rela\u00e7\u00f5es Exteriores da Jord\u00e2nia, Ayman Safadi, disse que 422 volunt\u00e1rios dos Capacetes Brancos foram evacuados, em vez dos 800 inicialmente planejados para a opera\u00e7\u00e3o. As For\u00e7as Armadas de Israel disseram que a opera\u00e7\u00e3o durante a noite foi &#8220;um gesto humanit\u00e1rio excepcional&#8221; a pedido dos Estados Unidos e dos aliados europeus devido a uma &#8220;amea\u00e7a imediata contra as vidas (s\u00edrias)&#8221;.<\/p>\n<p>O primeiro-ministro de Israel, Benjamin Netanyahu, divulgou uma declara\u00e7\u00e3o em v\u00eddeo dizendo que o presidente dos EUA, Donald Trump, o primeiro-ministro do Canad\u00e1, Justin Trudeau, e outros pediram que ele ajudasse a evacuar o grupo. &#8220;Estas s\u00e3o pessoas que salvaram vidas e cujas vidas est\u00e3o agora em perigo. Eu autorizei traz\u00ea-los atrav\u00e9s de Israel para outros pa\u00edses como um importante gesto humanit\u00e1rio&#8221;, disse Netanyahu.<\/p>\n<p>O Reino Unido apontou que a opera\u00e7\u00e3o foi poss\u00edvel devido aos esfor\u00e7os diplom\u00e1ticos conjuntos, saudando os esfor\u00e7os dos Capacetes Brancos para salvar vidas em \u00e1reas controladas pela oposi\u00e7\u00e3o ao governo s\u00edrio. Jeremy Hunt, secret\u00e1rio de Rela\u00e7\u00f5es Exteriores do Reino Unido, disse que a evacua\u00e7\u00e3o \u00e9 uma &#8220;not\u00edcia fant\u00e1stica&#8221; e agradeceu Israel e Jord\u00e2nia no Twitter por atuar rapidamente. Os Capacetes Brancos, segundo ele, &#8220;s\u00e3o os mais corajosos entre os corajosos e, em uma situa\u00e7\u00e3o desesperadora, \u00e9 pelo menos um raio de esperan\u00e7a&#8221;.<\/p>\n<p>Os membros dos Capacetes Brancos e suas fam\u00edlias ficaram presos ao longo da fronteira com as colinas de Gol\u00e3 ocupadas por Israel ap\u00f3s a ofensiva do governo s\u00edrio no sudoeste da S\u00edria, que come\u00e7ou em junho. Devido ao seu trabalho nas \u00e1reas da oposi\u00e7\u00e3o, onde eram quase exclusivamente os \u00fanicos a oferecer servi\u00e7os de resgate em face dos avan\u00e7os militares do governo s\u00edrio, eles foram considerados o inimigo p\u00fablico n\u00famero um pelo governo.<\/p>\n<p>A Alemanha disse que vai receber oito Capacetes Brancos que foram evacuados pelos militares israelenses. O governo alem\u00e3o disse em um comunicado neste domingo que os preparativos est\u00e3o em andamento para trazer os trabalhadores de resgate e um n\u00famero n\u00e3o especificado de membros das suas fam\u00edlias para a Alemanha.<\/p>\n","protected":false},"excerpt":{"rendered":"<p>As for\u00e7as armadas israelenses em coordena\u00e7\u00e3o com seus aliados norte-americanos e europeus evacuaram centenas de trabalhadores de resgate s\u00edrios conhecidos como Capacetes Brancos da regi\u00e3o de fronteira do pa\u00eds com a S\u00edria, em uma opera\u00e7\u00e3o complexa e in\u00e9dita. Os trabalhadores resgatados, que foram cercados de um lado por tropas hostis da S\u00edria e do outro [&hellip;]<\/p>\n","protected":false},"author":2,"featured_media":186151,"comment_status":"closed","ping_status":"closed","sticky":false,"template":"","format":"standard","meta":{"_acf_changed":false,"footnotes":""},"categories":[17],"tags":[],"class_list":["post-186150","post","type-post","status-publish","format-standard","has-post-thumbnail","hentry","category-mundo"],"acf":[],"yoast_head":"<!-- This site is optimized with the Yoast SEO plugin v27.2 - https:\/\/yoast.com\/product\/yoast-seo-wordpress\/ -->\n<title>Israel e aliados resgatam trabalhadores em territ\u00f3rio s\u00edrio - Notibras<\/title>\n<meta name=\"robots\" content=\"index, follow, max-snippet:-1, max-image-preview:large, max-video-preview:-1\" \/>\n<link rel=\"canonical\" href=\"https:\/\/www.notibras.com\/site\/israel-e-aliados-resgatam-trabalhadores-em-territorio-sirio\/\" \/>\n<meta property=\"og:locale\" content=\"pt_BR\" \/>\n<meta property=\"og:type\" content=\"article\" \/>\n<meta property=\"og:title\" content=\"Israel e aliados resgatam trabalhadores em territ\u00f3rio s\u00edrio - Notibras\" \/>\n<meta property=\"og:description\" content=\"As for\u00e7as armadas israelenses em coordena\u00e7\u00e3o com seus aliados norte-americanos e europeus evacuaram centenas de trabalhadores de resgate s\u00edrios conhecidos como Capacetes Brancos da regi\u00e3o de fronteira do pa\u00eds com a S\u00edria, em uma opera\u00e7\u00e3o complexa e in\u00e9dita. Os trabalhadores resgatados, que foram cercados de um lado por tropas hostis da S\u00edria e do outro [&hellip;]\" \/>\n<meta property=\"og:url\" content=\"https:\/\/www.notibras.com\/site\/israel-e-aliados-resgatam-trabalhadores-em-territorio-sirio\/\" \/>\n<meta property=\"og:site_name\" content=\"Notibras\" \/>\n<meta property=\"article:publisher\" content=\"https:\/\/www.facebook.com\/notibras\/\" \/>\n<meta property=\"article:published_time\" content=\"2018-07-23T03:00:10+00:00\" \/>\n<meta property=\"article:modified_time\" content=\"2018-07-23T06:50:14+00:00\" \/>\n<meta property=\"og:image\" content=\"https:\/\/www.notibras.com\/site\/wp-content\/uploads\/2018\/07\/resgate-siria.jpg\" \/>\n\t<meta property=\"og:image:width\" content=\"823\" \/>\n\t<meta property=\"og:image:height\" content=\"518\" \/>\n\t<meta property=\"og:image:type\" content=\"image\/jpeg\" \/>\n<meta name=\"author\" content=\"Reda\u00e7\u00e3o\" \/>\n<meta name=\"twitter:card\" content=\"summary_large_image\" \/>\n<meta name=\"twitter:creator\" content=\"@Notibras\" \/>\n<meta name=\"twitter:site\" content=\"@Notibras\" \/>\n<meta name=\"twitter:label1\" content=\"Escrito por\" \/>\n\t<meta name=\"twitter:data1\" content=\"Reda\u00e7\u00e3o\" \/>\n\t<meta name=\"twitter:label2\" content=\"Est. tempo de leitura\" \/>\n\t<meta name=\"twitter:data2\" content=\"2 minutos\" \/>\n<script type=\"application\/ld+json\" class=\"yoast-schema-graph\">{\"@context\":\"https:\/\/schema.org\",\"@graph\":[{\"@type\":\"Article\",\"@id\":\"https:\/\/www.notibras.com\/site\/israel-e-aliados-resgatam-trabalhadores-em-territorio-sirio\/#article\",\"isPartOf\":{\"@id\":\"https:\/\/www.notibras.com\/site\/israel-e-aliados-resgatam-trabalhadores-em-territorio-sirio\/\"},\"author\":{\"name\":\"Reda\u00e7\u00e3o\",\"@id\":\"https:\/\/www.notibras.com\/site\/#\/schema\/person\/36ab0979449956132d3e5b517ea76ac8\"},\"headline\":\"Israel e aliados resgatam trabalhadores em territ\u00f3rio s\u00edrio\",\"datePublished\":\"2018-07-23T03:00:10+00:00\",\"dateModified\":\"2018-07-23T06:50:14+00:00\",\"mainEntityOfPage\":{\"@id\":\"https:\/\/www.notibras.com\/site\/israel-e-aliados-resgatam-trabalhadores-em-territorio-sirio\/\"},\"wordCount\":479,\"publisher\":{\"@id\":\"https:\/\/www.notibras.com\/site\/#organization\"},\"image\":{\"@id\":\"https:\/\/www.notibras.com\/site\/israel-e-aliados-resgatam-trabalhadores-em-territorio-sirio\/#primaryimage\"},\"thumbnailUrl\":\"https:\/\/www.notibras.com\/site\/wp-content\/uploads\/2018\/07\/resgate-siria.jpg\",\"articleSection\":[\"Mundo\"],\"inLanguage\":\"pt-BR\"},{\"@type\":\"WebPage\",\"@id\":\"https:\/\/www.notibras.com\/site\/israel-e-aliados-resgatam-trabalhadores-em-territorio-sirio\/\",\"url\":\"https:\/\/www.notibras.com\/site\/israel-e-aliados-resgatam-trabalhadores-em-territorio-sirio\/\",\"name\":\"Israel e aliados resgatam trabalhadores em territ\u00f3rio s\u00edrio - Notibras\",\"isPartOf\":{\"@id\":\"https:\/\/www.notibras.com\/site\/#website\"},\"primaryImageOfPage\":{\"@id\":\"https:\/\/www.notibras.com\/site\/israel-e-aliados-resgatam-trabalhadores-em-territorio-sirio\/#primaryimage\"},\"image\":{\"@id\":\"https:\/\/www.notibras.com\/site\/israel-e-aliados-resgatam-trabalhadores-em-territorio-sirio\/#primaryimage\"},\"thumbnailUrl\":\"https:\/\/www.notibras.com\/site\/wp-content\/uploads\/2018\/07\/resgate-siria.jpg\",\"datePublished\":\"2018-07-23T03:00:10+00:00\",\"dateModified\":\"2018-07-23T06:50:14+00:00\",\"breadcrumb\":{\"@id\":\"https:\/\/www.notibras.com\/site\/israel-e-aliados-resgatam-trabalhadores-em-territorio-sirio\/#breadcrumb\"},\"inLanguage\":\"pt-BR\",\"potentialAction\":[{\"@type\":\"ReadAction\",\"target\":[\"https:\/\/www.notibras.com\/site\/israel-e-aliados-resgatam-trabalhadores-em-territorio-sirio\/\"]}]},{\"@type\":\"ImageObject\",\"inLanguage\":\"pt-BR\",\"@id\":\"https:\/\/www.notibras.com\/site\/israel-e-aliados-resgatam-trabalhadores-em-territorio-sirio\/#primaryimage\",\"url\":\"https:\/\/www.notibras.com\/site\/wp-content\/uploads\/2018\/07\/resgate-siria.jpg\",\"contentUrl\":\"https:\/\/www.notibras.com\/site\/wp-content\/uploads\/2018\/07\/resgate-siria.jpg\",\"width\":823,\"height\":518,\"caption\":\"Foto\/Sputniknews\"},{\"@type\":\"BreadcrumbList\",\"@id\":\"https:\/\/www.notibras.com\/site\/israel-e-aliados-resgatam-trabalhadores-em-territorio-sirio\/#breadcrumb\",\"itemListElement\":[{\"@type\":\"ListItem\",\"position\":1,\"name\":\"In\u00edcio\",\"item\":\"https:\/\/www.notibras.com\/site\/\"},{\"@type\":\"ListItem\",\"position\":2,\"name\":\"Israel e aliados resgatam trabalhadores em territ\u00f3rio s\u00edrio\"}]},{\"@type\":\"WebSite\",\"@id\":\"https:\/\/www.notibras.com\/site\/#website\",\"url\":\"https:\/\/www.notibras.com\/site\/\",\"name\":\"Notibras\",\"description\":\"Not\u00edcias de Bras\u00edlia, do Brasil e do Mundo\",\"publisher\":{\"@id\":\"https:\/\/www.notibras.com\/site\/#organization\"},\"potentialAction\":[{\"@type\":\"SearchAction\",\"target\":{\"@type\":\"EntryPoint\",\"urlTemplate\":\"https:\/\/www.notibras.com\/site\/?s={search_term_string}\"},\"query-input\":{\"@type\":\"PropertyValueSpecification\",\"valueRequired\":true,\"valueName\":\"search_term_string\"}}],\"inLanguage\":\"pt-BR\"},{\"@type\":\"Organization\",\"@id\":\"https:\/\/www.notibras.com\/site\/#organization\",\"name\":\"Grupo Notibras de Comunica\u00e7\u00e3o\",\"url\":\"https:\/\/www.notibras.com\/site\/\",\"logo\":{\"@type\":\"ImageObject\",\"inLanguage\":\"pt-BR\",\"@id\":\"https:\/\/www.notibras.com\/site\/#\/schema\/logo\/image\/\",\"url\":\"https:\/\/www.notibras.com\/site\/wp-content\/uploads\/2023\/01\/notibras23.png\",\"contentUrl\":\"https:\/\/www.notibras.com\/site\/wp-content\/uploads\/2023\/01\/notibras23.png\",\"width\":350,\"height\":87,\"caption\":\"Grupo Notibras de Comunica\u00e7\u00e3o\"},\"image\":{\"@id\":\"https:\/\/www.notibras.com\/site\/#\/schema\/logo\/image\/\"},\"sameAs\":[\"https:\/\/www.facebook.com\/notibras\/\",\"https:\/\/x.com\/Notibras\",\"https:\/\/www.instagram.com\/notibras\/\"]},{\"@type\":\"Person\",\"@id\":\"https:\/\/www.notibras.com\/site\/#\/schema\/person\/36ab0979449956132d3e5b517ea76ac8\",\"name\":\"Reda\u00e7\u00e3o\",\"image\":{\"@type\":\"ImageObject\",\"inLanguage\":\"pt-BR\",\"@id\":\"https:\/\/secure.gravatar.com\/avatar\/e0a867bdedb85fd243eadf09663511f96fc81e0720a4a42581f334ad4303aa6b?s=96&d=mm&r=g\",\"url\":\"https:\/\/secure.gravatar.com\/avatar\/e0a867bdedb85fd243eadf09663511f96fc81e0720a4a42581f334ad4303aa6b?s=96&d=mm&r=g\",\"contentUrl\":\"https:\/\/secure.gravatar.com\/avatar\/e0a867bdedb85fd243eadf09663511f96fc81e0720a4a42581f334ad4303aa6b?s=96&d=mm&r=g\",\"caption\":\"Reda\u00e7\u00e3o\"}}]}<\/script>\n<!-- \/ Yoast SEO plugin. -->","yoast_head_json":{"title":"Israel e aliados resgatam trabalhadores em territ\u00f3rio s\u00edrio - Notibras","robots":{"index":"index","follow":"follow","max-snippet":"max-snippet:-1","max-image-preview":"max-image-preview:large","max-video-preview":"max-video-preview:-1"},"canonical":"https:\/\/www.notibras.com\/site\/israel-e-aliados-resgatam-trabalhadores-em-territorio-sirio\/","og_locale":"pt_BR","og_type":"article","og_title":"Israel e aliados resgatam trabalhadores em territ\u00f3rio s\u00edrio - Notibras","og_description":"As for\u00e7as armadas israelenses em coordena\u00e7\u00e3o com seus aliados norte-americanos e europeus evacuaram centenas de trabalhadores de resgate s\u00edrios conhecidos como Capacetes Brancos da regi\u00e3o de fronteira do pa\u00eds com a S\u00edria, em uma opera\u00e7\u00e3o complexa e in\u00e9dita. Os trabalhadores resgatados, que foram cercados de um lado por tropas hostis da S\u00edria e do outro [&hellip;]","og_url":"https:\/\/www.notibras.com\/site\/israel-e-aliados-resgatam-trabalhadores-em-territorio-sirio\/","og_site_name":"Notibras","article_publisher":"https:\/\/www.facebook.com\/notibras\/","article_published_time":"2018-07-23T03:00:10+00:00","article_modified_time":"2018-07-23T06:50:14+00:00","og_image":[{"width":823,"height":518,"url":"https:\/\/www.notibras.com\/site\/wp-content\/uploads\/2018\/07\/resgate-siria.jpg","type":"image\/jpeg"}],"author":"Reda\u00e7\u00e3o","twitter_card":"summary_large_image","twitter_creator":"@Notibras","twitter_site":"@Notibras","twitter_misc":{"Escrito por":"Reda\u00e7\u00e3o","Est. tempo de leitura":"2 minutos"},"schema":{"@context":"https:\/\/schema.org","@graph":[{"@type":"Article","@id":"https:\/\/www.notibras.com\/site\/israel-e-aliados-resgatam-trabalhadores-em-territorio-sirio\/#article","isPartOf":{"@id":"https:\/\/www.notibras.com\/site\/israel-e-aliados-resgatam-trabalhadores-em-territorio-sirio\/"},"author":{"name":"Reda\u00e7\u00e3o","@id":"https:\/\/www.notibras.com\/site\/#\/schema\/person\/36ab0979449956132d3e5b517ea76ac8"},"headline":"Israel e aliados resgatam trabalhadores em territ\u00f3rio s\u00edrio","datePublished":"2018-07-23T03:00:10+00:00","dateModified":"2018-07-23T06:50:14+00:00","mainEntityOfPage":{"@id":"https:\/\/www.notibras.com\/site\/israel-e-aliados-resgatam-trabalhadores-em-territorio-sirio\/"},"wordCount":479,"publisher":{"@id":"https:\/\/www.notibras.com\/site\/#organization"},"image":{"@id":"https:\/\/www.notibras.com\/site\/israel-e-aliados-resgatam-trabalhadores-em-territorio-sirio\/#primaryimage"},"thumbnailUrl":"https:\/\/www.notibras.com\/site\/wp-content\/uploads\/2018\/07\/resgate-siria.jpg","articleSection":["Mundo"],"inLanguage":"pt-BR"},{"@type":"WebPage","@id":"https:\/\/www.notibras.com\/site\/israel-e-aliados-resgatam-trabalhadores-em-territorio-sirio\/","url":"https:\/\/www.notibras.com\/site\/israel-e-aliados-resgatam-trabalhadores-em-territorio-sirio\/","name":"Israel e aliados resgatam trabalhadores em territ\u00f3rio s\u00edrio - Notibras","isPartOf":{"@id":"https:\/\/www.notibras.com\/site\/#website"},"primaryImageOfPage":{"@id":"https:\/\/www.notibras.com\/site\/israel-e-aliados-resgatam-trabalhadores-em-territorio-sirio\/#primaryimage"},"image":{"@id":"https:\/\/www.notibras.com\/site\/israel-e-aliados-resgatam-trabalhadores-em-territorio-sirio\/#primaryimage"},"thumbnailUrl":"https:\/\/www.notibras.com\/site\/wp-content\/uploads\/2018\/07\/resgate-siria.jpg","datePublished":"2018-07-23T03:00:10+00:00","dateModified":"2018-07-23T06:50:14+00:00","breadcrumb":{"@id":"https:\/\/www.notibras.com\/site\/israel-e-aliados-resgatam-trabalhadores-em-territorio-sirio\/#breadcrumb"},"inLanguage":"pt-BR","potentialAction":[{"@type":"ReadAction","target":["https:\/\/www.notibras.com\/site\/israel-e-aliados-resgatam-trabalhadores-em-territorio-sirio\/"]}]},{"@type":"ImageObject","inLanguage":"pt-BR","@id":"https:\/\/www.notibras.com\/site\/israel-e-aliados-resgatam-trabalhadores-em-territorio-sirio\/#primaryimage","url":"https:\/\/www.notibras.com\/site\/wp-content\/uploads\/2018\/07\/resgate-siria.jpg","contentUrl":"https:\/\/www.notibras.com\/site\/wp-content\/uploads\/2018\/07\/resgate-siria.jpg","width":823,"height":518,"caption":"Foto\/Sputniknews"},{"@type":"BreadcrumbList","@id":"https:\/\/www.notibras.com\/site\/israel-e-aliados-resgatam-trabalhadores-em-territorio-sirio\/#breadcrumb","itemListElement":[{"@type":"ListItem","position":1,"name":"In\u00edcio","item":"https:\/\/www.notibras.com\/site\/"},{"@type":"ListItem","position":2,"name":"Israel e aliados resgatam trabalhadores em territ\u00f3rio s\u00edrio"}]},{"@type":"WebSite","@id":"https:\/\/www.notibras.com\/site\/#website","url":"https:\/\/www.notibras.com\/site\/","name":"Notibras","description":"Not\u00edcias de Bras\u00edlia, do Brasil e do Mundo","publisher":{"@id":"https:\/\/www.notibras.com\/site\/#organization"},"potentialAction":[{"@type":"SearchAction","target":{"@type":"EntryPoint","urlTemplate":"https:\/\/www.notibras.com\/site\/?s={search_term_string}"},"query-input":{"@type":"PropertyValueSpecification","valueRequired":true,"valueName":"search_term_string"}}],"inLanguage":"pt-BR"},{"@type":"Organization","@id":"https:\/\/www.notibras.com\/site\/#organization","name":"Grupo Notibras de Comunica\u00e7\u00e3o","url":"https:\/\/www.notibras.com\/site\/","logo":{"@type":"ImageObject","inLanguage":"pt-BR","@id":"https:\/\/www.notibras.com\/site\/#\/schema\/logo\/image\/","url":"https:\/\/www.notibras.com\/site\/wp-content\/uploads\/2023\/01\/notibras23.png","contentUrl":"https:\/\/www.notibras.com\/site\/wp-content\/uploads\/2023\/01\/notibras23.png","width":350,"height":87,"caption":"Grupo Notibras de Comunica\u00e7\u00e3o"},"image":{"@id":"https:\/\/www.notibras.com\/site\/#\/schema\/logo\/image\/"},"sameAs":["https:\/\/www.facebook.com\/notibras\/","https:\/\/x.com\/Notibras","https:\/\/www.instagram.com\/notibras\/"]},{"@type":"Person","@id":"https:\/\/www.notibras.com\/site\/#\/schema\/person\/36ab0979449956132d3e5b517ea76ac8","name":"Reda\u00e7\u00e3o","image":{"@type":"ImageObject","inLanguage":"pt-BR","@id":"https:\/\/secure.gravatar.com\/avatar\/e0a867bdedb85fd243eadf09663511f96fc81e0720a4a42581f334ad4303aa6b?s=96&d=mm&r=g","url":"https:\/\/secure.gravatar.com\/avatar\/e0a867bdedb85fd243eadf09663511f96fc81e0720a4a42581f334ad4303aa6b?s=96&d=mm&r=g","contentUrl":"https:\/\/secure.gravatar.com\/avatar\/e0a867bdedb85fd243eadf09663511f96fc81e0720a4a42581f334ad4303aa6b?s=96&d=mm&r=g","caption":"Reda\u00e7\u00e3o"}}]}},"amp_enabled":true,"_links":{"self":[{"href":"https:\/\/www.notibras.com\/site\/wp-json\/wp\/v2\/posts\/186150","targetHints":{"allow":["GET"]}}],"collection":[{"href":"https:\/\/www.notibras.com\/site\/wp-json\/wp\/v2\/posts"}],"about":[{"href":"https:\/\/www.notibras.com\/site\/wp-json\/wp\/v2\/types\/post"}],"author":[{"embeddable":true,"href":"https:\/\/www.notibras.com\/site\/wp-json\/wp\/v2\/users\/2"}],"replies":[{"embeddable":true,"href":"https:\/\/www.notibras.com\/site\/wp-json\/wp\/v2\/comments?post=186150"}],"version-history":[{"count":1,"href":"https:\/\/www.notibras.com\/site\/wp-json\/wp\/v2\/posts\/186150\/revisions"}],"predecessor-version":[{"id":186152,"href":"https:\/\/www.notibras.com\/site\/wp-json\/wp\/v2\/posts\/186150\/revisions\/186152"}],"wp:featuredmedia":[{"embeddable":true,"href":"https:\/\/www.notibras.com\/site\/wp-json\/wp\/v2\/media\/186151"}],"wp:attachment":[{"href":"https:\/\/www.notibras.com\/site\/wp-json\/wp\/v2\/media?parent=186150"}],"wp:term":[{"taxonomy":"category","embeddable":true,"href":"https:\/\/www.notibras.com\/site\/wp-json\/wp\/v2\/categories?post=186150"},{"taxonomy":"post_tag","embeddable":true,"href":"https:\/\/www.notibras.com\/site\/wp-json\/wp\/v2\/tags?post=186150"}],"curies":[{"name":"wp","href":"https:\/\/api.w.org\/{rel}","templated":true}]}}