{"id":186153,"date":"2018-07-23T00:50:31","date_gmt":"2018-07-23T03:50:31","guid":{"rendered":"https:\/\/www.notibras.com\/site\/?p=186153"},"modified":"2018-07-23T03:53:06","modified_gmt":"2018-07-23T06:53:06","slug":"mexico-sugere-a-washington-retomada-de-velhos-lacos-comerciais","status":"publish","type":"post","link":"https:\/\/www.notibras.com\/site\/mexico-sugere-a-washington-retomada-de-velhos-lacos-comerciais\/","title":{"rendered":"M\u00e9xico sugere a Washington retomar la\u00e7os comerciais"},"content":{"rendered":"<p>Em uma carta conciliat\u00f3ria ao presidente dos Estados Unidos, Donald Trump, o presidente eleito do M\u00e9xico, Andr\u00e9s Manuel L\u00f3pez Obrador, disse estar pronto para iniciar uma nova etapa nas rela\u00e7\u00f5es EUA-M\u00e9xico e buscar um &#8220;caminho comum&#8221; sobre com\u00e9rcio, migra\u00e7\u00e3o, desenvolvimento econ\u00f4mico e seguran\u00e7a.<\/p>\n<p>&#8220;Est\u00e1 tudo pronto para come\u00e7ar um novo est\u00e1gio na rela\u00e7\u00e3o de nossas sociedades com base na coopera\u00e7\u00e3o e prosperidade&#8221;, disse L\u00f3pez Obrador na carta, \u00e0 qual o The Wall Street Journal teve acesso. A carta foi entregue a uma delega\u00e7\u00e3o de autoridades do governo dos EUA que visitou a Cidade do M\u00e9xico em 13 de julho e se reuniu com L\u00f3pez Obrador.<\/p>\n<p>A carta foi divulgada neste domingo, dias antes de EUA, M\u00e9xico e Canad\u00e1 reiniciarem a renegocia\u00e7\u00e3o do Acordo de Livre Com\u00e9rcio da Am\u00e9rica do Norte (Nafta). Um representante de L\u00f3pez Obrador se juntar\u00e1 \u00e0 comitiva mexicana a Washington D.C. na quinta-feira.<\/p>\n<p>L\u00f3pez Obrador disse a Trump que &#8220;vale a pena fazer um esfor\u00e7o para concluir a renegocia\u00e7\u00e3o do Acordo de Livre Com\u00e9rcio da Am\u00e9rica do Norte&#8221;. Incerteza prolongada pode retardar o investimento a m\u00e9dio e longo prazo, o que poderia impedir o plano de L\u00f3pez Obrador de estimular o crescimento econ\u00f4mico por meio de mais projetos de infraestrutura.<\/p>\n<p>A carta, que inclui uma descri\u00e7\u00e3o detalhada da plataforma do novo governo mexicano, tamb\u00e9m prop\u00f5e a cria\u00e7\u00e3o de um plano de desenvolvimento que inclua os pa\u00edses da Am\u00e9rica Central, em um esfor\u00e7o para conter o fluxo de migrantes em dire\u00e7\u00e3o ao norte. L\u00f3pez Obrador prop\u00f4s que 75% dos recursos econ\u00f4micos dispon\u00edveis para o plano sejam usados para criar empregos no M\u00e9xico e na Am\u00e9rica Central e 25% para fortalecer a seguran\u00e7a nas fronteiras<\/p>\n<p>L\u00f3pez Obrador venceu a elei\u00e7\u00e3o presidencial do M\u00e9xico em 1\u00ba de julho com 53% dos votos e deve tomar posse em 1\u00ba de dezembro. A carta para Trump terminou com uma refer\u00eancia pessoal \u00e0s carreiras dos dois pol\u00edticos. &#8220;Sinto-me encorajado pelo fato de que ambos sabemos como cumprir o que prometemos e enfrentamos adversidades com sucesso. Conseguimos colocar nossos eleitores e cidad\u00e3os no centro e deslocar o establishment pol\u00edtico&#8221;, escreveu L\u00f3pez Obrador a Trump.<\/p>\n","protected":false},"excerpt":{"rendered":"<p>Em uma carta conciliat\u00f3ria ao presidente dos Estados Unidos, Donald Trump, o presidente eleito do M\u00e9xico, Andr\u00e9s Manuel L\u00f3pez Obrador, disse estar pronto para iniciar uma nova etapa nas rela\u00e7\u00f5es EUA-M\u00e9xico e buscar um &#8220;caminho comum&#8221; sobre com\u00e9rcio, migra\u00e7\u00e3o, desenvolvimento econ\u00f4mico e seguran\u00e7a. &#8220;Est\u00e1 tudo pronto para come\u00e7ar um novo est\u00e1gio na rela\u00e7\u00e3o de nossas [&hellip;]<\/p>\n","protected":false},"author":2,"featured_media":184188,"comment_status":"closed","ping_status":"closed","sticky":false,"template":"","format":"standard","meta":{"_acf_changed":false,"footnotes":""},"categories":[17],"tags":[],"class_list":["post-186153","post","type-post","status-publish","format-standard","has-post-thumbnail","hentry","category-mundo"],"acf":[],"yoast_head":"<!-- This site is optimized with the Yoast SEO plugin v27.2 - https:\/\/yoast.com\/product\/yoast-seo-wordpress\/ -->\n<title>M\u00e9xico sugere a Washington retomar la\u00e7os comerciais - Notibras<\/title>\n<meta name=\"robots\" content=\"index, follow, max-snippet:-1, max-image-preview:large, max-video-preview:-1\" \/>\n<link rel=\"canonical\" href=\"https:\/\/www.notibras.com\/site\/mexico-sugere-a-washington-retomada-de-velhos-lacos-comerciais\/\" \/>\n<meta property=\"og:locale\" content=\"pt_BR\" \/>\n<meta property=\"og:type\" content=\"article\" \/>\n<meta property=\"og:title\" content=\"M\u00e9xico sugere a Washington retomar la\u00e7os comerciais - Notibras\" \/>\n<meta property=\"og:description\" content=\"Em uma carta conciliat\u00f3ria ao presidente dos Estados Unidos, Donald Trump, o presidente eleito do M\u00e9xico, Andr\u00e9s Manuel L\u00f3pez Obrador, disse estar pronto para iniciar uma nova etapa nas rela\u00e7\u00f5es EUA-M\u00e9xico e buscar um &#8220;caminho comum&#8221; sobre com\u00e9rcio, migra\u00e7\u00e3o, desenvolvimento econ\u00f4mico e seguran\u00e7a. &#8220;Est\u00e1 tudo pronto para come\u00e7ar um novo est\u00e1gio na rela\u00e7\u00e3o de nossas [&hellip;]\" \/>\n<meta property=\"og:url\" content=\"https:\/\/www.notibras.com\/site\/mexico-sugere-a-washington-retomada-de-velhos-lacos-comerciais\/\" \/>\n<meta property=\"og:site_name\" content=\"Notibras\" \/>\n<meta property=\"article:publisher\" content=\"https:\/\/www.facebook.com\/notibras\/\" \/>\n<meta property=\"article:published_time\" content=\"2018-07-23T03:50:31+00:00\" \/>\n<meta property=\"article:modified_time\" content=\"2018-07-23T06:53:06+00:00\" \/>\n<meta property=\"og:image\" content=\"https:\/\/www.notibras.com\/site\/wp-content\/uploads\/2018\/07\/lopez-obrador.jpg\" \/>\n\t<meta property=\"og:image:width\" content=\"800\" \/>\n\t<meta property=\"og:image:height\" content=\"541\" \/>\n\t<meta property=\"og:image:type\" content=\"image\/jpeg\" \/>\n<meta name=\"author\" content=\"Reda\u00e7\u00e3o\" \/>\n<meta name=\"twitter:card\" content=\"summary_large_image\" \/>\n<meta name=\"twitter:creator\" content=\"@Notibras\" \/>\n<meta name=\"twitter:site\" content=\"@Notibras\" \/>\n<meta name=\"twitter:label1\" content=\"Escrito por\" \/>\n\t<meta name=\"twitter:data1\" content=\"Reda\u00e7\u00e3o\" \/>\n\t<meta name=\"twitter:label2\" content=\"Est. tempo de leitura\" \/>\n\t<meta name=\"twitter:data2\" content=\"2 minutos\" \/>\n<script type=\"application\/ld+json\" class=\"yoast-schema-graph\">{\"@context\":\"https:\/\/schema.org\",\"@graph\":[{\"@type\":\"Article\",\"@id\":\"https:\/\/www.notibras.com\/site\/mexico-sugere-a-washington-retomada-de-velhos-lacos-comerciais\/#article\",\"isPartOf\":{\"@id\":\"https:\/\/www.notibras.com\/site\/mexico-sugere-a-washington-retomada-de-velhos-lacos-comerciais\/\"},\"author\":{\"name\":\"Reda\u00e7\u00e3o\",\"@id\":\"https:\/\/www.notibras.com\/site\/#\/schema\/person\/36ab0979449956132d3e5b517ea76ac8\"},\"headline\":\"M\u00e9xico sugere a Washington retomar la\u00e7os comerciais\",\"datePublished\":\"2018-07-23T03:50:31+00:00\",\"dateModified\":\"2018-07-23T06:53:06+00:00\",\"mainEntityOfPage\":{\"@id\":\"https:\/\/www.notibras.com\/site\/mexico-sugere-a-washington-retomada-de-velhos-lacos-comerciais\/\"},\"wordCount\":406,\"publisher\":{\"@id\":\"https:\/\/www.notibras.com\/site\/#organization\"},\"image\":{\"@id\":\"https:\/\/www.notibras.com\/site\/mexico-sugere-a-washington-retomada-de-velhos-lacos-comerciais\/#primaryimage\"},\"thumbnailUrl\":\"https:\/\/www.notibras.com\/site\/wp-content\/uploads\/2018\/07\/lopez-obrador.jpg\",\"articleSection\":[\"Mundo\"],\"inLanguage\":\"pt-BR\"},{\"@type\":\"WebPage\",\"@id\":\"https:\/\/www.notibras.com\/site\/mexico-sugere-a-washington-retomada-de-velhos-lacos-comerciais\/\",\"url\":\"https:\/\/www.notibras.com\/site\/mexico-sugere-a-washington-retomada-de-velhos-lacos-comerciais\/\",\"name\":\"M\u00e9xico sugere a Washington retomar la\u00e7os comerciais - Notibras\",\"isPartOf\":{\"@id\":\"https:\/\/www.notibras.com\/site\/#website\"},\"primaryImageOfPage\":{\"@id\":\"https:\/\/www.notibras.com\/site\/mexico-sugere-a-washington-retomada-de-velhos-lacos-comerciais\/#primaryimage\"},\"image\":{\"@id\":\"https:\/\/www.notibras.com\/site\/mexico-sugere-a-washington-retomada-de-velhos-lacos-comerciais\/#primaryimage\"},\"thumbnailUrl\":\"https:\/\/www.notibras.com\/site\/wp-content\/uploads\/2018\/07\/lopez-obrador.jpg\",\"datePublished\":\"2018-07-23T03:50:31+00:00\",\"dateModified\":\"2018-07-23T06:53:06+00:00\",\"breadcrumb\":{\"@id\":\"https:\/\/www.notibras.com\/site\/mexico-sugere-a-washington-retomada-de-velhos-lacos-comerciais\/#breadcrumb\"},\"inLanguage\":\"pt-BR\",\"potentialAction\":[{\"@type\":\"ReadAction\",\"target\":[\"https:\/\/www.notibras.com\/site\/mexico-sugere-a-washington-retomada-de-velhos-lacos-comerciais\/\"]}]},{\"@type\":\"ImageObject\",\"inLanguage\":\"pt-BR\",\"@id\":\"https:\/\/www.notibras.com\/site\/mexico-sugere-a-washington-retomada-de-velhos-lacos-comerciais\/#primaryimage\",\"url\":\"https:\/\/www.notibras.com\/site\/wp-content\/uploads\/2018\/07\/lopez-obrador.jpg\",\"contentUrl\":\"https:\/\/www.notibras.com\/site\/wp-content\/uploads\/2018\/07\/lopez-obrador.jpg\",\"width\":800,\"height\":541,\"caption\":\"Foto\/Reuters - Estad\u00e3oConte\u00fado\"},{\"@type\":\"BreadcrumbList\",\"@id\":\"https:\/\/www.notibras.com\/site\/mexico-sugere-a-washington-retomada-de-velhos-lacos-comerciais\/#breadcrumb\",\"itemListElement\":[{\"@type\":\"ListItem\",\"position\":1,\"name\":\"In\u00edcio\",\"item\":\"https:\/\/www.notibras.com\/site\/\"},{\"@type\":\"ListItem\",\"position\":2,\"name\":\"M\u00e9xico sugere a Washington retomar la\u00e7os comerciais\"}]},{\"@type\":\"WebSite\",\"@id\":\"https:\/\/www.notibras.com\/site\/#website\",\"url\":\"https:\/\/www.notibras.com\/site\/\",\"name\":\"Notibras\",\"description\":\"Not\u00edcias de Bras\u00edlia, do Brasil e do Mundo\",\"publisher\":{\"@id\":\"https:\/\/www.notibras.com\/site\/#organization\"},\"potentialAction\":[{\"@type\":\"SearchAction\",\"target\":{\"@type\":\"EntryPoint\",\"urlTemplate\":\"https:\/\/www.notibras.com\/site\/?s={search_term_string}\"},\"query-input\":{\"@type\":\"PropertyValueSpecification\",\"valueRequired\":true,\"valueName\":\"search_term_string\"}}],\"inLanguage\":\"pt-BR\"},{\"@type\":\"Organization\",\"@id\":\"https:\/\/www.notibras.com\/site\/#organization\",\"name\":\"Grupo Notibras de Comunica\u00e7\u00e3o\",\"url\":\"https:\/\/www.notibras.com\/site\/\",\"logo\":{\"@type\":\"ImageObject\",\"inLanguage\":\"pt-BR\",\"@id\":\"https:\/\/www.notibras.com\/site\/#\/schema\/logo\/image\/\",\"url\":\"https:\/\/www.notibras.com\/site\/wp-content\/uploads\/2023\/01\/notibras23.png\",\"contentUrl\":\"https:\/\/www.notibras.com\/site\/wp-content\/uploads\/2023\/01\/notibras23.png\",\"width\":350,\"height\":87,\"caption\":\"Grupo Notibras de Comunica\u00e7\u00e3o\"},\"image\":{\"@id\":\"https:\/\/www.notibras.com\/site\/#\/schema\/logo\/image\/\"},\"sameAs\":[\"https:\/\/www.facebook.com\/notibras\/\",\"https:\/\/x.com\/Notibras\",\"https:\/\/www.instagram.com\/notibras\/\"]},{\"@type\":\"Person\",\"@id\":\"https:\/\/www.notibras.com\/site\/#\/schema\/person\/36ab0979449956132d3e5b517ea76ac8\",\"name\":\"Reda\u00e7\u00e3o\",\"image\":{\"@type\":\"ImageObject\",\"inLanguage\":\"pt-BR\",\"@id\":\"https:\/\/secure.gravatar.com\/avatar\/e0a867bdedb85fd243eadf09663511f96fc81e0720a4a42581f334ad4303aa6b?s=96&d=mm&r=g\",\"url\":\"https:\/\/secure.gravatar.com\/avatar\/e0a867bdedb85fd243eadf09663511f96fc81e0720a4a42581f334ad4303aa6b?s=96&d=mm&r=g\",\"contentUrl\":\"https:\/\/secure.gravatar.com\/avatar\/e0a867bdedb85fd243eadf09663511f96fc81e0720a4a42581f334ad4303aa6b?s=96&d=mm&r=g\",\"caption\":\"Reda\u00e7\u00e3o\"}}]}<\/script>\n<!-- \/ Yoast SEO plugin. -->","yoast_head_json":{"title":"M\u00e9xico sugere a Washington retomar la\u00e7os comerciais - Notibras","robots":{"index":"index","follow":"follow","max-snippet":"max-snippet:-1","max-image-preview":"max-image-preview:large","max-video-preview":"max-video-preview:-1"},"canonical":"https:\/\/www.notibras.com\/site\/mexico-sugere-a-washington-retomada-de-velhos-lacos-comerciais\/","og_locale":"pt_BR","og_type":"article","og_title":"M\u00e9xico sugere a Washington retomar la\u00e7os comerciais - Notibras","og_description":"Em uma carta conciliat\u00f3ria ao presidente dos Estados Unidos, Donald Trump, o presidente eleito do M\u00e9xico, Andr\u00e9s Manuel L\u00f3pez Obrador, disse estar pronto para iniciar uma nova etapa nas rela\u00e7\u00f5es EUA-M\u00e9xico e buscar um &#8220;caminho comum&#8221; sobre com\u00e9rcio, migra\u00e7\u00e3o, desenvolvimento econ\u00f4mico e seguran\u00e7a. &#8220;Est\u00e1 tudo pronto para come\u00e7ar um novo est\u00e1gio na rela\u00e7\u00e3o de nossas [&hellip;]","og_url":"https:\/\/www.notibras.com\/site\/mexico-sugere-a-washington-retomada-de-velhos-lacos-comerciais\/","og_site_name":"Notibras","article_publisher":"https:\/\/www.facebook.com\/notibras\/","article_published_time":"2018-07-23T03:50:31+00:00","article_modified_time":"2018-07-23T06:53:06+00:00","og_image":[{"width":800,"height":541,"url":"https:\/\/www.notibras.com\/site\/wp-content\/uploads\/2018\/07\/lopez-obrador.jpg","type":"image\/jpeg"}],"author":"Reda\u00e7\u00e3o","twitter_card":"summary_large_image","twitter_creator":"@Notibras","twitter_site":"@Notibras","twitter_misc":{"Escrito por":"Reda\u00e7\u00e3o","Est. tempo de leitura":"2 minutos"},"schema":{"@context":"https:\/\/schema.org","@graph":[{"@type":"Article","@id":"https:\/\/www.notibras.com\/site\/mexico-sugere-a-washington-retomada-de-velhos-lacos-comerciais\/#article","isPartOf":{"@id":"https:\/\/www.notibras.com\/site\/mexico-sugere-a-washington-retomada-de-velhos-lacos-comerciais\/"},"author":{"name":"Reda\u00e7\u00e3o","@id":"https:\/\/www.notibras.com\/site\/#\/schema\/person\/36ab0979449956132d3e5b517ea76ac8"},"headline":"M\u00e9xico sugere a Washington retomar la\u00e7os comerciais","datePublished":"2018-07-23T03:50:31+00:00","dateModified":"2018-07-23T06:53:06+00:00","mainEntityOfPage":{"@id":"https:\/\/www.notibras.com\/site\/mexico-sugere-a-washington-retomada-de-velhos-lacos-comerciais\/"},"wordCount":406,"publisher":{"@id":"https:\/\/www.notibras.com\/site\/#organization"},"image":{"@id":"https:\/\/www.notibras.com\/site\/mexico-sugere-a-washington-retomada-de-velhos-lacos-comerciais\/#primaryimage"},"thumbnailUrl":"https:\/\/www.notibras.com\/site\/wp-content\/uploads\/2018\/07\/lopez-obrador.jpg","articleSection":["Mundo"],"inLanguage":"pt-BR"},{"@type":"WebPage","@id":"https:\/\/www.notibras.com\/site\/mexico-sugere-a-washington-retomada-de-velhos-lacos-comerciais\/","url":"https:\/\/www.notibras.com\/site\/mexico-sugere-a-washington-retomada-de-velhos-lacos-comerciais\/","name":"M\u00e9xico sugere a Washington retomar la\u00e7os comerciais - Notibras","isPartOf":{"@id":"https:\/\/www.notibras.com\/site\/#website"},"primaryImageOfPage":{"@id":"https:\/\/www.notibras.com\/site\/mexico-sugere-a-washington-retomada-de-velhos-lacos-comerciais\/#primaryimage"},"image":{"@id":"https:\/\/www.notibras.com\/site\/mexico-sugere-a-washington-retomada-de-velhos-lacos-comerciais\/#primaryimage"},"thumbnailUrl":"https:\/\/www.notibras.com\/site\/wp-content\/uploads\/2018\/07\/lopez-obrador.jpg","datePublished":"2018-07-23T03:50:31+00:00","dateModified":"2018-07-23T06:53:06+00:00","breadcrumb":{"@id":"https:\/\/www.notibras.com\/site\/mexico-sugere-a-washington-retomada-de-velhos-lacos-comerciais\/#breadcrumb"},"inLanguage":"pt-BR","potentialAction":[{"@type":"ReadAction","target":["https:\/\/www.notibras.com\/site\/mexico-sugere-a-washington-retomada-de-velhos-lacos-comerciais\/"]}]},{"@type":"ImageObject","inLanguage":"pt-BR","@id":"https:\/\/www.notibras.com\/site\/mexico-sugere-a-washington-retomada-de-velhos-lacos-comerciais\/#primaryimage","url":"https:\/\/www.notibras.com\/site\/wp-content\/uploads\/2018\/07\/lopez-obrador.jpg","contentUrl":"https:\/\/www.notibras.com\/site\/wp-content\/uploads\/2018\/07\/lopez-obrador.jpg","width":800,"height":541,"caption":"Foto\/Reuters - Estad\u00e3oConte\u00fado"},{"@type":"BreadcrumbList","@id":"https:\/\/www.notibras.com\/site\/mexico-sugere-a-washington-retomada-de-velhos-lacos-comerciais\/#breadcrumb","itemListElement":[{"@type":"ListItem","position":1,"name":"In\u00edcio","item":"https:\/\/www.notibras.com\/site\/"},{"@type":"ListItem","position":2,"name":"M\u00e9xico sugere a Washington retomar la\u00e7os comerciais"}]},{"@type":"WebSite","@id":"https:\/\/www.notibras.com\/site\/#website","url":"https:\/\/www.notibras.com\/site\/","name":"Notibras","description":"Not\u00edcias de Bras\u00edlia, do Brasil e do Mundo","publisher":{"@id":"https:\/\/www.notibras.com\/site\/#organization"},"potentialAction":[{"@type":"SearchAction","target":{"@type":"EntryPoint","urlTemplate":"https:\/\/www.notibras.com\/site\/?s={search_term_string}"},"query-input":{"@type":"PropertyValueSpecification","valueRequired":true,"valueName":"search_term_string"}}],"inLanguage":"pt-BR"},{"@type":"Organization","@id":"https:\/\/www.notibras.com\/site\/#organization","name":"Grupo Notibras de Comunica\u00e7\u00e3o","url":"https:\/\/www.notibras.com\/site\/","logo":{"@type":"ImageObject","inLanguage":"pt-BR","@id":"https:\/\/www.notibras.com\/site\/#\/schema\/logo\/image\/","url":"https:\/\/www.notibras.com\/site\/wp-content\/uploads\/2023\/01\/notibras23.png","contentUrl":"https:\/\/www.notibras.com\/site\/wp-content\/uploads\/2023\/01\/notibras23.png","width":350,"height":87,"caption":"Grupo Notibras de Comunica\u00e7\u00e3o"},"image":{"@id":"https:\/\/www.notibras.com\/site\/#\/schema\/logo\/image\/"},"sameAs":["https:\/\/www.facebook.com\/notibras\/","https:\/\/x.com\/Notibras","https:\/\/www.instagram.com\/notibras\/"]},{"@type":"Person","@id":"https:\/\/www.notibras.com\/site\/#\/schema\/person\/36ab0979449956132d3e5b517ea76ac8","name":"Reda\u00e7\u00e3o","image":{"@type":"ImageObject","inLanguage":"pt-BR","@id":"https:\/\/secure.gravatar.com\/avatar\/e0a867bdedb85fd243eadf09663511f96fc81e0720a4a42581f334ad4303aa6b?s=96&d=mm&r=g","url":"https:\/\/secure.gravatar.com\/avatar\/e0a867bdedb85fd243eadf09663511f96fc81e0720a4a42581f334ad4303aa6b?s=96&d=mm&r=g","contentUrl":"https:\/\/secure.gravatar.com\/avatar\/e0a867bdedb85fd243eadf09663511f96fc81e0720a4a42581f334ad4303aa6b?s=96&d=mm&r=g","caption":"Reda\u00e7\u00e3o"}}]}},"amp_enabled":true,"_links":{"self":[{"href":"https:\/\/www.notibras.com\/site\/wp-json\/wp\/v2\/posts\/186153","targetHints":{"allow":["GET"]}}],"collection":[{"href":"https:\/\/www.notibras.com\/site\/wp-json\/wp\/v2\/posts"}],"about":[{"href":"https:\/\/www.notibras.com\/site\/wp-json\/wp\/v2\/types\/post"}],"author":[{"embeddable":true,"href":"https:\/\/www.notibras.com\/site\/wp-json\/wp\/v2\/users\/2"}],"replies":[{"embeddable":true,"href":"https:\/\/www.notibras.com\/site\/wp-json\/wp\/v2\/comments?post=186153"}],"version-history":[{"count":2,"href":"https:\/\/www.notibras.com\/site\/wp-json\/wp\/v2\/posts\/186153\/revisions"}],"predecessor-version":[{"id":186155,"href":"https:\/\/www.notibras.com\/site\/wp-json\/wp\/v2\/posts\/186153\/revisions\/186155"}],"wp:featuredmedia":[{"embeddable":true,"href":"https:\/\/www.notibras.com\/site\/wp-json\/wp\/v2\/media\/184188"}],"wp:attachment":[{"href":"https:\/\/www.notibras.com\/site\/wp-json\/wp\/v2\/media?parent=186153"}],"wp:term":[{"taxonomy":"category","embeddable":true,"href":"https:\/\/www.notibras.com\/site\/wp-json\/wp\/v2\/categories?post=186153"},{"taxonomy":"post_tag","embeddable":true,"href":"https:\/\/www.notibras.com\/site\/wp-json\/wp\/v2\/tags?post=186153"}],"curies":[{"name":"wp","href":"https:\/\/api.w.org\/{rel}","templated":true}]}}