{"id":186320,"date":"2018-07-25T14:31:43","date_gmt":"2018-07-25T17:31:43","guid":{"rendered":"https:\/\/www.notibras.com\/site\/?p=186320"},"modified":"2018-07-25T14:31:43","modified_gmt":"2018-07-25T17:31:43","slug":"grecia-chora-por-seus-mortos-e-continua-luta-contra-as-chamas","status":"publish","type":"post","link":"https:\/\/www.notibras.com\/site\/grecia-chora-por-seus-mortos-e-continua-luta-contra-as-chamas\/","title":{"rendered":"Gr\u00e9cia chora por seus mortos e continua luta contra as chamas"},"content":{"rendered":"<p>Os bombeiros continuavam buscando, nesta quarta-feira (25), pessoas bloqueadas em suas casas, ou em ve\u00edculos carbonizados, nas localidades de Mati e de Rafina, arrasadas pelos inc\u00eandios que deixaram ao menos 79 mortos.<\/p>\n<p>Ainda de acordo com o novo balan\u00e7o, anunciado por Stavroula Maliri, a respons\u00e1vel pelo servi\u00e7o de bombeiros, h\u00e1 187 feridos registrados at\u00e9 o momento.<\/p>\n<p>Os socorristas continuam a busca, especialmente na cidade de Mati e em Kokkino Limanaki, um bairro da cidade portu\u00e1ria de Rafina, a cerca de 40 quil\u00f4metros de Atenas, onde h\u00e1 centenas de casas e de ve\u00edculos queimados.<\/p>\n<p>A cat\u00e1strofe, que v\u00e1rios ve\u00edculos da imprensa local classificaram de &#8220;trag\u00e9dia nacional&#8221;, come\u00e7ou na segunda-feira, quando o fogo foi declarado em um monte pr\u00f3ximo de Pendeli e estimulado por ventos de 100 km\/h.<\/p>\n<p>O balan\u00e7o na zona arrasada j\u00e1 supera os 77 mortos registrados nos inc\u00eandios de 1977 no Peloponeso (sul da Gr\u00e9cia) e na ilha de Eubea (leste).<\/p>\n<p>Na ter\u00e7a, a descoberta de 26 corpos carbonizados em uma casa de Mati comoveu o pa\u00eds. Entre os mortos, havia crian\u00e7as pequenas. Foram encontrados abra\u00e7ados em grupos &#8220;em uma \u00faltima tentativa de se proteger&#8221;, contou o socorrista Vassilis Andriopulos.<\/p>\n<p>Alguns moradores fugiram em p\u00e2nico para a praia, a poucos metros de dist\u00e2ncia. Muitos tiveram de ficar por mais de uma hora na \u00e1gua para se salvar.<\/p>\n<p>Os bombeiros continuavam recebendo &#8220;dezenas de chamadas&#8221; de pessoas em busca de seus familiares, afirmou a porta-voz da corpora\u00e7\u00e3o.<\/p>\n<p>&#8220;O problema \u00e9 o que se esconde sob as cinzas&#8221;, advertiu o vice-presidente dos servi\u00e7os de emerg\u00eancia, Miltiadis Mylonas. Nesta quarta, mais de 300 engenheiros chegaram \u00e0 zona do sinistro para acelerar a avalia\u00e7\u00e3o de danos.<\/p>\n<p>Uma m\u00e3e polonesa e seu filho est\u00e3o entre os mortos, segundo o governo de Vars\u00f3via, assim como um cidad\u00e3o belga, indicou o Minist\u00e9rio das Rela\u00e7\u00f5es Exteriores da B\u00e9lgica.<\/p>\n<p><strong>Um inferno na praia &#8211;\u00a0<\/strong>&#8220;Vi as chamas na frente da janela do hotel. Achei que fosse explodir&#8221;, relatou a turista alem\u00e3 Alina Marzin, de 20 anos, que na segunda-feira \u00e0 noite estava no hotel Capo Verde, de Mati, com seus pais e o irm\u00e3o.<\/p>\n<p>Seis pessoas foram encontradas mortas no mar, para onde fugiram diante do avan\u00e7o do fogo. Mais de 700 pessoas foram evacuadas por via mar\u00edtima at\u00e9 o porto de Rafina.<\/p>\n<p>&#8220;Temo que haja outras v\u00edtimas e pessoas desaparecidas, especialmente idosos&#8221;, disse \u00e0 AFP o vereador Myron Tsagarakis, de Rafina.<\/p>\n<p>&#8220;Hoje a Gr\u00e9cia est\u00e1 em luto&#8221;, declarou o primeiro-ministro Alexis Tsipras, ao anunciar, em pronunciamento em rede nacional, tr\u00eas dias de luto no pa\u00eds. A Presid\u00eancia da Rep\u00fablica anulou os atos previstos para esta ter\u00e7a em celebra\u00e7\u00e3o do restabelecimento da democracia na Gr\u00e9cia, em julho de 1974.<\/p>\n<p>Em Mati, a viol\u00eancia dos ventos &#8220;provocou uma progress\u00e3o fulminante do fogo no tecido urbano&#8221;, afirmou a porta-voz Stavroula Maliri.<\/p>\n<p>Autoridades e volunt\u00e1rios trabalham para ajudar os afetados, com coleta e distribui\u00e7\u00e3o de \u00e1gua, comida e roupa, enquanto as pessoas desabrigadas foram levadas para hot\u00e9is.<\/p>\n<p>A identifica\u00e7\u00e3o das v\u00edtimas se anuncia demorada nesta zona muito frequentada por turistas estrangeiros.<\/p>\n<p><strong>Envio de ajuda &#8211;\u00a0<\/strong>O pa\u00eds, que ativou o mecanismo europeu de defesa civil, est\u00e1 contando com a ajuda, especialmente em termos de meios a\u00e9reos, de Espanha, Fran\u00e7a, Israel, Bulg\u00e1ria, Turquia, It\u00e1lia, Maced\u00f4nia, Portugal e Cro\u00e1cia. V\u00e1rios pa\u00edses j\u00e1 enviaram mensagens de condol\u00eancias.<\/p>\n<p>&#8220;A Comiss\u00e3o Europeia n\u00e3o poupar\u00e1 esfor\u00e7os para ajudar a Gr\u00e9cia&#8221;, tuitou o presidente do \u00f3rg\u00e3o, Jean-Claude Juncker. &#8220;A dor dos afetados atinge todos n\u00f3s&#8221;, declarou a chanceler alem\u00e3, Angela Merkel.<\/p>\n<p>O papa Francisco transmitiu &#8220;sua profunda tristeza&#8221;, enquanto o secret\u00e1rio-geral da Otan, Jens Stoltenberg, expressou &#8220;a solidariedade&#8221; da Alian\u00e7a.<\/p>\n<p>O governo grego anunciou que arcar\u00e1 com o custo dos vel\u00f3rios e aprovar\u00e1 medidas fiscais a favor dos desabrigados. A Procuradoria da Suprema Corte abriu uma investiga\u00e7\u00e3o sobre as causas dessa trag\u00e9dia.<\/p>\n<p>O porta-voz do governo, Dimitris Tzanakopulos, disse nesta ter\u00e7a-feira que houve &#8220;15 focos de inc\u00eandio simult\u00e2neos em tr\u00eas frentes diferentes&#8221; em \u00c1tica. Os Estados Unidos emprestaram um drone para sobrevoar \u00c1tica e &#8220;observar e detectar qualquer atividade suspeita&#8221;, completou.<\/p>\n","protected":false},"excerpt":{"rendered":"<p>Os bombeiros continuavam buscando, nesta quarta-feira (25), pessoas bloqueadas em suas casas, ou em ve\u00edculos carbonizados, nas localidades de Mati e de Rafina, arrasadas pelos inc\u00eandios que deixaram ao menos 79 mortos. Ainda de acordo com o novo balan\u00e7o, anunciado por Stavroula Maliri, a respons\u00e1vel pelo servi\u00e7o de bombeiros, h\u00e1 187 feridos registrados at\u00e9 o [&hellip;]<\/p>\n","protected":false},"author":1,"featured_media":186321,"comment_status":"closed","ping_status":"closed","sticky":false,"template":"","format":"standard","meta":{"_acf_changed":false,"footnotes":""},"categories":[17],"tags":[],"class_list":["post-186320","post","type-post","status-publish","format-standard","has-post-thumbnail","hentry","category-mundo"],"acf":[],"yoast_head":"<!-- This site is optimized with the Yoast SEO plugin v27.2 - https:\/\/yoast.com\/product\/yoast-seo-wordpress\/ -->\n<title>Gr\u00e9cia chora por seus mortos e continua luta contra as chamas - Notibras<\/title>\n<meta name=\"robots\" content=\"index, follow, max-snippet:-1, max-image-preview:large, max-video-preview:-1\" \/>\n<link rel=\"canonical\" href=\"https:\/\/www.notibras.com\/site\/grecia-chora-por-seus-mortos-e-continua-luta-contra-as-chamas\/\" \/>\n<meta property=\"og:locale\" content=\"pt_BR\" \/>\n<meta property=\"og:type\" content=\"article\" \/>\n<meta property=\"og:title\" content=\"Gr\u00e9cia chora por seus mortos e continua luta contra as chamas - Notibras\" \/>\n<meta property=\"og:description\" content=\"Os bombeiros continuavam buscando, nesta quarta-feira (25), pessoas bloqueadas em suas casas, ou em ve\u00edculos carbonizados, nas localidades de Mati e de Rafina, arrasadas pelos inc\u00eandios que deixaram ao menos 79 mortos. Ainda de acordo com o novo balan\u00e7o, anunciado por Stavroula Maliri, a respons\u00e1vel pelo servi\u00e7o de bombeiros, h\u00e1 187 feridos registrados at\u00e9 o [&hellip;]\" \/>\n<meta property=\"og:url\" content=\"https:\/\/www.notibras.com\/site\/grecia-chora-por-seus-mortos-e-continua-luta-contra-as-chamas\/\" \/>\n<meta property=\"og:site_name\" content=\"Notibras\" \/>\n<meta property=\"article:publisher\" content=\"https:\/\/www.facebook.com\/notibras\/\" \/>\n<meta property=\"article:published_time\" content=\"2018-07-25T17:31:43+00:00\" \/>\n<meta property=\"og:image\" content=\"https:\/\/www.notibras.com\/site\/wp-content\/uploads\/2018\/07\/f5ffa642d6b9a16e5e345a12e91c447cc8f1a3a7.jpg\" \/>\n\t<meta property=\"og:image:width\" content=\"768\" \/>\n\t<meta property=\"og:image:height\" content=\"512\" \/>\n\t<meta property=\"og:image:type\" content=\"image\/jpeg\" \/>\n<meta name=\"author\" content=\"Reda\u00e7\u00e3o\" \/>\n<meta name=\"twitter:card\" content=\"summary_large_image\" \/>\n<meta name=\"twitter:creator\" content=\"@Notibras\" \/>\n<meta name=\"twitter:site\" content=\"@Notibras\" \/>\n<meta name=\"twitter:label1\" content=\"Escrito por\" \/>\n\t<meta name=\"twitter:data1\" content=\"Reda\u00e7\u00e3o\" \/>\n\t<meta name=\"twitter:label2\" content=\"Est. tempo de leitura\" \/>\n\t<meta name=\"twitter:data2\" content=\"4 minutos\" \/>\n<script type=\"application\/ld+json\" class=\"yoast-schema-graph\">{\"@context\":\"https:\/\/schema.org\",\"@graph\":[{\"@type\":\"Article\",\"@id\":\"https:\/\/www.notibras.com\/site\/grecia-chora-por-seus-mortos-e-continua-luta-contra-as-chamas\/#article\",\"isPartOf\":{\"@id\":\"https:\/\/www.notibras.com\/site\/grecia-chora-por-seus-mortos-e-continua-luta-contra-as-chamas\/\"},\"author\":{\"name\":\"Reda\u00e7\u00e3o\",\"@id\":\"https:\/\/www.notibras.com\/site\/#\/schema\/person\/00b8e1aa08f9ef6563e878c5159d01cf\"},\"headline\":\"Gr\u00e9cia chora por seus mortos e continua luta contra as chamas\",\"datePublished\":\"2018-07-25T17:31:43+00:00\",\"mainEntityOfPage\":{\"@id\":\"https:\/\/www.notibras.com\/site\/grecia-chora-por-seus-mortos-e-continua-luta-contra-as-chamas\/\"},\"wordCount\":737,\"publisher\":{\"@id\":\"https:\/\/www.notibras.com\/site\/#organization\"},\"image\":{\"@id\":\"https:\/\/www.notibras.com\/site\/grecia-chora-por-seus-mortos-e-continua-luta-contra-as-chamas\/#primaryimage\"},\"thumbnailUrl\":\"https:\/\/www.notibras.com\/site\/wp-content\/uploads\/2018\/07\/f5ffa642d6b9a16e5e345a12e91c447cc8f1a3a7.jpg\",\"articleSection\":[\"Mundo\"],\"inLanguage\":\"pt-BR\"},{\"@type\":\"WebPage\",\"@id\":\"https:\/\/www.notibras.com\/site\/grecia-chora-por-seus-mortos-e-continua-luta-contra-as-chamas\/\",\"url\":\"https:\/\/www.notibras.com\/site\/grecia-chora-por-seus-mortos-e-continua-luta-contra-as-chamas\/\",\"name\":\"Gr\u00e9cia chora por seus mortos e continua luta contra as chamas - Notibras\",\"isPartOf\":{\"@id\":\"https:\/\/www.notibras.com\/site\/#website\"},\"primaryImageOfPage\":{\"@id\":\"https:\/\/www.notibras.com\/site\/grecia-chora-por-seus-mortos-e-continua-luta-contra-as-chamas\/#primaryimage\"},\"image\":{\"@id\":\"https:\/\/www.notibras.com\/site\/grecia-chora-por-seus-mortos-e-continua-luta-contra-as-chamas\/#primaryimage\"},\"thumbnailUrl\":\"https:\/\/www.notibras.com\/site\/wp-content\/uploads\/2018\/07\/f5ffa642d6b9a16e5e345a12e91c447cc8f1a3a7.jpg\",\"datePublished\":\"2018-07-25T17:31:43+00:00\",\"breadcrumb\":{\"@id\":\"https:\/\/www.notibras.com\/site\/grecia-chora-por-seus-mortos-e-continua-luta-contra-as-chamas\/#breadcrumb\"},\"inLanguage\":\"pt-BR\",\"potentialAction\":[{\"@type\":\"ReadAction\",\"target\":[\"https:\/\/www.notibras.com\/site\/grecia-chora-por-seus-mortos-e-continua-luta-contra-as-chamas\/\"]}]},{\"@type\":\"ImageObject\",\"inLanguage\":\"pt-BR\",\"@id\":\"https:\/\/www.notibras.com\/site\/grecia-chora-por-seus-mortos-e-continua-luta-contra-as-chamas\/#primaryimage\",\"url\":\"https:\/\/www.notibras.com\/site\/wp-content\/uploads\/2018\/07\/f5ffa642d6b9a16e5e345a12e91c447cc8f1a3a7.jpg\",\"contentUrl\":\"https:\/\/www.notibras.com\/site\/wp-content\/uploads\/2018\/07\/f5ffa642d6b9a16e5e345a12e91c447cc8f1a3a7.jpg\",\"width\":768,\"height\":512,\"caption\":\"Bombeiros tentam controlar o inc\u00eandio florestal perto da localidade de Kineta, nos sub\u00farbios de Atenas, em 24 de julho de 2018. Foto: Valerie Gache\"},{\"@type\":\"BreadcrumbList\",\"@id\":\"https:\/\/www.notibras.com\/site\/grecia-chora-por-seus-mortos-e-continua-luta-contra-as-chamas\/#breadcrumb\",\"itemListElement\":[{\"@type\":\"ListItem\",\"position\":1,\"name\":\"In\u00edcio\",\"item\":\"https:\/\/www.notibras.com\/site\/\"},{\"@type\":\"ListItem\",\"position\":2,\"name\":\"Gr\u00e9cia chora por seus mortos e continua luta contra as chamas\"}]},{\"@type\":\"WebSite\",\"@id\":\"https:\/\/www.notibras.com\/site\/#website\",\"url\":\"https:\/\/www.notibras.com\/site\/\",\"name\":\"Notibras\",\"description\":\"Not\u00edcias de Bras\u00edlia, do Brasil e do Mundo\",\"publisher\":{\"@id\":\"https:\/\/www.notibras.com\/site\/#organization\"},\"potentialAction\":[{\"@type\":\"SearchAction\",\"target\":{\"@type\":\"EntryPoint\",\"urlTemplate\":\"https:\/\/www.notibras.com\/site\/?s={search_term_string}\"},\"query-input\":{\"@type\":\"PropertyValueSpecification\",\"valueRequired\":true,\"valueName\":\"search_term_string\"}}],\"inLanguage\":\"pt-BR\"},{\"@type\":\"Organization\",\"@id\":\"https:\/\/www.notibras.com\/site\/#organization\",\"name\":\"Grupo Notibras de Comunica\u00e7\u00e3o\",\"url\":\"https:\/\/www.notibras.com\/site\/\",\"logo\":{\"@type\":\"ImageObject\",\"inLanguage\":\"pt-BR\",\"@id\":\"https:\/\/www.notibras.com\/site\/#\/schema\/logo\/image\/\",\"url\":\"https:\/\/www.notibras.com\/site\/wp-content\/uploads\/2023\/01\/notibras23.png\",\"contentUrl\":\"https:\/\/www.notibras.com\/site\/wp-content\/uploads\/2023\/01\/notibras23.png\",\"width\":350,\"height\":87,\"caption\":\"Grupo Notibras de Comunica\u00e7\u00e3o\"},\"image\":{\"@id\":\"https:\/\/www.notibras.com\/site\/#\/schema\/logo\/image\/\"},\"sameAs\":[\"https:\/\/www.facebook.com\/notibras\/\",\"https:\/\/x.com\/Notibras\",\"https:\/\/www.instagram.com\/notibras\/\"]},{\"@type\":\"Person\",\"@id\":\"https:\/\/www.notibras.com\/site\/#\/schema\/person\/00b8e1aa08f9ef6563e878c5159d01cf\",\"name\":\"Reda\u00e7\u00e3o\",\"image\":{\"@type\":\"ImageObject\",\"inLanguage\":\"pt-BR\",\"@id\":\"https:\/\/secure.gravatar.com\/avatar\/ac5a707d5b47784a5ed426c6e213e201423c750890f64e4c379114dade67dfb9?s=96&d=mm&r=g\",\"url\":\"https:\/\/secure.gravatar.com\/avatar\/ac5a707d5b47784a5ed426c6e213e201423c750890f64e4c379114dade67dfb9?s=96&d=mm&r=g\",\"contentUrl\":\"https:\/\/secure.gravatar.com\/avatar\/ac5a707d5b47784a5ed426c6e213e201423c750890f64e4c379114dade67dfb9?s=96&d=mm&r=g\",\"caption\":\"Reda\u00e7\u00e3o\"}}]}<\/script>\n<!-- \/ Yoast SEO plugin. -->","yoast_head_json":{"title":"Gr\u00e9cia chora por seus mortos e continua luta contra as chamas - Notibras","robots":{"index":"index","follow":"follow","max-snippet":"max-snippet:-1","max-image-preview":"max-image-preview:large","max-video-preview":"max-video-preview:-1"},"canonical":"https:\/\/www.notibras.com\/site\/grecia-chora-por-seus-mortos-e-continua-luta-contra-as-chamas\/","og_locale":"pt_BR","og_type":"article","og_title":"Gr\u00e9cia chora por seus mortos e continua luta contra as chamas - Notibras","og_description":"Os bombeiros continuavam buscando, nesta quarta-feira (25), pessoas bloqueadas em suas casas, ou em ve\u00edculos carbonizados, nas localidades de Mati e de Rafina, arrasadas pelos inc\u00eandios que deixaram ao menos 79 mortos. Ainda de acordo com o novo balan\u00e7o, anunciado por Stavroula Maliri, a respons\u00e1vel pelo servi\u00e7o de bombeiros, h\u00e1 187 feridos registrados at\u00e9 o [&hellip;]","og_url":"https:\/\/www.notibras.com\/site\/grecia-chora-por-seus-mortos-e-continua-luta-contra-as-chamas\/","og_site_name":"Notibras","article_publisher":"https:\/\/www.facebook.com\/notibras\/","article_published_time":"2018-07-25T17:31:43+00:00","og_image":[{"width":768,"height":512,"url":"https:\/\/www.notibras.com\/site\/wp-content\/uploads\/2018\/07\/f5ffa642d6b9a16e5e345a12e91c447cc8f1a3a7.jpg","type":"image\/jpeg"}],"author":"Reda\u00e7\u00e3o","twitter_card":"summary_large_image","twitter_creator":"@Notibras","twitter_site":"@Notibras","twitter_misc":{"Escrito por":"Reda\u00e7\u00e3o","Est. tempo de leitura":"4 minutos"},"schema":{"@context":"https:\/\/schema.org","@graph":[{"@type":"Article","@id":"https:\/\/www.notibras.com\/site\/grecia-chora-por-seus-mortos-e-continua-luta-contra-as-chamas\/#article","isPartOf":{"@id":"https:\/\/www.notibras.com\/site\/grecia-chora-por-seus-mortos-e-continua-luta-contra-as-chamas\/"},"author":{"name":"Reda\u00e7\u00e3o","@id":"https:\/\/www.notibras.com\/site\/#\/schema\/person\/00b8e1aa08f9ef6563e878c5159d01cf"},"headline":"Gr\u00e9cia chora por seus mortos e continua luta contra as chamas","datePublished":"2018-07-25T17:31:43+00:00","mainEntityOfPage":{"@id":"https:\/\/www.notibras.com\/site\/grecia-chora-por-seus-mortos-e-continua-luta-contra-as-chamas\/"},"wordCount":737,"publisher":{"@id":"https:\/\/www.notibras.com\/site\/#organization"},"image":{"@id":"https:\/\/www.notibras.com\/site\/grecia-chora-por-seus-mortos-e-continua-luta-contra-as-chamas\/#primaryimage"},"thumbnailUrl":"https:\/\/www.notibras.com\/site\/wp-content\/uploads\/2018\/07\/f5ffa642d6b9a16e5e345a12e91c447cc8f1a3a7.jpg","articleSection":["Mundo"],"inLanguage":"pt-BR"},{"@type":"WebPage","@id":"https:\/\/www.notibras.com\/site\/grecia-chora-por-seus-mortos-e-continua-luta-contra-as-chamas\/","url":"https:\/\/www.notibras.com\/site\/grecia-chora-por-seus-mortos-e-continua-luta-contra-as-chamas\/","name":"Gr\u00e9cia chora por seus mortos e continua luta contra as chamas - Notibras","isPartOf":{"@id":"https:\/\/www.notibras.com\/site\/#website"},"primaryImageOfPage":{"@id":"https:\/\/www.notibras.com\/site\/grecia-chora-por-seus-mortos-e-continua-luta-contra-as-chamas\/#primaryimage"},"image":{"@id":"https:\/\/www.notibras.com\/site\/grecia-chora-por-seus-mortos-e-continua-luta-contra-as-chamas\/#primaryimage"},"thumbnailUrl":"https:\/\/www.notibras.com\/site\/wp-content\/uploads\/2018\/07\/f5ffa642d6b9a16e5e345a12e91c447cc8f1a3a7.jpg","datePublished":"2018-07-25T17:31:43+00:00","breadcrumb":{"@id":"https:\/\/www.notibras.com\/site\/grecia-chora-por-seus-mortos-e-continua-luta-contra-as-chamas\/#breadcrumb"},"inLanguage":"pt-BR","potentialAction":[{"@type":"ReadAction","target":["https:\/\/www.notibras.com\/site\/grecia-chora-por-seus-mortos-e-continua-luta-contra-as-chamas\/"]}]},{"@type":"ImageObject","inLanguage":"pt-BR","@id":"https:\/\/www.notibras.com\/site\/grecia-chora-por-seus-mortos-e-continua-luta-contra-as-chamas\/#primaryimage","url":"https:\/\/www.notibras.com\/site\/wp-content\/uploads\/2018\/07\/f5ffa642d6b9a16e5e345a12e91c447cc8f1a3a7.jpg","contentUrl":"https:\/\/www.notibras.com\/site\/wp-content\/uploads\/2018\/07\/f5ffa642d6b9a16e5e345a12e91c447cc8f1a3a7.jpg","width":768,"height":512,"caption":"Bombeiros tentam controlar o inc\u00eandio florestal perto da localidade de Kineta, nos sub\u00farbios de Atenas, em 24 de julho de 2018. Foto: Valerie Gache"},{"@type":"BreadcrumbList","@id":"https:\/\/www.notibras.com\/site\/grecia-chora-por-seus-mortos-e-continua-luta-contra-as-chamas\/#breadcrumb","itemListElement":[{"@type":"ListItem","position":1,"name":"In\u00edcio","item":"https:\/\/www.notibras.com\/site\/"},{"@type":"ListItem","position":2,"name":"Gr\u00e9cia chora por seus mortos e continua luta contra as chamas"}]},{"@type":"WebSite","@id":"https:\/\/www.notibras.com\/site\/#website","url":"https:\/\/www.notibras.com\/site\/","name":"Notibras","description":"Not\u00edcias de Bras\u00edlia, do Brasil e do Mundo","publisher":{"@id":"https:\/\/www.notibras.com\/site\/#organization"},"potentialAction":[{"@type":"SearchAction","target":{"@type":"EntryPoint","urlTemplate":"https:\/\/www.notibras.com\/site\/?s={search_term_string}"},"query-input":{"@type":"PropertyValueSpecification","valueRequired":true,"valueName":"search_term_string"}}],"inLanguage":"pt-BR"},{"@type":"Organization","@id":"https:\/\/www.notibras.com\/site\/#organization","name":"Grupo Notibras de Comunica\u00e7\u00e3o","url":"https:\/\/www.notibras.com\/site\/","logo":{"@type":"ImageObject","inLanguage":"pt-BR","@id":"https:\/\/www.notibras.com\/site\/#\/schema\/logo\/image\/","url":"https:\/\/www.notibras.com\/site\/wp-content\/uploads\/2023\/01\/notibras23.png","contentUrl":"https:\/\/www.notibras.com\/site\/wp-content\/uploads\/2023\/01\/notibras23.png","width":350,"height":87,"caption":"Grupo Notibras de Comunica\u00e7\u00e3o"},"image":{"@id":"https:\/\/www.notibras.com\/site\/#\/schema\/logo\/image\/"},"sameAs":["https:\/\/www.facebook.com\/notibras\/","https:\/\/x.com\/Notibras","https:\/\/www.instagram.com\/notibras\/"]},{"@type":"Person","@id":"https:\/\/www.notibras.com\/site\/#\/schema\/person\/00b8e1aa08f9ef6563e878c5159d01cf","name":"Reda\u00e7\u00e3o","image":{"@type":"ImageObject","inLanguage":"pt-BR","@id":"https:\/\/secure.gravatar.com\/avatar\/ac5a707d5b47784a5ed426c6e213e201423c750890f64e4c379114dade67dfb9?s=96&d=mm&r=g","url":"https:\/\/secure.gravatar.com\/avatar\/ac5a707d5b47784a5ed426c6e213e201423c750890f64e4c379114dade67dfb9?s=96&d=mm&r=g","contentUrl":"https:\/\/secure.gravatar.com\/avatar\/ac5a707d5b47784a5ed426c6e213e201423c750890f64e4c379114dade67dfb9?s=96&d=mm&r=g","caption":"Reda\u00e7\u00e3o"}}]}},"amp_enabled":true,"_links":{"self":[{"href":"https:\/\/www.notibras.com\/site\/wp-json\/wp\/v2\/posts\/186320","targetHints":{"allow":["GET"]}}],"collection":[{"href":"https:\/\/www.notibras.com\/site\/wp-json\/wp\/v2\/posts"}],"about":[{"href":"https:\/\/www.notibras.com\/site\/wp-json\/wp\/v2\/types\/post"}],"author":[{"embeddable":true,"href":"https:\/\/www.notibras.com\/site\/wp-json\/wp\/v2\/users\/1"}],"replies":[{"embeddable":true,"href":"https:\/\/www.notibras.com\/site\/wp-json\/wp\/v2\/comments?post=186320"}],"version-history":[{"count":1,"href":"https:\/\/www.notibras.com\/site\/wp-json\/wp\/v2\/posts\/186320\/revisions"}],"predecessor-version":[{"id":186322,"href":"https:\/\/www.notibras.com\/site\/wp-json\/wp\/v2\/posts\/186320\/revisions\/186322"}],"wp:featuredmedia":[{"embeddable":true,"href":"https:\/\/www.notibras.com\/site\/wp-json\/wp\/v2\/media\/186321"}],"wp:attachment":[{"href":"https:\/\/www.notibras.com\/site\/wp-json\/wp\/v2\/media?parent=186320"}],"wp:term":[{"taxonomy":"category","embeddable":true,"href":"https:\/\/www.notibras.com\/site\/wp-json\/wp\/v2\/categories?post=186320"},{"taxonomy":"post_tag","embeddable":true,"href":"https:\/\/www.notibras.com\/site\/wp-json\/wp\/v2\/tags?post=186320"}],"curies":[{"name":"wp","href":"https:\/\/api.w.org\/{rel}","templated":true}]}}