{"id":186323,"date":"2018-07-25T14:44:43","date_gmt":"2018-07-25T17:44:43","guid":{"rendered":"https:\/\/www.notibras.com\/site\/?p=186323"},"modified":"2018-07-25T14:44:43","modified_gmt":"2018-07-25T17:44:43","slug":"estado-islamico-reivindica-autoria-de-ataque-em-toronto","status":"publish","type":"post","link":"https:\/\/www.notibras.com\/site\/estado-islamico-reivindica-autoria-de-ataque-em-toronto\/","title":{"rendered":"Estado Isl\u00e2mico reivindica autoria de ataque em Toronto"},"content":{"rendered":"<p>O autor do ataque a tiros ocorrido no domingo em Toronto era um &#8220;soldado&#8221; do Estado Isl\u00e2mico (EI), indicou a ag\u00eancia de not\u00edcias &#8220;Amaq&#8221;, vinculada ao grupo terrorista, embora as autoridades canadenses tenham descartado que o ataque no qual morreram duas pessoas e 13 ficaram feridas tenha sido um ato terrorista.<\/p>\n<p>O agressor respondeu \u00e0s chamadas do EI para atacar os cidad\u00e3os dos pa\u00edses que participam da coaliz\u00e3o internacional liderada pelos EUA, que atua contra os jihadistas no Iraque e na S\u00edria, detalhou a ag\u00eancia em comunicado divulgado atrav\u00e9s da rede social Telegram.<\/p>\n<p>Ontem (24) foi realizada a aut\u00f3psia ao suposto terrorista, Fai\u00e7al Hussain, que deve estabelecer se este morreu em consequ\u00eancia dos disparos da pol\u00edcia canadense ou se se suicidou ap\u00f3s abrir fogo na avenida Danforth contra os clientes de v\u00e1rios restaurantes e bares.<\/p>\n<p>Al\u00e9m do agressor, duas pessoas morreram e outras 13 ficaram feridas no ataque que aconteceu no domingo \u00e0s 22h local (23h, em Bras\u00edlia) no cora\u00e7\u00e3o do movimentado &#8220;bairro grego&#8221; de Toronto.<\/p>\n<p>Por enquanto, uma das v\u00edtimas mortais foi identificada como Reese Fallon, de 18 anos de idade, enquanto a outra \u00e9 uma menina de 10 anos cujo nome n\u00e3o foi revelado pelas autoridades canadenses.<\/p>\n","protected":false},"excerpt":{"rendered":"<p>O autor do ataque a tiros ocorrido no domingo em Toronto era um &#8220;soldado&#8221; do Estado Isl\u00e2mico (EI), indicou a ag\u00eancia de not\u00edcias &#8220;Amaq&#8221;, vinculada ao grupo terrorista, embora as autoridades canadenses tenham descartado que o ataque no qual morreram duas pessoas e 13 ficaram feridas tenha sido um ato terrorista. O agressor respondeu \u00e0s [&hellip;]<\/p>\n","protected":false},"author":1,"featured_media":186324,"comment_status":"closed","ping_status":"closed","sticky":false,"template":"","format":"standard","meta":{"_acf_changed":false,"footnotes":""},"categories":[17],"tags":[],"class_list":["post-186323","post","type-post","status-publish","format-standard","has-post-thumbnail","hentry","category-mundo"],"acf":[],"yoast_head":"<!-- This site is optimized with the Yoast SEO plugin v27.2 - https:\/\/yoast.com\/product\/yoast-seo-wordpress\/ -->\n<title>Estado Isl\u00e2mico reivindica autoria de ataque em Toronto - Notibras<\/title>\n<meta name=\"robots\" content=\"index, follow, max-snippet:-1, max-image-preview:large, max-video-preview:-1\" \/>\n<link rel=\"canonical\" href=\"https:\/\/www.notibras.com\/site\/estado-islamico-reivindica-autoria-de-ataque-em-toronto\/\" \/>\n<meta property=\"og:locale\" content=\"pt_BR\" \/>\n<meta property=\"og:type\" content=\"article\" \/>\n<meta property=\"og:title\" content=\"Estado Isl\u00e2mico reivindica autoria de ataque em Toronto - Notibras\" \/>\n<meta property=\"og:description\" content=\"O autor do ataque a tiros ocorrido no domingo em Toronto era um &#8220;soldado&#8221; do Estado Isl\u00e2mico (EI), indicou a ag\u00eancia de not\u00edcias &#8220;Amaq&#8221;, vinculada ao grupo terrorista, embora as autoridades canadenses tenham descartado que o ataque no qual morreram duas pessoas e 13 ficaram feridas tenha sido um ato terrorista. O agressor respondeu \u00e0s [&hellip;]\" \/>\n<meta property=\"og:url\" content=\"https:\/\/www.notibras.com\/site\/estado-islamico-reivindica-autoria-de-ataque-em-toronto\/\" \/>\n<meta property=\"og:site_name\" content=\"Notibras\" \/>\n<meta property=\"article:publisher\" content=\"https:\/\/www.facebook.com\/notibras\/\" \/>\n<meta property=\"article:published_time\" content=\"2018-07-25T17:44:43+00:00\" \/>\n<meta property=\"og:image\" content=\"https:\/\/www.notibras.com\/site\/wp-content\/uploads\/2018\/07\/764329a3-fd04-4dcd-bf26-109a6bb2de00.jpg\" \/>\n\t<meta property=\"og:image:width\" content=\"1919\" \/>\n\t<meta property=\"og:image:height\" content=\"1456\" \/>\n\t<meta property=\"og:image:type\" content=\"image\/jpeg\" \/>\n<meta name=\"author\" content=\"Reda\u00e7\u00e3o\" \/>\n<meta name=\"twitter:card\" content=\"summary_large_image\" \/>\n<meta name=\"twitter:creator\" content=\"@Notibras\" \/>\n<meta name=\"twitter:site\" content=\"@Notibras\" \/>\n<meta name=\"twitter:label1\" content=\"Escrito por\" \/>\n\t<meta name=\"twitter:data1\" content=\"Reda\u00e7\u00e3o\" \/>\n\t<meta name=\"twitter:label2\" content=\"Est. tempo de leitura\" \/>\n\t<meta name=\"twitter:data2\" content=\"1 minuto\" \/>\n<script type=\"application\/ld+json\" class=\"yoast-schema-graph\">{\"@context\":\"https:\/\/schema.org\",\"@graph\":[{\"@type\":\"Article\",\"@id\":\"https:\/\/www.notibras.com\/site\/estado-islamico-reivindica-autoria-de-ataque-em-toronto\/#article\",\"isPartOf\":{\"@id\":\"https:\/\/www.notibras.com\/site\/estado-islamico-reivindica-autoria-de-ataque-em-toronto\/\"},\"author\":{\"name\":\"Reda\u00e7\u00e3o\",\"@id\":\"https:\/\/www.notibras.com\/site\/#\/schema\/person\/00b8e1aa08f9ef6563e878c5159d01cf\"},\"headline\":\"Estado Isl\u00e2mico reivindica autoria de ataque em Toronto\",\"datePublished\":\"2018-07-25T17:44:43+00:00\",\"mainEntityOfPage\":{\"@id\":\"https:\/\/www.notibras.com\/site\/estado-islamico-reivindica-autoria-de-ataque-em-toronto\/\"},\"wordCount\":222,\"publisher\":{\"@id\":\"https:\/\/www.notibras.com\/site\/#organization\"},\"image\":{\"@id\":\"https:\/\/www.notibras.com\/site\/estado-islamico-reivindica-autoria-de-ataque-em-toronto\/#primaryimage\"},\"thumbnailUrl\":\"https:\/\/www.notibras.com\/site\/wp-content\/uploads\/2018\/07\/764329a3-fd04-4dcd-bf26-109a6bb2de00.jpg\",\"articleSection\":[\"Mundo\"],\"inLanguage\":\"pt-BR\"},{\"@type\":\"WebPage\",\"@id\":\"https:\/\/www.notibras.com\/site\/estado-islamico-reivindica-autoria-de-ataque-em-toronto\/\",\"url\":\"https:\/\/www.notibras.com\/site\/estado-islamico-reivindica-autoria-de-ataque-em-toronto\/\",\"name\":\"Estado Isl\u00e2mico reivindica autoria de ataque em Toronto - Notibras\",\"isPartOf\":{\"@id\":\"https:\/\/www.notibras.com\/site\/#website\"},\"primaryImageOfPage\":{\"@id\":\"https:\/\/www.notibras.com\/site\/estado-islamico-reivindica-autoria-de-ataque-em-toronto\/#primaryimage\"},\"image\":{\"@id\":\"https:\/\/www.notibras.com\/site\/estado-islamico-reivindica-autoria-de-ataque-em-toronto\/#primaryimage\"},\"thumbnailUrl\":\"https:\/\/www.notibras.com\/site\/wp-content\/uploads\/2018\/07\/764329a3-fd04-4dcd-bf26-109a6bb2de00.jpg\",\"datePublished\":\"2018-07-25T17:44:43+00:00\",\"breadcrumb\":{\"@id\":\"https:\/\/www.notibras.com\/site\/estado-islamico-reivindica-autoria-de-ataque-em-toronto\/#breadcrumb\"},\"inLanguage\":\"pt-BR\",\"potentialAction\":[{\"@type\":\"ReadAction\",\"target\":[\"https:\/\/www.notibras.com\/site\/estado-islamico-reivindica-autoria-de-ataque-em-toronto\/\"]}]},{\"@type\":\"ImageObject\",\"inLanguage\":\"pt-BR\",\"@id\":\"https:\/\/www.notibras.com\/site\/estado-islamico-reivindica-autoria-de-ataque-em-toronto\/#primaryimage\",\"url\":\"https:\/\/www.notibras.com\/site\/wp-content\/uploads\/2018\/07\/764329a3-fd04-4dcd-bf26-109a6bb2de00.jpg\",\"contentUrl\":\"https:\/\/www.notibras.com\/site\/wp-content\/uploads\/2018\/07\/764329a3-fd04-4dcd-bf26-109a6bb2de00.jpg\",\"width\":1919,\"height\":1456,\"caption\":\"Policial canadense em foto de abril de 2018. Foto: Warren Toda\/EFE\"},{\"@type\":\"BreadcrumbList\",\"@id\":\"https:\/\/www.notibras.com\/site\/estado-islamico-reivindica-autoria-de-ataque-em-toronto\/#breadcrumb\",\"itemListElement\":[{\"@type\":\"ListItem\",\"position\":1,\"name\":\"In\u00edcio\",\"item\":\"https:\/\/www.notibras.com\/site\/\"},{\"@type\":\"ListItem\",\"position\":2,\"name\":\"Estado Isl\u00e2mico reivindica autoria de ataque em Toronto\"}]},{\"@type\":\"WebSite\",\"@id\":\"https:\/\/www.notibras.com\/site\/#website\",\"url\":\"https:\/\/www.notibras.com\/site\/\",\"name\":\"Notibras\",\"description\":\"Not\u00edcias de Bras\u00edlia, do Brasil e do Mundo\",\"publisher\":{\"@id\":\"https:\/\/www.notibras.com\/site\/#organization\"},\"potentialAction\":[{\"@type\":\"SearchAction\",\"target\":{\"@type\":\"EntryPoint\",\"urlTemplate\":\"https:\/\/www.notibras.com\/site\/?s={search_term_string}\"},\"query-input\":{\"@type\":\"PropertyValueSpecification\",\"valueRequired\":true,\"valueName\":\"search_term_string\"}}],\"inLanguage\":\"pt-BR\"},{\"@type\":\"Organization\",\"@id\":\"https:\/\/www.notibras.com\/site\/#organization\",\"name\":\"Grupo Notibras de Comunica\u00e7\u00e3o\",\"url\":\"https:\/\/www.notibras.com\/site\/\",\"logo\":{\"@type\":\"ImageObject\",\"inLanguage\":\"pt-BR\",\"@id\":\"https:\/\/www.notibras.com\/site\/#\/schema\/logo\/image\/\",\"url\":\"https:\/\/www.notibras.com\/site\/wp-content\/uploads\/2023\/01\/notibras23.png\",\"contentUrl\":\"https:\/\/www.notibras.com\/site\/wp-content\/uploads\/2023\/01\/notibras23.png\",\"width\":350,\"height\":87,\"caption\":\"Grupo Notibras de Comunica\u00e7\u00e3o\"},\"image\":{\"@id\":\"https:\/\/www.notibras.com\/site\/#\/schema\/logo\/image\/\"},\"sameAs\":[\"https:\/\/www.facebook.com\/notibras\/\",\"https:\/\/x.com\/Notibras\",\"https:\/\/www.instagram.com\/notibras\/\"]},{\"@type\":\"Person\",\"@id\":\"https:\/\/www.notibras.com\/site\/#\/schema\/person\/00b8e1aa08f9ef6563e878c5159d01cf\",\"name\":\"Reda\u00e7\u00e3o\",\"image\":{\"@type\":\"ImageObject\",\"inLanguage\":\"pt-BR\",\"@id\":\"https:\/\/secure.gravatar.com\/avatar\/ac5a707d5b47784a5ed426c6e213e201423c750890f64e4c379114dade67dfb9?s=96&d=mm&r=g\",\"url\":\"https:\/\/secure.gravatar.com\/avatar\/ac5a707d5b47784a5ed426c6e213e201423c750890f64e4c379114dade67dfb9?s=96&d=mm&r=g\",\"contentUrl\":\"https:\/\/secure.gravatar.com\/avatar\/ac5a707d5b47784a5ed426c6e213e201423c750890f64e4c379114dade67dfb9?s=96&d=mm&r=g\",\"caption\":\"Reda\u00e7\u00e3o\"}}]}<\/script>\n<!-- \/ Yoast SEO plugin. -->","yoast_head_json":{"title":"Estado Isl\u00e2mico reivindica autoria de ataque em Toronto - Notibras","robots":{"index":"index","follow":"follow","max-snippet":"max-snippet:-1","max-image-preview":"max-image-preview:large","max-video-preview":"max-video-preview:-1"},"canonical":"https:\/\/www.notibras.com\/site\/estado-islamico-reivindica-autoria-de-ataque-em-toronto\/","og_locale":"pt_BR","og_type":"article","og_title":"Estado Isl\u00e2mico reivindica autoria de ataque em Toronto - Notibras","og_description":"O autor do ataque a tiros ocorrido no domingo em Toronto era um &#8220;soldado&#8221; do Estado Isl\u00e2mico (EI), indicou a ag\u00eancia de not\u00edcias &#8220;Amaq&#8221;, vinculada ao grupo terrorista, embora as autoridades canadenses tenham descartado que o ataque no qual morreram duas pessoas e 13 ficaram feridas tenha sido um ato terrorista. O agressor respondeu \u00e0s [&hellip;]","og_url":"https:\/\/www.notibras.com\/site\/estado-islamico-reivindica-autoria-de-ataque-em-toronto\/","og_site_name":"Notibras","article_publisher":"https:\/\/www.facebook.com\/notibras\/","article_published_time":"2018-07-25T17:44:43+00:00","og_image":[{"width":1919,"height":1456,"url":"https:\/\/www.notibras.com\/site\/wp-content\/uploads\/2018\/07\/764329a3-fd04-4dcd-bf26-109a6bb2de00.jpg","type":"image\/jpeg"}],"author":"Reda\u00e7\u00e3o","twitter_card":"summary_large_image","twitter_creator":"@Notibras","twitter_site":"@Notibras","twitter_misc":{"Escrito por":"Reda\u00e7\u00e3o","Est. tempo de leitura":"1 minuto"},"schema":{"@context":"https:\/\/schema.org","@graph":[{"@type":"Article","@id":"https:\/\/www.notibras.com\/site\/estado-islamico-reivindica-autoria-de-ataque-em-toronto\/#article","isPartOf":{"@id":"https:\/\/www.notibras.com\/site\/estado-islamico-reivindica-autoria-de-ataque-em-toronto\/"},"author":{"name":"Reda\u00e7\u00e3o","@id":"https:\/\/www.notibras.com\/site\/#\/schema\/person\/00b8e1aa08f9ef6563e878c5159d01cf"},"headline":"Estado Isl\u00e2mico reivindica autoria de ataque em Toronto","datePublished":"2018-07-25T17:44:43+00:00","mainEntityOfPage":{"@id":"https:\/\/www.notibras.com\/site\/estado-islamico-reivindica-autoria-de-ataque-em-toronto\/"},"wordCount":222,"publisher":{"@id":"https:\/\/www.notibras.com\/site\/#organization"},"image":{"@id":"https:\/\/www.notibras.com\/site\/estado-islamico-reivindica-autoria-de-ataque-em-toronto\/#primaryimage"},"thumbnailUrl":"https:\/\/www.notibras.com\/site\/wp-content\/uploads\/2018\/07\/764329a3-fd04-4dcd-bf26-109a6bb2de00.jpg","articleSection":["Mundo"],"inLanguage":"pt-BR"},{"@type":"WebPage","@id":"https:\/\/www.notibras.com\/site\/estado-islamico-reivindica-autoria-de-ataque-em-toronto\/","url":"https:\/\/www.notibras.com\/site\/estado-islamico-reivindica-autoria-de-ataque-em-toronto\/","name":"Estado Isl\u00e2mico reivindica autoria de ataque em Toronto - Notibras","isPartOf":{"@id":"https:\/\/www.notibras.com\/site\/#website"},"primaryImageOfPage":{"@id":"https:\/\/www.notibras.com\/site\/estado-islamico-reivindica-autoria-de-ataque-em-toronto\/#primaryimage"},"image":{"@id":"https:\/\/www.notibras.com\/site\/estado-islamico-reivindica-autoria-de-ataque-em-toronto\/#primaryimage"},"thumbnailUrl":"https:\/\/www.notibras.com\/site\/wp-content\/uploads\/2018\/07\/764329a3-fd04-4dcd-bf26-109a6bb2de00.jpg","datePublished":"2018-07-25T17:44:43+00:00","breadcrumb":{"@id":"https:\/\/www.notibras.com\/site\/estado-islamico-reivindica-autoria-de-ataque-em-toronto\/#breadcrumb"},"inLanguage":"pt-BR","potentialAction":[{"@type":"ReadAction","target":["https:\/\/www.notibras.com\/site\/estado-islamico-reivindica-autoria-de-ataque-em-toronto\/"]}]},{"@type":"ImageObject","inLanguage":"pt-BR","@id":"https:\/\/www.notibras.com\/site\/estado-islamico-reivindica-autoria-de-ataque-em-toronto\/#primaryimage","url":"https:\/\/www.notibras.com\/site\/wp-content\/uploads\/2018\/07\/764329a3-fd04-4dcd-bf26-109a6bb2de00.jpg","contentUrl":"https:\/\/www.notibras.com\/site\/wp-content\/uploads\/2018\/07\/764329a3-fd04-4dcd-bf26-109a6bb2de00.jpg","width":1919,"height":1456,"caption":"Policial canadense em foto de abril de 2018. Foto: Warren Toda\/EFE"},{"@type":"BreadcrumbList","@id":"https:\/\/www.notibras.com\/site\/estado-islamico-reivindica-autoria-de-ataque-em-toronto\/#breadcrumb","itemListElement":[{"@type":"ListItem","position":1,"name":"In\u00edcio","item":"https:\/\/www.notibras.com\/site\/"},{"@type":"ListItem","position":2,"name":"Estado Isl\u00e2mico reivindica autoria de ataque em Toronto"}]},{"@type":"WebSite","@id":"https:\/\/www.notibras.com\/site\/#website","url":"https:\/\/www.notibras.com\/site\/","name":"Notibras","description":"Not\u00edcias de Bras\u00edlia, do Brasil e do Mundo","publisher":{"@id":"https:\/\/www.notibras.com\/site\/#organization"},"potentialAction":[{"@type":"SearchAction","target":{"@type":"EntryPoint","urlTemplate":"https:\/\/www.notibras.com\/site\/?s={search_term_string}"},"query-input":{"@type":"PropertyValueSpecification","valueRequired":true,"valueName":"search_term_string"}}],"inLanguage":"pt-BR"},{"@type":"Organization","@id":"https:\/\/www.notibras.com\/site\/#organization","name":"Grupo Notibras de Comunica\u00e7\u00e3o","url":"https:\/\/www.notibras.com\/site\/","logo":{"@type":"ImageObject","inLanguage":"pt-BR","@id":"https:\/\/www.notibras.com\/site\/#\/schema\/logo\/image\/","url":"https:\/\/www.notibras.com\/site\/wp-content\/uploads\/2023\/01\/notibras23.png","contentUrl":"https:\/\/www.notibras.com\/site\/wp-content\/uploads\/2023\/01\/notibras23.png","width":350,"height":87,"caption":"Grupo Notibras de Comunica\u00e7\u00e3o"},"image":{"@id":"https:\/\/www.notibras.com\/site\/#\/schema\/logo\/image\/"},"sameAs":["https:\/\/www.facebook.com\/notibras\/","https:\/\/x.com\/Notibras","https:\/\/www.instagram.com\/notibras\/"]},{"@type":"Person","@id":"https:\/\/www.notibras.com\/site\/#\/schema\/person\/00b8e1aa08f9ef6563e878c5159d01cf","name":"Reda\u00e7\u00e3o","image":{"@type":"ImageObject","inLanguage":"pt-BR","@id":"https:\/\/secure.gravatar.com\/avatar\/ac5a707d5b47784a5ed426c6e213e201423c750890f64e4c379114dade67dfb9?s=96&d=mm&r=g","url":"https:\/\/secure.gravatar.com\/avatar\/ac5a707d5b47784a5ed426c6e213e201423c750890f64e4c379114dade67dfb9?s=96&d=mm&r=g","contentUrl":"https:\/\/secure.gravatar.com\/avatar\/ac5a707d5b47784a5ed426c6e213e201423c750890f64e4c379114dade67dfb9?s=96&d=mm&r=g","caption":"Reda\u00e7\u00e3o"}}]}},"amp_enabled":true,"_links":{"self":[{"href":"https:\/\/www.notibras.com\/site\/wp-json\/wp\/v2\/posts\/186323","targetHints":{"allow":["GET"]}}],"collection":[{"href":"https:\/\/www.notibras.com\/site\/wp-json\/wp\/v2\/posts"}],"about":[{"href":"https:\/\/www.notibras.com\/site\/wp-json\/wp\/v2\/types\/post"}],"author":[{"embeddable":true,"href":"https:\/\/www.notibras.com\/site\/wp-json\/wp\/v2\/users\/1"}],"replies":[{"embeddable":true,"href":"https:\/\/www.notibras.com\/site\/wp-json\/wp\/v2\/comments?post=186323"}],"version-history":[{"count":1,"href":"https:\/\/www.notibras.com\/site\/wp-json\/wp\/v2\/posts\/186323\/revisions"}],"predecessor-version":[{"id":186325,"href":"https:\/\/www.notibras.com\/site\/wp-json\/wp\/v2\/posts\/186323\/revisions\/186325"}],"wp:featuredmedia":[{"embeddable":true,"href":"https:\/\/www.notibras.com\/site\/wp-json\/wp\/v2\/media\/186324"}],"wp:attachment":[{"href":"https:\/\/www.notibras.com\/site\/wp-json\/wp\/v2\/media?parent=186323"}],"wp:term":[{"taxonomy":"category","embeddable":true,"href":"https:\/\/www.notibras.com\/site\/wp-json\/wp\/v2\/categories?post=186323"},{"taxonomy":"post_tag","embeddable":true,"href":"https:\/\/www.notibras.com\/site\/wp-json\/wp\/v2\/tags?post=186323"}],"curies":[{"name":"wp","href":"https:\/\/api.w.org\/{rel}","templated":true}]}}