{"id":186338,"date":"2018-07-25T16:18:06","date_gmt":"2018-07-25T19:18:06","guid":{"rendered":"https:\/\/www.notibras.com\/site\/?p=186338"},"modified":"2018-07-25T16:18:06","modified_gmt":"2018-07-25T19:18:06","slug":"unicef-alerta-para-crise-de-hiv-entre-meninas-adolescentes","status":"publish","type":"post","link":"https:\/\/www.notibras.com\/site\/unicef-alerta-para-crise-de-hiv-entre-meninas-adolescentes\/","title":{"rendered":"Unicef alerta para crise de HIV entre meninas adolescentes"},"content":{"rendered":"<p>Adolescentes, e principalmente meninas, s\u00e3o as maiores v\u00edtimas da epidemia global de Aids, j\u00e1 que cerca de 30 jovens se infectam a cada hora, de acordo com um relat\u00f3rio do Fundo das Na\u00e7\u00f5es Unidas para as Crian\u00e7as (Unicef).<\/p>\n<p>Destas 30 infec\u00e7\u00f5es novas em pessoas de 15 a 19 anos de idade em 2017, cerca de 20 \u2013ou dois ter\u00e7os\u2013 foram em meninas, disse o Unicef, o que representa uma \u201ccrise de sa\u00fade, al\u00e9m de uma crise de interven\u00e7\u00e3o\u201d.<\/p>\n<p>Embora tenha havido um progresso substancial na luta contra a Aids nas \u00faltimas duas d\u00e9cadas, a incapacidade de evitar tantas infec\u00e7\u00f5es novas entre crian\u00e7as e adolescentes est\u00e1 refreando esse avan\u00e7o, disse o relat\u00f3rio.<\/p>\n<p>Segundo o levantamento, a propaga\u00e7\u00e3o da epidemia entre meninas adolescentes est\u00e1 sendo estimulada pelo sexo precoce, inclusive com homens mais velhos, sexo for\u00e7ado, impot\u00eancia para negociar rela\u00e7\u00f5es sexuais, pobreza e falta de acesso a aconselhamento confidencial e exames.<\/p>\n<p>\u201cNa maioria dos pa\u00edses, mulheres e meninas carecem de acesso a informa\u00e7\u00f5es, servi\u00e7os e at\u00e9 ao poder de dizer n\u00e3o ao sexo de risco\u201d, disse Henrietta Fore, diretora-executiva do Unicef. \u201cO HIV floresce entre os mais vulner\u00e1veis e marginalizados, o que coloca as meninas adolescentes no cerne da crise.\u201d<\/p>\n<p>O relat\u00f3rio do Unicef, apresentado nesta quarta-feira em uma confer\u00eancia da Aids em Amsterd\u00e3, disse que 130 mil adolescentes de 19 anos ou menos morreram de Aids no ano passado e que 430 mil foram infectadas \u2013quase 50 por hora.<\/p>\n","protected":false},"excerpt":{"rendered":"<p>Adolescentes, e principalmente meninas, s\u00e3o as maiores v\u00edtimas da epidemia global de Aids, j\u00e1 que cerca de 30 jovens se infectam a cada hora, de acordo com um relat\u00f3rio do Fundo das Na\u00e7\u00f5es Unidas para as Crian\u00e7as (Unicef). Destas 30 infec\u00e7\u00f5es novas em pessoas de 15 a 19 anos de idade em 2017, cerca de [&hellip;]<\/p>\n","protected":false},"author":1,"featured_media":186339,"comment_status":"closed","ping_status":"closed","sticky":false,"template":"","format":"standard","meta":{"_acf_changed":false,"footnotes":""},"categories":[17],"tags":[],"class_list":["post-186338","post","type-post","status-publish","format-standard","has-post-thumbnail","hentry","category-mundo"],"acf":[],"yoast_head":"<!-- This site is optimized with the Yoast SEO plugin v27.2 - https:\/\/yoast.com\/product\/yoast-seo-wordpress\/ -->\n<title>Unicef alerta para crise de HIV entre meninas adolescentes - Notibras<\/title>\n<meta name=\"robots\" content=\"index, follow, max-snippet:-1, max-image-preview:large, max-video-preview:-1\" \/>\n<link rel=\"canonical\" href=\"https:\/\/www.notibras.com\/site\/unicef-alerta-para-crise-de-hiv-entre-meninas-adolescentes\/\" \/>\n<meta property=\"og:locale\" content=\"pt_BR\" \/>\n<meta property=\"og:type\" content=\"article\" \/>\n<meta property=\"og:title\" content=\"Unicef alerta para crise de HIV entre meninas adolescentes - Notibras\" \/>\n<meta property=\"og:description\" content=\"Adolescentes, e principalmente meninas, s\u00e3o as maiores v\u00edtimas da epidemia global de Aids, j\u00e1 que cerca de 30 jovens se infectam a cada hora, de acordo com um relat\u00f3rio do Fundo das Na\u00e7\u00f5es Unidas para as Crian\u00e7as (Unicef). Destas 30 infec\u00e7\u00f5es novas em pessoas de 15 a 19 anos de idade em 2017, cerca de [&hellip;]\" \/>\n<meta property=\"og:url\" content=\"https:\/\/www.notibras.com\/site\/unicef-alerta-para-crise-de-hiv-entre-meninas-adolescentes\/\" \/>\n<meta property=\"og:site_name\" content=\"Notibras\" \/>\n<meta property=\"article:publisher\" content=\"https:\/\/www.facebook.com\/notibras\/\" \/>\n<meta property=\"article:published_time\" content=\"2018-07-25T19:18:06+00:00\" \/>\n<meta property=\"og:image\" content=\"https:\/\/www.notibras.com\/site\/wp-content\/uploads\/2018\/07\/aids.png\" \/>\n\t<meta property=\"og:image:width\" content=\"795\" \/>\n\t<meta property=\"og:image:height\" content=\"565\" \/>\n\t<meta property=\"og:image:type\" content=\"image\/png\" \/>\n<meta name=\"author\" content=\"Reda\u00e7\u00e3o\" \/>\n<meta name=\"twitter:card\" content=\"summary_large_image\" \/>\n<meta name=\"twitter:creator\" content=\"@Notibras\" \/>\n<meta name=\"twitter:site\" content=\"@Notibras\" \/>\n<meta name=\"twitter:label1\" content=\"Escrito por\" \/>\n\t<meta name=\"twitter:data1\" content=\"Reda\u00e7\u00e3o\" \/>\n\t<meta name=\"twitter:label2\" content=\"Est. tempo de leitura\" \/>\n\t<meta name=\"twitter:data2\" content=\"1 minuto\" \/>\n<script type=\"application\/ld+json\" class=\"yoast-schema-graph\">{\"@context\":\"https:\/\/schema.org\",\"@graph\":[{\"@type\":\"Article\",\"@id\":\"https:\/\/www.notibras.com\/site\/unicef-alerta-para-crise-de-hiv-entre-meninas-adolescentes\/#article\",\"isPartOf\":{\"@id\":\"https:\/\/www.notibras.com\/site\/unicef-alerta-para-crise-de-hiv-entre-meninas-adolescentes\/\"},\"author\":{\"name\":\"Reda\u00e7\u00e3o\",\"@id\":\"https:\/\/www.notibras.com\/site\/#\/schema\/person\/00b8e1aa08f9ef6563e878c5159d01cf\"},\"headline\":\"Unicef alerta para crise de HIV entre meninas adolescentes\",\"datePublished\":\"2018-07-25T19:18:06+00:00\",\"mainEntityOfPage\":{\"@id\":\"https:\/\/www.notibras.com\/site\/unicef-alerta-para-crise-de-hiv-entre-meninas-adolescentes\/\"},\"wordCount\":263,\"publisher\":{\"@id\":\"https:\/\/www.notibras.com\/site\/#organization\"},\"image\":{\"@id\":\"https:\/\/www.notibras.com\/site\/unicef-alerta-para-crise-de-hiv-entre-meninas-adolescentes\/#primaryimage\"},\"thumbnailUrl\":\"https:\/\/www.notibras.com\/site\/wp-content\/uploads\/2018\/07\/aids.png\",\"articleSection\":[\"Mundo\"],\"inLanguage\":\"pt-BR\"},{\"@type\":\"WebPage\",\"@id\":\"https:\/\/www.notibras.com\/site\/unicef-alerta-para-crise-de-hiv-entre-meninas-adolescentes\/\",\"url\":\"https:\/\/www.notibras.com\/site\/unicef-alerta-para-crise-de-hiv-entre-meninas-adolescentes\/\",\"name\":\"Unicef alerta para crise de HIV entre meninas adolescentes - Notibras\",\"isPartOf\":{\"@id\":\"https:\/\/www.notibras.com\/site\/#website\"},\"primaryImageOfPage\":{\"@id\":\"https:\/\/www.notibras.com\/site\/unicef-alerta-para-crise-de-hiv-entre-meninas-adolescentes\/#primaryimage\"},\"image\":{\"@id\":\"https:\/\/www.notibras.com\/site\/unicef-alerta-para-crise-de-hiv-entre-meninas-adolescentes\/#primaryimage\"},\"thumbnailUrl\":\"https:\/\/www.notibras.com\/site\/wp-content\/uploads\/2018\/07\/aids.png\",\"datePublished\":\"2018-07-25T19:18:06+00:00\",\"breadcrumb\":{\"@id\":\"https:\/\/www.notibras.com\/site\/unicef-alerta-para-crise-de-hiv-entre-meninas-adolescentes\/#breadcrumb\"},\"inLanguage\":\"pt-BR\",\"potentialAction\":[{\"@type\":\"ReadAction\",\"target\":[\"https:\/\/www.notibras.com\/site\/unicef-alerta-para-crise-de-hiv-entre-meninas-adolescentes\/\"]}]},{\"@type\":\"ImageObject\",\"inLanguage\":\"pt-BR\",\"@id\":\"https:\/\/www.notibras.com\/site\/unicef-alerta-para-crise-de-hiv-entre-meninas-adolescentes\/#primaryimage\",\"url\":\"https:\/\/www.notibras.com\/site\/wp-content\/uploads\/2018\/07\/aids.png\",\"contentUrl\":\"https:\/\/www.notibras.com\/site\/wp-content\/uploads\/2018\/07\/aids.png\",\"width\":795,\"height\":565,\"caption\":\"Foto: Ajay Verma\/Reuters\"},{\"@type\":\"BreadcrumbList\",\"@id\":\"https:\/\/www.notibras.com\/site\/unicef-alerta-para-crise-de-hiv-entre-meninas-adolescentes\/#breadcrumb\",\"itemListElement\":[{\"@type\":\"ListItem\",\"position\":1,\"name\":\"In\u00edcio\",\"item\":\"https:\/\/www.notibras.com\/site\/\"},{\"@type\":\"ListItem\",\"position\":2,\"name\":\"Unicef alerta para crise de HIV entre meninas adolescentes\"}]},{\"@type\":\"WebSite\",\"@id\":\"https:\/\/www.notibras.com\/site\/#website\",\"url\":\"https:\/\/www.notibras.com\/site\/\",\"name\":\"Notibras\",\"description\":\"Not\u00edcias de Bras\u00edlia, do Brasil e do Mundo\",\"publisher\":{\"@id\":\"https:\/\/www.notibras.com\/site\/#organization\"},\"potentialAction\":[{\"@type\":\"SearchAction\",\"target\":{\"@type\":\"EntryPoint\",\"urlTemplate\":\"https:\/\/www.notibras.com\/site\/?s={search_term_string}\"},\"query-input\":{\"@type\":\"PropertyValueSpecification\",\"valueRequired\":true,\"valueName\":\"search_term_string\"}}],\"inLanguage\":\"pt-BR\"},{\"@type\":\"Organization\",\"@id\":\"https:\/\/www.notibras.com\/site\/#organization\",\"name\":\"Grupo Notibras de Comunica\u00e7\u00e3o\",\"url\":\"https:\/\/www.notibras.com\/site\/\",\"logo\":{\"@type\":\"ImageObject\",\"inLanguage\":\"pt-BR\",\"@id\":\"https:\/\/www.notibras.com\/site\/#\/schema\/logo\/image\/\",\"url\":\"https:\/\/www.notibras.com\/site\/wp-content\/uploads\/2023\/01\/notibras23.png\",\"contentUrl\":\"https:\/\/www.notibras.com\/site\/wp-content\/uploads\/2023\/01\/notibras23.png\",\"width\":350,\"height\":87,\"caption\":\"Grupo Notibras de Comunica\u00e7\u00e3o\"},\"image\":{\"@id\":\"https:\/\/www.notibras.com\/site\/#\/schema\/logo\/image\/\"},\"sameAs\":[\"https:\/\/www.facebook.com\/notibras\/\",\"https:\/\/x.com\/Notibras\",\"https:\/\/www.instagram.com\/notibras\/\"]},{\"@type\":\"Person\",\"@id\":\"https:\/\/www.notibras.com\/site\/#\/schema\/person\/00b8e1aa08f9ef6563e878c5159d01cf\",\"name\":\"Reda\u00e7\u00e3o\",\"image\":{\"@type\":\"ImageObject\",\"inLanguage\":\"pt-BR\",\"@id\":\"https:\/\/secure.gravatar.com\/avatar\/ac5a707d5b47784a5ed426c6e213e201423c750890f64e4c379114dade67dfb9?s=96&d=mm&r=g\",\"url\":\"https:\/\/secure.gravatar.com\/avatar\/ac5a707d5b47784a5ed426c6e213e201423c750890f64e4c379114dade67dfb9?s=96&d=mm&r=g\",\"contentUrl\":\"https:\/\/secure.gravatar.com\/avatar\/ac5a707d5b47784a5ed426c6e213e201423c750890f64e4c379114dade67dfb9?s=96&d=mm&r=g\",\"caption\":\"Reda\u00e7\u00e3o\"}}]}<\/script>\n<!-- \/ Yoast SEO plugin. -->","yoast_head_json":{"title":"Unicef alerta para crise de HIV entre meninas adolescentes - Notibras","robots":{"index":"index","follow":"follow","max-snippet":"max-snippet:-1","max-image-preview":"max-image-preview:large","max-video-preview":"max-video-preview:-1"},"canonical":"https:\/\/www.notibras.com\/site\/unicef-alerta-para-crise-de-hiv-entre-meninas-adolescentes\/","og_locale":"pt_BR","og_type":"article","og_title":"Unicef alerta para crise de HIV entre meninas adolescentes - Notibras","og_description":"Adolescentes, e principalmente meninas, s\u00e3o as maiores v\u00edtimas da epidemia global de Aids, j\u00e1 que cerca de 30 jovens se infectam a cada hora, de acordo com um relat\u00f3rio do Fundo das Na\u00e7\u00f5es Unidas para as Crian\u00e7as (Unicef). Destas 30 infec\u00e7\u00f5es novas em pessoas de 15 a 19 anos de idade em 2017, cerca de [&hellip;]","og_url":"https:\/\/www.notibras.com\/site\/unicef-alerta-para-crise-de-hiv-entre-meninas-adolescentes\/","og_site_name":"Notibras","article_publisher":"https:\/\/www.facebook.com\/notibras\/","article_published_time":"2018-07-25T19:18:06+00:00","og_image":[{"width":795,"height":565,"url":"https:\/\/www.notibras.com\/site\/wp-content\/uploads\/2018\/07\/aids.png","type":"image\/png"}],"author":"Reda\u00e7\u00e3o","twitter_card":"summary_large_image","twitter_creator":"@Notibras","twitter_site":"@Notibras","twitter_misc":{"Escrito por":"Reda\u00e7\u00e3o","Est. tempo de leitura":"1 minuto"},"schema":{"@context":"https:\/\/schema.org","@graph":[{"@type":"Article","@id":"https:\/\/www.notibras.com\/site\/unicef-alerta-para-crise-de-hiv-entre-meninas-adolescentes\/#article","isPartOf":{"@id":"https:\/\/www.notibras.com\/site\/unicef-alerta-para-crise-de-hiv-entre-meninas-adolescentes\/"},"author":{"name":"Reda\u00e7\u00e3o","@id":"https:\/\/www.notibras.com\/site\/#\/schema\/person\/00b8e1aa08f9ef6563e878c5159d01cf"},"headline":"Unicef alerta para crise de HIV entre meninas adolescentes","datePublished":"2018-07-25T19:18:06+00:00","mainEntityOfPage":{"@id":"https:\/\/www.notibras.com\/site\/unicef-alerta-para-crise-de-hiv-entre-meninas-adolescentes\/"},"wordCount":263,"publisher":{"@id":"https:\/\/www.notibras.com\/site\/#organization"},"image":{"@id":"https:\/\/www.notibras.com\/site\/unicef-alerta-para-crise-de-hiv-entre-meninas-adolescentes\/#primaryimage"},"thumbnailUrl":"https:\/\/www.notibras.com\/site\/wp-content\/uploads\/2018\/07\/aids.png","articleSection":["Mundo"],"inLanguage":"pt-BR"},{"@type":"WebPage","@id":"https:\/\/www.notibras.com\/site\/unicef-alerta-para-crise-de-hiv-entre-meninas-adolescentes\/","url":"https:\/\/www.notibras.com\/site\/unicef-alerta-para-crise-de-hiv-entre-meninas-adolescentes\/","name":"Unicef alerta para crise de HIV entre meninas adolescentes - Notibras","isPartOf":{"@id":"https:\/\/www.notibras.com\/site\/#website"},"primaryImageOfPage":{"@id":"https:\/\/www.notibras.com\/site\/unicef-alerta-para-crise-de-hiv-entre-meninas-adolescentes\/#primaryimage"},"image":{"@id":"https:\/\/www.notibras.com\/site\/unicef-alerta-para-crise-de-hiv-entre-meninas-adolescentes\/#primaryimage"},"thumbnailUrl":"https:\/\/www.notibras.com\/site\/wp-content\/uploads\/2018\/07\/aids.png","datePublished":"2018-07-25T19:18:06+00:00","breadcrumb":{"@id":"https:\/\/www.notibras.com\/site\/unicef-alerta-para-crise-de-hiv-entre-meninas-adolescentes\/#breadcrumb"},"inLanguage":"pt-BR","potentialAction":[{"@type":"ReadAction","target":["https:\/\/www.notibras.com\/site\/unicef-alerta-para-crise-de-hiv-entre-meninas-adolescentes\/"]}]},{"@type":"ImageObject","inLanguage":"pt-BR","@id":"https:\/\/www.notibras.com\/site\/unicef-alerta-para-crise-de-hiv-entre-meninas-adolescentes\/#primaryimage","url":"https:\/\/www.notibras.com\/site\/wp-content\/uploads\/2018\/07\/aids.png","contentUrl":"https:\/\/www.notibras.com\/site\/wp-content\/uploads\/2018\/07\/aids.png","width":795,"height":565,"caption":"Foto: Ajay Verma\/Reuters"},{"@type":"BreadcrumbList","@id":"https:\/\/www.notibras.com\/site\/unicef-alerta-para-crise-de-hiv-entre-meninas-adolescentes\/#breadcrumb","itemListElement":[{"@type":"ListItem","position":1,"name":"In\u00edcio","item":"https:\/\/www.notibras.com\/site\/"},{"@type":"ListItem","position":2,"name":"Unicef alerta para crise de HIV entre meninas adolescentes"}]},{"@type":"WebSite","@id":"https:\/\/www.notibras.com\/site\/#website","url":"https:\/\/www.notibras.com\/site\/","name":"Notibras","description":"Not\u00edcias de Bras\u00edlia, do Brasil e do Mundo","publisher":{"@id":"https:\/\/www.notibras.com\/site\/#organization"},"potentialAction":[{"@type":"SearchAction","target":{"@type":"EntryPoint","urlTemplate":"https:\/\/www.notibras.com\/site\/?s={search_term_string}"},"query-input":{"@type":"PropertyValueSpecification","valueRequired":true,"valueName":"search_term_string"}}],"inLanguage":"pt-BR"},{"@type":"Organization","@id":"https:\/\/www.notibras.com\/site\/#organization","name":"Grupo Notibras de Comunica\u00e7\u00e3o","url":"https:\/\/www.notibras.com\/site\/","logo":{"@type":"ImageObject","inLanguage":"pt-BR","@id":"https:\/\/www.notibras.com\/site\/#\/schema\/logo\/image\/","url":"https:\/\/www.notibras.com\/site\/wp-content\/uploads\/2023\/01\/notibras23.png","contentUrl":"https:\/\/www.notibras.com\/site\/wp-content\/uploads\/2023\/01\/notibras23.png","width":350,"height":87,"caption":"Grupo Notibras de Comunica\u00e7\u00e3o"},"image":{"@id":"https:\/\/www.notibras.com\/site\/#\/schema\/logo\/image\/"},"sameAs":["https:\/\/www.facebook.com\/notibras\/","https:\/\/x.com\/Notibras","https:\/\/www.instagram.com\/notibras\/"]},{"@type":"Person","@id":"https:\/\/www.notibras.com\/site\/#\/schema\/person\/00b8e1aa08f9ef6563e878c5159d01cf","name":"Reda\u00e7\u00e3o","image":{"@type":"ImageObject","inLanguage":"pt-BR","@id":"https:\/\/secure.gravatar.com\/avatar\/ac5a707d5b47784a5ed426c6e213e201423c750890f64e4c379114dade67dfb9?s=96&d=mm&r=g","url":"https:\/\/secure.gravatar.com\/avatar\/ac5a707d5b47784a5ed426c6e213e201423c750890f64e4c379114dade67dfb9?s=96&d=mm&r=g","contentUrl":"https:\/\/secure.gravatar.com\/avatar\/ac5a707d5b47784a5ed426c6e213e201423c750890f64e4c379114dade67dfb9?s=96&d=mm&r=g","caption":"Reda\u00e7\u00e3o"}}]}},"amp_enabled":true,"_links":{"self":[{"href":"https:\/\/www.notibras.com\/site\/wp-json\/wp\/v2\/posts\/186338","targetHints":{"allow":["GET"]}}],"collection":[{"href":"https:\/\/www.notibras.com\/site\/wp-json\/wp\/v2\/posts"}],"about":[{"href":"https:\/\/www.notibras.com\/site\/wp-json\/wp\/v2\/types\/post"}],"author":[{"embeddable":true,"href":"https:\/\/www.notibras.com\/site\/wp-json\/wp\/v2\/users\/1"}],"replies":[{"embeddable":true,"href":"https:\/\/www.notibras.com\/site\/wp-json\/wp\/v2\/comments?post=186338"}],"version-history":[{"count":1,"href":"https:\/\/www.notibras.com\/site\/wp-json\/wp\/v2\/posts\/186338\/revisions"}],"predecessor-version":[{"id":186340,"href":"https:\/\/www.notibras.com\/site\/wp-json\/wp\/v2\/posts\/186338\/revisions\/186340"}],"wp:featuredmedia":[{"embeddable":true,"href":"https:\/\/www.notibras.com\/site\/wp-json\/wp\/v2\/media\/186339"}],"wp:attachment":[{"href":"https:\/\/www.notibras.com\/site\/wp-json\/wp\/v2\/media?parent=186338"}],"wp:term":[{"taxonomy":"category","embeddable":true,"href":"https:\/\/www.notibras.com\/site\/wp-json\/wp\/v2\/categories?post=186338"},{"taxonomy":"post_tag","embeddable":true,"href":"https:\/\/www.notibras.com\/site\/wp-json\/wp\/v2\/tags?post=186338"}],"curies":[{"name":"wp","href":"https:\/\/api.w.org\/{rel}","templated":true}]}}