{"id":186342,"date":"2018-07-25T17:52:32","date_gmt":"2018-07-25T20:52:32","guid":{"rendered":"https:\/\/www.notibras.com\/site\/?p=186342"},"modified":"2018-07-26T06:54:20","modified_gmt":"2018-07-26T09:54:20","slug":"estado-islamico-ataca-e-mata-204-em-vilarejos-da-siria","status":"publish","type":"post","link":"https:\/\/www.notibras.com\/site\/estado-islamico-ataca-e-mata-204-em-vilarejos-da-siria\/","title":{"rendered":"Estado Isl\u00e2mico ataca e mata mais de 200 em vilas da S\u00edria"},"content":{"rendered":"<p>Combatentes do Estado Isl\u00e2mico emboscaram uma cidade e v\u00e1rias aldeias no sul da S\u00edria nesta quarta-feira, 25, provocando confrontos entre moradores e militantes que deixaram ao menos 204 pessoas mortas, segundo autoridades de sa\u00fade da prov\u00edncia de Sweida.<\/p>\n<p>Os ataques coordenados pela regi\u00e3o inclu\u00edram diversos atentados suicidas que abalaram a calma de uma regi\u00e3o at\u00e9 ent\u00e3o isolada da viol\u00eancia causada pela guerra. Aparentemente, as a\u00e7\u00f5es de homens-bomba foram programadas para coincidir com as investidas no interior, criando caos em toda a regi\u00e3o.<\/p>\n<p>Ao anoitecer, a diretoria de sa\u00fade provincial havia registrado 204 mortos e 180 feridos, segundo o funcion\u00e1rio Hassan Omar. O n\u00famero marca o dia mais sangrento em Sweida desde a revolta nacional em 2011, que desencadeou a guerra civil em curso.<\/p>\n<p>O sult\u00e3o Bou Ammar, morador da vila de Shbiki, disse que alguns habitantes abriram suas portas inadvertidamente quando os militantes chegaram durante a madrugada. O ataque foi inesperado &#8220;Eles sequestraram mais de 40 pessoas, todas elas mulheres ou crian\u00e7as&#8221;, afirmou.<\/p>\n<p>Segundo o Observat\u00f3rio S\u00edrio para os Direitos Humanos (OSDH), ao menos 183 pessoas foram mortas, incluindo 94 moradores que faziam parte das mil\u00edcias de defesa locais, apoiadas pelo governo. Al\u00e9m dessas, ao menos 45 militantes do Estado Isl\u00e2mico tamb\u00e9m morreram.<\/p>\n","protected":false},"excerpt":{"rendered":"<p>Combatentes do Estado Isl\u00e2mico emboscaram uma cidade e v\u00e1rias aldeias no sul da S\u00edria nesta quarta-feira, 25, provocando confrontos entre moradores e militantes que deixaram ao menos 204 pessoas mortas, segundo autoridades de sa\u00fade da prov\u00edncia de Sweida. Os ataques coordenados pela regi\u00e3o inclu\u00edram diversos atentados suicidas que abalaram a calma de uma regi\u00e3o at\u00e9 [&hellip;]<\/p>\n","protected":false},"author":2,"featured_media":186343,"comment_status":"closed","ping_status":"closed","sticky":false,"template":"","format":"standard","meta":{"_acf_changed":false,"footnotes":""},"categories":[17],"tags":[],"class_list":["post-186342","post","type-post","status-publish","format-standard","has-post-thumbnail","hentry","category-mundo"],"acf":[],"yoast_head":"<!-- This site is optimized with the Yoast SEO plugin v27.2 - https:\/\/yoast.com\/product\/yoast-seo-wordpress\/ -->\n<title>Estado Isl\u00e2mico ataca e mata mais de 200 em vilas da S\u00edria - Notibras<\/title>\n<meta name=\"robots\" content=\"index, follow, max-snippet:-1, max-image-preview:large, max-video-preview:-1\" \/>\n<link rel=\"canonical\" href=\"https:\/\/www.notibras.com\/site\/estado-islamico-ataca-e-mata-204-em-vilarejos-da-siria\/\" \/>\n<meta property=\"og:locale\" content=\"pt_BR\" \/>\n<meta property=\"og:type\" content=\"article\" \/>\n<meta property=\"og:title\" content=\"Estado Isl\u00e2mico ataca e mata mais de 200 em vilas da S\u00edria - Notibras\" \/>\n<meta property=\"og:description\" content=\"Combatentes do Estado Isl\u00e2mico emboscaram uma cidade e v\u00e1rias aldeias no sul da S\u00edria nesta quarta-feira, 25, provocando confrontos entre moradores e militantes que deixaram ao menos 204 pessoas mortas, segundo autoridades de sa\u00fade da prov\u00edncia de Sweida. Os ataques coordenados pela regi\u00e3o inclu\u00edram diversos atentados suicidas que abalaram a calma de uma regi\u00e3o at\u00e9 [&hellip;]\" \/>\n<meta property=\"og:url\" content=\"https:\/\/www.notibras.com\/site\/estado-islamico-ataca-e-mata-204-em-vilarejos-da-siria\/\" \/>\n<meta property=\"og:site_name\" content=\"Notibras\" \/>\n<meta property=\"article:publisher\" content=\"https:\/\/www.facebook.com\/notibras\/\" \/>\n<meta property=\"article:published_time\" content=\"2018-07-25T20:52:32+00:00\" \/>\n<meta property=\"article:modified_time\" content=\"2018-07-26T09:54:20+00:00\" \/>\n<meta property=\"og:image\" content=\"https:\/\/www.notibras.com\/site\/wp-content\/uploads\/2018\/07\/e.i.reuters.jpg\" \/>\n\t<meta property=\"og:image:width\" content=\"1024\" \/>\n\t<meta property=\"og:image:height\" content=\"536\" \/>\n\t<meta property=\"og:image:type\" content=\"image\/jpeg\" \/>\n<meta name=\"author\" content=\"Reda\u00e7\u00e3o\" \/>\n<meta name=\"twitter:card\" content=\"summary_large_image\" \/>\n<meta name=\"twitter:creator\" content=\"@Notibras\" \/>\n<meta name=\"twitter:site\" content=\"@Notibras\" \/>\n<meta name=\"twitter:label1\" content=\"Escrito por\" \/>\n\t<meta name=\"twitter:data1\" content=\"Reda\u00e7\u00e3o\" \/>\n\t<meta name=\"twitter:label2\" content=\"Est. tempo de leitura\" \/>\n\t<meta name=\"twitter:data2\" content=\"1 minuto\" \/>\n<script type=\"application\/ld+json\" class=\"yoast-schema-graph\">{\"@context\":\"https:\/\/schema.org\",\"@graph\":[{\"@type\":\"Article\",\"@id\":\"https:\/\/www.notibras.com\/site\/estado-islamico-ataca-e-mata-204-em-vilarejos-da-siria\/#article\",\"isPartOf\":{\"@id\":\"https:\/\/www.notibras.com\/site\/estado-islamico-ataca-e-mata-204-em-vilarejos-da-siria\/\"},\"author\":{\"name\":\"Reda\u00e7\u00e3o\",\"@id\":\"https:\/\/www.notibras.com\/site\/#\/schema\/person\/36ab0979449956132d3e5b517ea76ac8\"},\"headline\":\"Estado Isl\u00e2mico ataca e mata mais de 200 em vilas da S\u00edria\",\"datePublished\":\"2018-07-25T20:52:32+00:00\",\"dateModified\":\"2018-07-26T09:54:20+00:00\",\"mainEntityOfPage\":{\"@id\":\"https:\/\/www.notibras.com\/site\/estado-islamico-ataca-e-mata-204-em-vilarejos-da-siria\/\"},\"wordCount\":230,\"publisher\":{\"@id\":\"https:\/\/www.notibras.com\/site\/#organization\"},\"image\":{\"@id\":\"https:\/\/www.notibras.com\/site\/estado-islamico-ataca-e-mata-204-em-vilarejos-da-siria\/#primaryimage\"},\"thumbnailUrl\":\"https:\/\/www.notibras.com\/site\/wp-content\/uploads\/2018\/07\/e.i.reuters.jpg\",\"articleSection\":[\"Mundo\"],\"inLanguage\":\"pt-BR\"},{\"@type\":\"WebPage\",\"@id\":\"https:\/\/www.notibras.com\/site\/estado-islamico-ataca-e-mata-204-em-vilarejos-da-siria\/\",\"url\":\"https:\/\/www.notibras.com\/site\/estado-islamico-ataca-e-mata-204-em-vilarejos-da-siria\/\",\"name\":\"Estado Isl\u00e2mico ataca e mata mais de 200 em vilas da S\u00edria - Notibras\",\"isPartOf\":{\"@id\":\"https:\/\/www.notibras.com\/site\/#website\"},\"primaryImageOfPage\":{\"@id\":\"https:\/\/www.notibras.com\/site\/estado-islamico-ataca-e-mata-204-em-vilarejos-da-siria\/#primaryimage\"},\"image\":{\"@id\":\"https:\/\/www.notibras.com\/site\/estado-islamico-ataca-e-mata-204-em-vilarejos-da-siria\/#primaryimage\"},\"thumbnailUrl\":\"https:\/\/www.notibras.com\/site\/wp-content\/uploads\/2018\/07\/e.i.reuters.jpg\",\"datePublished\":\"2018-07-25T20:52:32+00:00\",\"dateModified\":\"2018-07-26T09:54:20+00:00\",\"breadcrumb\":{\"@id\":\"https:\/\/www.notibras.com\/site\/estado-islamico-ataca-e-mata-204-em-vilarejos-da-siria\/#breadcrumb\"},\"inLanguage\":\"pt-BR\",\"potentialAction\":[{\"@type\":\"ReadAction\",\"target\":[\"https:\/\/www.notibras.com\/site\/estado-islamico-ataca-e-mata-204-em-vilarejos-da-siria\/\"]}]},{\"@type\":\"ImageObject\",\"inLanguage\":\"pt-BR\",\"@id\":\"https:\/\/www.notibras.com\/site\/estado-islamico-ataca-e-mata-204-em-vilarejos-da-siria\/#primaryimage\",\"url\":\"https:\/\/www.notibras.com\/site\/wp-content\/uploads\/2018\/07\/e.i.reuters.jpg\",\"contentUrl\":\"https:\/\/www.notibras.com\/site\/wp-content\/uploads\/2018\/07\/e.i.reuters.jpg\",\"width\":1024,\"height\":536,\"caption\":\"Foto: Reuters\/Sputniknews\"},{\"@type\":\"BreadcrumbList\",\"@id\":\"https:\/\/www.notibras.com\/site\/estado-islamico-ataca-e-mata-204-em-vilarejos-da-siria\/#breadcrumb\",\"itemListElement\":[{\"@type\":\"ListItem\",\"position\":1,\"name\":\"In\u00edcio\",\"item\":\"https:\/\/www.notibras.com\/site\/\"},{\"@type\":\"ListItem\",\"position\":2,\"name\":\"Estado Isl\u00e2mico ataca e mata mais de 200 em vilas da S\u00edria\"}]},{\"@type\":\"WebSite\",\"@id\":\"https:\/\/www.notibras.com\/site\/#website\",\"url\":\"https:\/\/www.notibras.com\/site\/\",\"name\":\"Notibras\",\"description\":\"Not\u00edcias de Bras\u00edlia, do Brasil e do Mundo\",\"publisher\":{\"@id\":\"https:\/\/www.notibras.com\/site\/#organization\"},\"potentialAction\":[{\"@type\":\"SearchAction\",\"target\":{\"@type\":\"EntryPoint\",\"urlTemplate\":\"https:\/\/www.notibras.com\/site\/?s={search_term_string}\"},\"query-input\":{\"@type\":\"PropertyValueSpecification\",\"valueRequired\":true,\"valueName\":\"search_term_string\"}}],\"inLanguage\":\"pt-BR\"},{\"@type\":\"Organization\",\"@id\":\"https:\/\/www.notibras.com\/site\/#organization\",\"name\":\"Grupo Notibras de Comunica\u00e7\u00e3o\",\"url\":\"https:\/\/www.notibras.com\/site\/\",\"logo\":{\"@type\":\"ImageObject\",\"inLanguage\":\"pt-BR\",\"@id\":\"https:\/\/www.notibras.com\/site\/#\/schema\/logo\/image\/\",\"url\":\"https:\/\/www.notibras.com\/site\/wp-content\/uploads\/2023\/01\/notibras23.png\",\"contentUrl\":\"https:\/\/www.notibras.com\/site\/wp-content\/uploads\/2023\/01\/notibras23.png\",\"width\":350,\"height\":87,\"caption\":\"Grupo Notibras de Comunica\u00e7\u00e3o\"},\"image\":{\"@id\":\"https:\/\/www.notibras.com\/site\/#\/schema\/logo\/image\/\"},\"sameAs\":[\"https:\/\/www.facebook.com\/notibras\/\",\"https:\/\/x.com\/Notibras\",\"https:\/\/www.instagram.com\/notibras\/\"]},{\"@type\":\"Person\",\"@id\":\"https:\/\/www.notibras.com\/site\/#\/schema\/person\/36ab0979449956132d3e5b517ea76ac8\",\"name\":\"Reda\u00e7\u00e3o\",\"image\":{\"@type\":\"ImageObject\",\"inLanguage\":\"pt-BR\",\"@id\":\"https:\/\/secure.gravatar.com\/avatar\/e0a867bdedb85fd243eadf09663511f96fc81e0720a4a42581f334ad4303aa6b?s=96&d=mm&r=g\",\"url\":\"https:\/\/secure.gravatar.com\/avatar\/e0a867bdedb85fd243eadf09663511f96fc81e0720a4a42581f334ad4303aa6b?s=96&d=mm&r=g\",\"contentUrl\":\"https:\/\/secure.gravatar.com\/avatar\/e0a867bdedb85fd243eadf09663511f96fc81e0720a4a42581f334ad4303aa6b?s=96&d=mm&r=g\",\"caption\":\"Reda\u00e7\u00e3o\"}}]}<\/script>\n<!-- \/ Yoast SEO plugin. -->","yoast_head_json":{"title":"Estado Isl\u00e2mico ataca e mata mais de 200 em vilas da S\u00edria - Notibras","robots":{"index":"index","follow":"follow","max-snippet":"max-snippet:-1","max-image-preview":"max-image-preview:large","max-video-preview":"max-video-preview:-1"},"canonical":"https:\/\/www.notibras.com\/site\/estado-islamico-ataca-e-mata-204-em-vilarejos-da-siria\/","og_locale":"pt_BR","og_type":"article","og_title":"Estado Isl\u00e2mico ataca e mata mais de 200 em vilas da S\u00edria - Notibras","og_description":"Combatentes do Estado Isl\u00e2mico emboscaram uma cidade e v\u00e1rias aldeias no sul da S\u00edria nesta quarta-feira, 25, provocando confrontos entre moradores e militantes que deixaram ao menos 204 pessoas mortas, segundo autoridades de sa\u00fade da prov\u00edncia de Sweida. Os ataques coordenados pela regi\u00e3o inclu\u00edram diversos atentados suicidas que abalaram a calma de uma regi\u00e3o at\u00e9 [&hellip;]","og_url":"https:\/\/www.notibras.com\/site\/estado-islamico-ataca-e-mata-204-em-vilarejos-da-siria\/","og_site_name":"Notibras","article_publisher":"https:\/\/www.facebook.com\/notibras\/","article_published_time":"2018-07-25T20:52:32+00:00","article_modified_time":"2018-07-26T09:54:20+00:00","og_image":[{"width":1024,"height":536,"url":"https:\/\/www.notibras.com\/site\/wp-content\/uploads\/2018\/07\/e.i.reuters.jpg","type":"image\/jpeg"}],"author":"Reda\u00e7\u00e3o","twitter_card":"summary_large_image","twitter_creator":"@Notibras","twitter_site":"@Notibras","twitter_misc":{"Escrito por":"Reda\u00e7\u00e3o","Est. tempo de leitura":"1 minuto"},"schema":{"@context":"https:\/\/schema.org","@graph":[{"@type":"Article","@id":"https:\/\/www.notibras.com\/site\/estado-islamico-ataca-e-mata-204-em-vilarejos-da-siria\/#article","isPartOf":{"@id":"https:\/\/www.notibras.com\/site\/estado-islamico-ataca-e-mata-204-em-vilarejos-da-siria\/"},"author":{"name":"Reda\u00e7\u00e3o","@id":"https:\/\/www.notibras.com\/site\/#\/schema\/person\/36ab0979449956132d3e5b517ea76ac8"},"headline":"Estado Isl\u00e2mico ataca e mata mais de 200 em vilas da S\u00edria","datePublished":"2018-07-25T20:52:32+00:00","dateModified":"2018-07-26T09:54:20+00:00","mainEntityOfPage":{"@id":"https:\/\/www.notibras.com\/site\/estado-islamico-ataca-e-mata-204-em-vilarejos-da-siria\/"},"wordCount":230,"publisher":{"@id":"https:\/\/www.notibras.com\/site\/#organization"},"image":{"@id":"https:\/\/www.notibras.com\/site\/estado-islamico-ataca-e-mata-204-em-vilarejos-da-siria\/#primaryimage"},"thumbnailUrl":"https:\/\/www.notibras.com\/site\/wp-content\/uploads\/2018\/07\/e.i.reuters.jpg","articleSection":["Mundo"],"inLanguage":"pt-BR"},{"@type":"WebPage","@id":"https:\/\/www.notibras.com\/site\/estado-islamico-ataca-e-mata-204-em-vilarejos-da-siria\/","url":"https:\/\/www.notibras.com\/site\/estado-islamico-ataca-e-mata-204-em-vilarejos-da-siria\/","name":"Estado Isl\u00e2mico ataca e mata mais de 200 em vilas da S\u00edria - Notibras","isPartOf":{"@id":"https:\/\/www.notibras.com\/site\/#website"},"primaryImageOfPage":{"@id":"https:\/\/www.notibras.com\/site\/estado-islamico-ataca-e-mata-204-em-vilarejos-da-siria\/#primaryimage"},"image":{"@id":"https:\/\/www.notibras.com\/site\/estado-islamico-ataca-e-mata-204-em-vilarejos-da-siria\/#primaryimage"},"thumbnailUrl":"https:\/\/www.notibras.com\/site\/wp-content\/uploads\/2018\/07\/e.i.reuters.jpg","datePublished":"2018-07-25T20:52:32+00:00","dateModified":"2018-07-26T09:54:20+00:00","breadcrumb":{"@id":"https:\/\/www.notibras.com\/site\/estado-islamico-ataca-e-mata-204-em-vilarejos-da-siria\/#breadcrumb"},"inLanguage":"pt-BR","potentialAction":[{"@type":"ReadAction","target":["https:\/\/www.notibras.com\/site\/estado-islamico-ataca-e-mata-204-em-vilarejos-da-siria\/"]}]},{"@type":"ImageObject","inLanguage":"pt-BR","@id":"https:\/\/www.notibras.com\/site\/estado-islamico-ataca-e-mata-204-em-vilarejos-da-siria\/#primaryimage","url":"https:\/\/www.notibras.com\/site\/wp-content\/uploads\/2018\/07\/e.i.reuters.jpg","contentUrl":"https:\/\/www.notibras.com\/site\/wp-content\/uploads\/2018\/07\/e.i.reuters.jpg","width":1024,"height":536,"caption":"Foto: Reuters\/Sputniknews"},{"@type":"BreadcrumbList","@id":"https:\/\/www.notibras.com\/site\/estado-islamico-ataca-e-mata-204-em-vilarejos-da-siria\/#breadcrumb","itemListElement":[{"@type":"ListItem","position":1,"name":"In\u00edcio","item":"https:\/\/www.notibras.com\/site\/"},{"@type":"ListItem","position":2,"name":"Estado Isl\u00e2mico ataca e mata mais de 200 em vilas da S\u00edria"}]},{"@type":"WebSite","@id":"https:\/\/www.notibras.com\/site\/#website","url":"https:\/\/www.notibras.com\/site\/","name":"Notibras","description":"Not\u00edcias de Bras\u00edlia, do Brasil e do Mundo","publisher":{"@id":"https:\/\/www.notibras.com\/site\/#organization"},"potentialAction":[{"@type":"SearchAction","target":{"@type":"EntryPoint","urlTemplate":"https:\/\/www.notibras.com\/site\/?s={search_term_string}"},"query-input":{"@type":"PropertyValueSpecification","valueRequired":true,"valueName":"search_term_string"}}],"inLanguage":"pt-BR"},{"@type":"Organization","@id":"https:\/\/www.notibras.com\/site\/#organization","name":"Grupo Notibras de Comunica\u00e7\u00e3o","url":"https:\/\/www.notibras.com\/site\/","logo":{"@type":"ImageObject","inLanguage":"pt-BR","@id":"https:\/\/www.notibras.com\/site\/#\/schema\/logo\/image\/","url":"https:\/\/www.notibras.com\/site\/wp-content\/uploads\/2023\/01\/notibras23.png","contentUrl":"https:\/\/www.notibras.com\/site\/wp-content\/uploads\/2023\/01\/notibras23.png","width":350,"height":87,"caption":"Grupo Notibras de Comunica\u00e7\u00e3o"},"image":{"@id":"https:\/\/www.notibras.com\/site\/#\/schema\/logo\/image\/"},"sameAs":["https:\/\/www.facebook.com\/notibras\/","https:\/\/x.com\/Notibras","https:\/\/www.instagram.com\/notibras\/"]},{"@type":"Person","@id":"https:\/\/www.notibras.com\/site\/#\/schema\/person\/36ab0979449956132d3e5b517ea76ac8","name":"Reda\u00e7\u00e3o","image":{"@type":"ImageObject","inLanguage":"pt-BR","@id":"https:\/\/secure.gravatar.com\/avatar\/e0a867bdedb85fd243eadf09663511f96fc81e0720a4a42581f334ad4303aa6b?s=96&d=mm&r=g","url":"https:\/\/secure.gravatar.com\/avatar\/e0a867bdedb85fd243eadf09663511f96fc81e0720a4a42581f334ad4303aa6b?s=96&d=mm&r=g","contentUrl":"https:\/\/secure.gravatar.com\/avatar\/e0a867bdedb85fd243eadf09663511f96fc81e0720a4a42581f334ad4303aa6b?s=96&d=mm&r=g","caption":"Reda\u00e7\u00e3o"}}]}},"amp_enabled":true,"_links":{"self":[{"href":"https:\/\/www.notibras.com\/site\/wp-json\/wp\/v2\/posts\/186342","targetHints":{"allow":["GET"]}}],"collection":[{"href":"https:\/\/www.notibras.com\/site\/wp-json\/wp\/v2\/posts"}],"about":[{"href":"https:\/\/www.notibras.com\/site\/wp-json\/wp\/v2\/types\/post"}],"author":[{"embeddable":true,"href":"https:\/\/www.notibras.com\/site\/wp-json\/wp\/v2\/users\/2"}],"replies":[{"embeddable":true,"href":"https:\/\/www.notibras.com\/site\/wp-json\/wp\/v2\/comments?post=186342"}],"version-history":[{"count":5,"href":"https:\/\/www.notibras.com\/site\/wp-json\/wp\/v2\/posts\/186342\/revisions"}],"predecessor-version":[{"id":186349,"href":"https:\/\/www.notibras.com\/site\/wp-json\/wp\/v2\/posts\/186342\/revisions\/186349"}],"wp:featuredmedia":[{"embeddable":true,"href":"https:\/\/www.notibras.com\/site\/wp-json\/wp\/v2\/media\/186343"}],"wp:attachment":[{"href":"https:\/\/www.notibras.com\/site\/wp-json\/wp\/v2\/media?parent=186342"}],"wp:term":[{"taxonomy":"category","embeddable":true,"href":"https:\/\/www.notibras.com\/site\/wp-json\/wp\/v2\/categories?post=186342"},{"taxonomy":"post_tag","embeddable":true,"href":"https:\/\/www.notibras.com\/site\/wp-json\/wp\/v2\/tags?post=186342"}],"curies":[{"name":"wp","href":"https:\/\/api.w.org\/{rel}","templated":true}]}}