{"id":18641,"date":"2014-08-05T00:05:24","date_gmt":"2014-08-05T03:05:24","guid":{"rendered":"http:\/\/www.notibras.com\/site\/?p=18641"},"modified":"2014-08-06T00:07:56","modified_gmt":"2014-08-06T03:07:56","slug":"lusa-estreia-tecnico-silas-perde-e-continua-na-degola-da-b","status":"publish","type":"post","link":"https:\/\/www.notibras.com\/site\/lusa-estreia-tecnico-silas-perde-e-continua-na-degola-da-b\/","title":{"rendered":"Lusa estreia t\u00e9cnico Silas, perde e continua na degola da B"},"content":{"rendered":"<p>Mesmo com a estreia do t\u00e9cnico Silas, a Portuguesa n\u00e3o foi capaz de deixar a pen\u00faltima posi\u00e7\u00e3o do Campeonato Brasileiro da S\u00e9rie B. Atuando em Lucas do Rio Verde-MT, a equipe paulista\u00a0saiu na frente, mas acabou superada por 3 a 1. Os visitantes inauguraram o marcador com um belo gol de Jocinei, mas viram Washington, Jean Patrick e Rubinho constru\u00edrem a vit\u00f3ria da surpreendente equipe local.<\/p>\n<p class=\"text\">Com o resultado, a Portuguesa\u00a0segue no 19\u00ba lugar, com apenas 12 pontos. Por sua vez, o emergente clube do Norte chega \u00e0 vice-lideran\u00e7a, superando o Am\u00e9rica-MG, somando 27 pontos.<\/p>\n<p class=\"text\">O pr\u00f3ximo compromisso dos paulistas ser\u00e1 no dia 12 de agosto, ter\u00e7a-feira, \u00e0s 19h30 (de Bras\u00edlia), diante do ABC-RN, na Arena das Dunas. J\u00e1 os mato-grossenses voltam a campo contra o N\u00e1utico, s\u00e1bado (16), \u00e0s 16h20 (de Bras\u00edlia), tamb\u00e9m em seus dom\u00ednios.<\/p>\n<p class=\"text\">Disposta a se recuperar sob o comando de seu quarto treinador em 2014, a Portuguesa criou a primeira chance de gol em Lucas do Rio Verde-MT, com 12 jogados. Ap\u00f3s desarmar Washington, o lateral Arnaldo arrancou pela ponta direita, passou por dos defensores e finalizou \u00e0 direita de Gabriel Leite. Cinco minutos mais tarde, o Luverdense respondeu: Misael foi \u00e0 linha de fundo e cruzou na medida, mas Jean Patrick testou \u00e0 esquerda de Rafael Santos.<\/p>\n<p class=\"text\">A partir dos 20 minutos, a equipe paulista\u00a0adotou uma postura acuada, impondo todos seus atletas atr\u00e1s da linha que delimita o meio-campo. Entretanto, em uma das lacunas encontradas na configura\u00e7\u00e3o rubro-verde, o experiente Reinaldo foi acionado por Washington e invadiu a \u00e1rea. Por\u00e9m, acabou desarmado por um carrinho providencial do goleiro. Quando o rel\u00f3gio apontou a marca dos 27 minutos, Samuel recebeu de Carl\u00e3o e experimentou da intermedi\u00e1ria, mandando a bola rente \u00e0 trave.<\/p>\n<blockquote>\n<p class=\"text\">Melhor em campo, o Luverdense viu Rafael Santos operar um milagre em finaliza\u00e7\u00e3o de Reinaldo. O camisa 9 ganhou de Brinner na velocidade e chutou forte, cruzado. Entretanto, com a ponta dos dedos, o arqueiro do clube paulista colocou a bola em escanteio. Antes de seguir para os vesti\u00e1rios, o time do Canind\u00e9 teve uma boa chance de inaugurar o placar. Por\u00e9m, Serginho, ap\u00f3s receber de Marcelinho, tocou \u00e0 esquerda de Gabriel Leite, com quem ficou cara a cara.<\/p>\n<\/blockquote>\n<p class=\"text\">Ap\u00f3s um primeiro per\u00edodo satisfat\u00f3rio, o Luverdense sufocou os visitantes no in\u00edcio, desperdi\u00e7ando chances claras de gol. Logo aos dois minutos, em contragolpe r\u00e1pido, Misael fintou dois zagueiros e rolou para Reinaldo. Livre na \u00e1rea, o centroavante concluiu por cima do travess\u00e3o. No ataque seguinte, Samuel escapou pelo meio-campo, invadiu a \u00e1rea e finalizou firme. Entretanto, a bola passou \u00e0 direita de Rafael Santos.<\/p>\n<p class=\"text\">Contendo os \u00edmpetos mandantes, a Portuguesa surpreendeu e foi \u00e0s redes aos 13 minutos. Em escanteio cobrado por Marcos Assun\u00e7\u00e3o, na direita, Jocinei aproveitou bola espirrada pela defesa e concluiu forte, no \u00e2ngulo esquerdo de Gabriel Leite, que apenas observou.<\/p>\n<p class=\"text\">Em desvantagem, o jovem t\u00e9cnico J\u00fanior Rocha sacou o zagueiro Renato, improvisado como lateral-direito, e promoveu a entrada de Michel Bertasso, que atua no of\u00edcio. Adiante, Samuel deu lugar a Rubinho, que passou a ser respons\u00e1vel pela articula\u00e7\u00e3o de jogadas. Mais ofensivo, o Luverdense do Norte empatou o jogo aos 23 minutos. Em falta \u00e0 longa dist\u00e2ncia, Washington concluiu firme e venceu Rafael Santos, que caiu no lado direito, mas n\u00e3o conseguiu evitar.<\/p>\n<p class=\"text\">Abatida, a Portuguesa sofreu a virada com 27 jogados. Em boa jogada individual, o volante Jean Patrick deixou para tr\u00e1s Maycon e Brinner antes de concluir no canto esquerdo, sem dar chances para o advers\u00e1rio. O terceiro tento tamb\u00e9m veio de bola parada: nas proximidades da \u00e1rea, Rubinho cobrou falta com precis\u00e3o, no canto direito, e fechou o marcador.<\/p>\n","protected":false},"excerpt":{"rendered":"<p>Mesmo com a estreia do t\u00e9cnico Silas, a Portuguesa n\u00e3o foi capaz de deixar a pen\u00faltima posi\u00e7\u00e3o do Campeonato Brasileiro da S\u00e9rie B. Atuando em Lucas do Rio Verde-MT, a equipe paulista\u00a0saiu na frente, mas acabou superada por 3 a 1. Os visitantes inauguraram o marcador com um belo gol de Jocinei, mas viram Washington, [&hellip;]<\/p>\n","protected":false},"author":2,"featured_media":18642,"comment_status":"open","ping_status":"closed","sticky":false,"template":"","format":"standard","meta":{"_acf_changed":false,"footnotes":""},"categories":[19,29],"tags":[],"class_list":["post-18641","post","type-post","status-publish","format-standard","has-post-thumbnail","hentry","category-esportes","category-futebol"],"acf":[],"yoast_head":"<!-- This site is optimized with the Yoast SEO plugin v27.2 - https:\/\/yoast.com\/product\/yoast-seo-wordpress\/ -->\n<title>Lusa estreia t\u00e9cnico Silas, perde e continua na degola da B - Notibras<\/title>\n<meta name=\"robots\" content=\"index, follow, max-snippet:-1, max-image-preview:large, max-video-preview:-1\" \/>\n<link rel=\"canonical\" href=\"https:\/\/www.notibras.com\/site\/lusa-estreia-tecnico-silas-perde-e-continua-na-degola-da-b\/\" \/>\n<meta property=\"og:locale\" content=\"pt_BR\" \/>\n<meta property=\"og:type\" content=\"article\" \/>\n<meta property=\"og:title\" content=\"Lusa estreia t\u00e9cnico Silas, perde e continua na degola da B - Notibras\" \/>\n<meta property=\"og:description\" content=\"Mesmo com a estreia do t\u00e9cnico Silas, a Portuguesa n\u00e3o foi capaz de deixar a pen\u00faltima posi\u00e7\u00e3o do Campeonato Brasileiro da S\u00e9rie B. Atuando em Lucas do Rio Verde-MT, a equipe paulista\u00a0saiu na frente, mas acabou superada por 3 a 1. Os visitantes inauguraram o marcador com um belo gol de Jocinei, mas viram Washington, [&hellip;]\" \/>\n<meta property=\"og:url\" content=\"https:\/\/www.notibras.com\/site\/lusa-estreia-tecnico-silas-perde-e-continua-na-degola-da-b\/\" \/>\n<meta property=\"og:site_name\" content=\"Notibras\" \/>\n<meta property=\"article:publisher\" content=\"https:\/\/www.facebook.com\/notibras\/\" \/>\n<meta property=\"article:published_time\" content=\"2014-08-05T03:05:24+00:00\" \/>\n<meta property=\"article:modified_time\" content=\"2014-08-06T03:07:56+00:00\" \/>\n<meta property=\"og:image\" content=\"https:\/\/www.notibras.com\/site\/wp-content\/uploads\/2014\/08\/f_231102.jpg\" \/>\n\t<meta property=\"og:image:width\" content=\"628\" \/>\n\t<meta property=\"og:image:height\" content=\"370\" \/>\n\t<meta property=\"og:image:type\" content=\"image\/jpeg\" \/>\n<meta name=\"author\" content=\"Reda\u00e7\u00e3o\" \/>\n<meta name=\"twitter:card\" content=\"summary_large_image\" \/>\n<meta name=\"twitter:creator\" content=\"@Notibras\" \/>\n<meta name=\"twitter:site\" content=\"@Notibras\" \/>\n<meta name=\"twitter:label1\" content=\"Escrito por\" \/>\n\t<meta name=\"twitter:data1\" content=\"Reda\u00e7\u00e3o\" \/>\n\t<meta name=\"twitter:label2\" content=\"Est. tempo de leitura\" \/>\n\t<meta name=\"twitter:data2\" content=\"3 minutos\" \/>\n<script type=\"application\/ld+json\" class=\"yoast-schema-graph\">{\"@context\":\"https:\/\/schema.org\",\"@graph\":[{\"@type\":\"Article\",\"@id\":\"https:\/\/www.notibras.com\/site\/lusa-estreia-tecnico-silas-perde-e-continua-na-degola-da-b\/#article\",\"isPartOf\":{\"@id\":\"https:\/\/www.notibras.com\/site\/lusa-estreia-tecnico-silas-perde-e-continua-na-degola-da-b\/\"},\"author\":{\"name\":\"Reda\u00e7\u00e3o\",\"@id\":\"https:\/\/www.notibras.com\/site\/#\/schema\/person\/36ab0979449956132d3e5b517ea76ac8\"},\"headline\":\"Lusa estreia t\u00e9cnico Silas, perde e continua na degola da B\",\"datePublished\":\"2014-08-05T03:05:24+00:00\",\"dateModified\":\"2014-08-06T03:07:56+00:00\",\"mainEntityOfPage\":{\"@id\":\"https:\/\/www.notibras.com\/site\/lusa-estreia-tecnico-silas-perde-e-continua-na-degola-da-b\/\"},\"wordCount\":641,\"commentCount\":0,\"publisher\":{\"@id\":\"https:\/\/www.notibras.com\/site\/#organization\"},\"image\":{\"@id\":\"https:\/\/www.notibras.com\/site\/lusa-estreia-tecnico-silas-perde-e-continua-na-degola-da-b\/#primaryimage\"},\"thumbnailUrl\":\"https:\/\/www.notibras.com\/site\/wp-content\/uploads\/2014\/08\/f_231102.jpg\",\"articleSection\":[\"Esportes\",\"Futebol\"],\"inLanguage\":\"pt-BR\",\"potentialAction\":[{\"@type\":\"CommentAction\",\"name\":\"Comment\",\"target\":[\"https:\/\/www.notibras.com\/site\/lusa-estreia-tecnico-silas-perde-e-continua-na-degola-da-b\/#respond\"]}]},{\"@type\":\"WebPage\",\"@id\":\"https:\/\/www.notibras.com\/site\/lusa-estreia-tecnico-silas-perde-e-continua-na-degola-da-b\/\",\"url\":\"https:\/\/www.notibras.com\/site\/lusa-estreia-tecnico-silas-perde-e-continua-na-degola-da-b\/\",\"name\":\"Lusa estreia t\u00e9cnico Silas, perde e continua na degola da B - Notibras\",\"isPartOf\":{\"@id\":\"https:\/\/www.notibras.com\/site\/#website\"},\"primaryImageOfPage\":{\"@id\":\"https:\/\/www.notibras.com\/site\/lusa-estreia-tecnico-silas-perde-e-continua-na-degola-da-b\/#primaryimage\"},\"image\":{\"@id\":\"https:\/\/www.notibras.com\/site\/lusa-estreia-tecnico-silas-perde-e-continua-na-degola-da-b\/#primaryimage\"},\"thumbnailUrl\":\"https:\/\/www.notibras.com\/site\/wp-content\/uploads\/2014\/08\/f_231102.jpg\",\"datePublished\":\"2014-08-05T03:05:24+00:00\",\"dateModified\":\"2014-08-06T03:07:56+00:00\",\"breadcrumb\":{\"@id\":\"https:\/\/www.notibras.com\/site\/lusa-estreia-tecnico-silas-perde-e-continua-na-degola-da-b\/#breadcrumb\"},\"inLanguage\":\"pt-BR\",\"potentialAction\":[{\"@type\":\"ReadAction\",\"target\":[\"https:\/\/www.notibras.com\/site\/lusa-estreia-tecnico-silas-perde-e-continua-na-degola-da-b\/\"]}]},{\"@type\":\"ImageObject\",\"inLanguage\":\"pt-BR\",\"@id\":\"https:\/\/www.notibras.com\/site\/lusa-estreia-tecnico-silas-perde-e-continua-na-degola-da-b\/#primaryimage\",\"url\":\"https:\/\/www.notibras.com\/site\/wp-content\/uploads\/2014\/08\/f_231102.jpg\",\"contentUrl\":\"https:\/\/www.notibras.com\/site\/wp-content\/uploads\/2014\/08\/f_231102.jpg\",\"width\":628,\"height\":370},{\"@type\":\"BreadcrumbList\",\"@id\":\"https:\/\/www.notibras.com\/site\/lusa-estreia-tecnico-silas-perde-e-continua-na-degola-da-b\/#breadcrumb\",\"itemListElement\":[{\"@type\":\"ListItem\",\"position\":1,\"name\":\"In\u00edcio\",\"item\":\"https:\/\/www.notibras.com\/site\/\"},{\"@type\":\"ListItem\",\"position\":2,\"name\":\"Lusa estreia t\u00e9cnico Silas, perde e continua na degola da B\"}]},{\"@type\":\"WebSite\",\"@id\":\"https:\/\/www.notibras.com\/site\/#website\",\"url\":\"https:\/\/www.notibras.com\/site\/\",\"name\":\"Notibras\",\"description\":\"Not\u00edcias de Bras\u00edlia, do Brasil e do Mundo\",\"publisher\":{\"@id\":\"https:\/\/www.notibras.com\/site\/#organization\"},\"potentialAction\":[{\"@type\":\"SearchAction\",\"target\":{\"@type\":\"EntryPoint\",\"urlTemplate\":\"https:\/\/www.notibras.com\/site\/?s={search_term_string}\"},\"query-input\":{\"@type\":\"PropertyValueSpecification\",\"valueRequired\":true,\"valueName\":\"search_term_string\"}}],\"inLanguage\":\"pt-BR\"},{\"@type\":\"Organization\",\"@id\":\"https:\/\/www.notibras.com\/site\/#organization\",\"name\":\"Grupo Notibras de Comunica\u00e7\u00e3o\",\"url\":\"https:\/\/www.notibras.com\/site\/\",\"logo\":{\"@type\":\"ImageObject\",\"inLanguage\":\"pt-BR\",\"@id\":\"https:\/\/www.notibras.com\/site\/#\/schema\/logo\/image\/\",\"url\":\"https:\/\/www.notibras.com\/site\/wp-content\/uploads\/2023\/01\/notibras23.png\",\"contentUrl\":\"https:\/\/www.notibras.com\/site\/wp-content\/uploads\/2023\/01\/notibras23.png\",\"width\":350,\"height\":87,\"caption\":\"Grupo Notibras de Comunica\u00e7\u00e3o\"},\"image\":{\"@id\":\"https:\/\/www.notibras.com\/site\/#\/schema\/logo\/image\/\"},\"sameAs\":[\"https:\/\/www.facebook.com\/notibras\/\",\"https:\/\/x.com\/Notibras\",\"https:\/\/www.instagram.com\/notibras\/\"]},{\"@type\":\"Person\",\"@id\":\"https:\/\/www.notibras.com\/site\/#\/schema\/person\/36ab0979449956132d3e5b517ea76ac8\",\"name\":\"Reda\u00e7\u00e3o\",\"image\":{\"@type\":\"ImageObject\",\"inLanguage\":\"pt-BR\",\"@id\":\"https:\/\/secure.gravatar.com\/avatar\/e0a867bdedb85fd243eadf09663511f96fc81e0720a4a42581f334ad4303aa6b?s=96&d=mm&r=g\",\"url\":\"https:\/\/secure.gravatar.com\/avatar\/e0a867bdedb85fd243eadf09663511f96fc81e0720a4a42581f334ad4303aa6b?s=96&d=mm&r=g\",\"contentUrl\":\"https:\/\/secure.gravatar.com\/avatar\/e0a867bdedb85fd243eadf09663511f96fc81e0720a4a42581f334ad4303aa6b?s=96&d=mm&r=g\",\"caption\":\"Reda\u00e7\u00e3o\"}}]}<\/script>\n<!-- \/ Yoast SEO plugin. -->","yoast_head_json":{"title":"Lusa estreia t\u00e9cnico Silas, perde e continua na degola da B - Notibras","robots":{"index":"index","follow":"follow","max-snippet":"max-snippet:-1","max-image-preview":"max-image-preview:large","max-video-preview":"max-video-preview:-1"},"canonical":"https:\/\/www.notibras.com\/site\/lusa-estreia-tecnico-silas-perde-e-continua-na-degola-da-b\/","og_locale":"pt_BR","og_type":"article","og_title":"Lusa estreia t\u00e9cnico Silas, perde e continua na degola da B - Notibras","og_description":"Mesmo com a estreia do t\u00e9cnico Silas, a Portuguesa n\u00e3o foi capaz de deixar a pen\u00faltima posi\u00e7\u00e3o do Campeonato Brasileiro da S\u00e9rie B. Atuando em Lucas do Rio Verde-MT, a equipe paulista\u00a0saiu na frente, mas acabou superada por 3 a 1. Os visitantes inauguraram o marcador com um belo gol de Jocinei, mas viram Washington, [&hellip;]","og_url":"https:\/\/www.notibras.com\/site\/lusa-estreia-tecnico-silas-perde-e-continua-na-degola-da-b\/","og_site_name":"Notibras","article_publisher":"https:\/\/www.facebook.com\/notibras\/","article_published_time":"2014-08-05T03:05:24+00:00","article_modified_time":"2014-08-06T03:07:56+00:00","og_image":[{"width":628,"height":370,"url":"https:\/\/www.notibras.com\/site\/wp-content\/uploads\/2014\/08\/f_231102.jpg","type":"image\/jpeg"}],"author":"Reda\u00e7\u00e3o","twitter_card":"summary_large_image","twitter_creator":"@Notibras","twitter_site":"@Notibras","twitter_misc":{"Escrito por":"Reda\u00e7\u00e3o","Est. tempo de leitura":"3 minutos"},"schema":{"@context":"https:\/\/schema.org","@graph":[{"@type":"Article","@id":"https:\/\/www.notibras.com\/site\/lusa-estreia-tecnico-silas-perde-e-continua-na-degola-da-b\/#article","isPartOf":{"@id":"https:\/\/www.notibras.com\/site\/lusa-estreia-tecnico-silas-perde-e-continua-na-degola-da-b\/"},"author":{"name":"Reda\u00e7\u00e3o","@id":"https:\/\/www.notibras.com\/site\/#\/schema\/person\/36ab0979449956132d3e5b517ea76ac8"},"headline":"Lusa estreia t\u00e9cnico Silas, perde e continua na degola da B","datePublished":"2014-08-05T03:05:24+00:00","dateModified":"2014-08-06T03:07:56+00:00","mainEntityOfPage":{"@id":"https:\/\/www.notibras.com\/site\/lusa-estreia-tecnico-silas-perde-e-continua-na-degola-da-b\/"},"wordCount":641,"commentCount":0,"publisher":{"@id":"https:\/\/www.notibras.com\/site\/#organization"},"image":{"@id":"https:\/\/www.notibras.com\/site\/lusa-estreia-tecnico-silas-perde-e-continua-na-degola-da-b\/#primaryimage"},"thumbnailUrl":"https:\/\/www.notibras.com\/site\/wp-content\/uploads\/2014\/08\/f_231102.jpg","articleSection":["Esportes","Futebol"],"inLanguage":"pt-BR","potentialAction":[{"@type":"CommentAction","name":"Comment","target":["https:\/\/www.notibras.com\/site\/lusa-estreia-tecnico-silas-perde-e-continua-na-degola-da-b\/#respond"]}]},{"@type":"WebPage","@id":"https:\/\/www.notibras.com\/site\/lusa-estreia-tecnico-silas-perde-e-continua-na-degola-da-b\/","url":"https:\/\/www.notibras.com\/site\/lusa-estreia-tecnico-silas-perde-e-continua-na-degola-da-b\/","name":"Lusa estreia t\u00e9cnico Silas, perde e continua na degola da B - Notibras","isPartOf":{"@id":"https:\/\/www.notibras.com\/site\/#website"},"primaryImageOfPage":{"@id":"https:\/\/www.notibras.com\/site\/lusa-estreia-tecnico-silas-perde-e-continua-na-degola-da-b\/#primaryimage"},"image":{"@id":"https:\/\/www.notibras.com\/site\/lusa-estreia-tecnico-silas-perde-e-continua-na-degola-da-b\/#primaryimage"},"thumbnailUrl":"https:\/\/www.notibras.com\/site\/wp-content\/uploads\/2014\/08\/f_231102.jpg","datePublished":"2014-08-05T03:05:24+00:00","dateModified":"2014-08-06T03:07:56+00:00","breadcrumb":{"@id":"https:\/\/www.notibras.com\/site\/lusa-estreia-tecnico-silas-perde-e-continua-na-degola-da-b\/#breadcrumb"},"inLanguage":"pt-BR","potentialAction":[{"@type":"ReadAction","target":["https:\/\/www.notibras.com\/site\/lusa-estreia-tecnico-silas-perde-e-continua-na-degola-da-b\/"]}]},{"@type":"ImageObject","inLanguage":"pt-BR","@id":"https:\/\/www.notibras.com\/site\/lusa-estreia-tecnico-silas-perde-e-continua-na-degola-da-b\/#primaryimage","url":"https:\/\/www.notibras.com\/site\/wp-content\/uploads\/2014\/08\/f_231102.jpg","contentUrl":"https:\/\/www.notibras.com\/site\/wp-content\/uploads\/2014\/08\/f_231102.jpg","width":628,"height":370},{"@type":"BreadcrumbList","@id":"https:\/\/www.notibras.com\/site\/lusa-estreia-tecnico-silas-perde-e-continua-na-degola-da-b\/#breadcrumb","itemListElement":[{"@type":"ListItem","position":1,"name":"In\u00edcio","item":"https:\/\/www.notibras.com\/site\/"},{"@type":"ListItem","position":2,"name":"Lusa estreia t\u00e9cnico Silas, perde e continua na degola da B"}]},{"@type":"WebSite","@id":"https:\/\/www.notibras.com\/site\/#website","url":"https:\/\/www.notibras.com\/site\/","name":"Notibras","description":"Not\u00edcias de Bras\u00edlia, do Brasil e do Mundo","publisher":{"@id":"https:\/\/www.notibras.com\/site\/#organization"},"potentialAction":[{"@type":"SearchAction","target":{"@type":"EntryPoint","urlTemplate":"https:\/\/www.notibras.com\/site\/?s={search_term_string}"},"query-input":{"@type":"PropertyValueSpecification","valueRequired":true,"valueName":"search_term_string"}}],"inLanguage":"pt-BR"},{"@type":"Organization","@id":"https:\/\/www.notibras.com\/site\/#organization","name":"Grupo Notibras de Comunica\u00e7\u00e3o","url":"https:\/\/www.notibras.com\/site\/","logo":{"@type":"ImageObject","inLanguage":"pt-BR","@id":"https:\/\/www.notibras.com\/site\/#\/schema\/logo\/image\/","url":"https:\/\/www.notibras.com\/site\/wp-content\/uploads\/2023\/01\/notibras23.png","contentUrl":"https:\/\/www.notibras.com\/site\/wp-content\/uploads\/2023\/01\/notibras23.png","width":350,"height":87,"caption":"Grupo Notibras de Comunica\u00e7\u00e3o"},"image":{"@id":"https:\/\/www.notibras.com\/site\/#\/schema\/logo\/image\/"},"sameAs":["https:\/\/www.facebook.com\/notibras\/","https:\/\/x.com\/Notibras","https:\/\/www.instagram.com\/notibras\/"]},{"@type":"Person","@id":"https:\/\/www.notibras.com\/site\/#\/schema\/person\/36ab0979449956132d3e5b517ea76ac8","name":"Reda\u00e7\u00e3o","image":{"@type":"ImageObject","inLanguage":"pt-BR","@id":"https:\/\/secure.gravatar.com\/avatar\/e0a867bdedb85fd243eadf09663511f96fc81e0720a4a42581f334ad4303aa6b?s=96&d=mm&r=g","url":"https:\/\/secure.gravatar.com\/avatar\/e0a867bdedb85fd243eadf09663511f96fc81e0720a4a42581f334ad4303aa6b?s=96&d=mm&r=g","contentUrl":"https:\/\/secure.gravatar.com\/avatar\/e0a867bdedb85fd243eadf09663511f96fc81e0720a4a42581f334ad4303aa6b?s=96&d=mm&r=g","caption":"Reda\u00e7\u00e3o"}}]}},"amp_enabled":true,"_links":{"self":[{"href":"https:\/\/www.notibras.com\/site\/wp-json\/wp\/v2\/posts\/18641","targetHints":{"allow":["GET"]}}],"collection":[{"href":"https:\/\/www.notibras.com\/site\/wp-json\/wp\/v2\/posts"}],"about":[{"href":"https:\/\/www.notibras.com\/site\/wp-json\/wp\/v2\/types\/post"}],"author":[{"embeddable":true,"href":"https:\/\/www.notibras.com\/site\/wp-json\/wp\/v2\/users\/2"}],"replies":[{"embeddable":true,"href":"https:\/\/www.notibras.com\/site\/wp-json\/wp\/v2\/comments?post=18641"}],"version-history":[{"count":0,"href":"https:\/\/www.notibras.com\/site\/wp-json\/wp\/v2\/posts\/18641\/revisions"}],"wp:featuredmedia":[{"embeddable":true,"href":"https:\/\/www.notibras.com\/site\/wp-json\/wp\/v2\/media\/18642"}],"wp:attachment":[{"href":"https:\/\/www.notibras.com\/site\/wp-json\/wp\/v2\/media?parent=18641"}],"wp:term":[{"taxonomy":"category","embeddable":true,"href":"https:\/\/www.notibras.com\/site\/wp-json\/wp\/v2\/categories?post=18641"},{"taxonomy":"post_tag","embeddable":true,"href":"https:\/\/www.notibras.com\/site\/wp-json\/wp\/v2\/tags?post=18641"}],"curies":[{"name":"wp","href":"https:\/\/api.w.org\/{rel}","templated":true}]}}