{"id":186498,"date":"2018-07-27T13:33:45","date_gmt":"2018-07-27T16:33:45","guid":{"rendered":"https:\/\/www.notibras.com\/site\/?p=186498"},"modified":"2018-07-27T13:33:45","modified_gmt":"2018-07-27T16:33:45","slug":"coreia-comeca-a-devolver-aos-eua-restos-mortais-de-soldados","status":"publish","type":"post","link":"https:\/\/www.notibras.com\/site\/coreia-comeca-a-devolver-aos-eua-restos-mortais-de-soldados\/","title":{"rendered":"Coreia come\u00e7a a devolver aos EUA restos mortais de soldados"},"content":{"rendered":"<p>O avi\u00e3o militar trazendo os restos mortais de soldados americanos ca\u00eddos na Guerra da Coreia que estavam no territ\u00f3rio norte-coreano pousou na Coreia do Sul nesta sexta-feira (27) &#8211; informou a TV sul-coreana em transmiss\u00e3o ao vivo.<\/p>\n<p>A iniciativa foi elogiada pela Casa Branca como um gesto &#8220;positivo&#8221; a favor da fr\u00e1gil distens\u00e3o entre ambos os pa\u00edses, e o presidente Donald Trump agradeceu ao l\u00edder norte-coreano, Kim Jong-un, por &#8220;manter sua palavra&#8221;.<\/p>\n<p>&#8220;Quero agradecer ao presidente Kim por manter sua palavra&#8221;, disse Trump nesta sexta, anunciando que o vice-presidente Mike Pence se reunir\u00e1 com as fam\u00edlias de soldados mortos na guerra da Cor\u00e9ia, quando os restos mortais chegarem aos Estados Unidos.<\/p>\n<p>O retorno dos restos dos americanos mortos nesse conflito (1950-53) faz parte de um acordo firmado entre o dirigente norte-coreano, Kim Jong-un, e o presidente americano, Donald Trump, em sua hist\u00f3rica c\u00fapula realizada em junho.<\/p>\n<p>&#8220;Depois de tantos anos, este ser\u00e1 um bom momento para tantas fam\u00edlias. Obrigado Kim Jong Un&#8221;, tuitou Trump.<\/p>\n<p>Esse retorno coincide com o 65\u00ba anivers\u00e1rio do armist\u00edcio que terminou com as hostilidades na pen\u00ednsula da Coreia. O avi\u00e3o de carga pousou \u00e0s 2h GMT (23h de quinta em Bras\u00edlia) na base a\u00e9rea de Osan, onde os soldados americanos montaram uma guarda de honra.<\/p>\n<p>A Casa Branca confirmou a informa\u00e7\u00e3o e disse que a aeronave usada havia decolado da Coreia do Norte.<\/p>\n<p>&#8220;Um avi\u00e3o C-17 da For\u00e7a A\u00e9rea Americana que cont\u00e9m os restos dos soldados ca\u00eddos saiu de Wonsan, Coreia do Norte&#8221;, relata um comunicado. Mais de 35.000 americanos morreram na Pen\u00ednsula Coreana durante a guerra. Destes, 7.700 s\u00e3o reportados como desaparecidos, incluindo 5.300 em territ\u00f3rio norte-coreano, segundo dados do Pent\u00e1gono.<\/p>\n<p>&#8220;As a\u00e7\u00f5es de hoje representam um primeiro passo muito significativo para recome\u00e7ar a repatria\u00e7\u00e3o dos restos da Coreia do Norte e para retomar as opera\u00e7\u00f5es de campo na Coreia do Norte para buscar um n\u00famero estimado de 5.300 americanos que ainda n\u00e3o voltaram para casa&#8221;, acrescentou a Casa Branca.<\/p>\n<p><strong>Cobran\u00e7a &#8211;\u00a0<\/strong>Entre 1990 e 2005, um total de 229 conjuntos de restos mortais procedentes da Coreia do Norte foram repatriados, mas essas opera\u00e7\u00f5es foram suspensas quando os v\u00ednculos entre ambos os pa\u00edses se deterioraram pelo programa nuclear de Pyongyang.<\/p>\n<p>Est\u00e1 previsto que os restos que aterrissaram em Osan hoje sejam enviados para o Hava\u00ed para serem examinados por especialistas forenses.<\/p>\n<p>O Comando das Na\u00e7\u00f5es Unidas na Coreia do Sul (UNC) disse que h\u00e1 55 conjuntos de restos mortais no avi\u00e3o.\u00a0&#8220;Foi uma miss\u00e3o bem-sucedida depois de uma exaustiva coordena\u00e7\u00e3o&#8221;, disse o general Vincent Brooks, comandante das tropas do UNC e do contingente americano.<\/p>\n<p>Trump celebrou os acordos da c\u00fapula com Kim como um freio efetivo da amea\u00e7a nuclear da Coreia do Norte, ainda que Pyongyang tenha se comprometido apenas de maneira difusa com a &#8220;desnucleariza\u00e7\u00e3o da Pen\u00ednsula da Coreia&#8221; &#8211; algo distante do conceito de um desarmamento completo, verific\u00e1vel e irrevers\u00edvel exigido por Washington.<\/p>\n<p>O tema da repatria\u00e7\u00e3o dos restos mortais de americanos ca\u00eddos em combate era considerado um tema menos espinhoso e, na c\u00fapula, deixou-se estabelecido o retorno imediado daqueles &#8220;j\u00e1 identificados&#8221;.<\/p>\n<p>O ex-governador do Novo M\u00e9xico Bill Richardson, que trabalhou em temas de repatria\u00e7\u00e3o e j\u00e1 havia estado na Coreia do Norte v\u00e1rias vezes, advertiu que Pyongyang pode reter mais devolu\u00e7\u00f5es para buscar obter mais dinheiro dos Estados Unidos.<\/p>\n<p>&#8220;Eles v\u00e3o entregar um certo n\u00famero de restos mortais gr\u00e1tis de forma imediata&#8221;, disse ele ao jornal &#8220;The Washington Post&#8221;.<\/p>\n<p>&#8220;Mas, depois, v\u00e3o dizer: &#8216;para os pr\u00f3ximos, vamos precisar encontr\u00e1-los, localiz\u00e1-los, restaur\u00e1-los&#8217;. E a\u00ed v\u00e3o come\u00e7ar a cobrar e v\u00e3o pressionar isso&#8221;, alertou.<\/p>\n","protected":false},"excerpt":{"rendered":"<p>O avi\u00e3o militar trazendo os restos mortais de soldados americanos ca\u00eddos na Guerra da Coreia que estavam no territ\u00f3rio norte-coreano pousou na Coreia do Sul nesta sexta-feira (27) &#8211; informou a TV sul-coreana em transmiss\u00e3o ao vivo. A iniciativa foi elogiada pela Casa Branca como um gesto &#8220;positivo&#8221; a favor da fr\u00e1gil distens\u00e3o entre ambos [&hellip;]<\/p>\n","protected":false},"author":1,"featured_media":186499,"comment_status":"closed","ping_status":"closed","sticky":false,"template":"","format":"standard","meta":{"_acf_changed":false,"footnotes":""},"categories":[17],"tags":[],"class_list":["post-186498","post","type-post","status-publish","format-standard","has-post-thumbnail","hentry","category-mundo"],"acf":[],"yoast_head":"<!-- This site is optimized with the Yoast SEO plugin v27.2 - https:\/\/yoast.com\/product\/yoast-seo-wordpress\/ -->\n<title>Coreia come\u00e7a a devolver aos EUA restos mortais de soldados - Notibras<\/title>\n<meta name=\"robots\" content=\"index, follow, max-snippet:-1, max-image-preview:large, max-video-preview:-1\" \/>\n<link rel=\"canonical\" href=\"https:\/\/www.notibras.com\/site\/coreia-comeca-a-devolver-aos-eua-restos-mortais-de-soldados\/\" \/>\n<meta property=\"og:locale\" content=\"pt_BR\" \/>\n<meta property=\"og:type\" content=\"article\" \/>\n<meta property=\"og:title\" content=\"Coreia come\u00e7a a devolver aos EUA restos mortais de soldados - Notibras\" \/>\n<meta property=\"og:description\" content=\"O avi\u00e3o militar trazendo os restos mortais de soldados americanos ca\u00eddos na Guerra da Coreia que estavam no territ\u00f3rio norte-coreano pousou na Coreia do Sul nesta sexta-feira (27) &#8211; informou a TV sul-coreana em transmiss\u00e3o ao vivo. A iniciativa foi elogiada pela Casa Branca como um gesto &#8220;positivo&#8221; a favor da fr\u00e1gil distens\u00e3o entre ambos [&hellip;]\" \/>\n<meta property=\"og:url\" content=\"https:\/\/www.notibras.com\/site\/coreia-comeca-a-devolver-aos-eua-restos-mortais-de-soldados\/\" \/>\n<meta property=\"og:site_name\" content=\"Notibras\" \/>\n<meta property=\"article:publisher\" content=\"https:\/\/www.facebook.com\/notibras\/\" \/>\n<meta property=\"article:published_time\" content=\"2018-07-27T16:33:45+00:00\" \/>\n<meta property=\"og:image\" content=\"https:\/\/www.notibras.com\/site\/wp-content\/uploads\/2018\/07\/b65de0844fc219ce9d281953ffb1851196258cc7.jpg\" \/>\n\t<meta property=\"og:image:width\" content=\"768\" \/>\n\t<meta property=\"og:image:height\" content=\"455\" \/>\n\t<meta property=\"og:image:type\" content=\"image\/jpeg\" \/>\n<meta name=\"author\" content=\"Reda\u00e7\u00e3o\" \/>\n<meta name=\"twitter:card\" content=\"summary_large_image\" \/>\n<meta name=\"twitter:creator\" content=\"@Notibras\" \/>\n<meta name=\"twitter:site\" content=\"@Notibras\" \/>\n<meta name=\"twitter:label1\" content=\"Escrito por\" \/>\n\t<meta name=\"twitter:data1\" content=\"Reda\u00e7\u00e3o\" \/>\n\t<meta name=\"twitter:label2\" content=\"Est. tempo de leitura\" \/>\n\t<meta name=\"twitter:data2\" content=\"3 minutos\" \/>\n<script type=\"application\/ld+json\" class=\"yoast-schema-graph\">{\"@context\":\"https:\/\/schema.org\",\"@graph\":[{\"@type\":\"Article\",\"@id\":\"https:\/\/www.notibras.com\/site\/coreia-comeca-a-devolver-aos-eua-restos-mortais-de-soldados\/#article\",\"isPartOf\":{\"@id\":\"https:\/\/www.notibras.com\/site\/coreia-comeca-a-devolver-aos-eua-restos-mortais-de-soldados\/\"},\"author\":{\"name\":\"Reda\u00e7\u00e3o\",\"@id\":\"https:\/\/www.notibras.com\/site\/#\/schema\/person\/00b8e1aa08f9ef6563e878c5159d01cf\"},\"headline\":\"Coreia come\u00e7a a devolver aos EUA restos mortais de soldados\",\"datePublished\":\"2018-07-27T16:33:45+00:00\",\"mainEntityOfPage\":{\"@id\":\"https:\/\/www.notibras.com\/site\/coreia-comeca-a-devolver-aos-eua-restos-mortais-de-soldados\/\"},\"wordCount\":658,\"publisher\":{\"@id\":\"https:\/\/www.notibras.com\/site\/#organization\"},\"image\":{\"@id\":\"https:\/\/www.notibras.com\/site\/coreia-comeca-a-devolver-aos-eua-restos-mortais-de-soldados\/#primaryimage\"},\"thumbnailUrl\":\"https:\/\/www.notibras.com\/site\/wp-content\/uploads\/2018\/07\/b65de0844fc219ce9d281953ffb1851196258cc7.jpg\",\"articleSection\":[\"Mundo\"],\"inLanguage\":\"pt-BR\"},{\"@type\":\"WebPage\",\"@id\":\"https:\/\/www.notibras.com\/site\/coreia-comeca-a-devolver-aos-eua-restos-mortais-de-soldados\/\",\"url\":\"https:\/\/www.notibras.com\/site\/coreia-comeca-a-devolver-aos-eua-restos-mortais-de-soldados\/\",\"name\":\"Coreia come\u00e7a a devolver aos EUA restos mortais de soldados - Notibras\",\"isPartOf\":{\"@id\":\"https:\/\/www.notibras.com\/site\/#website\"},\"primaryImageOfPage\":{\"@id\":\"https:\/\/www.notibras.com\/site\/coreia-comeca-a-devolver-aos-eua-restos-mortais-de-soldados\/#primaryimage\"},\"image\":{\"@id\":\"https:\/\/www.notibras.com\/site\/coreia-comeca-a-devolver-aos-eua-restos-mortais-de-soldados\/#primaryimage\"},\"thumbnailUrl\":\"https:\/\/www.notibras.com\/site\/wp-content\/uploads\/2018\/07\/b65de0844fc219ce9d281953ffb1851196258cc7.jpg\",\"datePublished\":\"2018-07-27T16:33:45+00:00\",\"breadcrumb\":{\"@id\":\"https:\/\/www.notibras.com\/site\/coreia-comeca-a-devolver-aos-eua-restos-mortais-de-soldados\/#breadcrumb\"},\"inLanguage\":\"pt-BR\",\"potentialAction\":[{\"@type\":\"ReadAction\",\"target\":[\"https:\/\/www.notibras.com\/site\/coreia-comeca-a-devolver-aos-eua-restos-mortais-de-soldados\/\"]}]},{\"@type\":\"ImageObject\",\"inLanguage\":\"pt-BR\",\"@id\":\"https:\/\/www.notibras.com\/site\/coreia-comeca-a-devolver-aos-eua-restos-mortais-de-soldados\/#primaryimage\",\"url\":\"https:\/\/www.notibras.com\/site\/wp-content\/uploads\/2018\/07\/b65de0844fc219ce9d281953ffb1851196258cc7.jpg\",\"contentUrl\":\"https:\/\/www.notibras.com\/site\/wp-content\/uploads\/2018\/07\/b65de0844fc219ce9d281953ffb1851196258cc7.jpg\",\"width\":768,\"height\":455,\"caption\":\"Guardas de honra da ONU carregam as urnas, contendo os restos mortais de soldados americanos mortos na Guerra da Coreia e que estavam na Coreia do Norte, em sua chegada \u00e0 base de Osan, na Coreia do Sul, em 27 de julho de 2018. Foto: Ahn Young-joon\"},{\"@type\":\"BreadcrumbList\",\"@id\":\"https:\/\/www.notibras.com\/site\/coreia-comeca-a-devolver-aos-eua-restos-mortais-de-soldados\/#breadcrumb\",\"itemListElement\":[{\"@type\":\"ListItem\",\"position\":1,\"name\":\"In\u00edcio\",\"item\":\"https:\/\/www.notibras.com\/site\/\"},{\"@type\":\"ListItem\",\"position\":2,\"name\":\"Coreia come\u00e7a a devolver aos EUA restos mortais de soldados\"}]},{\"@type\":\"WebSite\",\"@id\":\"https:\/\/www.notibras.com\/site\/#website\",\"url\":\"https:\/\/www.notibras.com\/site\/\",\"name\":\"Notibras\",\"description\":\"Not\u00edcias de Bras\u00edlia, do Brasil e do Mundo\",\"publisher\":{\"@id\":\"https:\/\/www.notibras.com\/site\/#organization\"},\"potentialAction\":[{\"@type\":\"SearchAction\",\"target\":{\"@type\":\"EntryPoint\",\"urlTemplate\":\"https:\/\/www.notibras.com\/site\/?s={search_term_string}\"},\"query-input\":{\"@type\":\"PropertyValueSpecification\",\"valueRequired\":true,\"valueName\":\"search_term_string\"}}],\"inLanguage\":\"pt-BR\"},{\"@type\":\"Organization\",\"@id\":\"https:\/\/www.notibras.com\/site\/#organization\",\"name\":\"Grupo Notibras de Comunica\u00e7\u00e3o\",\"url\":\"https:\/\/www.notibras.com\/site\/\",\"logo\":{\"@type\":\"ImageObject\",\"inLanguage\":\"pt-BR\",\"@id\":\"https:\/\/www.notibras.com\/site\/#\/schema\/logo\/image\/\",\"url\":\"https:\/\/www.notibras.com\/site\/wp-content\/uploads\/2023\/01\/notibras23.png\",\"contentUrl\":\"https:\/\/www.notibras.com\/site\/wp-content\/uploads\/2023\/01\/notibras23.png\",\"width\":350,\"height\":87,\"caption\":\"Grupo Notibras de Comunica\u00e7\u00e3o\"},\"image\":{\"@id\":\"https:\/\/www.notibras.com\/site\/#\/schema\/logo\/image\/\"},\"sameAs\":[\"https:\/\/www.facebook.com\/notibras\/\",\"https:\/\/x.com\/Notibras\",\"https:\/\/www.instagram.com\/notibras\/\"]},{\"@type\":\"Person\",\"@id\":\"https:\/\/www.notibras.com\/site\/#\/schema\/person\/00b8e1aa08f9ef6563e878c5159d01cf\",\"name\":\"Reda\u00e7\u00e3o\",\"image\":{\"@type\":\"ImageObject\",\"inLanguage\":\"pt-BR\",\"@id\":\"https:\/\/secure.gravatar.com\/avatar\/ac5a707d5b47784a5ed426c6e213e201423c750890f64e4c379114dade67dfb9?s=96&d=mm&r=g\",\"url\":\"https:\/\/secure.gravatar.com\/avatar\/ac5a707d5b47784a5ed426c6e213e201423c750890f64e4c379114dade67dfb9?s=96&d=mm&r=g\",\"contentUrl\":\"https:\/\/secure.gravatar.com\/avatar\/ac5a707d5b47784a5ed426c6e213e201423c750890f64e4c379114dade67dfb9?s=96&d=mm&r=g\",\"caption\":\"Reda\u00e7\u00e3o\"}}]}<\/script>\n<!-- \/ Yoast SEO plugin. -->","yoast_head_json":{"title":"Coreia come\u00e7a a devolver aos EUA restos mortais de soldados - Notibras","robots":{"index":"index","follow":"follow","max-snippet":"max-snippet:-1","max-image-preview":"max-image-preview:large","max-video-preview":"max-video-preview:-1"},"canonical":"https:\/\/www.notibras.com\/site\/coreia-comeca-a-devolver-aos-eua-restos-mortais-de-soldados\/","og_locale":"pt_BR","og_type":"article","og_title":"Coreia come\u00e7a a devolver aos EUA restos mortais de soldados - Notibras","og_description":"O avi\u00e3o militar trazendo os restos mortais de soldados americanos ca\u00eddos na Guerra da Coreia que estavam no territ\u00f3rio norte-coreano pousou na Coreia do Sul nesta sexta-feira (27) &#8211; informou a TV sul-coreana em transmiss\u00e3o ao vivo. A iniciativa foi elogiada pela Casa Branca como um gesto &#8220;positivo&#8221; a favor da fr\u00e1gil distens\u00e3o entre ambos [&hellip;]","og_url":"https:\/\/www.notibras.com\/site\/coreia-comeca-a-devolver-aos-eua-restos-mortais-de-soldados\/","og_site_name":"Notibras","article_publisher":"https:\/\/www.facebook.com\/notibras\/","article_published_time":"2018-07-27T16:33:45+00:00","og_image":[{"width":768,"height":455,"url":"https:\/\/www.notibras.com\/site\/wp-content\/uploads\/2018\/07\/b65de0844fc219ce9d281953ffb1851196258cc7.jpg","type":"image\/jpeg"}],"author":"Reda\u00e7\u00e3o","twitter_card":"summary_large_image","twitter_creator":"@Notibras","twitter_site":"@Notibras","twitter_misc":{"Escrito por":"Reda\u00e7\u00e3o","Est. tempo de leitura":"3 minutos"},"schema":{"@context":"https:\/\/schema.org","@graph":[{"@type":"Article","@id":"https:\/\/www.notibras.com\/site\/coreia-comeca-a-devolver-aos-eua-restos-mortais-de-soldados\/#article","isPartOf":{"@id":"https:\/\/www.notibras.com\/site\/coreia-comeca-a-devolver-aos-eua-restos-mortais-de-soldados\/"},"author":{"name":"Reda\u00e7\u00e3o","@id":"https:\/\/www.notibras.com\/site\/#\/schema\/person\/00b8e1aa08f9ef6563e878c5159d01cf"},"headline":"Coreia come\u00e7a a devolver aos EUA restos mortais de soldados","datePublished":"2018-07-27T16:33:45+00:00","mainEntityOfPage":{"@id":"https:\/\/www.notibras.com\/site\/coreia-comeca-a-devolver-aos-eua-restos-mortais-de-soldados\/"},"wordCount":658,"publisher":{"@id":"https:\/\/www.notibras.com\/site\/#organization"},"image":{"@id":"https:\/\/www.notibras.com\/site\/coreia-comeca-a-devolver-aos-eua-restos-mortais-de-soldados\/#primaryimage"},"thumbnailUrl":"https:\/\/www.notibras.com\/site\/wp-content\/uploads\/2018\/07\/b65de0844fc219ce9d281953ffb1851196258cc7.jpg","articleSection":["Mundo"],"inLanguage":"pt-BR"},{"@type":"WebPage","@id":"https:\/\/www.notibras.com\/site\/coreia-comeca-a-devolver-aos-eua-restos-mortais-de-soldados\/","url":"https:\/\/www.notibras.com\/site\/coreia-comeca-a-devolver-aos-eua-restos-mortais-de-soldados\/","name":"Coreia come\u00e7a a devolver aos EUA restos mortais de soldados - Notibras","isPartOf":{"@id":"https:\/\/www.notibras.com\/site\/#website"},"primaryImageOfPage":{"@id":"https:\/\/www.notibras.com\/site\/coreia-comeca-a-devolver-aos-eua-restos-mortais-de-soldados\/#primaryimage"},"image":{"@id":"https:\/\/www.notibras.com\/site\/coreia-comeca-a-devolver-aos-eua-restos-mortais-de-soldados\/#primaryimage"},"thumbnailUrl":"https:\/\/www.notibras.com\/site\/wp-content\/uploads\/2018\/07\/b65de0844fc219ce9d281953ffb1851196258cc7.jpg","datePublished":"2018-07-27T16:33:45+00:00","breadcrumb":{"@id":"https:\/\/www.notibras.com\/site\/coreia-comeca-a-devolver-aos-eua-restos-mortais-de-soldados\/#breadcrumb"},"inLanguage":"pt-BR","potentialAction":[{"@type":"ReadAction","target":["https:\/\/www.notibras.com\/site\/coreia-comeca-a-devolver-aos-eua-restos-mortais-de-soldados\/"]}]},{"@type":"ImageObject","inLanguage":"pt-BR","@id":"https:\/\/www.notibras.com\/site\/coreia-comeca-a-devolver-aos-eua-restos-mortais-de-soldados\/#primaryimage","url":"https:\/\/www.notibras.com\/site\/wp-content\/uploads\/2018\/07\/b65de0844fc219ce9d281953ffb1851196258cc7.jpg","contentUrl":"https:\/\/www.notibras.com\/site\/wp-content\/uploads\/2018\/07\/b65de0844fc219ce9d281953ffb1851196258cc7.jpg","width":768,"height":455,"caption":"Guardas de honra da ONU carregam as urnas, contendo os restos mortais de soldados americanos mortos na Guerra da Coreia e que estavam na Coreia do Norte, em sua chegada \u00e0 base de Osan, na Coreia do Sul, em 27 de julho de 2018. Foto: Ahn Young-joon"},{"@type":"BreadcrumbList","@id":"https:\/\/www.notibras.com\/site\/coreia-comeca-a-devolver-aos-eua-restos-mortais-de-soldados\/#breadcrumb","itemListElement":[{"@type":"ListItem","position":1,"name":"In\u00edcio","item":"https:\/\/www.notibras.com\/site\/"},{"@type":"ListItem","position":2,"name":"Coreia come\u00e7a a devolver aos EUA restos mortais de soldados"}]},{"@type":"WebSite","@id":"https:\/\/www.notibras.com\/site\/#website","url":"https:\/\/www.notibras.com\/site\/","name":"Notibras","description":"Not\u00edcias de Bras\u00edlia, do Brasil e do Mundo","publisher":{"@id":"https:\/\/www.notibras.com\/site\/#organization"},"potentialAction":[{"@type":"SearchAction","target":{"@type":"EntryPoint","urlTemplate":"https:\/\/www.notibras.com\/site\/?s={search_term_string}"},"query-input":{"@type":"PropertyValueSpecification","valueRequired":true,"valueName":"search_term_string"}}],"inLanguage":"pt-BR"},{"@type":"Organization","@id":"https:\/\/www.notibras.com\/site\/#organization","name":"Grupo Notibras de Comunica\u00e7\u00e3o","url":"https:\/\/www.notibras.com\/site\/","logo":{"@type":"ImageObject","inLanguage":"pt-BR","@id":"https:\/\/www.notibras.com\/site\/#\/schema\/logo\/image\/","url":"https:\/\/www.notibras.com\/site\/wp-content\/uploads\/2023\/01\/notibras23.png","contentUrl":"https:\/\/www.notibras.com\/site\/wp-content\/uploads\/2023\/01\/notibras23.png","width":350,"height":87,"caption":"Grupo Notibras de Comunica\u00e7\u00e3o"},"image":{"@id":"https:\/\/www.notibras.com\/site\/#\/schema\/logo\/image\/"},"sameAs":["https:\/\/www.facebook.com\/notibras\/","https:\/\/x.com\/Notibras","https:\/\/www.instagram.com\/notibras\/"]},{"@type":"Person","@id":"https:\/\/www.notibras.com\/site\/#\/schema\/person\/00b8e1aa08f9ef6563e878c5159d01cf","name":"Reda\u00e7\u00e3o","image":{"@type":"ImageObject","inLanguage":"pt-BR","@id":"https:\/\/secure.gravatar.com\/avatar\/ac5a707d5b47784a5ed426c6e213e201423c750890f64e4c379114dade67dfb9?s=96&d=mm&r=g","url":"https:\/\/secure.gravatar.com\/avatar\/ac5a707d5b47784a5ed426c6e213e201423c750890f64e4c379114dade67dfb9?s=96&d=mm&r=g","contentUrl":"https:\/\/secure.gravatar.com\/avatar\/ac5a707d5b47784a5ed426c6e213e201423c750890f64e4c379114dade67dfb9?s=96&d=mm&r=g","caption":"Reda\u00e7\u00e3o"}}]}},"amp_enabled":true,"_links":{"self":[{"href":"https:\/\/www.notibras.com\/site\/wp-json\/wp\/v2\/posts\/186498","targetHints":{"allow":["GET"]}}],"collection":[{"href":"https:\/\/www.notibras.com\/site\/wp-json\/wp\/v2\/posts"}],"about":[{"href":"https:\/\/www.notibras.com\/site\/wp-json\/wp\/v2\/types\/post"}],"author":[{"embeddable":true,"href":"https:\/\/www.notibras.com\/site\/wp-json\/wp\/v2\/users\/1"}],"replies":[{"embeddable":true,"href":"https:\/\/www.notibras.com\/site\/wp-json\/wp\/v2\/comments?post=186498"}],"version-history":[{"count":1,"href":"https:\/\/www.notibras.com\/site\/wp-json\/wp\/v2\/posts\/186498\/revisions"}],"predecessor-version":[{"id":186500,"href":"https:\/\/www.notibras.com\/site\/wp-json\/wp\/v2\/posts\/186498\/revisions\/186500"}],"wp:featuredmedia":[{"embeddable":true,"href":"https:\/\/www.notibras.com\/site\/wp-json\/wp\/v2\/media\/186499"}],"wp:attachment":[{"href":"https:\/\/www.notibras.com\/site\/wp-json\/wp\/v2\/media?parent=186498"}],"wp:term":[{"taxonomy":"category","embeddable":true,"href":"https:\/\/www.notibras.com\/site\/wp-json\/wp\/v2\/categories?post=186498"},{"taxonomy":"post_tag","embeddable":true,"href":"https:\/\/www.notibras.com\/site\/wp-json\/wp\/v2\/tags?post=186498"}],"curies":[{"name":"wp","href":"https:\/\/api.w.org\/{rel}","templated":true}]}}