{"id":186501,"date":"2018-07-27T13:57:41","date_gmt":"2018-07-27T16:57:41","guid":{"rendered":"https:\/\/www.notibras.com\/site\/?p=186501"},"modified":"2018-07-27T13:57:41","modified_gmt":"2018-07-27T16:57:41","slug":"relacao-entre-trump-e-a-rede-cnn-e-cada-vez-pior","status":"publish","type":"post","link":"https:\/\/www.notibras.com\/site\/relacao-entre-trump-e-a-rede-cnn-e-cada-vez-pior\/","title":{"rendered":"Rela\u00e7\u00e3o entre Trump e a rede CNN \u00e9 cada vez pior"},"content":{"rendered":"<div class=\"line textcontent_img watermark\">\n<p>Jornalistas sem acesso \u00e0 Casa Branca, sem poder fazer perguntas, ou sem conseguir entrevistar o presidente: o governo Donald Trump manifesta cada vez mais abertamente sua animosidade contra a rede CNN, que se mostra ainda mais incisiva em sua cobertura.<\/p>\n<p>Na quarta-feira (25), o alvo da vez foi a jornalista Kaitlan Collins, que teve seu acesso proibido para uma entrevista coletiva por ter feito perguntas consideradas &#8220;inapropriadas&#8221; ao presidente dos Estados Unidos.<\/p>\n<\/div>\n<p>Um incidente que se somou a v\u00e1rios outros, em especial com um de seus principais correspondentes na Casa Branca, Jim Acosta. Passados 18 meses de sua posse, Trump n\u00e3o concedeu uma \u00fanica entrevista \u00e0 CNN, embora j\u00e1 tenha conversado com outras emissoras.<\/p>\n<p>Sua hostilidade contra a rede \u00e9 tamanha, afirma o jornal &#8220;The New York Times&#8221;, que ele teria-se irritado que o aparelho de televis\u00e3o de sua mulher, Melania, no avi\u00e3o presidencial Air Force One, estivesse ligado na CNN.<\/p>\n<p>A imprensa em geral &#8211; frequentemente chamada de &#8220;Fake News Media&#8221; pelo magnata nova-iorquino &#8211; \u00e9 atacada sem descanso pelo presidente, mas nenhum desses ve\u00edculos, nem mesmo o &#8220;New York Times&#8221;, recebe esse tratamento.<\/p>\n<p>Com isso, seus jornalistas se mostram particularmente virulentos com o empres\u00e1rio. Don Lemon, uma das estrelas da emissora, j\u00e1 chamou Trump de &#8220;racista&#8221;.<\/p>\n<p>Para o professor de televis\u00e3o e m\u00eddia Robert Thompson, da Universidade de Syracuse, a imagem da CNN &#8211; que ainda se situa &#8220;no meio&#8221;, &#8220;com um pouco de objetividade, mesmo que essa palavra n\u00e3o queria dizer grande coisa&#8221; &#8211; e sua propens\u00e3o a evocar temas problem\u00e1ticos para Trump &#8220;o deixam completamente maluco&#8221;.<\/p>\n<p>Fox News \u00e0 direita, MSNBC \u00e0 esquerda, outros dois canais de informa\u00e7\u00e3o, escolheram abertamente seu lado.<\/p>\n<p>&#8220;Nenhum ve\u00edculo \u00e9 completamente objetivo, (&#8230;) mas entre os principais canais de informa\u00e7\u00e3o, acho que (a CNN) \u00e9 aquela que mais tenta ser&#8221;, afirma Edward Burmila, professor de Ci\u00eancia Pol\u00edtica na Universidade de Bradley.<\/p>\n<p>&#8220;Quem \u00e9 de esquerda acha a CNN apagada e inofensiva, e os conservadores a veem como propaganda comunista&#8221;, completa.<\/p>\n<p><strong>Disputa de audi\u00eancia &#8211;\u00a0<\/strong>Ainda assim, \u00e9 dif\u00edcil apontar uma raz\u00e3o clara para essa insistente raiva de Donald Trump.<\/p>\n<p>Alguns evocam a rela\u00e7\u00e3o complexa de Trump com o presidente da CNN, Jeff Zucker, que lhe ofereceu uma plataforma de lan\u00e7amento para seu reality show &#8220;O aprendiz&#8221;, quando dirigia a rede NBC, mas que depois se distanciou o magnata.<\/p>\n<p>Para Robert Thompson, Donald Trump atacaria a CNN com mais frequ\u00eancia do que os outros ve\u00edculos, porque v\u00ea na emissora um dos \u00fanicos canais de informa\u00e7\u00e3o a ainda poder ter a expectativa de influenciar eleitores indecisos.<\/p>\n<p>Os repetidos ataques sofridos pela emissora em mais de dois anos \u00e0s vezes atrapalham o trabalho de seus jornalistas, mas tamb\u00e9m contribui para lhe dar uma visibilidade sem precedentes.<\/p>\n<p>Ainda que a CNN conte com uma s\u00f3lida audi\u00eancia, com seu n\u00famero tendo quase dobrado em rela\u00e7\u00e3o aos n\u00edveis registrados no in\u00edcio de 2015, antes do in\u00edcio da campanha presidencial, ela disputa espa\u00e7o com a Fox News e com a MSNBC.<\/p>\n<p>No segundo trimestre, a Fox News tinha cerca de 2,4 milh\u00f5es de telespectadores em m\u00e9dia no hor\u00e1rio nobre, e a MSNBC, 1,7 milh\u00e3o, enquanto a CNN somava pouco mais de 900.000.<\/p>\n<p>Recentemente, a CNN mexeu na grade para incluir Chris Cuomo, irm\u00e3o do governador democrata do estado de Nova York, Andrew Cuomo, no hor\u00e1rio mais importante e mais comentado do dia, de 21h a 22h.<\/p>\n<p>&#8220;Isso indica que a CNN quer concorrer pela influ\u00eancia crescente da MSNBC na esquerda e que eles consideram que bater forte em Trump \u00e9 bom para a audi\u00eancia&#8221;, avalia Edward Burmila.<\/p>\n<p>Al\u00e9m disso, os principais apresentadores da emissora se permitem fazer cada vez mais coment\u00e1rios. Recentemente, Anderson Cooper considerou a c\u00fapula de Donald Trump com o presidente russo, Vladimir Putin, e a entrevista coletiva que se seguiu como &#8220;talvez uma das mais vergonhosas performances de um presidente americano&#8221; na cena mundial.<\/p>\n<p>&#8220;A CNN faz no hor\u00e1rio nobre a mesma coisa que os outros canais de informa\u00e7\u00e3o, ou seja, os programas s\u00e3o baseados em personalidades&#8221;, avalia Robert Thompson.<\/p>\n<p>&#8220;Acho que esses coment\u00e1rios da parte de jornalistas, que eu diferencio dos analistas externos, s\u00e3o um erro&#8221;, afirma o professor de Jornalismo Paul Janensch, da Universidade de Quinnipiac.<\/p>\n<p>&#8220;Se eu dirigisse a CNN&#8221;, afirmou, &#8220;eu diria aos jornalistas para se aterem aos fatos&#8221;.<\/p>\n","protected":false},"excerpt":{"rendered":"<p>Jornalistas sem acesso \u00e0 Casa Branca, sem poder fazer perguntas, ou sem conseguir entrevistar o presidente: o governo Donald Trump manifesta cada vez mais abertamente sua animosidade contra a rede CNN, que se mostra ainda mais incisiva em sua cobertura. Na quarta-feira (25), o alvo da vez foi a jornalista Kaitlan Collins, que teve seu [&hellip;]<\/p>\n","protected":false},"author":1,"featured_media":186502,"comment_status":"closed","ping_status":"closed","sticky":false,"template":"","format":"standard","meta":{"_acf_changed":false,"footnotes":""},"categories":[17],"tags":[],"class_list":["post-186501","post","type-post","status-publish","format-standard","has-post-thumbnail","hentry","category-mundo"],"acf":[],"yoast_head":"<!-- This site is optimized with the Yoast SEO plugin v27.2 - https:\/\/yoast.com\/product\/yoast-seo-wordpress\/ -->\n<title>Rela\u00e7\u00e3o entre Trump e a rede CNN \u00e9 cada vez pior - Notibras<\/title>\n<meta name=\"robots\" content=\"index, follow, max-snippet:-1, max-image-preview:large, max-video-preview:-1\" \/>\n<link rel=\"canonical\" href=\"https:\/\/www.notibras.com\/site\/relacao-entre-trump-e-a-rede-cnn-e-cada-vez-pior\/\" \/>\n<meta property=\"og:locale\" content=\"pt_BR\" \/>\n<meta property=\"og:type\" content=\"article\" \/>\n<meta property=\"og:title\" content=\"Rela\u00e7\u00e3o entre Trump e a rede CNN \u00e9 cada vez pior - Notibras\" \/>\n<meta property=\"og:description\" content=\"Jornalistas sem acesso \u00e0 Casa Branca, sem poder fazer perguntas, ou sem conseguir entrevistar o presidente: o governo Donald Trump manifesta cada vez mais abertamente sua animosidade contra a rede CNN, que se mostra ainda mais incisiva em sua cobertura. Na quarta-feira (25), o alvo da vez foi a jornalista Kaitlan Collins, que teve seu [&hellip;]\" \/>\n<meta property=\"og:url\" content=\"https:\/\/www.notibras.com\/site\/relacao-entre-trump-e-a-rede-cnn-e-cada-vez-pior\/\" \/>\n<meta property=\"og:site_name\" content=\"Notibras\" \/>\n<meta property=\"article:publisher\" content=\"https:\/\/www.facebook.com\/notibras\/\" \/>\n<meta property=\"article:published_time\" content=\"2018-07-27T16:57:41+00:00\" \/>\n<meta property=\"og:image\" content=\"https:\/\/www.notibras.com\/site\/wp-content\/uploads\/2018\/07\/27bcf40d71f3a81da8a91331bde828d471acd35c.jpg\" \/>\n\t<meta property=\"og:image:width\" content=\"768\" \/>\n\t<meta property=\"og:image:height\" content=\"538\" \/>\n\t<meta property=\"og:image:type\" content=\"image\/jpeg\" \/>\n<meta name=\"author\" content=\"Reda\u00e7\u00e3o\" \/>\n<meta name=\"twitter:card\" content=\"summary_large_image\" \/>\n<meta name=\"twitter:creator\" content=\"@Notibras\" \/>\n<meta name=\"twitter:site\" content=\"@Notibras\" \/>\n<meta name=\"twitter:label1\" content=\"Escrito por\" \/>\n\t<meta name=\"twitter:data1\" content=\"Reda\u00e7\u00e3o\" \/>\n\t<meta name=\"twitter:label2\" content=\"Est. tempo de leitura\" \/>\n\t<meta name=\"twitter:data2\" content=\"4 minutos\" \/>\n<script type=\"application\/ld+json\" class=\"yoast-schema-graph\">{\"@context\":\"https:\/\/schema.org\",\"@graph\":[{\"@type\":\"Article\",\"@id\":\"https:\/\/www.notibras.com\/site\/relacao-entre-trump-e-a-rede-cnn-e-cada-vez-pior\/#article\",\"isPartOf\":{\"@id\":\"https:\/\/www.notibras.com\/site\/relacao-entre-trump-e-a-rede-cnn-e-cada-vez-pior\/\"},\"author\":{\"name\":\"Reda\u00e7\u00e3o\",\"@id\":\"https:\/\/www.notibras.com\/site\/#\/schema\/person\/00b8e1aa08f9ef6563e878c5159d01cf\"},\"headline\":\"Rela\u00e7\u00e3o entre Trump e a rede CNN \u00e9 cada vez pior\",\"datePublished\":\"2018-07-27T16:57:41+00:00\",\"mainEntityOfPage\":{\"@id\":\"https:\/\/www.notibras.com\/site\/relacao-entre-trump-e-a-rede-cnn-e-cada-vez-pior\/\"},\"wordCount\":750,\"publisher\":{\"@id\":\"https:\/\/www.notibras.com\/site\/#organization\"},\"image\":{\"@id\":\"https:\/\/www.notibras.com\/site\/relacao-entre-trump-e-a-rede-cnn-e-cada-vez-pior\/#primaryimage\"},\"thumbnailUrl\":\"https:\/\/www.notibras.com\/site\/wp-content\/uploads\/2018\/07\/27bcf40d71f3a81da8a91331bde828d471acd35c.jpg\",\"articleSection\":[\"Mundo\"],\"inLanguage\":\"pt-BR\"},{\"@type\":\"WebPage\",\"@id\":\"https:\/\/www.notibras.com\/site\/relacao-entre-trump-e-a-rede-cnn-e-cada-vez-pior\/\",\"url\":\"https:\/\/www.notibras.com\/site\/relacao-entre-trump-e-a-rede-cnn-e-cada-vez-pior\/\",\"name\":\"Rela\u00e7\u00e3o entre Trump e a rede CNN \u00e9 cada vez pior - Notibras\",\"isPartOf\":{\"@id\":\"https:\/\/www.notibras.com\/site\/#website\"},\"primaryImageOfPage\":{\"@id\":\"https:\/\/www.notibras.com\/site\/relacao-entre-trump-e-a-rede-cnn-e-cada-vez-pior\/#primaryimage\"},\"image\":{\"@id\":\"https:\/\/www.notibras.com\/site\/relacao-entre-trump-e-a-rede-cnn-e-cada-vez-pior\/#primaryimage\"},\"thumbnailUrl\":\"https:\/\/www.notibras.com\/site\/wp-content\/uploads\/2018\/07\/27bcf40d71f3a81da8a91331bde828d471acd35c.jpg\",\"datePublished\":\"2018-07-27T16:57:41+00:00\",\"breadcrumb\":{\"@id\":\"https:\/\/www.notibras.com\/site\/relacao-entre-trump-e-a-rede-cnn-e-cada-vez-pior\/#breadcrumb\"},\"inLanguage\":\"pt-BR\",\"potentialAction\":[{\"@type\":\"ReadAction\",\"target\":[\"https:\/\/www.notibras.com\/site\/relacao-entre-trump-e-a-rede-cnn-e-cada-vez-pior\/\"]}]},{\"@type\":\"ImageObject\",\"inLanguage\":\"pt-BR\",\"@id\":\"https:\/\/www.notibras.com\/site\/relacao-entre-trump-e-a-rede-cnn-e-cada-vez-pior\/#primaryimage\",\"url\":\"https:\/\/www.notibras.com\/site\/wp-content\/uploads\/2018\/07\/27bcf40d71f3a81da8a91331bde828d471acd35c.jpg\",\"contentUrl\":\"https:\/\/www.notibras.com\/site\/wp-content\/uploads\/2018\/07\/27bcf40d71f3a81da8a91331bde828d471acd35c.jpg\",\"width\":768,\"height\":538,\"caption\":\"Dezoito meses ap\u00f3s sua posse, Trump ainda concedeu uma \u00fanica entrevista \u00e0 CNN. Foto: Robert Nickelsberg\"},{\"@type\":\"BreadcrumbList\",\"@id\":\"https:\/\/www.notibras.com\/site\/relacao-entre-trump-e-a-rede-cnn-e-cada-vez-pior\/#breadcrumb\",\"itemListElement\":[{\"@type\":\"ListItem\",\"position\":1,\"name\":\"In\u00edcio\",\"item\":\"https:\/\/www.notibras.com\/site\/\"},{\"@type\":\"ListItem\",\"position\":2,\"name\":\"Rela\u00e7\u00e3o entre Trump e a rede CNN \u00e9 cada vez pior\"}]},{\"@type\":\"WebSite\",\"@id\":\"https:\/\/www.notibras.com\/site\/#website\",\"url\":\"https:\/\/www.notibras.com\/site\/\",\"name\":\"Notibras\",\"description\":\"Not\u00edcias de Bras\u00edlia, do Brasil e do Mundo\",\"publisher\":{\"@id\":\"https:\/\/www.notibras.com\/site\/#organization\"},\"potentialAction\":[{\"@type\":\"SearchAction\",\"target\":{\"@type\":\"EntryPoint\",\"urlTemplate\":\"https:\/\/www.notibras.com\/site\/?s={search_term_string}\"},\"query-input\":{\"@type\":\"PropertyValueSpecification\",\"valueRequired\":true,\"valueName\":\"search_term_string\"}}],\"inLanguage\":\"pt-BR\"},{\"@type\":\"Organization\",\"@id\":\"https:\/\/www.notibras.com\/site\/#organization\",\"name\":\"Grupo Notibras de Comunica\u00e7\u00e3o\",\"url\":\"https:\/\/www.notibras.com\/site\/\",\"logo\":{\"@type\":\"ImageObject\",\"inLanguage\":\"pt-BR\",\"@id\":\"https:\/\/www.notibras.com\/site\/#\/schema\/logo\/image\/\",\"url\":\"https:\/\/www.notibras.com\/site\/wp-content\/uploads\/2023\/01\/notibras23.png\",\"contentUrl\":\"https:\/\/www.notibras.com\/site\/wp-content\/uploads\/2023\/01\/notibras23.png\",\"width\":350,\"height\":87,\"caption\":\"Grupo Notibras de Comunica\u00e7\u00e3o\"},\"image\":{\"@id\":\"https:\/\/www.notibras.com\/site\/#\/schema\/logo\/image\/\"},\"sameAs\":[\"https:\/\/www.facebook.com\/notibras\/\",\"https:\/\/x.com\/Notibras\",\"https:\/\/www.instagram.com\/notibras\/\"]},{\"@type\":\"Person\",\"@id\":\"https:\/\/www.notibras.com\/site\/#\/schema\/person\/00b8e1aa08f9ef6563e878c5159d01cf\",\"name\":\"Reda\u00e7\u00e3o\",\"image\":{\"@type\":\"ImageObject\",\"inLanguage\":\"pt-BR\",\"@id\":\"https:\/\/secure.gravatar.com\/avatar\/ac5a707d5b47784a5ed426c6e213e201423c750890f64e4c379114dade67dfb9?s=96&d=mm&r=g\",\"url\":\"https:\/\/secure.gravatar.com\/avatar\/ac5a707d5b47784a5ed426c6e213e201423c750890f64e4c379114dade67dfb9?s=96&d=mm&r=g\",\"contentUrl\":\"https:\/\/secure.gravatar.com\/avatar\/ac5a707d5b47784a5ed426c6e213e201423c750890f64e4c379114dade67dfb9?s=96&d=mm&r=g\",\"caption\":\"Reda\u00e7\u00e3o\"}}]}<\/script>\n<!-- \/ Yoast SEO plugin. -->","yoast_head_json":{"title":"Rela\u00e7\u00e3o entre Trump e a rede CNN \u00e9 cada vez pior - Notibras","robots":{"index":"index","follow":"follow","max-snippet":"max-snippet:-1","max-image-preview":"max-image-preview:large","max-video-preview":"max-video-preview:-1"},"canonical":"https:\/\/www.notibras.com\/site\/relacao-entre-trump-e-a-rede-cnn-e-cada-vez-pior\/","og_locale":"pt_BR","og_type":"article","og_title":"Rela\u00e7\u00e3o entre Trump e a rede CNN \u00e9 cada vez pior - Notibras","og_description":"Jornalistas sem acesso \u00e0 Casa Branca, sem poder fazer perguntas, ou sem conseguir entrevistar o presidente: o governo Donald Trump manifesta cada vez mais abertamente sua animosidade contra a rede CNN, que se mostra ainda mais incisiva em sua cobertura. Na quarta-feira (25), o alvo da vez foi a jornalista Kaitlan Collins, que teve seu [&hellip;]","og_url":"https:\/\/www.notibras.com\/site\/relacao-entre-trump-e-a-rede-cnn-e-cada-vez-pior\/","og_site_name":"Notibras","article_publisher":"https:\/\/www.facebook.com\/notibras\/","article_published_time":"2018-07-27T16:57:41+00:00","og_image":[{"width":768,"height":538,"url":"https:\/\/www.notibras.com\/site\/wp-content\/uploads\/2018\/07\/27bcf40d71f3a81da8a91331bde828d471acd35c.jpg","type":"image\/jpeg"}],"author":"Reda\u00e7\u00e3o","twitter_card":"summary_large_image","twitter_creator":"@Notibras","twitter_site":"@Notibras","twitter_misc":{"Escrito por":"Reda\u00e7\u00e3o","Est. tempo de leitura":"4 minutos"},"schema":{"@context":"https:\/\/schema.org","@graph":[{"@type":"Article","@id":"https:\/\/www.notibras.com\/site\/relacao-entre-trump-e-a-rede-cnn-e-cada-vez-pior\/#article","isPartOf":{"@id":"https:\/\/www.notibras.com\/site\/relacao-entre-trump-e-a-rede-cnn-e-cada-vez-pior\/"},"author":{"name":"Reda\u00e7\u00e3o","@id":"https:\/\/www.notibras.com\/site\/#\/schema\/person\/00b8e1aa08f9ef6563e878c5159d01cf"},"headline":"Rela\u00e7\u00e3o entre Trump e a rede CNN \u00e9 cada vez pior","datePublished":"2018-07-27T16:57:41+00:00","mainEntityOfPage":{"@id":"https:\/\/www.notibras.com\/site\/relacao-entre-trump-e-a-rede-cnn-e-cada-vez-pior\/"},"wordCount":750,"publisher":{"@id":"https:\/\/www.notibras.com\/site\/#organization"},"image":{"@id":"https:\/\/www.notibras.com\/site\/relacao-entre-trump-e-a-rede-cnn-e-cada-vez-pior\/#primaryimage"},"thumbnailUrl":"https:\/\/www.notibras.com\/site\/wp-content\/uploads\/2018\/07\/27bcf40d71f3a81da8a91331bde828d471acd35c.jpg","articleSection":["Mundo"],"inLanguage":"pt-BR"},{"@type":"WebPage","@id":"https:\/\/www.notibras.com\/site\/relacao-entre-trump-e-a-rede-cnn-e-cada-vez-pior\/","url":"https:\/\/www.notibras.com\/site\/relacao-entre-trump-e-a-rede-cnn-e-cada-vez-pior\/","name":"Rela\u00e7\u00e3o entre Trump e a rede CNN \u00e9 cada vez pior - Notibras","isPartOf":{"@id":"https:\/\/www.notibras.com\/site\/#website"},"primaryImageOfPage":{"@id":"https:\/\/www.notibras.com\/site\/relacao-entre-trump-e-a-rede-cnn-e-cada-vez-pior\/#primaryimage"},"image":{"@id":"https:\/\/www.notibras.com\/site\/relacao-entre-trump-e-a-rede-cnn-e-cada-vez-pior\/#primaryimage"},"thumbnailUrl":"https:\/\/www.notibras.com\/site\/wp-content\/uploads\/2018\/07\/27bcf40d71f3a81da8a91331bde828d471acd35c.jpg","datePublished":"2018-07-27T16:57:41+00:00","breadcrumb":{"@id":"https:\/\/www.notibras.com\/site\/relacao-entre-trump-e-a-rede-cnn-e-cada-vez-pior\/#breadcrumb"},"inLanguage":"pt-BR","potentialAction":[{"@type":"ReadAction","target":["https:\/\/www.notibras.com\/site\/relacao-entre-trump-e-a-rede-cnn-e-cada-vez-pior\/"]}]},{"@type":"ImageObject","inLanguage":"pt-BR","@id":"https:\/\/www.notibras.com\/site\/relacao-entre-trump-e-a-rede-cnn-e-cada-vez-pior\/#primaryimage","url":"https:\/\/www.notibras.com\/site\/wp-content\/uploads\/2018\/07\/27bcf40d71f3a81da8a91331bde828d471acd35c.jpg","contentUrl":"https:\/\/www.notibras.com\/site\/wp-content\/uploads\/2018\/07\/27bcf40d71f3a81da8a91331bde828d471acd35c.jpg","width":768,"height":538,"caption":"Dezoito meses ap\u00f3s sua posse, Trump ainda concedeu uma \u00fanica entrevista \u00e0 CNN. Foto: Robert Nickelsberg"},{"@type":"BreadcrumbList","@id":"https:\/\/www.notibras.com\/site\/relacao-entre-trump-e-a-rede-cnn-e-cada-vez-pior\/#breadcrumb","itemListElement":[{"@type":"ListItem","position":1,"name":"In\u00edcio","item":"https:\/\/www.notibras.com\/site\/"},{"@type":"ListItem","position":2,"name":"Rela\u00e7\u00e3o entre Trump e a rede CNN \u00e9 cada vez pior"}]},{"@type":"WebSite","@id":"https:\/\/www.notibras.com\/site\/#website","url":"https:\/\/www.notibras.com\/site\/","name":"Notibras","description":"Not\u00edcias de Bras\u00edlia, do Brasil e do Mundo","publisher":{"@id":"https:\/\/www.notibras.com\/site\/#organization"},"potentialAction":[{"@type":"SearchAction","target":{"@type":"EntryPoint","urlTemplate":"https:\/\/www.notibras.com\/site\/?s={search_term_string}"},"query-input":{"@type":"PropertyValueSpecification","valueRequired":true,"valueName":"search_term_string"}}],"inLanguage":"pt-BR"},{"@type":"Organization","@id":"https:\/\/www.notibras.com\/site\/#organization","name":"Grupo Notibras de Comunica\u00e7\u00e3o","url":"https:\/\/www.notibras.com\/site\/","logo":{"@type":"ImageObject","inLanguage":"pt-BR","@id":"https:\/\/www.notibras.com\/site\/#\/schema\/logo\/image\/","url":"https:\/\/www.notibras.com\/site\/wp-content\/uploads\/2023\/01\/notibras23.png","contentUrl":"https:\/\/www.notibras.com\/site\/wp-content\/uploads\/2023\/01\/notibras23.png","width":350,"height":87,"caption":"Grupo Notibras de Comunica\u00e7\u00e3o"},"image":{"@id":"https:\/\/www.notibras.com\/site\/#\/schema\/logo\/image\/"},"sameAs":["https:\/\/www.facebook.com\/notibras\/","https:\/\/x.com\/Notibras","https:\/\/www.instagram.com\/notibras\/"]},{"@type":"Person","@id":"https:\/\/www.notibras.com\/site\/#\/schema\/person\/00b8e1aa08f9ef6563e878c5159d01cf","name":"Reda\u00e7\u00e3o","image":{"@type":"ImageObject","inLanguage":"pt-BR","@id":"https:\/\/secure.gravatar.com\/avatar\/ac5a707d5b47784a5ed426c6e213e201423c750890f64e4c379114dade67dfb9?s=96&d=mm&r=g","url":"https:\/\/secure.gravatar.com\/avatar\/ac5a707d5b47784a5ed426c6e213e201423c750890f64e4c379114dade67dfb9?s=96&d=mm&r=g","contentUrl":"https:\/\/secure.gravatar.com\/avatar\/ac5a707d5b47784a5ed426c6e213e201423c750890f64e4c379114dade67dfb9?s=96&d=mm&r=g","caption":"Reda\u00e7\u00e3o"}}]}},"amp_enabled":true,"_links":{"self":[{"href":"https:\/\/www.notibras.com\/site\/wp-json\/wp\/v2\/posts\/186501","targetHints":{"allow":["GET"]}}],"collection":[{"href":"https:\/\/www.notibras.com\/site\/wp-json\/wp\/v2\/posts"}],"about":[{"href":"https:\/\/www.notibras.com\/site\/wp-json\/wp\/v2\/types\/post"}],"author":[{"embeddable":true,"href":"https:\/\/www.notibras.com\/site\/wp-json\/wp\/v2\/users\/1"}],"replies":[{"embeddable":true,"href":"https:\/\/www.notibras.com\/site\/wp-json\/wp\/v2\/comments?post=186501"}],"version-history":[{"count":1,"href":"https:\/\/www.notibras.com\/site\/wp-json\/wp\/v2\/posts\/186501\/revisions"}],"predecessor-version":[{"id":186503,"href":"https:\/\/www.notibras.com\/site\/wp-json\/wp\/v2\/posts\/186501\/revisions\/186503"}],"wp:featuredmedia":[{"embeddable":true,"href":"https:\/\/www.notibras.com\/site\/wp-json\/wp\/v2\/media\/186502"}],"wp:attachment":[{"href":"https:\/\/www.notibras.com\/site\/wp-json\/wp\/v2\/media?parent=186501"}],"wp:term":[{"taxonomy":"category","embeddable":true,"href":"https:\/\/www.notibras.com\/site\/wp-json\/wp\/v2\/categories?post=186501"},{"taxonomy":"post_tag","embeddable":true,"href":"https:\/\/www.notibras.com\/site\/wp-json\/wp\/v2\/tags?post=186501"}],"curies":[{"name":"wp","href":"https:\/\/api.w.org\/{rel}","templated":true}]}}