{"id":186636,"date":"2018-07-29T08:16:09","date_gmt":"2018-07-29T11:16:09","guid":{"rendered":"https:\/\/www.notibras.com\/site\/?p=186636"},"modified":"2018-07-29T08:16:09","modified_gmt":"2018-07-29T11:16:09","slug":"egito-condena-75-pessoas-a-morte-por-protestos-em-2013","status":"publish","type":"post","link":"https:\/\/www.notibras.com\/site\/egito-condena-75-pessoas-a-morte-por-protestos-em-2013\/","title":{"rendered":"Egito condena 75 pessoas \u00e0 morte por protestos em 2013"},"content":{"rendered":"<p>Um tribunal do Egito condenou 75 pessoas \u00e0 morte neste s\u00e1bado, incluindo membros do alto escal\u00e3o do grupo Irmandade Mu\u00e7ulmana, por seu envolvimento em um protesto em 2013, informou a m\u00eddia estatal.<\/p>\n<p>O Tribunal Criminal do Cairo encaminhou as senten\u00e7as ao gr\u00e3o-mufti Shawqi Allam, m\u00e1xima autoridade mu\u00e7ulmana do pa\u00eds &#8211; uma formalidade prevista em lei em casos de puni\u00e7\u00e3o capital. Embora a opini\u00e3o do gr\u00e3o-mufti n\u00e3o tenha peso legal, pode levar um juiz a reverter uma decis\u00e3o inicial. Os condenados podem recorrer da senten\u00e7a.<\/p>\n<p>As senten\u00e7as de outras 660 pessoas envolvidas no caso devem ser anunciadas em 8 de setembro, de acordo com o website Al-Ahram.<\/p>\n<p>Dos 75 r\u00e9us condenados \u00e0 morte neste s\u00e1bado, 44 est\u00e3o presos e 31, foragidos. O tribunal costuma aplicar a pena m\u00e1xima a foragidos, mas normalmente h\u00e1 um novo julgamento quando eles s\u00e3o capturados.<\/p>\n<p>O caso envolve um total de 739 r\u00e9us, entre eles o l\u00edder supremo da Irmandade Mu\u00e7ulmana, Mohammed Badie, e o fotojornalista Mahmoud Abu Zeid. As acusa\u00e7\u00f5es variam de assassinato a danos \u00e0 propriedade p\u00fablica. Nem Badie nem Abu Zeid foram condenados \u00e0 morte neste caso.<\/p>\n<p>O protesto de 2013, na pra\u00e7a Rabaa al-Adawiya, no Cairo, foi em apoio ao ex-presidente Mohammed Morsi, que tinha sido deposto por militares ap\u00f3s grandes manifesta\u00e7\u00f5es populares contra seu governo. Morsi era membro da Irmandade Mu\u00e7ulmana.<\/p>\n<p>O protesto foi dispersado de forma violenta em 14 de agosto de 2013. Mais de 600 pessoas foram mortas. Meses depois, o Egito declarou a Irmandade Mu\u00e7ulmana uma organiza\u00e7\u00e3o terrorista. Autoridades eg\u00edpcias iniciaram uma forte campanha de repress\u00e3o contra membros e apoiadores da Irmandade. Tribunais do pa\u00eds realizaram julgamentos em massa e condenaram centenas de pessoas \u00e0 morte, gerando cr\u00edticas da comunidade internacional.<\/p>\n<p>Em 2014, um juiz eg\u00edpcio condenou 529 apoiadores de Morsi \u00e0 morte, mas um novo julgamento foi ordenado ap\u00f3s uma s\u00e9rie de procedimentos legais.<\/p>\n<p>Grupos de defesa de direitos humanos v\u00eam criticando essas condena\u00e7\u00f5es em massa no Egito e pedindo que as autoridades garantam julgamentos justos. No m\u00eas passado, a Anistia Internacional classificou o julgamento em massa do protesto de 2013 uma &#8220;par\u00f3dia grotesca de justi\u00e7a&#8221;, e pediu que autoridades retirem todas as acusa\u00e7\u00f5es contra aqueles que foram presos por protestar de forma pac\u00edfica.<\/p>\n","protected":false},"excerpt":{"rendered":"<p>Um tribunal do Egito condenou 75 pessoas \u00e0 morte neste s\u00e1bado, incluindo membros do alto escal\u00e3o do grupo Irmandade Mu\u00e7ulmana, por seu envolvimento em um protesto em 2013, informou a m\u00eddia estatal. O Tribunal Criminal do Cairo encaminhou as senten\u00e7as ao gr\u00e3o-mufti Shawqi Allam, m\u00e1xima autoridade mu\u00e7ulmana do pa\u00eds &#8211; uma formalidade prevista em lei [&hellip;]<\/p>\n","protected":false},"author":2,"featured_media":186637,"comment_status":"closed","ping_status":"closed","sticky":false,"template":"","format":"standard","meta":{"_acf_changed":false,"footnotes":""},"categories":[17],"tags":[],"class_list":["post-186636","post","type-post","status-publish","format-standard","has-post-thumbnail","hentry","category-mundo"],"acf":[],"yoast_head":"<!-- This site is optimized with the Yoast SEO plugin v27.2 - https:\/\/yoast.com\/product\/yoast-seo-wordpress\/ -->\n<title>Egito condena 75 pessoas \u00e0 morte por protestos em 2013 - Notibras<\/title>\n<meta name=\"robots\" content=\"index, follow, max-snippet:-1, max-image-preview:large, max-video-preview:-1\" \/>\n<link rel=\"canonical\" href=\"https:\/\/www.notibras.com\/site\/egito-condena-75-pessoas-a-morte-por-protestos-em-2013\/\" \/>\n<meta property=\"og:locale\" content=\"pt_BR\" \/>\n<meta property=\"og:type\" content=\"article\" \/>\n<meta property=\"og:title\" content=\"Egito condena 75 pessoas \u00e0 morte por protestos em 2013 - Notibras\" \/>\n<meta property=\"og:description\" content=\"Um tribunal do Egito condenou 75 pessoas \u00e0 morte neste s\u00e1bado, incluindo membros do alto escal\u00e3o do grupo Irmandade Mu\u00e7ulmana, por seu envolvimento em um protesto em 2013, informou a m\u00eddia estatal. O Tribunal Criminal do Cairo encaminhou as senten\u00e7as ao gr\u00e3o-mufti Shawqi Allam, m\u00e1xima autoridade mu\u00e7ulmana do pa\u00eds &#8211; uma formalidade prevista em lei [&hellip;]\" \/>\n<meta property=\"og:url\" content=\"https:\/\/www.notibras.com\/site\/egito-condena-75-pessoas-a-morte-por-protestos-em-2013\/\" \/>\n<meta property=\"og:site_name\" content=\"Notibras\" \/>\n<meta property=\"article:publisher\" content=\"https:\/\/www.facebook.com\/notibras\/\" \/>\n<meta property=\"article:published_time\" content=\"2018-07-29T11:16:09+00:00\" \/>\n<meta property=\"og:image\" content=\"https:\/\/www.notibras.com\/site\/wp-content\/uploads\/2018\/07\/egito.protestos.jpg\" \/>\n\t<meta property=\"og:image:width\" content=\"1024\" \/>\n\t<meta property=\"og:image:height\" content=\"695\" \/>\n\t<meta property=\"og:image:type\" content=\"image\/jpeg\" \/>\n<meta name=\"author\" content=\"Reda\u00e7\u00e3o\" \/>\n<meta name=\"twitter:card\" content=\"summary_large_image\" \/>\n<meta name=\"twitter:creator\" content=\"@Notibras\" \/>\n<meta name=\"twitter:site\" content=\"@Notibras\" \/>\n<meta name=\"twitter:label1\" content=\"Escrito por\" \/>\n\t<meta name=\"twitter:data1\" content=\"Reda\u00e7\u00e3o\" \/>\n\t<meta name=\"twitter:label2\" content=\"Est. tempo de leitura\" \/>\n\t<meta name=\"twitter:data2\" content=\"2 minutos\" \/>\n<script type=\"application\/ld+json\" class=\"yoast-schema-graph\">{\"@context\":\"https:\/\/schema.org\",\"@graph\":[{\"@type\":\"Article\",\"@id\":\"https:\/\/www.notibras.com\/site\/egito-condena-75-pessoas-a-morte-por-protestos-em-2013\/#article\",\"isPartOf\":{\"@id\":\"https:\/\/www.notibras.com\/site\/egito-condena-75-pessoas-a-morte-por-protestos-em-2013\/\"},\"author\":{\"name\":\"Reda\u00e7\u00e3o\",\"@id\":\"https:\/\/www.notibras.com\/site\/#\/schema\/person\/36ab0979449956132d3e5b517ea76ac8\"},\"headline\":\"Egito condena 75 pessoas \u00e0 morte por protestos em 2013\",\"datePublished\":\"2018-07-29T11:16:09+00:00\",\"mainEntityOfPage\":{\"@id\":\"https:\/\/www.notibras.com\/site\/egito-condena-75-pessoas-a-morte-por-protestos-em-2013\/\"},\"wordCount\":399,\"publisher\":{\"@id\":\"https:\/\/www.notibras.com\/site\/#organization\"},\"image\":{\"@id\":\"https:\/\/www.notibras.com\/site\/egito-condena-75-pessoas-a-morte-por-protestos-em-2013\/#primaryimage\"},\"thumbnailUrl\":\"https:\/\/www.notibras.com\/site\/wp-content\/uploads\/2018\/07\/egito.protestos.jpg\",\"articleSection\":[\"Mundo\"],\"inLanguage\":\"pt-BR\"},{\"@type\":\"WebPage\",\"@id\":\"https:\/\/www.notibras.com\/site\/egito-condena-75-pessoas-a-morte-por-protestos-em-2013\/\",\"url\":\"https:\/\/www.notibras.com\/site\/egito-condena-75-pessoas-a-morte-por-protestos-em-2013\/\",\"name\":\"Egito condena 75 pessoas \u00e0 morte por protestos em 2013 - Notibras\",\"isPartOf\":{\"@id\":\"https:\/\/www.notibras.com\/site\/#website\"},\"primaryImageOfPage\":{\"@id\":\"https:\/\/www.notibras.com\/site\/egito-condena-75-pessoas-a-morte-por-protestos-em-2013\/#primaryimage\"},\"image\":{\"@id\":\"https:\/\/www.notibras.com\/site\/egito-condena-75-pessoas-a-morte-por-protestos-em-2013\/#primaryimage\"},\"thumbnailUrl\":\"https:\/\/www.notibras.com\/site\/wp-content\/uploads\/2018\/07\/egito.protestos.jpg\",\"datePublished\":\"2018-07-29T11:16:09+00:00\",\"breadcrumb\":{\"@id\":\"https:\/\/www.notibras.com\/site\/egito-condena-75-pessoas-a-morte-por-protestos-em-2013\/#breadcrumb\"},\"inLanguage\":\"pt-BR\",\"potentialAction\":[{\"@type\":\"ReadAction\",\"target\":[\"https:\/\/www.notibras.com\/site\/egito-condena-75-pessoas-a-morte-por-protestos-em-2013\/\"]}]},{\"@type\":\"ImageObject\",\"inLanguage\":\"pt-BR\",\"@id\":\"https:\/\/www.notibras.com\/site\/egito-condena-75-pessoas-a-morte-por-protestos-em-2013\/#primaryimage\",\"url\":\"https:\/\/www.notibras.com\/site\/wp-content\/uploads\/2018\/07\/egito.protestos.jpg\",\"contentUrl\":\"https:\/\/www.notibras.com\/site\/wp-content\/uploads\/2018\/07\/egito.protestos.jpg\",\"width\":1024,\"height\":695,\"caption\":\"Foto\/Arquivo Notibras\"},{\"@type\":\"BreadcrumbList\",\"@id\":\"https:\/\/www.notibras.com\/site\/egito-condena-75-pessoas-a-morte-por-protestos-em-2013\/#breadcrumb\",\"itemListElement\":[{\"@type\":\"ListItem\",\"position\":1,\"name\":\"In\u00edcio\",\"item\":\"https:\/\/www.notibras.com\/site\/\"},{\"@type\":\"ListItem\",\"position\":2,\"name\":\"Egito condena 75 pessoas \u00e0 morte por protestos em 2013\"}]},{\"@type\":\"WebSite\",\"@id\":\"https:\/\/www.notibras.com\/site\/#website\",\"url\":\"https:\/\/www.notibras.com\/site\/\",\"name\":\"Notibras\",\"description\":\"Not\u00edcias de Bras\u00edlia, do Brasil e do Mundo\",\"publisher\":{\"@id\":\"https:\/\/www.notibras.com\/site\/#organization\"},\"potentialAction\":[{\"@type\":\"SearchAction\",\"target\":{\"@type\":\"EntryPoint\",\"urlTemplate\":\"https:\/\/www.notibras.com\/site\/?s={search_term_string}\"},\"query-input\":{\"@type\":\"PropertyValueSpecification\",\"valueRequired\":true,\"valueName\":\"search_term_string\"}}],\"inLanguage\":\"pt-BR\"},{\"@type\":\"Organization\",\"@id\":\"https:\/\/www.notibras.com\/site\/#organization\",\"name\":\"Grupo Notibras de Comunica\u00e7\u00e3o\",\"url\":\"https:\/\/www.notibras.com\/site\/\",\"logo\":{\"@type\":\"ImageObject\",\"inLanguage\":\"pt-BR\",\"@id\":\"https:\/\/www.notibras.com\/site\/#\/schema\/logo\/image\/\",\"url\":\"https:\/\/www.notibras.com\/site\/wp-content\/uploads\/2023\/01\/notibras23.png\",\"contentUrl\":\"https:\/\/www.notibras.com\/site\/wp-content\/uploads\/2023\/01\/notibras23.png\",\"width\":350,\"height\":87,\"caption\":\"Grupo Notibras de Comunica\u00e7\u00e3o\"},\"image\":{\"@id\":\"https:\/\/www.notibras.com\/site\/#\/schema\/logo\/image\/\"},\"sameAs\":[\"https:\/\/www.facebook.com\/notibras\/\",\"https:\/\/x.com\/Notibras\",\"https:\/\/www.instagram.com\/notibras\/\"]},{\"@type\":\"Person\",\"@id\":\"https:\/\/www.notibras.com\/site\/#\/schema\/person\/36ab0979449956132d3e5b517ea76ac8\",\"name\":\"Reda\u00e7\u00e3o\",\"image\":{\"@type\":\"ImageObject\",\"inLanguage\":\"pt-BR\",\"@id\":\"https:\/\/secure.gravatar.com\/avatar\/e0a867bdedb85fd243eadf09663511f96fc81e0720a4a42581f334ad4303aa6b?s=96&d=mm&r=g\",\"url\":\"https:\/\/secure.gravatar.com\/avatar\/e0a867bdedb85fd243eadf09663511f96fc81e0720a4a42581f334ad4303aa6b?s=96&d=mm&r=g\",\"contentUrl\":\"https:\/\/secure.gravatar.com\/avatar\/e0a867bdedb85fd243eadf09663511f96fc81e0720a4a42581f334ad4303aa6b?s=96&d=mm&r=g\",\"caption\":\"Reda\u00e7\u00e3o\"}}]}<\/script>\n<!-- \/ Yoast SEO plugin. -->","yoast_head_json":{"title":"Egito condena 75 pessoas \u00e0 morte por protestos em 2013 - Notibras","robots":{"index":"index","follow":"follow","max-snippet":"max-snippet:-1","max-image-preview":"max-image-preview:large","max-video-preview":"max-video-preview:-1"},"canonical":"https:\/\/www.notibras.com\/site\/egito-condena-75-pessoas-a-morte-por-protestos-em-2013\/","og_locale":"pt_BR","og_type":"article","og_title":"Egito condena 75 pessoas \u00e0 morte por protestos em 2013 - Notibras","og_description":"Um tribunal do Egito condenou 75 pessoas \u00e0 morte neste s\u00e1bado, incluindo membros do alto escal\u00e3o do grupo Irmandade Mu\u00e7ulmana, por seu envolvimento em um protesto em 2013, informou a m\u00eddia estatal. O Tribunal Criminal do Cairo encaminhou as senten\u00e7as ao gr\u00e3o-mufti Shawqi Allam, m\u00e1xima autoridade mu\u00e7ulmana do pa\u00eds &#8211; uma formalidade prevista em lei [&hellip;]","og_url":"https:\/\/www.notibras.com\/site\/egito-condena-75-pessoas-a-morte-por-protestos-em-2013\/","og_site_name":"Notibras","article_publisher":"https:\/\/www.facebook.com\/notibras\/","article_published_time":"2018-07-29T11:16:09+00:00","og_image":[{"width":1024,"height":695,"url":"https:\/\/www.notibras.com\/site\/wp-content\/uploads\/2018\/07\/egito.protestos.jpg","type":"image\/jpeg"}],"author":"Reda\u00e7\u00e3o","twitter_card":"summary_large_image","twitter_creator":"@Notibras","twitter_site":"@Notibras","twitter_misc":{"Escrito por":"Reda\u00e7\u00e3o","Est. tempo de leitura":"2 minutos"},"schema":{"@context":"https:\/\/schema.org","@graph":[{"@type":"Article","@id":"https:\/\/www.notibras.com\/site\/egito-condena-75-pessoas-a-morte-por-protestos-em-2013\/#article","isPartOf":{"@id":"https:\/\/www.notibras.com\/site\/egito-condena-75-pessoas-a-morte-por-protestos-em-2013\/"},"author":{"name":"Reda\u00e7\u00e3o","@id":"https:\/\/www.notibras.com\/site\/#\/schema\/person\/36ab0979449956132d3e5b517ea76ac8"},"headline":"Egito condena 75 pessoas \u00e0 morte por protestos em 2013","datePublished":"2018-07-29T11:16:09+00:00","mainEntityOfPage":{"@id":"https:\/\/www.notibras.com\/site\/egito-condena-75-pessoas-a-morte-por-protestos-em-2013\/"},"wordCount":399,"publisher":{"@id":"https:\/\/www.notibras.com\/site\/#organization"},"image":{"@id":"https:\/\/www.notibras.com\/site\/egito-condena-75-pessoas-a-morte-por-protestos-em-2013\/#primaryimage"},"thumbnailUrl":"https:\/\/www.notibras.com\/site\/wp-content\/uploads\/2018\/07\/egito.protestos.jpg","articleSection":["Mundo"],"inLanguage":"pt-BR"},{"@type":"WebPage","@id":"https:\/\/www.notibras.com\/site\/egito-condena-75-pessoas-a-morte-por-protestos-em-2013\/","url":"https:\/\/www.notibras.com\/site\/egito-condena-75-pessoas-a-morte-por-protestos-em-2013\/","name":"Egito condena 75 pessoas \u00e0 morte por protestos em 2013 - Notibras","isPartOf":{"@id":"https:\/\/www.notibras.com\/site\/#website"},"primaryImageOfPage":{"@id":"https:\/\/www.notibras.com\/site\/egito-condena-75-pessoas-a-morte-por-protestos-em-2013\/#primaryimage"},"image":{"@id":"https:\/\/www.notibras.com\/site\/egito-condena-75-pessoas-a-morte-por-protestos-em-2013\/#primaryimage"},"thumbnailUrl":"https:\/\/www.notibras.com\/site\/wp-content\/uploads\/2018\/07\/egito.protestos.jpg","datePublished":"2018-07-29T11:16:09+00:00","breadcrumb":{"@id":"https:\/\/www.notibras.com\/site\/egito-condena-75-pessoas-a-morte-por-protestos-em-2013\/#breadcrumb"},"inLanguage":"pt-BR","potentialAction":[{"@type":"ReadAction","target":["https:\/\/www.notibras.com\/site\/egito-condena-75-pessoas-a-morte-por-protestos-em-2013\/"]}]},{"@type":"ImageObject","inLanguage":"pt-BR","@id":"https:\/\/www.notibras.com\/site\/egito-condena-75-pessoas-a-morte-por-protestos-em-2013\/#primaryimage","url":"https:\/\/www.notibras.com\/site\/wp-content\/uploads\/2018\/07\/egito.protestos.jpg","contentUrl":"https:\/\/www.notibras.com\/site\/wp-content\/uploads\/2018\/07\/egito.protestos.jpg","width":1024,"height":695,"caption":"Foto\/Arquivo Notibras"},{"@type":"BreadcrumbList","@id":"https:\/\/www.notibras.com\/site\/egito-condena-75-pessoas-a-morte-por-protestos-em-2013\/#breadcrumb","itemListElement":[{"@type":"ListItem","position":1,"name":"In\u00edcio","item":"https:\/\/www.notibras.com\/site\/"},{"@type":"ListItem","position":2,"name":"Egito condena 75 pessoas \u00e0 morte por protestos em 2013"}]},{"@type":"WebSite","@id":"https:\/\/www.notibras.com\/site\/#website","url":"https:\/\/www.notibras.com\/site\/","name":"Notibras","description":"Not\u00edcias de Bras\u00edlia, do Brasil e do Mundo","publisher":{"@id":"https:\/\/www.notibras.com\/site\/#organization"},"potentialAction":[{"@type":"SearchAction","target":{"@type":"EntryPoint","urlTemplate":"https:\/\/www.notibras.com\/site\/?s={search_term_string}"},"query-input":{"@type":"PropertyValueSpecification","valueRequired":true,"valueName":"search_term_string"}}],"inLanguage":"pt-BR"},{"@type":"Organization","@id":"https:\/\/www.notibras.com\/site\/#organization","name":"Grupo Notibras de Comunica\u00e7\u00e3o","url":"https:\/\/www.notibras.com\/site\/","logo":{"@type":"ImageObject","inLanguage":"pt-BR","@id":"https:\/\/www.notibras.com\/site\/#\/schema\/logo\/image\/","url":"https:\/\/www.notibras.com\/site\/wp-content\/uploads\/2023\/01\/notibras23.png","contentUrl":"https:\/\/www.notibras.com\/site\/wp-content\/uploads\/2023\/01\/notibras23.png","width":350,"height":87,"caption":"Grupo Notibras de Comunica\u00e7\u00e3o"},"image":{"@id":"https:\/\/www.notibras.com\/site\/#\/schema\/logo\/image\/"},"sameAs":["https:\/\/www.facebook.com\/notibras\/","https:\/\/x.com\/Notibras","https:\/\/www.instagram.com\/notibras\/"]},{"@type":"Person","@id":"https:\/\/www.notibras.com\/site\/#\/schema\/person\/36ab0979449956132d3e5b517ea76ac8","name":"Reda\u00e7\u00e3o","image":{"@type":"ImageObject","inLanguage":"pt-BR","@id":"https:\/\/secure.gravatar.com\/avatar\/e0a867bdedb85fd243eadf09663511f96fc81e0720a4a42581f334ad4303aa6b?s=96&d=mm&r=g","url":"https:\/\/secure.gravatar.com\/avatar\/e0a867bdedb85fd243eadf09663511f96fc81e0720a4a42581f334ad4303aa6b?s=96&d=mm&r=g","contentUrl":"https:\/\/secure.gravatar.com\/avatar\/e0a867bdedb85fd243eadf09663511f96fc81e0720a4a42581f334ad4303aa6b?s=96&d=mm&r=g","caption":"Reda\u00e7\u00e3o"}}]}},"amp_enabled":true,"_links":{"self":[{"href":"https:\/\/www.notibras.com\/site\/wp-json\/wp\/v2\/posts\/186636","targetHints":{"allow":["GET"]}}],"collection":[{"href":"https:\/\/www.notibras.com\/site\/wp-json\/wp\/v2\/posts"}],"about":[{"href":"https:\/\/www.notibras.com\/site\/wp-json\/wp\/v2\/types\/post"}],"author":[{"embeddable":true,"href":"https:\/\/www.notibras.com\/site\/wp-json\/wp\/v2\/users\/2"}],"replies":[{"embeddable":true,"href":"https:\/\/www.notibras.com\/site\/wp-json\/wp\/v2\/comments?post=186636"}],"version-history":[{"count":1,"href":"https:\/\/www.notibras.com\/site\/wp-json\/wp\/v2\/posts\/186636\/revisions"}],"predecessor-version":[{"id":186638,"href":"https:\/\/www.notibras.com\/site\/wp-json\/wp\/v2\/posts\/186636\/revisions\/186638"}],"wp:featuredmedia":[{"embeddable":true,"href":"https:\/\/www.notibras.com\/site\/wp-json\/wp\/v2\/media\/186637"}],"wp:attachment":[{"href":"https:\/\/www.notibras.com\/site\/wp-json\/wp\/v2\/media?parent=186636"}],"wp:term":[{"taxonomy":"category","embeddable":true,"href":"https:\/\/www.notibras.com\/site\/wp-json\/wp\/v2\/categories?post=186636"},{"taxonomy":"post_tag","embeddable":true,"href":"https:\/\/www.notibras.com\/site\/wp-json\/wp\/v2\/tags?post=186636"}],"curies":[{"name":"wp","href":"https:\/\/api.w.org\/{rel}","templated":true}]}}