{"id":186648,"date":"2018-07-29T08:32:31","date_gmt":"2018-07-29T11:32:31","guid":{"rendered":"https:\/\/www.notibras.com\/site\/?p=186648"},"modified":"2018-07-29T08:32:31","modified_gmt":"2018-07-29T11:32:31","slug":"russos-protestam-contra-reforma-da-previdencia-de-putin","status":"publish","type":"post","link":"https:\/\/www.notibras.com\/site\/russos-protestam-contra-reforma-da-previdencia-de-putin\/","title":{"rendered":"Russos protestam contra reforma da previd\u00eancia de Putin"},"content":{"rendered":"<p>Dezenas de milhares de manifestantes sa\u00edram \u00e0s ruas na R\u00fassia neste s\u00e1bado para protestar contra uma proposta que eleva substancialmente a idade de aposentadoria para homens e mulheres. Uma multid\u00e3o estimada em mais de 10 mil pessoas participou de um protesto em Moscou que foi convocado pelo partido Comunista. Milhares de pessoas tamb\u00e9m se reuniram em Ecaterimburgo, e manifesta\u00e7\u00f5es foram registradas em outras grandes cidades russas, como Rostov-on-Don e Volgogrado. N\u00e3o houve relatos de pris\u00f5es.<\/p>\n<p>A c\u00e2mara baixa do Parlamento russo, a Duma, deu aprova\u00e7\u00e3o preliminar a uma medida que vai elevar de forma gradual a idade de aposentadoria, de 60 para 65 anos no caso de homens e de 55 para 63 anos no caso de mulheres.<\/p>\n<p>Os manifestantes pediram a realiza\u00e7\u00e3o de um referendo nacional sobre a proposta antes que o Parlamento considere novas an\u00e1lises do projeto de lei ap\u00f3s voltar do recesso de ver\u00e3o, em setembro.<\/p>\n<p>A proposta que aumenta a idade de aposentadoria foi apresentada na v\u00e9spera da abertura da Copa do Mundo da R\u00fassia, no m\u00eas passado, e opositores acusam o governo de se aproveitar da distra\u00e7\u00e3o da popula\u00e7\u00e3o com o torneio de futebol.<\/p>\n<p>A confian\u00e7a da popula\u00e7\u00e3o no presidente Vladimir Putin caiu significativamente em pesquisas de opini\u00e3o desde que a proposta foi apresentada. Na semana passada, ele tentou acalmar os \u00e2nimos dizendo que vai ouvir &#8220;todas as opini\u00f5es&#8221; sobre o assunto.<\/p>\n<p>&#8220;Se a idade de aposentadoria for aumentada, todo cidad\u00e3o russo vai ser roubado em mais de 1 milh\u00e3o de rublos (US$ 16 mil), e isso \u00e9 inaceit\u00e1vel&#8221;, disse o ativista Sergei Udaltsov durante a manifesta\u00e7\u00e3o em Moscou.<\/p>\n<p>Ele disse que se n\u00e3o houver referendo, milh\u00f5es v\u00e3o sair \u00e0s ruas. &#8220;Vamos exigir n\u00e3o apenas a paralisa\u00e7\u00e3o da reforma da previd\u00eancia, mas tamb\u00e9m uma mudan\u00e7a no poder &#8211; a destitui\u00e7\u00e3o do governo, a dissolu\u00e7\u00e3o da Duma e o impeachment do presidente.&#8221;<\/p>\n<p>Segundo o Banco Mundial, a expectativa de vida na R\u00fassia era de 71 anos em 2016, de 65 anos em 2003. O governo russo diz que esse aumento onera o sistema previdenci\u00e1rio.<\/p>\n","protected":false},"excerpt":{"rendered":"<p>Dezenas de milhares de manifestantes sa\u00edram \u00e0s ruas na R\u00fassia neste s\u00e1bado para protestar contra uma proposta que eleva substancialmente a idade de aposentadoria para homens e mulheres. Uma multid\u00e3o estimada em mais de 10 mil pessoas participou de um protesto em Moscou que foi convocado pelo partido Comunista. Milhares de pessoas tamb\u00e9m se reuniram [&hellip;]<\/p>\n","protected":false},"author":2,"featured_media":186649,"comment_status":"closed","ping_status":"closed","sticky":false,"template":"","format":"standard","meta":{"_acf_changed":false,"footnotes":""},"categories":[17],"tags":[],"class_list":["post-186648","post","type-post","status-publish","format-standard","has-post-thumbnail","hentry","category-mundo"],"acf":[],"yoast_head":"<!-- This site is optimized with the Yoast SEO plugin v27.2 - https:\/\/yoast.com\/product\/yoast-seo-wordpress\/ -->\n<title>Russos protestam contra reforma da previd\u00eancia de Putin - Notibras<\/title>\n<meta name=\"robots\" content=\"index, follow, max-snippet:-1, max-image-preview:large, max-video-preview:-1\" \/>\n<link rel=\"canonical\" href=\"https:\/\/www.notibras.com\/site\/russos-protestam-contra-reforma-da-previdencia-de-putin\/\" \/>\n<meta property=\"og:locale\" content=\"pt_BR\" \/>\n<meta property=\"og:type\" content=\"article\" \/>\n<meta property=\"og:title\" content=\"Russos protestam contra reforma da previd\u00eancia de Putin - Notibras\" \/>\n<meta property=\"og:description\" content=\"Dezenas de milhares de manifestantes sa\u00edram \u00e0s ruas na R\u00fassia neste s\u00e1bado para protestar contra uma proposta que eleva substancialmente a idade de aposentadoria para homens e mulheres. Uma multid\u00e3o estimada em mais de 10 mil pessoas participou de um protesto em Moscou que foi convocado pelo partido Comunista. Milhares de pessoas tamb\u00e9m se reuniram [&hellip;]\" \/>\n<meta property=\"og:url\" content=\"https:\/\/www.notibras.com\/site\/russos-protestam-contra-reforma-da-previdencia-de-putin\/\" \/>\n<meta property=\"og:site_name\" content=\"Notibras\" \/>\n<meta property=\"article:publisher\" content=\"https:\/\/www.facebook.com\/notibras\/\" \/>\n<meta property=\"article:published_time\" content=\"2018-07-29T11:32:31+00:00\" \/>\n<meta property=\"og:image\" content=\"https:\/\/www.notibras.com\/site\/wp-content\/uploads\/2018\/07\/russia.protestos.jpg\" \/>\n\t<meta property=\"og:image:width\" content=\"768\" \/>\n\t<meta property=\"og:image:height\" content=\"512\" \/>\n\t<meta property=\"og:image:type\" content=\"image\/jpeg\" \/>\n<meta name=\"author\" content=\"Reda\u00e7\u00e3o\" \/>\n<meta name=\"twitter:card\" content=\"summary_large_image\" \/>\n<meta name=\"twitter:creator\" content=\"@Notibras\" \/>\n<meta name=\"twitter:site\" content=\"@Notibras\" \/>\n<meta name=\"twitter:label1\" content=\"Escrito por\" \/>\n\t<meta name=\"twitter:data1\" content=\"Reda\u00e7\u00e3o\" \/>\n\t<meta name=\"twitter:label2\" content=\"Est. tempo de leitura\" \/>\n\t<meta name=\"twitter:data2\" content=\"2 minutos\" \/>\n<script type=\"application\/ld+json\" class=\"yoast-schema-graph\">{\"@context\":\"https:\/\/schema.org\",\"@graph\":[{\"@type\":\"Article\",\"@id\":\"https:\/\/www.notibras.com\/site\/russos-protestam-contra-reforma-da-previdencia-de-putin\/#article\",\"isPartOf\":{\"@id\":\"https:\/\/www.notibras.com\/site\/russos-protestam-contra-reforma-da-previdencia-de-putin\/\"},\"author\":{\"name\":\"Reda\u00e7\u00e3o\",\"@id\":\"https:\/\/www.notibras.com\/site\/#\/schema\/person\/36ab0979449956132d3e5b517ea76ac8\"},\"headline\":\"Russos protestam contra reforma da previd\u00eancia de Putin\",\"datePublished\":\"2018-07-29T11:32:31+00:00\",\"mainEntityOfPage\":{\"@id\":\"https:\/\/www.notibras.com\/site\/russos-protestam-contra-reforma-da-previdencia-de-putin\/\"},\"wordCount\":374,\"publisher\":{\"@id\":\"https:\/\/www.notibras.com\/site\/#organization\"},\"image\":{\"@id\":\"https:\/\/www.notibras.com\/site\/russos-protestam-contra-reforma-da-previdencia-de-putin\/#primaryimage\"},\"thumbnailUrl\":\"https:\/\/www.notibras.com\/site\/wp-content\/uploads\/2018\/07\/russia.protestos.jpg\",\"articleSection\":[\"Mundo\"],\"inLanguage\":\"pt-BR\"},{\"@type\":\"WebPage\",\"@id\":\"https:\/\/www.notibras.com\/site\/russos-protestam-contra-reforma-da-previdencia-de-putin\/\",\"url\":\"https:\/\/www.notibras.com\/site\/russos-protestam-contra-reforma-da-previdencia-de-putin\/\",\"name\":\"Russos protestam contra reforma da previd\u00eancia de Putin - Notibras\",\"isPartOf\":{\"@id\":\"https:\/\/www.notibras.com\/site\/#website\"},\"primaryImageOfPage\":{\"@id\":\"https:\/\/www.notibras.com\/site\/russos-protestam-contra-reforma-da-previdencia-de-putin\/#primaryimage\"},\"image\":{\"@id\":\"https:\/\/www.notibras.com\/site\/russos-protestam-contra-reforma-da-previdencia-de-putin\/#primaryimage\"},\"thumbnailUrl\":\"https:\/\/www.notibras.com\/site\/wp-content\/uploads\/2018\/07\/russia.protestos.jpg\",\"datePublished\":\"2018-07-29T11:32:31+00:00\",\"breadcrumb\":{\"@id\":\"https:\/\/www.notibras.com\/site\/russos-protestam-contra-reforma-da-previdencia-de-putin\/#breadcrumb\"},\"inLanguage\":\"pt-BR\",\"potentialAction\":[{\"@type\":\"ReadAction\",\"target\":[\"https:\/\/www.notibras.com\/site\/russos-protestam-contra-reforma-da-previdencia-de-putin\/\"]}]},{\"@type\":\"ImageObject\",\"inLanguage\":\"pt-BR\",\"@id\":\"https:\/\/www.notibras.com\/site\/russos-protestam-contra-reforma-da-previdencia-de-putin\/#primaryimage\",\"url\":\"https:\/\/www.notibras.com\/site\/wp-content\/uploads\/2018\/07\/russia.protestos.jpg\",\"contentUrl\":\"https:\/\/www.notibras.com\/site\/wp-content\/uploads\/2018\/07\/russia.protestos.jpg\",\"width\":768,\"height\":512,\"caption\":\"Foto\/Sputniknews\"},{\"@type\":\"BreadcrumbList\",\"@id\":\"https:\/\/www.notibras.com\/site\/russos-protestam-contra-reforma-da-previdencia-de-putin\/#breadcrumb\",\"itemListElement\":[{\"@type\":\"ListItem\",\"position\":1,\"name\":\"In\u00edcio\",\"item\":\"https:\/\/www.notibras.com\/site\/\"},{\"@type\":\"ListItem\",\"position\":2,\"name\":\"Russos protestam contra reforma da previd\u00eancia de Putin\"}]},{\"@type\":\"WebSite\",\"@id\":\"https:\/\/www.notibras.com\/site\/#website\",\"url\":\"https:\/\/www.notibras.com\/site\/\",\"name\":\"Notibras\",\"description\":\"Not\u00edcias de Bras\u00edlia, do Brasil e do Mundo\",\"publisher\":{\"@id\":\"https:\/\/www.notibras.com\/site\/#organization\"},\"potentialAction\":[{\"@type\":\"SearchAction\",\"target\":{\"@type\":\"EntryPoint\",\"urlTemplate\":\"https:\/\/www.notibras.com\/site\/?s={search_term_string}\"},\"query-input\":{\"@type\":\"PropertyValueSpecification\",\"valueRequired\":true,\"valueName\":\"search_term_string\"}}],\"inLanguage\":\"pt-BR\"},{\"@type\":\"Organization\",\"@id\":\"https:\/\/www.notibras.com\/site\/#organization\",\"name\":\"Grupo Notibras de Comunica\u00e7\u00e3o\",\"url\":\"https:\/\/www.notibras.com\/site\/\",\"logo\":{\"@type\":\"ImageObject\",\"inLanguage\":\"pt-BR\",\"@id\":\"https:\/\/www.notibras.com\/site\/#\/schema\/logo\/image\/\",\"url\":\"https:\/\/www.notibras.com\/site\/wp-content\/uploads\/2023\/01\/notibras23.png\",\"contentUrl\":\"https:\/\/www.notibras.com\/site\/wp-content\/uploads\/2023\/01\/notibras23.png\",\"width\":350,\"height\":87,\"caption\":\"Grupo Notibras de Comunica\u00e7\u00e3o\"},\"image\":{\"@id\":\"https:\/\/www.notibras.com\/site\/#\/schema\/logo\/image\/\"},\"sameAs\":[\"https:\/\/www.facebook.com\/notibras\/\",\"https:\/\/x.com\/Notibras\",\"https:\/\/www.instagram.com\/notibras\/\"]},{\"@type\":\"Person\",\"@id\":\"https:\/\/www.notibras.com\/site\/#\/schema\/person\/36ab0979449956132d3e5b517ea76ac8\",\"name\":\"Reda\u00e7\u00e3o\",\"image\":{\"@type\":\"ImageObject\",\"inLanguage\":\"pt-BR\",\"@id\":\"https:\/\/secure.gravatar.com\/avatar\/e0a867bdedb85fd243eadf09663511f96fc81e0720a4a42581f334ad4303aa6b?s=96&d=mm&r=g\",\"url\":\"https:\/\/secure.gravatar.com\/avatar\/e0a867bdedb85fd243eadf09663511f96fc81e0720a4a42581f334ad4303aa6b?s=96&d=mm&r=g\",\"contentUrl\":\"https:\/\/secure.gravatar.com\/avatar\/e0a867bdedb85fd243eadf09663511f96fc81e0720a4a42581f334ad4303aa6b?s=96&d=mm&r=g\",\"caption\":\"Reda\u00e7\u00e3o\"}}]}<\/script>\n<!-- \/ Yoast SEO plugin. -->","yoast_head_json":{"title":"Russos protestam contra reforma da previd\u00eancia de Putin - Notibras","robots":{"index":"index","follow":"follow","max-snippet":"max-snippet:-1","max-image-preview":"max-image-preview:large","max-video-preview":"max-video-preview:-1"},"canonical":"https:\/\/www.notibras.com\/site\/russos-protestam-contra-reforma-da-previdencia-de-putin\/","og_locale":"pt_BR","og_type":"article","og_title":"Russos protestam contra reforma da previd\u00eancia de Putin - Notibras","og_description":"Dezenas de milhares de manifestantes sa\u00edram \u00e0s ruas na R\u00fassia neste s\u00e1bado para protestar contra uma proposta que eleva substancialmente a idade de aposentadoria para homens e mulheres. Uma multid\u00e3o estimada em mais de 10 mil pessoas participou de um protesto em Moscou que foi convocado pelo partido Comunista. Milhares de pessoas tamb\u00e9m se reuniram [&hellip;]","og_url":"https:\/\/www.notibras.com\/site\/russos-protestam-contra-reforma-da-previdencia-de-putin\/","og_site_name":"Notibras","article_publisher":"https:\/\/www.facebook.com\/notibras\/","article_published_time":"2018-07-29T11:32:31+00:00","og_image":[{"width":768,"height":512,"url":"https:\/\/www.notibras.com\/site\/wp-content\/uploads\/2018\/07\/russia.protestos.jpg","type":"image\/jpeg"}],"author":"Reda\u00e7\u00e3o","twitter_card":"summary_large_image","twitter_creator":"@Notibras","twitter_site":"@Notibras","twitter_misc":{"Escrito por":"Reda\u00e7\u00e3o","Est. tempo de leitura":"2 minutos"},"schema":{"@context":"https:\/\/schema.org","@graph":[{"@type":"Article","@id":"https:\/\/www.notibras.com\/site\/russos-protestam-contra-reforma-da-previdencia-de-putin\/#article","isPartOf":{"@id":"https:\/\/www.notibras.com\/site\/russos-protestam-contra-reforma-da-previdencia-de-putin\/"},"author":{"name":"Reda\u00e7\u00e3o","@id":"https:\/\/www.notibras.com\/site\/#\/schema\/person\/36ab0979449956132d3e5b517ea76ac8"},"headline":"Russos protestam contra reforma da previd\u00eancia de Putin","datePublished":"2018-07-29T11:32:31+00:00","mainEntityOfPage":{"@id":"https:\/\/www.notibras.com\/site\/russos-protestam-contra-reforma-da-previdencia-de-putin\/"},"wordCount":374,"publisher":{"@id":"https:\/\/www.notibras.com\/site\/#organization"},"image":{"@id":"https:\/\/www.notibras.com\/site\/russos-protestam-contra-reforma-da-previdencia-de-putin\/#primaryimage"},"thumbnailUrl":"https:\/\/www.notibras.com\/site\/wp-content\/uploads\/2018\/07\/russia.protestos.jpg","articleSection":["Mundo"],"inLanguage":"pt-BR"},{"@type":"WebPage","@id":"https:\/\/www.notibras.com\/site\/russos-protestam-contra-reforma-da-previdencia-de-putin\/","url":"https:\/\/www.notibras.com\/site\/russos-protestam-contra-reforma-da-previdencia-de-putin\/","name":"Russos protestam contra reforma da previd\u00eancia de Putin - Notibras","isPartOf":{"@id":"https:\/\/www.notibras.com\/site\/#website"},"primaryImageOfPage":{"@id":"https:\/\/www.notibras.com\/site\/russos-protestam-contra-reforma-da-previdencia-de-putin\/#primaryimage"},"image":{"@id":"https:\/\/www.notibras.com\/site\/russos-protestam-contra-reforma-da-previdencia-de-putin\/#primaryimage"},"thumbnailUrl":"https:\/\/www.notibras.com\/site\/wp-content\/uploads\/2018\/07\/russia.protestos.jpg","datePublished":"2018-07-29T11:32:31+00:00","breadcrumb":{"@id":"https:\/\/www.notibras.com\/site\/russos-protestam-contra-reforma-da-previdencia-de-putin\/#breadcrumb"},"inLanguage":"pt-BR","potentialAction":[{"@type":"ReadAction","target":["https:\/\/www.notibras.com\/site\/russos-protestam-contra-reforma-da-previdencia-de-putin\/"]}]},{"@type":"ImageObject","inLanguage":"pt-BR","@id":"https:\/\/www.notibras.com\/site\/russos-protestam-contra-reforma-da-previdencia-de-putin\/#primaryimage","url":"https:\/\/www.notibras.com\/site\/wp-content\/uploads\/2018\/07\/russia.protestos.jpg","contentUrl":"https:\/\/www.notibras.com\/site\/wp-content\/uploads\/2018\/07\/russia.protestos.jpg","width":768,"height":512,"caption":"Foto\/Sputniknews"},{"@type":"BreadcrumbList","@id":"https:\/\/www.notibras.com\/site\/russos-protestam-contra-reforma-da-previdencia-de-putin\/#breadcrumb","itemListElement":[{"@type":"ListItem","position":1,"name":"In\u00edcio","item":"https:\/\/www.notibras.com\/site\/"},{"@type":"ListItem","position":2,"name":"Russos protestam contra reforma da previd\u00eancia de Putin"}]},{"@type":"WebSite","@id":"https:\/\/www.notibras.com\/site\/#website","url":"https:\/\/www.notibras.com\/site\/","name":"Notibras","description":"Not\u00edcias de Bras\u00edlia, do Brasil e do Mundo","publisher":{"@id":"https:\/\/www.notibras.com\/site\/#organization"},"potentialAction":[{"@type":"SearchAction","target":{"@type":"EntryPoint","urlTemplate":"https:\/\/www.notibras.com\/site\/?s={search_term_string}"},"query-input":{"@type":"PropertyValueSpecification","valueRequired":true,"valueName":"search_term_string"}}],"inLanguage":"pt-BR"},{"@type":"Organization","@id":"https:\/\/www.notibras.com\/site\/#organization","name":"Grupo Notibras de Comunica\u00e7\u00e3o","url":"https:\/\/www.notibras.com\/site\/","logo":{"@type":"ImageObject","inLanguage":"pt-BR","@id":"https:\/\/www.notibras.com\/site\/#\/schema\/logo\/image\/","url":"https:\/\/www.notibras.com\/site\/wp-content\/uploads\/2023\/01\/notibras23.png","contentUrl":"https:\/\/www.notibras.com\/site\/wp-content\/uploads\/2023\/01\/notibras23.png","width":350,"height":87,"caption":"Grupo Notibras de Comunica\u00e7\u00e3o"},"image":{"@id":"https:\/\/www.notibras.com\/site\/#\/schema\/logo\/image\/"},"sameAs":["https:\/\/www.facebook.com\/notibras\/","https:\/\/x.com\/Notibras","https:\/\/www.instagram.com\/notibras\/"]},{"@type":"Person","@id":"https:\/\/www.notibras.com\/site\/#\/schema\/person\/36ab0979449956132d3e5b517ea76ac8","name":"Reda\u00e7\u00e3o","image":{"@type":"ImageObject","inLanguage":"pt-BR","@id":"https:\/\/secure.gravatar.com\/avatar\/e0a867bdedb85fd243eadf09663511f96fc81e0720a4a42581f334ad4303aa6b?s=96&d=mm&r=g","url":"https:\/\/secure.gravatar.com\/avatar\/e0a867bdedb85fd243eadf09663511f96fc81e0720a4a42581f334ad4303aa6b?s=96&d=mm&r=g","contentUrl":"https:\/\/secure.gravatar.com\/avatar\/e0a867bdedb85fd243eadf09663511f96fc81e0720a4a42581f334ad4303aa6b?s=96&d=mm&r=g","caption":"Reda\u00e7\u00e3o"}}]}},"amp_enabled":true,"_links":{"self":[{"href":"https:\/\/www.notibras.com\/site\/wp-json\/wp\/v2\/posts\/186648","targetHints":{"allow":["GET"]}}],"collection":[{"href":"https:\/\/www.notibras.com\/site\/wp-json\/wp\/v2\/posts"}],"about":[{"href":"https:\/\/www.notibras.com\/site\/wp-json\/wp\/v2\/types\/post"}],"author":[{"embeddable":true,"href":"https:\/\/www.notibras.com\/site\/wp-json\/wp\/v2\/users\/2"}],"replies":[{"embeddable":true,"href":"https:\/\/www.notibras.com\/site\/wp-json\/wp\/v2\/comments?post=186648"}],"version-history":[{"count":1,"href":"https:\/\/www.notibras.com\/site\/wp-json\/wp\/v2\/posts\/186648\/revisions"}],"predecessor-version":[{"id":186650,"href":"https:\/\/www.notibras.com\/site\/wp-json\/wp\/v2\/posts\/186648\/revisions\/186650"}],"wp:featuredmedia":[{"embeddable":true,"href":"https:\/\/www.notibras.com\/site\/wp-json\/wp\/v2\/media\/186649"}],"wp:attachment":[{"href":"https:\/\/www.notibras.com\/site\/wp-json\/wp\/v2\/media?parent=186648"}],"wp:term":[{"taxonomy":"category","embeddable":true,"href":"https:\/\/www.notibras.com\/site\/wp-json\/wp\/v2\/categories?post=186648"},{"taxonomy":"post_tag","embeddable":true,"href":"https:\/\/www.notibras.com\/site\/wp-json\/wp\/v2\/tags?post=186648"}],"curies":[{"name":"wp","href":"https:\/\/api.w.org\/{rel}","templated":true}]}}