{"id":186766,"date":"2018-07-30T11:31:36","date_gmt":"2018-07-30T14:31:36","guid":{"rendered":"https:\/\/www.notibras.com\/site\/?p=186766"},"modified":"2018-07-30T11:31:36","modified_gmt":"2018-07-30T14:31:36","slug":"se-democratas-nao-financiarem-muro-trump-ameaca-greve","status":"publish","type":"post","link":"https:\/\/www.notibras.com\/site\/se-democratas-nao-financiarem-muro-trump-ameaca-greve\/","title":{"rendered":"Se democratas n\u00e3o financiarem muro, Trump amea\u00e7a &#8216;greve&#8217;"},"content":{"rendered":"<p>O presidente americano, Donald Trump, amea\u00e7ou barrar a aprova\u00e7\u00e3o do or\u00e7amento e congelar as atividades do governo federal no pr\u00f3ximo semestre se o Congresso n\u00e3o aprovar mudan\u00e7as radicais nas leis de imigra\u00e7\u00e3o, incluindo destinar verba para a constru\u00e7\u00e3o de um muro na fronteira com o M\u00e9xico.<\/p>\n<p>A amea\u00e7a n\u00e3o \u00e9 nova, mas segundo reportagem do Washington Post, dessa vez Trump estaria seguindo orienta\u00e7\u00f5es de aliados para que endure\u00e7a seu discurso anti-imigra\u00e7\u00e3o para mobilizar seus eleitores mais radicais na vota\u00e7\u00e3o de novembro. Entenda: Discurso de Trump contra imigra\u00e7\u00e3o ilegal estimula latinos a irem \u00e0s urnas.<\/p>\n<p>O presidente tem feito da imigra\u00e7\u00e3o o tema central na campanha para as elei\u00e7\u00f5es de meio de mandato que renovar\u00e3o a C\u00e2mara e um ter\u00e7o do Senado. Democratas lutam para retomar a maioria nas duas Casas.<\/p>\n<p>\u201cEu estaria disposto a paralisar o governo se os democratas n\u00e3o nos derem votos para a Seguran\u00e7a da Fronteira, que inclui o Muro! Devem se livrar da Loteria, ser pegos e liberados, etc. e finalmente ir para o sistema de Imigra\u00e7\u00e3o com base no m\u00e9rito! N\u00f3s precisamos de grandes pessoas vindo ao nosso pa\u00eds!\u201d, escreveu Trump no Twitter.<\/p>\n<p>Ele advertiu ainda que cruzar a fronteira do pa\u00eds ilegalmente tem consequ\u00eancias, \u201cseja com ou sem crian\u00e7as\u201d. \u201c\u00c9 preciso compreender que h\u00e1 consequ\u00eancias quando as pessoas cruzam nossas fronteiras, seja com ou sem crian\u00e7as \u2013 e muitos est\u00e3o simplesmente usando crian\u00e7as para seus pr\u00f3prios prop\u00f3sitos sinistros\u201d, acrescentou o presidente no Twitter.<\/p>\n<p>A Casa Branca foi alvo de v\u00e1rias cr\u00edticas desde que decidiu adotar em abril uma pol\u00edtica de \u201ctoler\u00e2ncia zero\u201d contra os imigrantes que entravam no pa\u00eds irregularmente pela fronteira com o M\u00e9xico, uma medida que acabou sendo suspensa em meados de junho ap\u00f3s v\u00e1rias cr\u00edticas recebidas.<\/p>\n<p>Diversos representantes do governo reconheceram que o prop\u00f3sito dessa pol\u00edtica de \u201ctoler\u00e2ncia zero\u201d era dissuadir outros imigrantes, diante da incapacidade de Trump de construir um muro fronteiri\u00e7o com o M\u00e9xico ou de endurecer as leis por n\u00e3o contar com apoio necess\u00e1rio no Congresso, apesar dos republicanos controlarem as duas Casas.<\/p>\n<p>Em raz\u00e3o dessa pol\u00edtica de \u201ctoler\u00e2ncia zero\u201d, cerca de 3 mil menores foram separados de seus pais. No entanto, ap\u00f3s uma a\u00e7\u00e3o movida pela Uni\u00e3o Americana de Liberdades Civis (ACLU, na sigla em ingl\u00eas), o juiz federal Dana Sabraw determinou que a norma era contr\u00e1ria \u00e0 lei e ordenou que o governo reunificasse as fam\u00edlias.<\/p>\n<p>Na quinta-feira, terminou o prazo dado pelo juiz e, embora o governo tenha conseguido reunir 1.820 fam\u00edlias, segundo n\u00fameros oficiais, ainda falta saber qual ser\u00e1 o destino de 711 menores que permanecem sob cust\u00f3dia americana.<\/p>\n","protected":false},"excerpt":{"rendered":"<p>O presidente americano, Donald Trump, amea\u00e7ou barrar a aprova\u00e7\u00e3o do or\u00e7amento e congelar as atividades do governo federal no pr\u00f3ximo semestre se o Congresso n\u00e3o aprovar mudan\u00e7as radicais nas leis de imigra\u00e7\u00e3o, incluindo destinar verba para a constru\u00e7\u00e3o de um muro na fronteira com o M\u00e9xico. A amea\u00e7a n\u00e3o \u00e9 nova, mas segundo reportagem do [&hellip;]<\/p>\n","protected":false},"author":1,"featured_media":183231,"comment_status":"closed","ping_status":"closed","sticky":false,"template":"","format":"standard","meta":{"_acf_changed":false,"footnotes":""},"categories":[17],"tags":[],"class_list":["post-186766","post","type-post","status-publish","format-standard","has-post-thumbnail","hentry","category-mundo"],"acf":[],"yoast_head":"<!-- This site is optimized with the Yoast SEO plugin v27.2 - https:\/\/yoast.com\/product\/yoast-seo-wordpress\/ -->\n<title>Se democratas n\u00e3o financiarem muro, Trump amea\u00e7a &#039;greve&#039; - Notibras<\/title>\n<meta name=\"robots\" content=\"index, follow, max-snippet:-1, max-image-preview:large, max-video-preview:-1\" \/>\n<link rel=\"canonical\" href=\"https:\/\/www.notibras.com\/site\/se-democratas-nao-financiarem-muro-trump-ameaca-greve\/\" \/>\n<meta property=\"og:locale\" content=\"pt_BR\" \/>\n<meta property=\"og:type\" content=\"article\" \/>\n<meta property=\"og:title\" content=\"Se democratas n\u00e3o financiarem muro, Trump amea\u00e7a &#039;greve&#039; - Notibras\" \/>\n<meta property=\"og:description\" content=\"O presidente americano, Donald Trump, amea\u00e7ou barrar a aprova\u00e7\u00e3o do or\u00e7amento e congelar as atividades do governo federal no pr\u00f3ximo semestre se o Congresso n\u00e3o aprovar mudan\u00e7as radicais nas leis de imigra\u00e7\u00e3o, incluindo destinar verba para a constru\u00e7\u00e3o de um muro na fronteira com o M\u00e9xico. A amea\u00e7a n\u00e3o \u00e9 nova, mas segundo reportagem do [&hellip;]\" \/>\n<meta property=\"og:url\" content=\"https:\/\/www.notibras.com\/site\/se-democratas-nao-financiarem-muro-trump-ameaca-greve\/\" \/>\n<meta property=\"og:site_name\" content=\"Notibras\" \/>\n<meta property=\"article:publisher\" content=\"https:\/\/www.facebook.com\/notibras\/\" \/>\n<meta property=\"article:published_time\" content=\"2018-07-30T14:31:36+00:00\" \/>\n<meta property=\"og:image\" content=\"https:\/\/www.notibras.com\/site\/wp-content\/uploads\/2018\/06\/Trump.jpg\" \/>\n\t<meta property=\"og:image:width\" content=\"849\" \/>\n\t<meta property=\"og:image:height\" content=\"472\" \/>\n\t<meta property=\"og:image:type\" content=\"image\/jpeg\" \/>\n<meta name=\"author\" content=\"Reda\u00e7\u00e3o\" \/>\n<meta name=\"twitter:card\" content=\"summary_large_image\" \/>\n<meta name=\"twitter:creator\" content=\"@Notibras\" \/>\n<meta name=\"twitter:site\" content=\"@Notibras\" \/>\n<meta name=\"twitter:label1\" content=\"Escrito por\" \/>\n\t<meta name=\"twitter:data1\" content=\"Reda\u00e7\u00e3o\" \/>\n\t<meta name=\"twitter:label2\" content=\"Est. tempo de leitura\" \/>\n\t<meta name=\"twitter:data2\" content=\"2 minutos\" \/>\n<script type=\"application\/ld+json\" class=\"yoast-schema-graph\">{\"@context\":\"https:\/\/schema.org\",\"@graph\":[{\"@type\":\"Article\",\"@id\":\"https:\/\/www.notibras.com\/site\/se-democratas-nao-financiarem-muro-trump-ameaca-greve\/#article\",\"isPartOf\":{\"@id\":\"https:\/\/www.notibras.com\/site\/se-democratas-nao-financiarem-muro-trump-ameaca-greve\/\"},\"author\":{\"name\":\"Reda\u00e7\u00e3o\",\"@id\":\"https:\/\/www.notibras.com\/site\/#\/schema\/person\/00b8e1aa08f9ef6563e878c5159d01cf\"},\"headline\":\"Se democratas n\u00e3o financiarem muro, Trump amea\u00e7a &#8216;greve&#8217;\",\"datePublished\":\"2018-07-30T14:31:36+00:00\",\"mainEntityOfPage\":{\"@id\":\"https:\/\/www.notibras.com\/site\/se-democratas-nao-financiarem-muro-trump-ameaca-greve\/\"},\"wordCount\":492,\"publisher\":{\"@id\":\"https:\/\/www.notibras.com\/site\/#organization\"},\"image\":{\"@id\":\"https:\/\/www.notibras.com\/site\/se-democratas-nao-financiarem-muro-trump-ameaca-greve\/#primaryimage\"},\"thumbnailUrl\":\"https:\/\/www.notibras.com\/site\/wp-content\/uploads\/2018\/06\/Trump.jpg\",\"articleSection\":[\"Mundo\"],\"inLanguage\":\"pt-BR\"},{\"@type\":\"WebPage\",\"@id\":\"https:\/\/www.notibras.com\/site\/se-democratas-nao-financiarem-muro-trump-ameaca-greve\/\",\"url\":\"https:\/\/www.notibras.com\/site\/se-democratas-nao-financiarem-muro-trump-ameaca-greve\/\",\"name\":\"Se democratas n\u00e3o financiarem muro, Trump amea\u00e7a 'greve' - Notibras\",\"isPartOf\":{\"@id\":\"https:\/\/www.notibras.com\/site\/#website\"},\"primaryImageOfPage\":{\"@id\":\"https:\/\/www.notibras.com\/site\/se-democratas-nao-financiarem-muro-trump-ameaca-greve\/#primaryimage\"},\"image\":{\"@id\":\"https:\/\/www.notibras.com\/site\/se-democratas-nao-financiarem-muro-trump-ameaca-greve\/#primaryimage\"},\"thumbnailUrl\":\"https:\/\/www.notibras.com\/site\/wp-content\/uploads\/2018\/06\/Trump.jpg\",\"datePublished\":\"2018-07-30T14:31:36+00:00\",\"breadcrumb\":{\"@id\":\"https:\/\/www.notibras.com\/site\/se-democratas-nao-financiarem-muro-trump-ameaca-greve\/#breadcrumb\"},\"inLanguage\":\"pt-BR\",\"potentialAction\":[{\"@type\":\"ReadAction\",\"target\":[\"https:\/\/www.notibras.com\/site\/se-democratas-nao-financiarem-muro-trump-ameaca-greve\/\"]}]},{\"@type\":\"ImageObject\",\"inLanguage\":\"pt-BR\",\"@id\":\"https:\/\/www.notibras.com\/site\/se-democratas-nao-financiarem-muro-trump-ameaca-greve\/#primaryimage\",\"url\":\"https:\/\/www.notibras.com\/site\/wp-content\/uploads\/2018\/06\/Trump.jpg\",\"contentUrl\":\"https:\/\/www.notibras.com\/site\/wp-content\/uploads\/2018\/06\/Trump.jpg\",\"width\":849,\"height\":472},{\"@type\":\"BreadcrumbList\",\"@id\":\"https:\/\/www.notibras.com\/site\/se-democratas-nao-financiarem-muro-trump-ameaca-greve\/#breadcrumb\",\"itemListElement\":[{\"@type\":\"ListItem\",\"position\":1,\"name\":\"In\u00edcio\",\"item\":\"https:\/\/www.notibras.com\/site\/\"},{\"@type\":\"ListItem\",\"position\":2,\"name\":\"Se democratas n\u00e3o financiarem muro, Trump amea\u00e7a &#8216;greve&#8217;\"}]},{\"@type\":\"WebSite\",\"@id\":\"https:\/\/www.notibras.com\/site\/#website\",\"url\":\"https:\/\/www.notibras.com\/site\/\",\"name\":\"Notibras\",\"description\":\"Not\u00edcias de Bras\u00edlia, do Brasil e do Mundo\",\"publisher\":{\"@id\":\"https:\/\/www.notibras.com\/site\/#organization\"},\"potentialAction\":[{\"@type\":\"SearchAction\",\"target\":{\"@type\":\"EntryPoint\",\"urlTemplate\":\"https:\/\/www.notibras.com\/site\/?s={search_term_string}\"},\"query-input\":{\"@type\":\"PropertyValueSpecification\",\"valueRequired\":true,\"valueName\":\"search_term_string\"}}],\"inLanguage\":\"pt-BR\"},{\"@type\":\"Organization\",\"@id\":\"https:\/\/www.notibras.com\/site\/#organization\",\"name\":\"Grupo Notibras de Comunica\u00e7\u00e3o\",\"url\":\"https:\/\/www.notibras.com\/site\/\",\"logo\":{\"@type\":\"ImageObject\",\"inLanguage\":\"pt-BR\",\"@id\":\"https:\/\/www.notibras.com\/site\/#\/schema\/logo\/image\/\",\"url\":\"https:\/\/www.notibras.com\/site\/wp-content\/uploads\/2023\/01\/notibras23.png\",\"contentUrl\":\"https:\/\/www.notibras.com\/site\/wp-content\/uploads\/2023\/01\/notibras23.png\",\"width\":350,\"height\":87,\"caption\":\"Grupo Notibras de Comunica\u00e7\u00e3o\"},\"image\":{\"@id\":\"https:\/\/www.notibras.com\/site\/#\/schema\/logo\/image\/\"},\"sameAs\":[\"https:\/\/www.facebook.com\/notibras\/\",\"https:\/\/x.com\/Notibras\",\"https:\/\/www.instagram.com\/notibras\/\"]},{\"@type\":\"Person\",\"@id\":\"https:\/\/www.notibras.com\/site\/#\/schema\/person\/00b8e1aa08f9ef6563e878c5159d01cf\",\"name\":\"Reda\u00e7\u00e3o\",\"image\":{\"@type\":\"ImageObject\",\"inLanguage\":\"pt-BR\",\"@id\":\"https:\/\/secure.gravatar.com\/avatar\/ac5a707d5b47784a5ed426c6e213e201423c750890f64e4c379114dade67dfb9?s=96&d=mm&r=g\",\"url\":\"https:\/\/secure.gravatar.com\/avatar\/ac5a707d5b47784a5ed426c6e213e201423c750890f64e4c379114dade67dfb9?s=96&d=mm&r=g\",\"contentUrl\":\"https:\/\/secure.gravatar.com\/avatar\/ac5a707d5b47784a5ed426c6e213e201423c750890f64e4c379114dade67dfb9?s=96&d=mm&r=g\",\"caption\":\"Reda\u00e7\u00e3o\"}}]}<\/script>\n<!-- \/ Yoast SEO plugin. -->","yoast_head_json":{"title":"Se democratas n\u00e3o financiarem muro, Trump amea\u00e7a 'greve' - Notibras","robots":{"index":"index","follow":"follow","max-snippet":"max-snippet:-1","max-image-preview":"max-image-preview:large","max-video-preview":"max-video-preview:-1"},"canonical":"https:\/\/www.notibras.com\/site\/se-democratas-nao-financiarem-muro-trump-ameaca-greve\/","og_locale":"pt_BR","og_type":"article","og_title":"Se democratas n\u00e3o financiarem muro, Trump amea\u00e7a 'greve' - Notibras","og_description":"O presidente americano, Donald Trump, amea\u00e7ou barrar a aprova\u00e7\u00e3o do or\u00e7amento e congelar as atividades do governo federal no pr\u00f3ximo semestre se o Congresso n\u00e3o aprovar mudan\u00e7as radicais nas leis de imigra\u00e7\u00e3o, incluindo destinar verba para a constru\u00e7\u00e3o de um muro na fronteira com o M\u00e9xico. A amea\u00e7a n\u00e3o \u00e9 nova, mas segundo reportagem do [&hellip;]","og_url":"https:\/\/www.notibras.com\/site\/se-democratas-nao-financiarem-muro-trump-ameaca-greve\/","og_site_name":"Notibras","article_publisher":"https:\/\/www.facebook.com\/notibras\/","article_published_time":"2018-07-30T14:31:36+00:00","og_image":[{"width":849,"height":472,"url":"https:\/\/www.notibras.com\/site\/wp-content\/uploads\/2018\/06\/Trump.jpg","type":"image\/jpeg"}],"author":"Reda\u00e7\u00e3o","twitter_card":"summary_large_image","twitter_creator":"@Notibras","twitter_site":"@Notibras","twitter_misc":{"Escrito por":"Reda\u00e7\u00e3o","Est. tempo de leitura":"2 minutos"},"schema":{"@context":"https:\/\/schema.org","@graph":[{"@type":"Article","@id":"https:\/\/www.notibras.com\/site\/se-democratas-nao-financiarem-muro-trump-ameaca-greve\/#article","isPartOf":{"@id":"https:\/\/www.notibras.com\/site\/se-democratas-nao-financiarem-muro-trump-ameaca-greve\/"},"author":{"name":"Reda\u00e7\u00e3o","@id":"https:\/\/www.notibras.com\/site\/#\/schema\/person\/00b8e1aa08f9ef6563e878c5159d01cf"},"headline":"Se democratas n\u00e3o financiarem muro, Trump amea\u00e7a &#8216;greve&#8217;","datePublished":"2018-07-30T14:31:36+00:00","mainEntityOfPage":{"@id":"https:\/\/www.notibras.com\/site\/se-democratas-nao-financiarem-muro-trump-ameaca-greve\/"},"wordCount":492,"publisher":{"@id":"https:\/\/www.notibras.com\/site\/#organization"},"image":{"@id":"https:\/\/www.notibras.com\/site\/se-democratas-nao-financiarem-muro-trump-ameaca-greve\/#primaryimage"},"thumbnailUrl":"https:\/\/www.notibras.com\/site\/wp-content\/uploads\/2018\/06\/Trump.jpg","articleSection":["Mundo"],"inLanguage":"pt-BR"},{"@type":"WebPage","@id":"https:\/\/www.notibras.com\/site\/se-democratas-nao-financiarem-muro-trump-ameaca-greve\/","url":"https:\/\/www.notibras.com\/site\/se-democratas-nao-financiarem-muro-trump-ameaca-greve\/","name":"Se democratas n\u00e3o financiarem muro, Trump amea\u00e7a 'greve' - Notibras","isPartOf":{"@id":"https:\/\/www.notibras.com\/site\/#website"},"primaryImageOfPage":{"@id":"https:\/\/www.notibras.com\/site\/se-democratas-nao-financiarem-muro-trump-ameaca-greve\/#primaryimage"},"image":{"@id":"https:\/\/www.notibras.com\/site\/se-democratas-nao-financiarem-muro-trump-ameaca-greve\/#primaryimage"},"thumbnailUrl":"https:\/\/www.notibras.com\/site\/wp-content\/uploads\/2018\/06\/Trump.jpg","datePublished":"2018-07-30T14:31:36+00:00","breadcrumb":{"@id":"https:\/\/www.notibras.com\/site\/se-democratas-nao-financiarem-muro-trump-ameaca-greve\/#breadcrumb"},"inLanguage":"pt-BR","potentialAction":[{"@type":"ReadAction","target":["https:\/\/www.notibras.com\/site\/se-democratas-nao-financiarem-muro-trump-ameaca-greve\/"]}]},{"@type":"ImageObject","inLanguage":"pt-BR","@id":"https:\/\/www.notibras.com\/site\/se-democratas-nao-financiarem-muro-trump-ameaca-greve\/#primaryimage","url":"https:\/\/www.notibras.com\/site\/wp-content\/uploads\/2018\/06\/Trump.jpg","contentUrl":"https:\/\/www.notibras.com\/site\/wp-content\/uploads\/2018\/06\/Trump.jpg","width":849,"height":472},{"@type":"BreadcrumbList","@id":"https:\/\/www.notibras.com\/site\/se-democratas-nao-financiarem-muro-trump-ameaca-greve\/#breadcrumb","itemListElement":[{"@type":"ListItem","position":1,"name":"In\u00edcio","item":"https:\/\/www.notibras.com\/site\/"},{"@type":"ListItem","position":2,"name":"Se democratas n\u00e3o financiarem muro, Trump amea\u00e7a &#8216;greve&#8217;"}]},{"@type":"WebSite","@id":"https:\/\/www.notibras.com\/site\/#website","url":"https:\/\/www.notibras.com\/site\/","name":"Notibras","description":"Not\u00edcias de Bras\u00edlia, do Brasil e do Mundo","publisher":{"@id":"https:\/\/www.notibras.com\/site\/#organization"},"potentialAction":[{"@type":"SearchAction","target":{"@type":"EntryPoint","urlTemplate":"https:\/\/www.notibras.com\/site\/?s={search_term_string}"},"query-input":{"@type":"PropertyValueSpecification","valueRequired":true,"valueName":"search_term_string"}}],"inLanguage":"pt-BR"},{"@type":"Organization","@id":"https:\/\/www.notibras.com\/site\/#organization","name":"Grupo Notibras de Comunica\u00e7\u00e3o","url":"https:\/\/www.notibras.com\/site\/","logo":{"@type":"ImageObject","inLanguage":"pt-BR","@id":"https:\/\/www.notibras.com\/site\/#\/schema\/logo\/image\/","url":"https:\/\/www.notibras.com\/site\/wp-content\/uploads\/2023\/01\/notibras23.png","contentUrl":"https:\/\/www.notibras.com\/site\/wp-content\/uploads\/2023\/01\/notibras23.png","width":350,"height":87,"caption":"Grupo Notibras de Comunica\u00e7\u00e3o"},"image":{"@id":"https:\/\/www.notibras.com\/site\/#\/schema\/logo\/image\/"},"sameAs":["https:\/\/www.facebook.com\/notibras\/","https:\/\/x.com\/Notibras","https:\/\/www.instagram.com\/notibras\/"]},{"@type":"Person","@id":"https:\/\/www.notibras.com\/site\/#\/schema\/person\/00b8e1aa08f9ef6563e878c5159d01cf","name":"Reda\u00e7\u00e3o","image":{"@type":"ImageObject","inLanguage":"pt-BR","@id":"https:\/\/secure.gravatar.com\/avatar\/ac5a707d5b47784a5ed426c6e213e201423c750890f64e4c379114dade67dfb9?s=96&d=mm&r=g","url":"https:\/\/secure.gravatar.com\/avatar\/ac5a707d5b47784a5ed426c6e213e201423c750890f64e4c379114dade67dfb9?s=96&d=mm&r=g","contentUrl":"https:\/\/secure.gravatar.com\/avatar\/ac5a707d5b47784a5ed426c6e213e201423c750890f64e4c379114dade67dfb9?s=96&d=mm&r=g","caption":"Reda\u00e7\u00e3o"}}]}},"amp_enabled":true,"_links":{"self":[{"href":"https:\/\/www.notibras.com\/site\/wp-json\/wp\/v2\/posts\/186766","targetHints":{"allow":["GET"]}}],"collection":[{"href":"https:\/\/www.notibras.com\/site\/wp-json\/wp\/v2\/posts"}],"about":[{"href":"https:\/\/www.notibras.com\/site\/wp-json\/wp\/v2\/types\/post"}],"author":[{"embeddable":true,"href":"https:\/\/www.notibras.com\/site\/wp-json\/wp\/v2\/users\/1"}],"replies":[{"embeddable":true,"href":"https:\/\/www.notibras.com\/site\/wp-json\/wp\/v2\/comments?post=186766"}],"version-history":[{"count":1,"href":"https:\/\/www.notibras.com\/site\/wp-json\/wp\/v2\/posts\/186766\/revisions"}],"predecessor-version":[{"id":186767,"href":"https:\/\/www.notibras.com\/site\/wp-json\/wp\/v2\/posts\/186766\/revisions\/186767"}],"wp:featuredmedia":[{"embeddable":true,"href":"https:\/\/www.notibras.com\/site\/wp-json\/wp\/v2\/media\/183231"}],"wp:attachment":[{"href":"https:\/\/www.notibras.com\/site\/wp-json\/wp\/v2\/media?parent=186766"}],"wp:term":[{"taxonomy":"category","embeddable":true,"href":"https:\/\/www.notibras.com\/site\/wp-json\/wp\/v2\/categories?post=186766"},{"taxonomy":"post_tag","embeddable":true,"href":"https:\/\/www.notibras.com\/site\/wp-json\/wp\/v2\/tags?post=186766"}],"curies":[{"name":"wp","href":"https:\/\/api.w.org\/{rel}","templated":true}]}}