{"id":18688,"date":"2014-08-06T14:50:20","date_gmt":"2014-08-06T17:50:20","guid":{"rendered":"http:\/\/www.notibras.com\/site\/?p=18688"},"modified":"2014-08-06T15:11:11","modified_gmt":"2014-08-06T18:11:11","slug":"crianca-de-3-anos-cai-de-taxi-e-morre-atropelada-por-onibus-em-niteroi","status":"publish","type":"post","link":"https:\/\/www.notibras.com\/site\/crianca-de-3-anos-cai-de-taxi-e-morre-atropelada-por-onibus-em-niteroi\/","title":{"rendered":"Crian\u00e7a de 3 anos cai de t\u00e1xi e morre atropelada por \u00f4nibus"},"content":{"rendered":"<p>A av\u00f3 de Gabriel Henrique Dias de Oliveira, de 3 anos, morto ap\u00f3s cair de um t\u00e1xi em movimento e ser atropelado por um \u00f4nibus em Niter\u00f3i, Regi\u00e3o Metropolitana do Rio de Janeiro, lamentou o acidente com o menino e definiu a m\u00e3e como &#8220;cuidadosa&#8221;. De acordo com Ana L\u00facia Souza Dias, Gabriel era ador\u00e1vel e n\u00e3o tinha h\u00e1bito de mexer em portas de carros. No Instituto M\u00e9dico Legal (IML), familiares, abalados, aguardavam a libera\u00e7\u00e3o do corpo na manh\u00e3 desta quarta-feira (6). Ana L\u00facia afirmou que, apesar da pouca idade, apenas 18 anos, a m\u00e3e do menino sempre foi respons\u00e1vel e acrescentou que ningu\u00e9m pode julg\u00e1-la pela trag\u00e9dia.<\/p>\n<p>&#8220;Ela [Gisele] era uma m\u00e3e muito presente e tinha experi\u00eancia com crian\u00e7a. N\u00e3o posso julgar, n\u00e3o sou Deus. Pra mim, foi um acidente&#8221;, afirmou Ana Lucia Souza Dias.<\/p>\n<p>Segundo ela, a crian\u00e7a era tranquila e querida por todos. &#8220;Era uma \u00f3tima crian\u00e7a, todo mundo adorava ela. Era espetacular, tudo para mim. Chamavam ele de &#8216;Bonito'&#8221;, conta, emocionada. &#8220;S\u00f3 eles podem explicar o que acontecer. Eu estava em casa quando a Gisele me ligou chorando, dizendo o que tinha acontecido.&#8221;<\/p>\n<p>A Pol\u00edcia Civil informou que j\u00e1 ouviu os dois motoristas envolvidos no acidente ocorrido \u00e0s 20h30 desta ter\u00e7a-feira (5), no Centro de Niter\u00f3i. Gabriel abriu a porta do t\u00e1xi, caiu e foi atropelado por um \u00f4nibus da linha 553 (Niter\u00f3i &#8211; Legi\u00e3o), da via\u00e7\u00e3o Fagundes. A m\u00e3e e a av\u00f3 materna da crian\u00e7a (Ionar Silveira, 37 anos), que estavam no t\u00e1xi junto com o irm\u00e3o de Gisele, de 5 anos, tamb\u00e9m ser\u00e3o chamadas para prestar depoimento.<\/p>\n<p>Foi uma grande trag\u00e9dia, \u00e9 prematuro apontar culpados&#8221;, afirmou o delegado da 76\u00aa Delegacia Policial, Glaucio Paes da Silva, respons\u00e1vel pelo caso. &#8220;Vamos aguardar o resultado da per\u00edcia t\u00e9cnica e vamos buscar poss\u00edveis imagens do \u00f4nibus para ver o que aconteceu. As imagens s\u00e3o objetivas para ver bem o que aconteceu.&#8221;<br \/>\nSegundo os investigadores, a per\u00edcia foi realizada na Avenida Feliciano Sodr\u00e9, onde ocorreu o acidente, e imagens de c\u00e2meras de seguran\u00e7a j\u00e1 foram solicitadas.<\/p>\n<p>O taxista Marcelo Matos Mata relatou durante o depoimento que estava trafegando em baixa velocidade quando a crian\u00e7a abriu a porta e desceu do veiculo. Ele afirmou que assim percebeu o fato parou o carro fez sinal para o \u00f4nibus, que seguia paralelamente ao t\u00e1xi, parar. Mas n\u00e3o deu tempo e o menino j\u00e1 tinha sido atropelado. Ele n\u00e3o mencionou se a porta estava travada.<\/p>\n<p>O motorista do \u00f4nibus, Paulo Sergio Braga de Farias, disse que apenas que crian\u00e7a caiu do veiculo e ele n\u00e3o teve tempo de frear. Segundo o delegado, os dois motoristas estavam chocados.<\/p>\n<p><strong>Fam\u00edlia desolada<\/strong><\/p>\n<p>Parentes e amigos estavam desolados no Instituto M\u00e9dico Legal (IML), na manh\u00e3 desta quarta (6), e n\u00e3o quiseram dar entrevistas. Gabriel estava no banco de tr\u00e1s e, segundo a PM, abriu a porta do ve\u00edculo e caiu na rua. O \u00f4nibus que passava na hora n\u00e3o conseguiu frear e atingiu a crian\u00e7a.<\/p>\n<p>Av\u00f3, m\u00e3e e outra crian\u00e7a, um primo da v\u00edtima, de 5 anos, que usavam o t\u00e1xi, ficaram em estado de choque. A fam\u00edlia mora em Santa Rosa, bairro de Niter\u00f3i. Segundo a pol\u00edcia, as crian\u00e7as, que ocupavam o banco de tr\u00e1s do ve\u00edculo, n\u00e3o afivelaram o cinto de seguran\u00e7a.<\/p>\n<p>&#8220;A m\u00e3e teria o dever de cuidar, de manter a crian\u00e7a dentro do carro. E o motorista n\u00e3o poderia imaginar que essa crian\u00e7a desceria do veiculo. Mas n\u00e3o vamos pr\u00e9-julgar&#8221;, refor\u00e7ou o delegado<\/p>\n","protected":false},"excerpt":{"rendered":"<p>A av\u00f3 de Gabriel Henrique Dias de Oliveira, de 3 anos, morto ap\u00f3s cair de um t\u00e1xi em movimento e ser atropelado por um \u00f4nibus em Niter\u00f3i, Regi\u00e3o Metropolitana do Rio de Janeiro, lamentou o acidente com o menino e definiu a m\u00e3e como &#8220;cuidadosa&#8221;. De acordo com Ana L\u00facia Souza Dias, Gabriel era ador\u00e1vel [&hellip;]<\/p>\n","protected":false},"author":1,"featured_media":18690,"comment_status":"open","ping_status":"closed","sticky":false,"template":"","format":"standard","meta":{"_acf_changed":false,"footnotes":""},"categories":[21],"tags":[],"class_list":["post-18688","post","type-post","status-publish","format-standard","has-post-thumbnail","hentry","category-rio-de-janeiro"],"acf":[],"_links":{"self":[{"href":"https:\/\/www.notibras.com\/site\/wp-json\/wp\/v2\/posts\/18688","targetHints":{"allow":["GET"]}}],"collection":[{"href":"https:\/\/www.notibras.com\/site\/wp-json\/wp\/v2\/posts"}],"about":[{"href":"https:\/\/www.notibras.com\/site\/wp-json\/wp\/v2\/types\/post"}],"author":[{"embeddable":true,"href":"https:\/\/www.notibras.com\/site\/wp-json\/wp\/v2\/users\/1"}],"replies":[{"embeddable":true,"href":"https:\/\/www.notibras.com\/site\/wp-json\/wp\/v2\/comments?post=18688"}],"version-history":[{"count":0,"href":"https:\/\/www.notibras.com\/site\/wp-json\/wp\/v2\/posts\/18688\/revisions"}],"wp:featuredmedia":[{"embeddable":true,"href":"https:\/\/www.notibras.com\/site\/wp-json\/wp\/v2\/media\/18690"}],"wp:attachment":[{"href":"https:\/\/www.notibras.com\/site\/wp-json\/wp\/v2\/media?parent=18688"}],"wp:term":[{"taxonomy":"category","embeddable":true,"href":"https:\/\/www.notibras.com\/site\/wp-json\/wp\/v2\/categories?post=18688"},{"taxonomy":"post_tag","embeddable":true,"href":"https:\/\/www.notibras.com\/site\/wp-json\/wp\/v2\/tags?post=18688"}],"curies":[{"name":"wp","href":"https:\/\/api.w.org\/{rel}","templated":true}]}}