{"id":18771,"date":"2014-08-06T23:54:12","date_gmt":"2014-08-07T02:54:12","guid":{"rendered":"http:\/\/www.notibras.com\/site\/?p=18771"},"modified":"2014-08-09T19:17:23","modified_gmt":"2014-08-09T22:17:23","slug":"pela-copa-do-brasil-flu-faz-3-no-america-rn-e-fica-perto-de-vaga","status":"publish","type":"post","link":"https:\/\/www.notibras.com\/site\/pela-copa-do-brasil-flu-faz-3-no-america-rn-e-fica-perto-de-vaga\/","title":{"rendered":"Em jogo de ida pela Copa do Brasil, Flu bate Mec\u00e3o e encaminha vaga"},"content":{"rendered":"<p>O Fluminense n\u00e3o teve dificuldade para impor o ritmo de jogo\u00a0e conseguir um \u00f3timo resultado contra o Am\u00e9rica-RN, nesta quarta-feira, pela ida da terceira fase da Copa do Brasil. Jogando na Arena das Dunas, em Natal,\u00a0a equipe comandada por Cristov\u00e3o Borges venceu por 3 a 0 e deu um grande passo para a classifica\u00e7\u00e3o \u00e0s oitavas de final. C\u00edcero, com dois gols, foi o nome da partida.<\/p>\n<blockquote><p>Com a vit\u00f3ria, o Fluminense conquista uma \u00f3tima vantagem para a volta, no Maracan\u00e3, na pr\u00f3xima quarta, dia 13 de agosto. Agora, a equipe carioca pode perder por at\u00e9 dois gols de diferen\u00e7a que ainda assim garante a vaga na fase seguinte da competi\u00e7\u00e3o.<\/p><\/blockquote>\n<p class=\"text\">Apesar de um primeiro tempo de muita marca\u00e7\u00e3o, truncado no meio-campo, o Fluminense foi mais oportunista e conseguiu aproveitar as chances criadas. Com mais objetividade, a equipe carioca abriu o placar aos 10min. Pelo lado esquerdo, Chiquinho cruzou para \u00e1rea, C\u00edcero dominou no peito e bateu cruzado, sem chances para o goleiro Fernando Henrique: 1 a 0.<\/p>\n<p class=\"text\">O Am\u00e9rica-RN teve a melhor, e \u00fanica, oportunidade s\u00f3 aos 42min. Marcelinho entrou pelo lado direito da \u00e1rea e chutou cruzado. O atacante Max, mesmo pressionado, bateu para uma defesa segura de Diego Cavalieri.<\/p>\n<p class=\"text\">Na etapa final, o Fluminense voltou disposto a matar o jogo. E conseguiu. O segundo gol saiu\u00a0aos 4min e teve os mesmos personagens\u00a0do primeiro. Chiquinho, novamente pela esquerda, chegou a linha de fundo e cruzou rasteiro para C\u00edcero. O meia se esticou para desviar e marcar o segundo.<\/p>\n<p class=\"text\">Mesmo com um ritmo menor, com o resultado praticamente garantido, o Fluminense conseguiu chegar ao\u00a0terceiro, aos 20min. Em pap\u00e9is invertidos, Fred deu bela assist\u00eancia para Conca, que driblou o goleiro Dida, que entrou no lugar do contundido Fernando Henrique\u00a0ainda na etapa inicial, e decretou a vit\u00f3ria da equipe carioca.<\/p>\n<p class=\"text\">Nas oitavas de final da Copa do Brasil, ir\u00e3o se encontrar os 10 classificados da terceira fase, mais os seis brasileiros que disputaram a Copa Libertadores da Am\u00e9rica no primeiro semestre. S\u00e3o eles: Flamengo, Fluminense, Botafogo, Cruzeiro, Atl\u00e9tico-MG e Gr\u00eamio.<\/p>\n","protected":false},"excerpt":{"rendered":"<p>O Fluminense n\u00e3o teve dificuldade para impor o ritmo de jogo\u00a0e conseguir um \u00f3timo resultado contra o Am\u00e9rica-RN, nesta quarta-feira, pela ida da terceira fase da Copa do Brasil. Jogando na Arena das Dunas, em Natal,\u00a0a equipe comandada por Cristov\u00e3o Borges venceu por 3 a 0 e deu um grande passo para a classifica\u00e7\u00e3o \u00e0s [&hellip;]<\/p>\n","protected":false},"author":1,"featured_media":18772,"comment_status":"open","ping_status":"closed","sticky":false,"template":"","format":"standard","meta":{"_acf_changed":false,"footnotes":""},"categories":[29],"tags":[],"class_list":["post-18771","post","type-post","status-publish","format-standard","has-post-thumbnail","hentry","category-futebol"],"acf":[],"yoast_head":"<!-- This site is optimized with the Yoast SEO plugin v27.2 - https:\/\/yoast.com\/product\/yoast-seo-wordpress\/ -->\n<title>Em jogo de ida pela Copa do Brasil, Flu bate Mec\u00e3o e encaminha vaga - Notibras<\/title>\n<meta name=\"robots\" content=\"index, follow, max-snippet:-1, max-image-preview:large, max-video-preview:-1\" \/>\n<link rel=\"canonical\" href=\"https:\/\/www.notibras.com\/site\/pela-copa-do-brasil-flu-faz-3-no-america-rn-e-fica-perto-de-vaga\/\" \/>\n<meta property=\"og:locale\" content=\"pt_BR\" \/>\n<meta property=\"og:type\" content=\"article\" \/>\n<meta property=\"og:title\" content=\"Em jogo de ida pela Copa do Brasil, Flu bate Mec\u00e3o e encaminha vaga - Notibras\" \/>\n<meta property=\"og:description\" content=\"O Fluminense n\u00e3o teve dificuldade para impor o ritmo de jogo\u00a0e conseguir um \u00f3timo resultado contra o Am\u00e9rica-RN, nesta quarta-feira, pela ida da terceira fase da Copa do Brasil. Jogando na Arena das Dunas, em Natal,\u00a0a equipe comandada por Cristov\u00e3o Borges venceu por 3 a 0 e deu um grande passo para a classifica\u00e7\u00e3o \u00e0s [&hellip;]\" \/>\n<meta property=\"og:url\" content=\"https:\/\/www.notibras.com\/site\/pela-copa-do-brasil-flu-faz-3-no-america-rn-e-fica-perto-de-vaga\/\" \/>\n<meta property=\"og:site_name\" content=\"Notibras\" \/>\n<meta property=\"article:publisher\" content=\"https:\/\/www.facebook.com\/notibras\/\" \/>\n<meta property=\"article:published_time\" content=\"2014-08-07T02:54:12+00:00\" \/>\n<meta property=\"article:modified_time\" content=\"2014-08-09T22:17:23+00:00\" \/>\n<meta property=\"og:image\" content=\"https:\/\/www.notibras.com\/site\/wp-content\/uploads\/2014\/08\/Sem-t\u00edtulo-128.jpg\" \/>\n\t<meta property=\"og:image:width\" content=\"460\" \/>\n\t<meta property=\"og:image:height\" content=\"340\" \/>\n\t<meta property=\"og:image:type\" content=\"image\/jpeg\" \/>\n<meta name=\"author\" content=\"Reda\u00e7\u00e3o\" \/>\n<meta name=\"twitter:card\" content=\"summary_large_image\" \/>\n<meta name=\"twitter:creator\" content=\"@Notibras\" \/>\n<meta name=\"twitter:site\" content=\"@Notibras\" \/>\n<meta name=\"twitter:label1\" content=\"Escrito por\" \/>\n\t<meta name=\"twitter:data1\" content=\"Reda\u00e7\u00e3o\" \/>\n\t<meta name=\"twitter:label2\" content=\"Est. tempo de leitura\" \/>\n\t<meta name=\"twitter:data2\" content=\"2 minutos\" \/>\n<script type=\"application\/ld+json\" class=\"yoast-schema-graph\">{\"@context\":\"https:\/\/schema.org\",\"@graph\":[{\"@type\":\"Article\",\"@id\":\"https:\/\/www.notibras.com\/site\/pela-copa-do-brasil-flu-faz-3-no-america-rn-e-fica-perto-de-vaga\/#article\",\"isPartOf\":{\"@id\":\"https:\/\/www.notibras.com\/site\/pela-copa-do-brasil-flu-faz-3-no-america-rn-e-fica-perto-de-vaga\/\"},\"author\":{\"name\":\"Reda\u00e7\u00e3o\",\"@id\":\"https:\/\/www.notibras.com\/site\/#\/schema\/person\/00b8e1aa08f9ef6563e878c5159d01cf\"},\"headline\":\"Em jogo de ida pela Copa do Brasil, Flu bate Mec\u00e3o e encaminha vaga\",\"datePublished\":\"2014-08-07T02:54:12+00:00\",\"dateModified\":\"2014-08-09T22:17:23+00:00\",\"mainEntityOfPage\":{\"@id\":\"https:\/\/www.notibras.com\/site\/pela-copa-do-brasil-flu-faz-3-no-america-rn-e-fica-perto-de-vaga\/\"},\"wordCount\":375,\"commentCount\":0,\"publisher\":{\"@id\":\"https:\/\/www.notibras.com\/site\/#organization\"},\"image\":{\"@id\":\"https:\/\/www.notibras.com\/site\/pela-copa-do-brasil-flu-faz-3-no-america-rn-e-fica-perto-de-vaga\/#primaryimage\"},\"thumbnailUrl\":\"https:\/\/www.notibras.com\/site\/wp-content\/uploads\/2014\/08\/Sem-t\u00edtulo-128.jpg\",\"articleSection\":[\"Futebol\"],\"inLanguage\":\"pt-BR\",\"potentialAction\":[{\"@type\":\"CommentAction\",\"name\":\"Comment\",\"target\":[\"https:\/\/www.notibras.com\/site\/pela-copa-do-brasil-flu-faz-3-no-america-rn-e-fica-perto-de-vaga\/#respond\"]}]},{\"@type\":\"WebPage\",\"@id\":\"https:\/\/www.notibras.com\/site\/pela-copa-do-brasil-flu-faz-3-no-america-rn-e-fica-perto-de-vaga\/\",\"url\":\"https:\/\/www.notibras.com\/site\/pela-copa-do-brasil-flu-faz-3-no-america-rn-e-fica-perto-de-vaga\/\",\"name\":\"Em jogo de ida pela Copa do Brasil, Flu bate Mec\u00e3o e encaminha vaga - Notibras\",\"isPartOf\":{\"@id\":\"https:\/\/www.notibras.com\/site\/#website\"},\"primaryImageOfPage\":{\"@id\":\"https:\/\/www.notibras.com\/site\/pela-copa-do-brasil-flu-faz-3-no-america-rn-e-fica-perto-de-vaga\/#primaryimage\"},\"image\":{\"@id\":\"https:\/\/www.notibras.com\/site\/pela-copa-do-brasil-flu-faz-3-no-america-rn-e-fica-perto-de-vaga\/#primaryimage\"},\"thumbnailUrl\":\"https:\/\/www.notibras.com\/site\/wp-content\/uploads\/2014\/08\/Sem-t\u00edtulo-128.jpg\",\"datePublished\":\"2014-08-07T02:54:12+00:00\",\"dateModified\":\"2014-08-09T22:17:23+00:00\",\"breadcrumb\":{\"@id\":\"https:\/\/www.notibras.com\/site\/pela-copa-do-brasil-flu-faz-3-no-america-rn-e-fica-perto-de-vaga\/#breadcrumb\"},\"inLanguage\":\"pt-BR\",\"potentialAction\":[{\"@type\":\"ReadAction\",\"target\":[\"https:\/\/www.notibras.com\/site\/pela-copa-do-brasil-flu-faz-3-no-america-rn-e-fica-perto-de-vaga\/\"]}]},{\"@type\":\"ImageObject\",\"inLanguage\":\"pt-BR\",\"@id\":\"https:\/\/www.notibras.com\/site\/pela-copa-do-brasil-flu-faz-3-no-america-rn-e-fica-perto-de-vaga\/#primaryimage\",\"url\":\"https:\/\/www.notibras.com\/site\/wp-content\/uploads\/2014\/08\/Sem-t\u00edtulo-128.jpg\",\"contentUrl\":\"https:\/\/www.notibras.com\/site\/wp-content\/uploads\/2014\/08\/Sem-t\u00edtulo-128.jpg\",\"width\":460,\"height\":340},{\"@type\":\"BreadcrumbList\",\"@id\":\"https:\/\/www.notibras.com\/site\/pela-copa-do-brasil-flu-faz-3-no-america-rn-e-fica-perto-de-vaga\/#breadcrumb\",\"itemListElement\":[{\"@type\":\"ListItem\",\"position\":1,\"name\":\"In\u00edcio\",\"item\":\"https:\/\/www.notibras.com\/site\/\"},{\"@type\":\"ListItem\",\"position\":2,\"name\":\"Em jogo de ida pela Copa do Brasil, Flu bate Mec\u00e3o e encaminha vaga\"}]},{\"@type\":\"WebSite\",\"@id\":\"https:\/\/www.notibras.com\/site\/#website\",\"url\":\"https:\/\/www.notibras.com\/site\/\",\"name\":\"Notibras\",\"description\":\"Not\u00edcias de Bras\u00edlia, do Brasil e do Mundo\",\"publisher\":{\"@id\":\"https:\/\/www.notibras.com\/site\/#organization\"},\"potentialAction\":[{\"@type\":\"SearchAction\",\"target\":{\"@type\":\"EntryPoint\",\"urlTemplate\":\"https:\/\/www.notibras.com\/site\/?s={search_term_string}\"},\"query-input\":{\"@type\":\"PropertyValueSpecification\",\"valueRequired\":true,\"valueName\":\"search_term_string\"}}],\"inLanguage\":\"pt-BR\"},{\"@type\":\"Organization\",\"@id\":\"https:\/\/www.notibras.com\/site\/#organization\",\"name\":\"Grupo Notibras de Comunica\u00e7\u00e3o\",\"url\":\"https:\/\/www.notibras.com\/site\/\",\"logo\":{\"@type\":\"ImageObject\",\"inLanguage\":\"pt-BR\",\"@id\":\"https:\/\/www.notibras.com\/site\/#\/schema\/logo\/image\/\",\"url\":\"https:\/\/www.notibras.com\/site\/wp-content\/uploads\/2023\/01\/notibras23.png\",\"contentUrl\":\"https:\/\/www.notibras.com\/site\/wp-content\/uploads\/2023\/01\/notibras23.png\",\"width\":350,\"height\":87,\"caption\":\"Grupo Notibras de Comunica\u00e7\u00e3o\"},\"image\":{\"@id\":\"https:\/\/www.notibras.com\/site\/#\/schema\/logo\/image\/\"},\"sameAs\":[\"https:\/\/www.facebook.com\/notibras\/\",\"https:\/\/x.com\/Notibras\",\"https:\/\/www.instagram.com\/notibras\/\"]},{\"@type\":\"Person\",\"@id\":\"https:\/\/www.notibras.com\/site\/#\/schema\/person\/00b8e1aa08f9ef6563e878c5159d01cf\",\"name\":\"Reda\u00e7\u00e3o\",\"image\":{\"@type\":\"ImageObject\",\"inLanguage\":\"pt-BR\",\"@id\":\"https:\/\/secure.gravatar.com\/avatar\/ac5a707d5b47784a5ed426c6e213e201423c750890f64e4c379114dade67dfb9?s=96&d=mm&r=g\",\"url\":\"https:\/\/secure.gravatar.com\/avatar\/ac5a707d5b47784a5ed426c6e213e201423c750890f64e4c379114dade67dfb9?s=96&d=mm&r=g\",\"contentUrl\":\"https:\/\/secure.gravatar.com\/avatar\/ac5a707d5b47784a5ed426c6e213e201423c750890f64e4c379114dade67dfb9?s=96&d=mm&r=g\",\"caption\":\"Reda\u00e7\u00e3o\"}}]}<\/script>\n<!-- \/ Yoast SEO plugin. -->","yoast_head_json":{"title":"Em jogo de ida pela Copa do Brasil, Flu bate Mec\u00e3o e encaminha vaga - Notibras","robots":{"index":"index","follow":"follow","max-snippet":"max-snippet:-1","max-image-preview":"max-image-preview:large","max-video-preview":"max-video-preview:-1"},"canonical":"https:\/\/www.notibras.com\/site\/pela-copa-do-brasil-flu-faz-3-no-america-rn-e-fica-perto-de-vaga\/","og_locale":"pt_BR","og_type":"article","og_title":"Em jogo de ida pela Copa do Brasil, Flu bate Mec\u00e3o e encaminha vaga - Notibras","og_description":"O Fluminense n\u00e3o teve dificuldade para impor o ritmo de jogo\u00a0e conseguir um \u00f3timo resultado contra o Am\u00e9rica-RN, nesta quarta-feira, pela ida da terceira fase da Copa do Brasil. Jogando na Arena das Dunas, em Natal,\u00a0a equipe comandada por Cristov\u00e3o Borges venceu por 3 a 0 e deu um grande passo para a classifica\u00e7\u00e3o \u00e0s [&hellip;]","og_url":"https:\/\/www.notibras.com\/site\/pela-copa-do-brasil-flu-faz-3-no-america-rn-e-fica-perto-de-vaga\/","og_site_name":"Notibras","article_publisher":"https:\/\/www.facebook.com\/notibras\/","article_published_time":"2014-08-07T02:54:12+00:00","article_modified_time":"2014-08-09T22:17:23+00:00","og_image":[{"width":460,"height":340,"url":"https:\/\/www.notibras.com\/site\/wp-content\/uploads\/2014\/08\/Sem-t\u00edtulo-128.jpg","type":"image\/jpeg"}],"author":"Reda\u00e7\u00e3o","twitter_card":"summary_large_image","twitter_creator":"@Notibras","twitter_site":"@Notibras","twitter_misc":{"Escrito por":"Reda\u00e7\u00e3o","Est. tempo de leitura":"2 minutos"},"schema":{"@context":"https:\/\/schema.org","@graph":[{"@type":"Article","@id":"https:\/\/www.notibras.com\/site\/pela-copa-do-brasil-flu-faz-3-no-america-rn-e-fica-perto-de-vaga\/#article","isPartOf":{"@id":"https:\/\/www.notibras.com\/site\/pela-copa-do-brasil-flu-faz-3-no-america-rn-e-fica-perto-de-vaga\/"},"author":{"name":"Reda\u00e7\u00e3o","@id":"https:\/\/www.notibras.com\/site\/#\/schema\/person\/00b8e1aa08f9ef6563e878c5159d01cf"},"headline":"Em jogo de ida pela Copa do Brasil, Flu bate Mec\u00e3o e encaminha vaga","datePublished":"2014-08-07T02:54:12+00:00","dateModified":"2014-08-09T22:17:23+00:00","mainEntityOfPage":{"@id":"https:\/\/www.notibras.com\/site\/pela-copa-do-brasil-flu-faz-3-no-america-rn-e-fica-perto-de-vaga\/"},"wordCount":375,"commentCount":0,"publisher":{"@id":"https:\/\/www.notibras.com\/site\/#organization"},"image":{"@id":"https:\/\/www.notibras.com\/site\/pela-copa-do-brasil-flu-faz-3-no-america-rn-e-fica-perto-de-vaga\/#primaryimage"},"thumbnailUrl":"https:\/\/www.notibras.com\/site\/wp-content\/uploads\/2014\/08\/Sem-t\u00edtulo-128.jpg","articleSection":["Futebol"],"inLanguage":"pt-BR","potentialAction":[{"@type":"CommentAction","name":"Comment","target":["https:\/\/www.notibras.com\/site\/pela-copa-do-brasil-flu-faz-3-no-america-rn-e-fica-perto-de-vaga\/#respond"]}]},{"@type":"WebPage","@id":"https:\/\/www.notibras.com\/site\/pela-copa-do-brasil-flu-faz-3-no-america-rn-e-fica-perto-de-vaga\/","url":"https:\/\/www.notibras.com\/site\/pela-copa-do-brasil-flu-faz-3-no-america-rn-e-fica-perto-de-vaga\/","name":"Em jogo de ida pela Copa do Brasil, Flu bate Mec\u00e3o e encaminha vaga - Notibras","isPartOf":{"@id":"https:\/\/www.notibras.com\/site\/#website"},"primaryImageOfPage":{"@id":"https:\/\/www.notibras.com\/site\/pela-copa-do-brasil-flu-faz-3-no-america-rn-e-fica-perto-de-vaga\/#primaryimage"},"image":{"@id":"https:\/\/www.notibras.com\/site\/pela-copa-do-brasil-flu-faz-3-no-america-rn-e-fica-perto-de-vaga\/#primaryimage"},"thumbnailUrl":"https:\/\/www.notibras.com\/site\/wp-content\/uploads\/2014\/08\/Sem-t\u00edtulo-128.jpg","datePublished":"2014-08-07T02:54:12+00:00","dateModified":"2014-08-09T22:17:23+00:00","breadcrumb":{"@id":"https:\/\/www.notibras.com\/site\/pela-copa-do-brasil-flu-faz-3-no-america-rn-e-fica-perto-de-vaga\/#breadcrumb"},"inLanguage":"pt-BR","potentialAction":[{"@type":"ReadAction","target":["https:\/\/www.notibras.com\/site\/pela-copa-do-brasil-flu-faz-3-no-america-rn-e-fica-perto-de-vaga\/"]}]},{"@type":"ImageObject","inLanguage":"pt-BR","@id":"https:\/\/www.notibras.com\/site\/pela-copa-do-brasil-flu-faz-3-no-america-rn-e-fica-perto-de-vaga\/#primaryimage","url":"https:\/\/www.notibras.com\/site\/wp-content\/uploads\/2014\/08\/Sem-t\u00edtulo-128.jpg","contentUrl":"https:\/\/www.notibras.com\/site\/wp-content\/uploads\/2014\/08\/Sem-t\u00edtulo-128.jpg","width":460,"height":340},{"@type":"BreadcrumbList","@id":"https:\/\/www.notibras.com\/site\/pela-copa-do-brasil-flu-faz-3-no-america-rn-e-fica-perto-de-vaga\/#breadcrumb","itemListElement":[{"@type":"ListItem","position":1,"name":"In\u00edcio","item":"https:\/\/www.notibras.com\/site\/"},{"@type":"ListItem","position":2,"name":"Em jogo de ida pela Copa do Brasil, Flu bate Mec\u00e3o e encaminha vaga"}]},{"@type":"WebSite","@id":"https:\/\/www.notibras.com\/site\/#website","url":"https:\/\/www.notibras.com\/site\/","name":"Notibras","description":"Not\u00edcias de Bras\u00edlia, do Brasil e do Mundo","publisher":{"@id":"https:\/\/www.notibras.com\/site\/#organization"},"potentialAction":[{"@type":"SearchAction","target":{"@type":"EntryPoint","urlTemplate":"https:\/\/www.notibras.com\/site\/?s={search_term_string}"},"query-input":{"@type":"PropertyValueSpecification","valueRequired":true,"valueName":"search_term_string"}}],"inLanguage":"pt-BR"},{"@type":"Organization","@id":"https:\/\/www.notibras.com\/site\/#organization","name":"Grupo Notibras de Comunica\u00e7\u00e3o","url":"https:\/\/www.notibras.com\/site\/","logo":{"@type":"ImageObject","inLanguage":"pt-BR","@id":"https:\/\/www.notibras.com\/site\/#\/schema\/logo\/image\/","url":"https:\/\/www.notibras.com\/site\/wp-content\/uploads\/2023\/01\/notibras23.png","contentUrl":"https:\/\/www.notibras.com\/site\/wp-content\/uploads\/2023\/01\/notibras23.png","width":350,"height":87,"caption":"Grupo Notibras de Comunica\u00e7\u00e3o"},"image":{"@id":"https:\/\/www.notibras.com\/site\/#\/schema\/logo\/image\/"},"sameAs":["https:\/\/www.facebook.com\/notibras\/","https:\/\/x.com\/Notibras","https:\/\/www.instagram.com\/notibras\/"]},{"@type":"Person","@id":"https:\/\/www.notibras.com\/site\/#\/schema\/person\/00b8e1aa08f9ef6563e878c5159d01cf","name":"Reda\u00e7\u00e3o","image":{"@type":"ImageObject","inLanguage":"pt-BR","@id":"https:\/\/secure.gravatar.com\/avatar\/ac5a707d5b47784a5ed426c6e213e201423c750890f64e4c379114dade67dfb9?s=96&d=mm&r=g","url":"https:\/\/secure.gravatar.com\/avatar\/ac5a707d5b47784a5ed426c6e213e201423c750890f64e4c379114dade67dfb9?s=96&d=mm&r=g","contentUrl":"https:\/\/secure.gravatar.com\/avatar\/ac5a707d5b47784a5ed426c6e213e201423c750890f64e4c379114dade67dfb9?s=96&d=mm&r=g","caption":"Reda\u00e7\u00e3o"}}]}},"amp_enabled":true,"_links":{"self":[{"href":"https:\/\/www.notibras.com\/site\/wp-json\/wp\/v2\/posts\/18771","targetHints":{"allow":["GET"]}}],"collection":[{"href":"https:\/\/www.notibras.com\/site\/wp-json\/wp\/v2\/posts"}],"about":[{"href":"https:\/\/www.notibras.com\/site\/wp-json\/wp\/v2\/types\/post"}],"author":[{"embeddable":true,"href":"https:\/\/www.notibras.com\/site\/wp-json\/wp\/v2\/users\/1"}],"replies":[{"embeddable":true,"href":"https:\/\/www.notibras.com\/site\/wp-json\/wp\/v2\/comments?post=18771"}],"version-history":[{"count":0,"href":"https:\/\/www.notibras.com\/site\/wp-json\/wp\/v2\/posts\/18771\/revisions"}],"wp:featuredmedia":[{"embeddable":true,"href":"https:\/\/www.notibras.com\/site\/wp-json\/wp\/v2\/media\/18772"}],"wp:attachment":[{"href":"https:\/\/www.notibras.com\/site\/wp-json\/wp\/v2\/media?parent=18771"}],"wp:term":[{"taxonomy":"category","embeddable":true,"href":"https:\/\/www.notibras.com\/site\/wp-json\/wp\/v2\/categories?post=18771"},{"taxonomy":"post_tag","embeddable":true,"href":"https:\/\/www.notibras.com\/site\/wp-json\/wp\/v2\/tags?post=18771"}],"curies":[{"name":"wp","href":"https:\/\/api.w.org\/{rel}","templated":true}]}}