{"id":18792,"date":"2014-08-07T05:26:24","date_gmt":"2014-08-07T08:26:24","guid":{"rendered":"http:\/\/www.notibras.com\/site\/?p=18792"},"modified":"2014-08-07T16:39:43","modified_gmt":"2014-08-07T19:39:43","slug":"mantega-indica-que-havera-reajuste-nos-precos-da-gasolina-ainda-em-2014","status":"publish","type":"post","link":"https:\/\/www.notibras.com\/site\/mantega-indica-que-havera-reajuste-nos-precos-da-gasolina-ainda-em-2014\/","title":{"rendered":"Mantega sinaliza reajuste nos pre\u00e7os dos combust\u00edveis"},"content":{"rendered":"<p>Em entrevista \u00e0 <em>Reuters<\/em>, o ministro da Fazenda, Guido Mantega, disse que em todos os anos houve corre\u00e7\u00e3o nos pre\u00e7os da gasolina e que o comportamento do governo \u00e9 continuar com reajustes normais, mas negou que haver\u00e1 &#8220;tarifa\u00e7o&#8221; ap\u00f3s as elei\u00e7\u00f5es de outubro.<\/p>\n<p>&#8220;Todos os anos tem corre\u00e7\u00e3o do pre\u00e7o da gasolina, uns mais outros menos, todos os anos tem corre\u00e7\u00e3o. N\u00e3o teve nenhum ano que n\u00e3o teve aumento da gasolina, essa \u00e9 a regra&#8221;, afirmou o ministro.<\/p>\n<p>&#8220;Quando ocorrer\u00e1 o aumento, essa \u00e9 decis\u00e3o que mexe com o mercado, com a\u00e7\u00f5es, n\u00e3o se comenta. \u00c9 quest\u00e3o das empresas respons\u00e1veis&#8221;, acrescentou o ministro, que tamb\u00e9m \u00e9 presidente do Conselho de Administra\u00e7\u00e3o da Petrobras.<\/p>\n<p>Mantega deu a declara\u00e7\u00e3o ao ser questionado se, com o arrefecimento da infla\u00e7\u00e3o mais para o fim deste semestre, haveria espa\u00e7o para ajustes nos pre\u00e7os administrados. &#8220;Nosso comportamento \u00e9 continuar com reajustes normais (da gasolina), sem tarifa\u00e7o&#8221;, afirmou o ministro.<\/p>\n<blockquote><p><strong>Petrobras pede aumento<br \/>\n<\/strong>A diretoria da Petrobras tem pleiteado ao governo reajuste dos pre\u00e7os dos combust\u00edveis para reduzir a defasagem dos valores praticados no Brasil com os vistos no exterior, algo que afeta as finan\u00e7as da companhia.<\/p>\n<p>A gasolina tem um peso importante no IPCA, \u00edndice que baliza a meta de infla\u00e7\u00e3o do governo que \u00e9 de 4,5% ao ano, com margem de toler\u00e2ncia de dois pontos para mais ou para menos.<\/p>\n<p>Com o IPCA em 12 meses acima do teto da meta atualmente, o governo tem menos espa\u00e7o para elevar pre\u00e7os administrados como os dos combust\u00edveis.<\/p>\n<p>A \u00faltima vez em que houve reajuste nos pre\u00e7os da gasolina foi em novembro do ano passado, quando a Petrobras anunciou aumento m\u00e9dio de 4% da gasolina e de 8% no diesel nas refinarias. Na \u00e9poca, especialistas calcularam que a alta da gasolina ao consumidor final seria de cerca de 3%.<\/p><\/blockquote>\n","protected":false},"excerpt":{"rendered":"<p>Em entrevista \u00e0 Reuters, o ministro da Fazenda, Guido Mantega, disse que em todos os anos houve corre\u00e7\u00e3o nos pre\u00e7os da gasolina e que o comportamento do governo \u00e9 continuar com reajustes normais, mas negou que haver\u00e1 &#8220;tarifa\u00e7o&#8221; ap\u00f3s as elei\u00e7\u00f5es de outubro. &#8220;Todos os anos tem corre\u00e7\u00e3o do pre\u00e7o da gasolina, uns mais outros [&hellip;]<\/p>\n","protected":false},"author":1,"featured_media":18793,"comment_status":"open","ping_status":"closed","sticky":false,"template":"","format":"standard","meta":{"_acf_changed":false,"footnotes":""},"categories":[16],"tags":[],"class_list":["post-18792","post","type-post","status-publish","format-standard","has-post-thumbnail","hentry","category-brasil"],"acf":[],"_links":{"self":[{"href":"https:\/\/www.notibras.com\/site\/wp-json\/wp\/v2\/posts\/18792","targetHints":{"allow":["GET"]}}],"collection":[{"href":"https:\/\/www.notibras.com\/site\/wp-json\/wp\/v2\/posts"}],"about":[{"href":"https:\/\/www.notibras.com\/site\/wp-json\/wp\/v2\/types\/post"}],"author":[{"embeddable":true,"href":"https:\/\/www.notibras.com\/site\/wp-json\/wp\/v2\/users\/1"}],"replies":[{"embeddable":true,"href":"https:\/\/www.notibras.com\/site\/wp-json\/wp\/v2\/comments?post=18792"}],"version-history":[{"count":0,"href":"https:\/\/www.notibras.com\/site\/wp-json\/wp\/v2\/posts\/18792\/revisions"}],"wp:featuredmedia":[{"embeddable":true,"href":"https:\/\/www.notibras.com\/site\/wp-json\/wp\/v2\/media\/18793"}],"wp:attachment":[{"href":"https:\/\/www.notibras.com\/site\/wp-json\/wp\/v2\/media?parent=18792"}],"wp:term":[{"taxonomy":"category","embeddable":true,"href":"https:\/\/www.notibras.com\/site\/wp-json\/wp\/v2\/categories?post=18792"},{"taxonomy":"post_tag","embeddable":true,"href":"https:\/\/www.notibras.com\/site\/wp-json\/wp\/v2\/tags?post=18792"}],"curies":[{"name":"wp","href":"https:\/\/api.w.org\/{rel}","templated":true}]}}