{"id":18850,"date":"2014-08-07T18:41:21","date_gmt":"2014-08-07T21:41:21","guid":{"rendered":"http:\/\/www.notibras.com\/site\/?p=18850"},"modified":"2014-08-07T18:41:21","modified_gmt":"2014-08-07T21:41:21","slug":"parlamentares-visitam-brasilia-e-voltam-a-colocar-o-pe-na-estrada","status":"publish","type":"post","link":"https:\/\/www.notibras.com\/site\/parlamentares-visitam-brasilia-e-voltam-a-colocar-o-pe-na-estrada\/","title":{"rendered":"Parlamentares &#8216;visitam&#8217; Bras\u00edlia e voltam a colocar o p\u00e9 na estrada"},"content":{"rendered":"<p>Senadores e deputados retornaram a Bras\u00edlia para participarem do \u2018\u2019esfor\u00e7o concentrado\u2018\u2019 marcado para as \u00faltimas ter\u00e7a\u00a0 e quarta-feira. Mas j\u00e1 na quarta \u2013feira, \u00e0 noite, voltaram a colocar o p\u00e9 na estrada em busca de votos para a reelei\u00e7\u00e3o.<\/p>\n<p>Na C\u00e2mara do Deputados, esse \u2018\u2019esfor\u00e7o\u2019\u2019 s\u00f3 n\u00e3o foi um fracasso total porque os deputados conseguiram votar a medida provis\u00f3ria que aumenta de 6% para 7% os percentuais de brodiesel e etanol misturados ao \u00f3leo diesel e \u00e0 gasolina.<\/p>\n<p>Al\u00e9m disso nada saiu do Plen\u00e1rio da C\u00e2mara, Continuou a disputa entre\u00a0 oposi\u00e7\u00e3o e o PT em torno do projeto de decreto legislativo\u00a0 que suspende o decreto da presidente Dilma Rousseff que regulamenta a cria\u00e7\u00e3o de conselhos populares. Os oposicionistas alegam que tais conselhos se sobrep\u00f5em ao trabalho do Poder Legislativo, a quem cabe constitucionalmente fiscalizar e controlar as pol\u00edticas p\u00fablicas.<\/p>\n<p>No Senado, o \u2018\u2019esfor\u00e7o concentrado\u2019\u2019 teve resultados mais positivos. Foram\u00a0 aprovados tr\u00eas projetos importantes. Um deles fixa novas regras para a cria\u00e7\u00e3o de novos munic\u00edpios\u00a0 em todo o pa\u00eds. O outro projeto eleva de 23,5% para 24,5% os repasses do Fundo de Participa\u00e7\u00e3o dos Munic\u00edpios para as prefeituras. Essa eleva\u00e7\u00e3o de 1% ser\u00e1 dividida em duas etapas: 0,5% em 2015 e os outros 0,5% em 2016.<\/p>\n<p>O Senado aprovou tamb\u00e9m o projeto de decreto legislativo, que autoriza os empres\u00e1rios a cobrar pre\u00e7os diferenciados para pagamentos em dinheiro e no cart\u00e3o. Quem comprar \u00e0 vista poder\u00e1 ganhar desconto. O projeto\u00a0 vai agora \u00e0 exame na C\u00e2mara dos Deputados.<\/p>\n<blockquote><p>Uma nova for\u00e7a\u2013tarefa parlamentar foi marcada para 2 e 3 de setembro mas at\u00e9 l\u00e1 tr\u00eas medidas provis\u00f3rias v\u00e3o perder\u00a0 efic\u00e1cia. Colocadas na pauta desse \u2018\u2019esfor\u00e7o\u2019\u2019 as vota\u00e7\u00f5es da proposta da Lei de Diretrizes Or\u00e7ament\u00e1rias\u00a0 para 2015(LDO) e uma\u00a0 reuni\u00e3o do Congresso Nacional\u00a0 para exame de vetos presidenciais.<\/p><\/blockquote>\n<p>Um dos assuntos que vai movimentar os parlamentares \u00e9 a cassa\u00e7\u00e3o do deputado Andr\u00e9 Vargas ( sem partido \u2013PR). O relator J\u00falio Delgado (PSB \u2013MG) j\u00e1 deu seu voto pela perda de mandato de Vargas pelo envolvimento dele com o doleiro Alberto Youssef, preso na opera\u00e7\u00e3o Lava \u2013Jato da Policia Federal.<\/p>\n<p>A Comiss\u00e3o de Constitui\u00e7\u00e3o e Justi\u00e7a da C\u00e2mara dos Deputados aprovou, na quarta-feira, projeto que vai causar muita pol\u00eamica pelo pa\u00eds afora. A proposta aprovada permite que bacharel de Direito possa advogar por tr\u00eas anos sem ter sido aprovado na avalia\u00e7\u00e3o da Ordem dos Advogados do Brasil.<\/p>\n<p><strong>Cl\u00e1udio Coletti<\/strong><\/p>\n","protected":false},"excerpt":{"rendered":"<p>Senadores e deputados retornaram a Bras\u00edlia para participarem do \u2018\u2019esfor\u00e7o concentrado\u2018\u2019 marcado para as \u00faltimas ter\u00e7a\u00a0 e quarta-feira. Mas j\u00e1 na quarta \u2013feira, \u00e0 noite, voltaram a colocar o p\u00e9 na estrada em busca de votos para a reelei\u00e7\u00e3o. Na C\u00e2mara do Deputados, esse \u2018\u2019esfor\u00e7o\u2019\u2019 s\u00f3 n\u00e3o foi um fracasso total porque os deputados conseguiram [&hellip;]<\/p>\n","protected":false},"author":2,"featured_media":18851,"comment_status":"open","ping_status":"closed","sticky":false,"template":"","format":"standard","meta":{"_acf_changed":false,"footnotes":""},"categories":[25],"tags":[],"class_list":["post-18850","post","type-post","status-publish","format-standard","has-post-thumbnail","hentry","category-opina-ai"],"acf":[],"yoast_head":"<!-- This site is optimized with the Yoast SEO plugin v27.5 - https:\/\/yoast.com\/product\/yoast-seo-wordpress\/ -->\n<title>Parlamentares &#039;visitam&#039; Bras\u00edlia e voltam a colocar o p\u00e9 na estrada - Notibras<\/title>\n<meta name=\"robots\" content=\"index, follow, max-snippet:-1, max-image-preview:large, max-video-preview:-1\" \/>\n<link rel=\"canonical\" href=\"https:\/\/www.notibras.com\/site\/parlamentares-visitam-brasilia-e-voltam-a-colocar-o-pe-na-estrada\/\" \/>\n<meta property=\"og:locale\" content=\"pt_BR\" \/>\n<meta property=\"og:type\" content=\"article\" \/>\n<meta property=\"og:title\" content=\"Parlamentares &#039;visitam&#039; Bras\u00edlia e voltam a colocar o p\u00e9 na estrada - Notibras\" \/>\n<meta property=\"og:description\" content=\"Senadores e deputados retornaram a Bras\u00edlia para participarem do \u2018\u2019esfor\u00e7o concentrado\u2018\u2019 marcado para as \u00faltimas ter\u00e7a\u00a0 e quarta-feira. Mas j\u00e1 na quarta \u2013feira, \u00e0 noite, voltaram a colocar o p\u00e9 na estrada em busca de votos para a reelei\u00e7\u00e3o. Na C\u00e2mara do Deputados, esse \u2018\u2019esfor\u00e7o\u2019\u2019 s\u00f3 n\u00e3o foi um fracasso total porque os deputados conseguiram [&hellip;]\" \/>\n<meta property=\"og:url\" content=\"https:\/\/www.notibras.com\/site\/parlamentares-visitam-brasilia-e-voltam-a-colocar-o-pe-na-estrada\/\" \/>\n<meta property=\"og:site_name\" content=\"Notibras\" \/>\n<meta property=\"article:publisher\" content=\"https:\/\/www.facebook.com\/notibras\/\" \/>\n<meta property=\"article:published_time\" content=\"2014-08-07T21:41:21+00:00\" \/>\n<meta property=\"og:image\" content=\"https:\/\/www.notibras.com\/site\/wp-content\/uploads\/2014\/08\/congresso-nacional-vazio.jpg\" \/>\n\t<meta property=\"og:image:width\" content=\"620\" \/>\n\t<meta property=\"og:image:height\" content=\"369\" \/>\n\t<meta property=\"og:image:type\" content=\"image\/jpeg\" \/>\n<meta name=\"author\" content=\"Reda\u00e7\u00e3o\" \/>\n<meta name=\"twitter:card\" content=\"summary_large_image\" \/>\n<meta name=\"twitter:creator\" content=\"@Notibras\" \/>\n<meta name=\"twitter:site\" content=\"@Notibras\" \/>\n<meta name=\"twitter:label1\" content=\"Escrito por\" \/>\n\t<meta name=\"twitter:data1\" content=\"Reda\u00e7\u00e3o\" \/>\n\t<meta name=\"twitter:label2\" content=\"Est. tempo de leitura\" \/>\n\t<meta name=\"twitter:data2\" content=\"2 minutos\" \/>\n<script type=\"application\/ld+json\" class=\"yoast-schema-graph\">{\"@context\":\"https:\\\/\\\/schema.org\",\"@graph\":[{\"@type\":\"Article\",\"@id\":\"https:\\\/\\\/www.notibras.com\\\/site\\\/parlamentares-visitam-brasilia-e-voltam-a-colocar-o-pe-na-estrada\\\/#article\",\"isPartOf\":{\"@id\":\"https:\\\/\\\/www.notibras.com\\\/site\\\/parlamentares-visitam-brasilia-e-voltam-a-colocar-o-pe-na-estrada\\\/\"},\"author\":{\"name\":\"Reda\u00e7\u00e3o\",\"@id\":\"https:\\\/\\\/www.notibras.com\\\/site\\\/#\\\/schema\\\/person\\\/36ab0979449956132d3e5b517ea76ac8\"},\"headline\":\"Parlamentares &#8216;visitam&#8217; Bras\u00edlia e voltam a colocar o p\u00e9 na estrada\",\"datePublished\":\"2014-08-07T21:41:21+00:00\",\"mainEntityOfPage\":{\"@id\":\"https:\\\/\\\/www.notibras.com\\\/site\\\/parlamentares-visitam-brasilia-e-voltam-a-colocar-o-pe-na-estrada\\\/\"},\"wordCount\":441,\"commentCount\":0,\"publisher\":{\"@id\":\"https:\\\/\\\/www.notibras.com\\\/site\\\/#organization\"},\"image\":{\"@id\":\"https:\\\/\\\/www.notibras.com\\\/site\\\/parlamentares-visitam-brasilia-e-voltam-a-colocar-o-pe-na-estrada\\\/#primaryimage\"},\"thumbnailUrl\":\"https:\\\/\\\/www.notibras.com\\\/site\\\/wp-content\\\/uploads\\\/2014\\\/08\\\/congresso-nacional-vazio.jpg\",\"articleSection\":[\"Opina a\u00ed\"],\"inLanguage\":\"pt-BR\",\"potentialAction\":[{\"@type\":\"CommentAction\",\"name\":\"Comment\",\"target\":[\"https:\\\/\\\/www.notibras.com\\\/site\\\/parlamentares-visitam-brasilia-e-voltam-a-colocar-o-pe-na-estrada\\\/#respond\"]}]},{\"@type\":\"WebPage\",\"@id\":\"https:\\\/\\\/www.notibras.com\\\/site\\\/parlamentares-visitam-brasilia-e-voltam-a-colocar-o-pe-na-estrada\\\/\",\"url\":\"https:\\\/\\\/www.notibras.com\\\/site\\\/parlamentares-visitam-brasilia-e-voltam-a-colocar-o-pe-na-estrada\\\/\",\"name\":\"Parlamentares 'visitam' Bras\u00edlia e voltam a colocar o p\u00e9 na estrada - Notibras\",\"isPartOf\":{\"@id\":\"https:\\\/\\\/www.notibras.com\\\/site\\\/#website\"},\"primaryImageOfPage\":{\"@id\":\"https:\\\/\\\/www.notibras.com\\\/site\\\/parlamentares-visitam-brasilia-e-voltam-a-colocar-o-pe-na-estrada\\\/#primaryimage\"},\"image\":{\"@id\":\"https:\\\/\\\/www.notibras.com\\\/site\\\/parlamentares-visitam-brasilia-e-voltam-a-colocar-o-pe-na-estrada\\\/#primaryimage\"},\"thumbnailUrl\":\"https:\\\/\\\/www.notibras.com\\\/site\\\/wp-content\\\/uploads\\\/2014\\\/08\\\/congresso-nacional-vazio.jpg\",\"datePublished\":\"2014-08-07T21:41:21+00:00\",\"breadcrumb\":{\"@id\":\"https:\\\/\\\/www.notibras.com\\\/site\\\/parlamentares-visitam-brasilia-e-voltam-a-colocar-o-pe-na-estrada\\\/#breadcrumb\"},\"inLanguage\":\"pt-BR\",\"potentialAction\":[{\"@type\":\"ReadAction\",\"target\":[\"https:\\\/\\\/www.notibras.com\\\/site\\\/parlamentares-visitam-brasilia-e-voltam-a-colocar-o-pe-na-estrada\\\/\"]}]},{\"@type\":\"ImageObject\",\"inLanguage\":\"pt-BR\",\"@id\":\"https:\\\/\\\/www.notibras.com\\\/site\\\/parlamentares-visitam-brasilia-e-voltam-a-colocar-o-pe-na-estrada\\\/#primaryimage\",\"url\":\"https:\\\/\\\/www.notibras.com\\\/site\\\/wp-content\\\/uploads\\\/2014\\\/08\\\/congresso-nacional-vazio.jpg\",\"contentUrl\":\"https:\\\/\\\/www.notibras.com\\\/site\\\/wp-content\\\/uploads\\\/2014\\\/08\\\/congresso-nacional-vazio.jpg\",\"width\":620,\"height\":369},{\"@type\":\"BreadcrumbList\",\"@id\":\"https:\\\/\\\/www.notibras.com\\\/site\\\/parlamentares-visitam-brasilia-e-voltam-a-colocar-o-pe-na-estrada\\\/#breadcrumb\",\"itemListElement\":[{\"@type\":\"ListItem\",\"position\":1,\"name\":\"In\u00edcio\",\"item\":\"https:\\\/\\\/www.notibras.com\\\/site\\\/\"},{\"@type\":\"ListItem\",\"position\":2,\"name\":\"Parlamentares &#8216;visitam&#8217; Bras\u00edlia e voltam a colocar o p\u00e9 na estrada\"}]},{\"@type\":\"WebSite\",\"@id\":\"https:\\\/\\\/www.notibras.com\\\/site\\\/#website\",\"url\":\"https:\\\/\\\/www.notibras.com\\\/site\\\/\",\"name\":\"Notibras\",\"description\":\"Not\u00edcias de Bras\u00edlia, do Brasil e do Mundo\",\"publisher\":{\"@id\":\"https:\\\/\\\/www.notibras.com\\\/site\\\/#organization\"},\"potentialAction\":[{\"@type\":\"SearchAction\",\"target\":{\"@type\":\"EntryPoint\",\"urlTemplate\":\"https:\\\/\\\/www.notibras.com\\\/site\\\/?s={search_term_string}\"},\"query-input\":{\"@type\":\"PropertyValueSpecification\",\"valueRequired\":true,\"valueName\":\"search_term_string\"}}],\"inLanguage\":\"pt-BR\"},{\"@type\":\"Organization\",\"@id\":\"https:\\\/\\\/www.notibras.com\\\/site\\\/#organization\",\"name\":\"Grupo Notibras de Comunica\u00e7\u00e3o\",\"url\":\"https:\\\/\\\/www.notibras.com\\\/site\\\/\",\"logo\":{\"@type\":\"ImageObject\",\"inLanguage\":\"pt-BR\",\"@id\":\"https:\\\/\\\/www.notibras.com\\\/site\\\/#\\\/schema\\\/logo\\\/image\\\/\",\"url\":\"https:\\\/\\\/www.notibras.com\\\/site\\\/wp-content\\\/uploads\\\/2023\\\/01\\\/notibras23.png\",\"contentUrl\":\"https:\\\/\\\/www.notibras.com\\\/site\\\/wp-content\\\/uploads\\\/2023\\\/01\\\/notibras23.png\",\"width\":350,\"height\":87,\"caption\":\"Grupo Notibras de Comunica\u00e7\u00e3o\"},\"image\":{\"@id\":\"https:\\\/\\\/www.notibras.com\\\/site\\\/#\\\/schema\\\/logo\\\/image\\\/\"},\"sameAs\":[\"https:\\\/\\\/www.facebook.com\\\/notibras\\\/\",\"https:\\\/\\\/x.com\\\/Notibras\",\"https:\\\/\\\/www.instagram.com\\\/notibras\\\/\"]},{\"@type\":\"Person\",\"@id\":\"https:\\\/\\\/www.notibras.com\\\/site\\\/#\\\/schema\\\/person\\\/36ab0979449956132d3e5b517ea76ac8\",\"name\":\"Reda\u00e7\u00e3o\",\"image\":{\"@type\":\"ImageObject\",\"inLanguage\":\"pt-BR\",\"@id\":\"https:\\\/\\\/secure.gravatar.com\\\/avatar\\\/e0a867bdedb85fd243eadf09663511f96fc81e0720a4a42581f334ad4303aa6b?s=96&d=mm&r=g\",\"url\":\"https:\\\/\\\/secure.gravatar.com\\\/avatar\\\/e0a867bdedb85fd243eadf09663511f96fc81e0720a4a42581f334ad4303aa6b?s=96&d=mm&r=g\",\"contentUrl\":\"https:\\\/\\\/secure.gravatar.com\\\/avatar\\\/e0a867bdedb85fd243eadf09663511f96fc81e0720a4a42581f334ad4303aa6b?s=96&d=mm&r=g\",\"caption\":\"Reda\u00e7\u00e3o\"}}]}<\/script>\n<!-- \/ Yoast SEO plugin. -->","yoast_head_json":{"title":"Parlamentares 'visitam' Bras\u00edlia e voltam a colocar o p\u00e9 na estrada - Notibras","robots":{"index":"index","follow":"follow","max-snippet":"max-snippet:-1","max-image-preview":"max-image-preview:large","max-video-preview":"max-video-preview:-1"},"canonical":"https:\/\/www.notibras.com\/site\/parlamentares-visitam-brasilia-e-voltam-a-colocar-o-pe-na-estrada\/","og_locale":"pt_BR","og_type":"article","og_title":"Parlamentares 'visitam' Bras\u00edlia e voltam a colocar o p\u00e9 na estrada - Notibras","og_description":"Senadores e deputados retornaram a Bras\u00edlia para participarem do \u2018\u2019esfor\u00e7o concentrado\u2018\u2019 marcado para as \u00faltimas ter\u00e7a\u00a0 e quarta-feira. Mas j\u00e1 na quarta \u2013feira, \u00e0 noite, voltaram a colocar o p\u00e9 na estrada em busca de votos para a reelei\u00e7\u00e3o. Na C\u00e2mara do Deputados, esse \u2018\u2019esfor\u00e7o\u2019\u2019 s\u00f3 n\u00e3o foi um fracasso total porque os deputados conseguiram [&hellip;]","og_url":"https:\/\/www.notibras.com\/site\/parlamentares-visitam-brasilia-e-voltam-a-colocar-o-pe-na-estrada\/","og_site_name":"Notibras","article_publisher":"https:\/\/www.facebook.com\/notibras\/","article_published_time":"2014-08-07T21:41:21+00:00","og_image":[{"width":620,"height":369,"url":"https:\/\/www.notibras.com\/site\/wp-content\/uploads\/2014\/08\/congresso-nacional-vazio.jpg","type":"image\/jpeg"}],"author":"Reda\u00e7\u00e3o","twitter_card":"summary_large_image","twitter_creator":"@Notibras","twitter_site":"@Notibras","twitter_misc":{"Escrito por":"Reda\u00e7\u00e3o","Est. tempo de leitura":"2 minutos"},"schema":{"@context":"https:\/\/schema.org","@graph":[{"@type":"Article","@id":"https:\/\/www.notibras.com\/site\/parlamentares-visitam-brasilia-e-voltam-a-colocar-o-pe-na-estrada\/#article","isPartOf":{"@id":"https:\/\/www.notibras.com\/site\/parlamentares-visitam-brasilia-e-voltam-a-colocar-o-pe-na-estrada\/"},"author":{"name":"Reda\u00e7\u00e3o","@id":"https:\/\/www.notibras.com\/site\/#\/schema\/person\/36ab0979449956132d3e5b517ea76ac8"},"headline":"Parlamentares &#8216;visitam&#8217; Bras\u00edlia e voltam a colocar o p\u00e9 na estrada","datePublished":"2014-08-07T21:41:21+00:00","mainEntityOfPage":{"@id":"https:\/\/www.notibras.com\/site\/parlamentares-visitam-brasilia-e-voltam-a-colocar-o-pe-na-estrada\/"},"wordCount":441,"commentCount":0,"publisher":{"@id":"https:\/\/www.notibras.com\/site\/#organization"},"image":{"@id":"https:\/\/www.notibras.com\/site\/parlamentares-visitam-brasilia-e-voltam-a-colocar-o-pe-na-estrada\/#primaryimage"},"thumbnailUrl":"https:\/\/www.notibras.com\/site\/wp-content\/uploads\/2014\/08\/congresso-nacional-vazio.jpg","articleSection":["Opina a\u00ed"],"inLanguage":"pt-BR","potentialAction":[{"@type":"CommentAction","name":"Comment","target":["https:\/\/www.notibras.com\/site\/parlamentares-visitam-brasilia-e-voltam-a-colocar-o-pe-na-estrada\/#respond"]}]},{"@type":"WebPage","@id":"https:\/\/www.notibras.com\/site\/parlamentares-visitam-brasilia-e-voltam-a-colocar-o-pe-na-estrada\/","url":"https:\/\/www.notibras.com\/site\/parlamentares-visitam-brasilia-e-voltam-a-colocar-o-pe-na-estrada\/","name":"Parlamentares 'visitam' Bras\u00edlia e voltam a colocar o p\u00e9 na estrada - Notibras","isPartOf":{"@id":"https:\/\/www.notibras.com\/site\/#website"},"primaryImageOfPage":{"@id":"https:\/\/www.notibras.com\/site\/parlamentares-visitam-brasilia-e-voltam-a-colocar-o-pe-na-estrada\/#primaryimage"},"image":{"@id":"https:\/\/www.notibras.com\/site\/parlamentares-visitam-brasilia-e-voltam-a-colocar-o-pe-na-estrada\/#primaryimage"},"thumbnailUrl":"https:\/\/www.notibras.com\/site\/wp-content\/uploads\/2014\/08\/congresso-nacional-vazio.jpg","datePublished":"2014-08-07T21:41:21+00:00","breadcrumb":{"@id":"https:\/\/www.notibras.com\/site\/parlamentares-visitam-brasilia-e-voltam-a-colocar-o-pe-na-estrada\/#breadcrumb"},"inLanguage":"pt-BR","potentialAction":[{"@type":"ReadAction","target":["https:\/\/www.notibras.com\/site\/parlamentares-visitam-brasilia-e-voltam-a-colocar-o-pe-na-estrada\/"]}]},{"@type":"ImageObject","inLanguage":"pt-BR","@id":"https:\/\/www.notibras.com\/site\/parlamentares-visitam-brasilia-e-voltam-a-colocar-o-pe-na-estrada\/#primaryimage","url":"https:\/\/www.notibras.com\/site\/wp-content\/uploads\/2014\/08\/congresso-nacional-vazio.jpg","contentUrl":"https:\/\/www.notibras.com\/site\/wp-content\/uploads\/2014\/08\/congresso-nacional-vazio.jpg","width":620,"height":369},{"@type":"BreadcrumbList","@id":"https:\/\/www.notibras.com\/site\/parlamentares-visitam-brasilia-e-voltam-a-colocar-o-pe-na-estrada\/#breadcrumb","itemListElement":[{"@type":"ListItem","position":1,"name":"In\u00edcio","item":"https:\/\/www.notibras.com\/site\/"},{"@type":"ListItem","position":2,"name":"Parlamentares &#8216;visitam&#8217; Bras\u00edlia e voltam a colocar o p\u00e9 na estrada"}]},{"@type":"WebSite","@id":"https:\/\/www.notibras.com\/site\/#website","url":"https:\/\/www.notibras.com\/site\/","name":"Notibras","description":"Not\u00edcias de Bras\u00edlia, do Brasil e do Mundo","publisher":{"@id":"https:\/\/www.notibras.com\/site\/#organization"},"potentialAction":[{"@type":"SearchAction","target":{"@type":"EntryPoint","urlTemplate":"https:\/\/www.notibras.com\/site\/?s={search_term_string}"},"query-input":{"@type":"PropertyValueSpecification","valueRequired":true,"valueName":"search_term_string"}}],"inLanguage":"pt-BR"},{"@type":"Organization","@id":"https:\/\/www.notibras.com\/site\/#organization","name":"Grupo Notibras de Comunica\u00e7\u00e3o","url":"https:\/\/www.notibras.com\/site\/","logo":{"@type":"ImageObject","inLanguage":"pt-BR","@id":"https:\/\/www.notibras.com\/site\/#\/schema\/logo\/image\/","url":"https:\/\/www.notibras.com\/site\/wp-content\/uploads\/2023\/01\/notibras23.png","contentUrl":"https:\/\/www.notibras.com\/site\/wp-content\/uploads\/2023\/01\/notibras23.png","width":350,"height":87,"caption":"Grupo Notibras de Comunica\u00e7\u00e3o"},"image":{"@id":"https:\/\/www.notibras.com\/site\/#\/schema\/logo\/image\/"},"sameAs":["https:\/\/www.facebook.com\/notibras\/","https:\/\/x.com\/Notibras","https:\/\/www.instagram.com\/notibras\/"]},{"@type":"Person","@id":"https:\/\/www.notibras.com\/site\/#\/schema\/person\/36ab0979449956132d3e5b517ea76ac8","name":"Reda\u00e7\u00e3o","image":{"@type":"ImageObject","inLanguage":"pt-BR","@id":"https:\/\/secure.gravatar.com\/avatar\/e0a867bdedb85fd243eadf09663511f96fc81e0720a4a42581f334ad4303aa6b?s=96&d=mm&r=g","url":"https:\/\/secure.gravatar.com\/avatar\/e0a867bdedb85fd243eadf09663511f96fc81e0720a4a42581f334ad4303aa6b?s=96&d=mm&r=g","contentUrl":"https:\/\/secure.gravatar.com\/avatar\/e0a867bdedb85fd243eadf09663511f96fc81e0720a4a42581f334ad4303aa6b?s=96&d=mm&r=g","caption":"Reda\u00e7\u00e3o"}}]}},"amp_enabled":true,"_links":{"self":[{"href":"https:\/\/www.notibras.com\/site\/wp-json\/wp\/v2\/posts\/18850","targetHints":{"allow":["GET"]}}],"collection":[{"href":"https:\/\/www.notibras.com\/site\/wp-json\/wp\/v2\/posts"}],"about":[{"href":"https:\/\/www.notibras.com\/site\/wp-json\/wp\/v2\/types\/post"}],"author":[{"embeddable":true,"href":"https:\/\/www.notibras.com\/site\/wp-json\/wp\/v2\/users\/2"}],"replies":[{"embeddable":true,"href":"https:\/\/www.notibras.com\/site\/wp-json\/wp\/v2\/comments?post=18850"}],"version-history":[{"count":0,"href":"https:\/\/www.notibras.com\/site\/wp-json\/wp\/v2\/posts\/18850\/revisions"}],"wp:featuredmedia":[{"embeddable":true,"href":"https:\/\/www.notibras.com\/site\/wp-json\/wp\/v2\/media\/18851"}],"wp:attachment":[{"href":"https:\/\/www.notibras.com\/site\/wp-json\/wp\/v2\/media?parent=18850"}],"wp:term":[{"taxonomy":"category","embeddable":true,"href":"https:\/\/www.notibras.com\/site\/wp-json\/wp\/v2\/categories?post=18850"},{"taxonomy":"post_tag","embeddable":true,"href":"https:\/\/www.notibras.com\/site\/wp-json\/wp\/v2\/tags?post=18850"}],"curies":[{"name":"wp","href":"https:\/\/api.w.org\/{rel}","templated":true}]}}