{"id":188662,"date":"2018-08-18T10:17:38","date_gmt":"2018-08-18T13:17:38","guid":{"rendered":"https:\/\/www.notibras.com\/site\/?p=188662"},"modified":"2018-08-18T19:19:12","modified_gmt":"2018-08-18T22:19:12","slug":"ex-escrava-sexual-do-e-i-reconhece-algoz-em-supermercado","status":"publish","type":"post","link":"https:\/\/www.notibras.com\/site\/ex-escrava-sexual-do-e-i-reconhece-algoz-em-supermercado\/","title":{"rendered":"Ex-escrava sexual do E.I. reconhece algoz em supermercado"},"content":{"rendered":"<p>A yazidi Ashwaq Haji assegura ter cruzado em fevereiro, em um supermercado da Alemanha, com o extremista que a manteve como escrava sexual no Iraque, para onde retornou e vive amedrontada. O grupo Estado Isl\u00e2mico (EI) sequestrou, assassinou e usou como escravas sexuais milhares de mulheres da minoria yazidi do Iraque quando se apoderou de um ter\u00e7o do pa\u00eds em 2014, sobretudo da p\u00e1tria dos yazidis no Monte Sinjar (noroeste).<\/p>\n<p>Ashwaq Haji foi raptada em 3 de agosto de 2014. Em 22 de outubro daquele ano, conseguiu fugir da casa de um extremista iraquiano chamado Abu Humam. Esse homem a comprou &#8220;por US$ 100&#8221;, contou ela \u00e0 AFP durante uma visita ao santu\u00e1rio yazidi de Lalish, a 60 quil\u00f4metros da cidade de Mossul, no norte do Iraque.<\/p>\n<p>Junto com ela, centenas de pessoas lembram de um dos massacres ocorridos contra essa minoria de l\u00edngua curda e adepta de uma religi\u00e3o esot\u00e9rica monote\u00edsta.<\/p>\n<p>A m\u00e3e e o irm\u00e3o mais novo de Ashwaq tamb\u00e9m estiveram em cativeiro por um tempo. Em 2015, os tr\u00eas se instalaram em Schwabisch Gmund, localidade a 50 km de Stuttgart, sendo acolhidos por um programa do governo alem\u00e3o para os refugiados iraquianos. O pai, Haji Hamid, de 53 anos, ficou no Iraque.<\/p>\n<p>Em Schwabisch Gmund, Ashwaq conta que estudava alem\u00e3o e queria encontrar um trabalho at\u00e9 que, em 21 de fevereiro, viu em um supermercado um homem descer de um carro e cham\u00e1-la pelo nome.<\/p>\n<p>&#8220;Me disse que era Abu Humam, disse a ele que n\u00e3o o conhecia, e come\u00e7ou a falar comigo em \u00e1rabe&#8221;, assegura \u00e0 France-Presse a jovem vestida de preto, em sinal de luto por seus cinco irm\u00e3os e sua irm\u00e3 desaparecidos desde que foram sequestrados pelos extremistas.<\/p>\n<p>&#8220;Me disse: &#8216;n\u00e3o minta para mim, sei muito bem que voc\u00ea \u00e9 Ashwaq e que mora na Alemanha com sua m\u00e3e e seu irm\u00e3o&#8217;, sabia inclusive o meu endere\u00e7o e outros detalhes de nossa vida&#8221; no pa\u00eds.<\/p>\n<p>Imediatamente, a jovem entrou em contato com a pol\u00edcia local. &#8220;Me disseram que era um refugiado como eu na Alemanha e me deram um n\u00famero de telefone para ligar se ele se metesse comigo&#8221;, acrescentou.<\/p>\n<p>A pol\u00edcia judicial de Baden-Wurtemberg afirmou recentemente no Twitter ter &#8220;aberto uma investiga\u00e7\u00e3o em 13 de mar\u00e7o de 2018&#8221;, mas acrescentou que as investiga\u00e7\u00f5es n\u00e3o podem &#8220;continuar por enquanto porque a testemunha (Ashwaq) n\u00e3o havia sido localizada para responder algumas perguntas&#8221;.<\/p>\n<p>A Promotoria federal &#8220;estudou o caso&#8221;, confirmou um porta-voz \u00e0 France-Presse. &#8220;Mas, por enquanto, diante dos elementos de prova dispon\u00edveis, n\u00e3o pudemos identificar com certeza suficiente o suposto autor&#8221;.<\/p>\n<p>A Promotoria alem\u00e3 abriu investiga\u00e7\u00f5es por terrorismo, crimes contra a humanidade e crimes de guerra contra refugiados ou solicitantes de ref\u00fagio suspeitos de estarem envolvidos em a\u00e7\u00f5es cometidas por grupos extremistas em Iraque, S\u00edria ou Afeganist\u00e3o. Baseiam-se em mensagens publicadas pelos pr\u00f3prios investigados nas redes sociais e em depoimentos de refugiados.<\/p>\n","protected":false},"excerpt":{"rendered":"<p>A yazidi Ashwaq Haji assegura ter cruzado em fevereiro, em um supermercado da Alemanha, com o extremista que a manteve como escrava sexual no Iraque, para onde retornou e vive amedrontada. O grupo Estado Isl\u00e2mico (EI) sequestrou, assassinou e usou como escravas sexuais milhares de mulheres da minoria yazidi do Iraque quando se apoderou de [&hellip;]<\/p>\n","protected":false},"author":2,"featured_media":188663,"comment_status":"closed","ping_status":"closed","sticky":false,"template":"","format":"standard","meta":{"_acf_changed":false,"footnotes":""},"categories":[17],"tags":[],"class_list":["post-188662","post","type-post","status-publish","format-standard","has-post-thumbnail","hentry","category-mundo"],"acf":[],"yoast_head":"<!-- This site is optimized with the Yoast SEO plugin v27.2 - https:\/\/yoast.com\/product\/yoast-seo-wordpress\/ -->\n<title>Ex-escrava sexual do E.I. reconhece algoz em supermercado - Notibras<\/title>\n<meta name=\"robots\" content=\"index, follow, max-snippet:-1, max-image-preview:large, max-video-preview:-1\" \/>\n<link rel=\"canonical\" href=\"https:\/\/www.notibras.com\/site\/ex-escrava-sexual-do-e-i-reconhece-algoz-em-supermercado\/\" \/>\n<meta property=\"og:locale\" content=\"pt_BR\" \/>\n<meta property=\"og:type\" content=\"article\" \/>\n<meta property=\"og:title\" content=\"Ex-escrava sexual do E.I. reconhece algoz em supermercado - Notibras\" \/>\n<meta property=\"og:description\" content=\"A yazidi Ashwaq Haji assegura ter cruzado em fevereiro, em um supermercado da Alemanha, com o extremista que a manteve como escrava sexual no Iraque, para onde retornou e vive amedrontada. O grupo Estado Isl\u00e2mico (EI) sequestrou, assassinou e usou como escravas sexuais milhares de mulheres da minoria yazidi do Iraque quando se apoderou de [&hellip;]\" \/>\n<meta property=\"og:url\" content=\"https:\/\/www.notibras.com\/site\/ex-escrava-sexual-do-e-i-reconhece-algoz-em-supermercado\/\" \/>\n<meta property=\"og:site_name\" content=\"Notibras\" \/>\n<meta property=\"article:publisher\" content=\"https:\/\/www.facebook.com\/notibras\/\" \/>\n<meta property=\"article:published_time\" content=\"2018-08-18T13:17:38+00:00\" \/>\n<meta property=\"article:modified_time\" content=\"2018-08-18T22:19:12+00:00\" \/>\n<meta property=\"og:image\" content=\"https:\/\/www.notibras.com\/site\/wp-content\/uploads\/2018\/08\/ex-escrava-sexual.jpg\" \/>\n\t<meta property=\"og:image:width\" content=\"932\" \/>\n\t<meta property=\"og:image:height\" content=\"1398\" \/>\n\t<meta property=\"og:image:type\" content=\"image\/jpeg\" \/>\n<meta name=\"author\" content=\"Reda\u00e7\u00e3o\" \/>\n<meta name=\"twitter:card\" content=\"summary_large_image\" \/>\n<meta name=\"twitter:creator\" content=\"@Notibras\" \/>\n<meta name=\"twitter:site\" content=\"@Notibras\" \/>\n<meta name=\"twitter:label1\" content=\"Escrito por\" \/>\n\t<meta name=\"twitter:data1\" content=\"Reda\u00e7\u00e3o\" \/>\n\t<meta name=\"twitter:label2\" content=\"Est. tempo de leitura\" \/>\n\t<meta name=\"twitter:data2\" content=\"3 minutos\" \/>\n<script type=\"application\/ld+json\" class=\"yoast-schema-graph\">{\"@context\":\"https:\/\/schema.org\",\"@graph\":[{\"@type\":\"Article\",\"@id\":\"https:\/\/www.notibras.com\/site\/ex-escrava-sexual-do-e-i-reconhece-algoz-em-supermercado\/#article\",\"isPartOf\":{\"@id\":\"https:\/\/www.notibras.com\/site\/ex-escrava-sexual-do-e-i-reconhece-algoz-em-supermercado\/\"},\"author\":{\"name\":\"Reda\u00e7\u00e3o\",\"@id\":\"https:\/\/www.notibras.com\/site\/#\/schema\/person\/36ab0979449956132d3e5b517ea76ac8\"},\"headline\":\"Ex-escrava sexual do E.I. reconhece algoz em supermercado\",\"datePublished\":\"2018-08-18T13:17:38+00:00\",\"dateModified\":\"2018-08-18T22:19:12+00:00\",\"mainEntityOfPage\":{\"@id\":\"https:\/\/www.notibras.com\/site\/ex-escrava-sexual-do-e-i-reconhece-algoz-em-supermercado\/\"},\"wordCount\":511,\"publisher\":{\"@id\":\"https:\/\/www.notibras.com\/site\/#organization\"},\"image\":{\"@id\":\"https:\/\/www.notibras.com\/site\/ex-escrava-sexual-do-e-i-reconhece-algoz-em-supermercado\/#primaryimage\"},\"thumbnailUrl\":\"https:\/\/www.notibras.com\/site\/wp-content\/uploads\/2018\/08\/ex-escrava-sexual.jpg\",\"articleSection\":[\"Mundo\"],\"inLanguage\":\"pt-BR\"},{\"@type\":\"WebPage\",\"@id\":\"https:\/\/www.notibras.com\/site\/ex-escrava-sexual-do-e-i-reconhece-algoz-em-supermercado\/\",\"url\":\"https:\/\/www.notibras.com\/site\/ex-escrava-sexual-do-e-i-reconhece-algoz-em-supermercado\/\",\"name\":\"Ex-escrava sexual do E.I. reconhece algoz em supermercado - Notibras\",\"isPartOf\":{\"@id\":\"https:\/\/www.notibras.com\/site\/#website\"},\"primaryImageOfPage\":{\"@id\":\"https:\/\/www.notibras.com\/site\/ex-escrava-sexual-do-e-i-reconhece-algoz-em-supermercado\/#primaryimage\"},\"image\":{\"@id\":\"https:\/\/www.notibras.com\/site\/ex-escrava-sexual-do-e-i-reconhece-algoz-em-supermercado\/#primaryimage\"},\"thumbnailUrl\":\"https:\/\/www.notibras.com\/site\/wp-content\/uploads\/2018\/08\/ex-escrava-sexual.jpg\",\"datePublished\":\"2018-08-18T13:17:38+00:00\",\"dateModified\":\"2018-08-18T22:19:12+00:00\",\"breadcrumb\":{\"@id\":\"https:\/\/www.notibras.com\/site\/ex-escrava-sexual-do-e-i-reconhece-algoz-em-supermercado\/#breadcrumb\"},\"inLanguage\":\"pt-BR\",\"potentialAction\":[{\"@type\":\"ReadAction\",\"target\":[\"https:\/\/www.notibras.com\/site\/ex-escrava-sexual-do-e-i-reconhece-algoz-em-supermercado\/\"]}]},{\"@type\":\"ImageObject\",\"inLanguage\":\"pt-BR\",\"@id\":\"https:\/\/www.notibras.com\/site\/ex-escrava-sexual-do-e-i-reconhece-algoz-em-supermercado\/#primaryimage\",\"url\":\"https:\/\/www.notibras.com\/site\/wp-content\/uploads\/2018\/08\/ex-escrava-sexual.jpg\",\"contentUrl\":\"https:\/\/www.notibras.com\/site\/wp-content\/uploads\/2018\/08\/ex-escrava-sexual.jpg\",\"width\":932,\"height\":1398,\"caption\":\"Foto\/AP\"},{\"@type\":\"BreadcrumbList\",\"@id\":\"https:\/\/www.notibras.com\/site\/ex-escrava-sexual-do-e-i-reconhece-algoz-em-supermercado\/#breadcrumb\",\"itemListElement\":[{\"@type\":\"ListItem\",\"position\":1,\"name\":\"In\u00edcio\",\"item\":\"https:\/\/www.notibras.com\/site\/\"},{\"@type\":\"ListItem\",\"position\":2,\"name\":\"Ex-escrava sexual do E.I. reconhece algoz em supermercado\"}]},{\"@type\":\"WebSite\",\"@id\":\"https:\/\/www.notibras.com\/site\/#website\",\"url\":\"https:\/\/www.notibras.com\/site\/\",\"name\":\"Notibras\",\"description\":\"Not\u00edcias de Bras\u00edlia, do Brasil e do Mundo\",\"publisher\":{\"@id\":\"https:\/\/www.notibras.com\/site\/#organization\"},\"potentialAction\":[{\"@type\":\"SearchAction\",\"target\":{\"@type\":\"EntryPoint\",\"urlTemplate\":\"https:\/\/www.notibras.com\/site\/?s={search_term_string}\"},\"query-input\":{\"@type\":\"PropertyValueSpecification\",\"valueRequired\":true,\"valueName\":\"search_term_string\"}}],\"inLanguage\":\"pt-BR\"},{\"@type\":\"Organization\",\"@id\":\"https:\/\/www.notibras.com\/site\/#organization\",\"name\":\"Grupo Notibras de Comunica\u00e7\u00e3o\",\"url\":\"https:\/\/www.notibras.com\/site\/\",\"logo\":{\"@type\":\"ImageObject\",\"inLanguage\":\"pt-BR\",\"@id\":\"https:\/\/www.notibras.com\/site\/#\/schema\/logo\/image\/\",\"url\":\"https:\/\/www.notibras.com\/site\/wp-content\/uploads\/2023\/01\/notibras23.png\",\"contentUrl\":\"https:\/\/www.notibras.com\/site\/wp-content\/uploads\/2023\/01\/notibras23.png\",\"width\":350,\"height\":87,\"caption\":\"Grupo Notibras de Comunica\u00e7\u00e3o\"},\"image\":{\"@id\":\"https:\/\/www.notibras.com\/site\/#\/schema\/logo\/image\/\"},\"sameAs\":[\"https:\/\/www.facebook.com\/notibras\/\",\"https:\/\/x.com\/Notibras\",\"https:\/\/www.instagram.com\/notibras\/\"]},{\"@type\":\"Person\",\"@id\":\"https:\/\/www.notibras.com\/site\/#\/schema\/person\/36ab0979449956132d3e5b517ea76ac8\",\"name\":\"Reda\u00e7\u00e3o\",\"image\":{\"@type\":\"ImageObject\",\"inLanguage\":\"pt-BR\",\"@id\":\"https:\/\/secure.gravatar.com\/avatar\/e0a867bdedb85fd243eadf09663511f96fc81e0720a4a42581f334ad4303aa6b?s=96&d=mm&r=g\",\"url\":\"https:\/\/secure.gravatar.com\/avatar\/e0a867bdedb85fd243eadf09663511f96fc81e0720a4a42581f334ad4303aa6b?s=96&d=mm&r=g\",\"contentUrl\":\"https:\/\/secure.gravatar.com\/avatar\/e0a867bdedb85fd243eadf09663511f96fc81e0720a4a42581f334ad4303aa6b?s=96&d=mm&r=g\",\"caption\":\"Reda\u00e7\u00e3o\"}}]}<\/script>\n<!-- \/ Yoast SEO plugin. -->","yoast_head_json":{"title":"Ex-escrava sexual do E.I. reconhece algoz em supermercado - Notibras","robots":{"index":"index","follow":"follow","max-snippet":"max-snippet:-1","max-image-preview":"max-image-preview:large","max-video-preview":"max-video-preview:-1"},"canonical":"https:\/\/www.notibras.com\/site\/ex-escrava-sexual-do-e-i-reconhece-algoz-em-supermercado\/","og_locale":"pt_BR","og_type":"article","og_title":"Ex-escrava sexual do E.I. reconhece algoz em supermercado - Notibras","og_description":"A yazidi Ashwaq Haji assegura ter cruzado em fevereiro, em um supermercado da Alemanha, com o extremista que a manteve como escrava sexual no Iraque, para onde retornou e vive amedrontada. O grupo Estado Isl\u00e2mico (EI) sequestrou, assassinou e usou como escravas sexuais milhares de mulheres da minoria yazidi do Iraque quando se apoderou de [&hellip;]","og_url":"https:\/\/www.notibras.com\/site\/ex-escrava-sexual-do-e-i-reconhece-algoz-em-supermercado\/","og_site_name":"Notibras","article_publisher":"https:\/\/www.facebook.com\/notibras\/","article_published_time":"2018-08-18T13:17:38+00:00","article_modified_time":"2018-08-18T22:19:12+00:00","og_image":[{"width":932,"height":1398,"url":"https:\/\/www.notibras.com\/site\/wp-content\/uploads\/2018\/08\/ex-escrava-sexual.jpg","type":"image\/jpeg"}],"author":"Reda\u00e7\u00e3o","twitter_card":"summary_large_image","twitter_creator":"@Notibras","twitter_site":"@Notibras","twitter_misc":{"Escrito por":"Reda\u00e7\u00e3o","Est. tempo de leitura":"3 minutos"},"schema":{"@context":"https:\/\/schema.org","@graph":[{"@type":"Article","@id":"https:\/\/www.notibras.com\/site\/ex-escrava-sexual-do-e-i-reconhece-algoz-em-supermercado\/#article","isPartOf":{"@id":"https:\/\/www.notibras.com\/site\/ex-escrava-sexual-do-e-i-reconhece-algoz-em-supermercado\/"},"author":{"name":"Reda\u00e7\u00e3o","@id":"https:\/\/www.notibras.com\/site\/#\/schema\/person\/36ab0979449956132d3e5b517ea76ac8"},"headline":"Ex-escrava sexual do E.I. reconhece algoz em supermercado","datePublished":"2018-08-18T13:17:38+00:00","dateModified":"2018-08-18T22:19:12+00:00","mainEntityOfPage":{"@id":"https:\/\/www.notibras.com\/site\/ex-escrava-sexual-do-e-i-reconhece-algoz-em-supermercado\/"},"wordCount":511,"publisher":{"@id":"https:\/\/www.notibras.com\/site\/#organization"},"image":{"@id":"https:\/\/www.notibras.com\/site\/ex-escrava-sexual-do-e-i-reconhece-algoz-em-supermercado\/#primaryimage"},"thumbnailUrl":"https:\/\/www.notibras.com\/site\/wp-content\/uploads\/2018\/08\/ex-escrava-sexual.jpg","articleSection":["Mundo"],"inLanguage":"pt-BR"},{"@type":"WebPage","@id":"https:\/\/www.notibras.com\/site\/ex-escrava-sexual-do-e-i-reconhece-algoz-em-supermercado\/","url":"https:\/\/www.notibras.com\/site\/ex-escrava-sexual-do-e-i-reconhece-algoz-em-supermercado\/","name":"Ex-escrava sexual do E.I. reconhece algoz em supermercado - Notibras","isPartOf":{"@id":"https:\/\/www.notibras.com\/site\/#website"},"primaryImageOfPage":{"@id":"https:\/\/www.notibras.com\/site\/ex-escrava-sexual-do-e-i-reconhece-algoz-em-supermercado\/#primaryimage"},"image":{"@id":"https:\/\/www.notibras.com\/site\/ex-escrava-sexual-do-e-i-reconhece-algoz-em-supermercado\/#primaryimage"},"thumbnailUrl":"https:\/\/www.notibras.com\/site\/wp-content\/uploads\/2018\/08\/ex-escrava-sexual.jpg","datePublished":"2018-08-18T13:17:38+00:00","dateModified":"2018-08-18T22:19:12+00:00","breadcrumb":{"@id":"https:\/\/www.notibras.com\/site\/ex-escrava-sexual-do-e-i-reconhece-algoz-em-supermercado\/#breadcrumb"},"inLanguage":"pt-BR","potentialAction":[{"@type":"ReadAction","target":["https:\/\/www.notibras.com\/site\/ex-escrava-sexual-do-e-i-reconhece-algoz-em-supermercado\/"]}]},{"@type":"ImageObject","inLanguage":"pt-BR","@id":"https:\/\/www.notibras.com\/site\/ex-escrava-sexual-do-e-i-reconhece-algoz-em-supermercado\/#primaryimage","url":"https:\/\/www.notibras.com\/site\/wp-content\/uploads\/2018\/08\/ex-escrava-sexual.jpg","contentUrl":"https:\/\/www.notibras.com\/site\/wp-content\/uploads\/2018\/08\/ex-escrava-sexual.jpg","width":932,"height":1398,"caption":"Foto\/AP"},{"@type":"BreadcrumbList","@id":"https:\/\/www.notibras.com\/site\/ex-escrava-sexual-do-e-i-reconhece-algoz-em-supermercado\/#breadcrumb","itemListElement":[{"@type":"ListItem","position":1,"name":"In\u00edcio","item":"https:\/\/www.notibras.com\/site\/"},{"@type":"ListItem","position":2,"name":"Ex-escrava sexual do E.I. reconhece algoz em supermercado"}]},{"@type":"WebSite","@id":"https:\/\/www.notibras.com\/site\/#website","url":"https:\/\/www.notibras.com\/site\/","name":"Notibras","description":"Not\u00edcias de Bras\u00edlia, do Brasil e do Mundo","publisher":{"@id":"https:\/\/www.notibras.com\/site\/#organization"},"potentialAction":[{"@type":"SearchAction","target":{"@type":"EntryPoint","urlTemplate":"https:\/\/www.notibras.com\/site\/?s={search_term_string}"},"query-input":{"@type":"PropertyValueSpecification","valueRequired":true,"valueName":"search_term_string"}}],"inLanguage":"pt-BR"},{"@type":"Organization","@id":"https:\/\/www.notibras.com\/site\/#organization","name":"Grupo Notibras de Comunica\u00e7\u00e3o","url":"https:\/\/www.notibras.com\/site\/","logo":{"@type":"ImageObject","inLanguage":"pt-BR","@id":"https:\/\/www.notibras.com\/site\/#\/schema\/logo\/image\/","url":"https:\/\/www.notibras.com\/site\/wp-content\/uploads\/2023\/01\/notibras23.png","contentUrl":"https:\/\/www.notibras.com\/site\/wp-content\/uploads\/2023\/01\/notibras23.png","width":350,"height":87,"caption":"Grupo Notibras de Comunica\u00e7\u00e3o"},"image":{"@id":"https:\/\/www.notibras.com\/site\/#\/schema\/logo\/image\/"},"sameAs":["https:\/\/www.facebook.com\/notibras\/","https:\/\/x.com\/Notibras","https:\/\/www.instagram.com\/notibras\/"]},{"@type":"Person","@id":"https:\/\/www.notibras.com\/site\/#\/schema\/person\/36ab0979449956132d3e5b517ea76ac8","name":"Reda\u00e7\u00e3o","image":{"@type":"ImageObject","inLanguage":"pt-BR","@id":"https:\/\/secure.gravatar.com\/avatar\/e0a867bdedb85fd243eadf09663511f96fc81e0720a4a42581f334ad4303aa6b?s=96&d=mm&r=g","url":"https:\/\/secure.gravatar.com\/avatar\/e0a867bdedb85fd243eadf09663511f96fc81e0720a4a42581f334ad4303aa6b?s=96&d=mm&r=g","contentUrl":"https:\/\/secure.gravatar.com\/avatar\/e0a867bdedb85fd243eadf09663511f96fc81e0720a4a42581f334ad4303aa6b?s=96&d=mm&r=g","caption":"Reda\u00e7\u00e3o"}}]}},"amp_enabled":true,"_links":{"self":[{"href":"https:\/\/www.notibras.com\/site\/wp-json\/wp\/v2\/posts\/188662","targetHints":{"allow":["GET"]}}],"collection":[{"href":"https:\/\/www.notibras.com\/site\/wp-json\/wp\/v2\/posts"}],"about":[{"href":"https:\/\/www.notibras.com\/site\/wp-json\/wp\/v2\/types\/post"}],"author":[{"embeddable":true,"href":"https:\/\/www.notibras.com\/site\/wp-json\/wp\/v2\/users\/2"}],"replies":[{"embeddable":true,"href":"https:\/\/www.notibras.com\/site\/wp-json\/wp\/v2\/comments?post=188662"}],"version-history":[{"count":1,"href":"https:\/\/www.notibras.com\/site\/wp-json\/wp\/v2\/posts\/188662\/revisions"}],"predecessor-version":[{"id":188664,"href":"https:\/\/www.notibras.com\/site\/wp-json\/wp\/v2\/posts\/188662\/revisions\/188664"}],"wp:featuredmedia":[{"embeddable":true,"href":"https:\/\/www.notibras.com\/site\/wp-json\/wp\/v2\/media\/188663"}],"wp:attachment":[{"href":"https:\/\/www.notibras.com\/site\/wp-json\/wp\/v2\/media?parent=188662"}],"wp:term":[{"taxonomy":"category","embeddable":true,"href":"https:\/\/www.notibras.com\/site\/wp-json\/wp\/v2\/categories?post=188662"},{"taxonomy":"post_tag","embeddable":true,"href":"https:\/\/www.notibras.com\/site\/wp-json\/wp\/v2\/tags?post=188662"}],"curies":[{"name":"wp","href":"https:\/\/api.w.org\/{rel}","templated":true}]}}