{"id":18970,"date":"2014-08-08T21:07:00","date_gmt":"2014-08-09T00:07:00","guid":{"rendered":"http:\/\/www.notibras.com\/site\/?p=18970"},"modified":"2014-08-08T21:07:00","modified_gmt":"2014-08-09T00:07:00","slug":"com-os-candidatos-que-estao-ai-se-correr-o-bicho-pega-se-ficar","status":"publish","type":"post","link":"https:\/\/www.notibras.com\/site\/com-os-candidatos-que-estao-ai-se-correr-o-bicho-pega-se-ficar\/","title":{"rendered":"Com os candidatos que est\u00e3o a\u00ed, se correr o bicho pega, se ficar&#8230;"},"content":{"rendered":"<p>Passados apenas uns poucos dias, desde que foi deflagrada, oficialmente, \u201cAbertas as Elei\u00e7\u00f5es\u201d, com Candidatos Oficiais, Coliga\u00e7\u00f5es Partid\u00e1rias, enfim, com cartazes e faixas nas ruas, j\u00e1 \u00e9 poss\u00edvel, aos mais observadores, verificar a tend\u00eancia Politico-ideol\u00f3gica que assumem, cada uma das Campanhas, \u00e0 partir dos eventos, entrevistas e sabatinas, \u00e0 que se submetem, pelo menos, quanto as tr\u00eas principais Candidaturas, aqui dispostas em ordem aleat\u00f3ria, Dilma Roussef, a Candidata Oficial do atual Governo, A\u00e9cio Neves, Candidato da atual, dita, \u201cOposi\u00e7\u00e3o\u201d, e Eduardo Campos, com seus belos olhos claros.<\/p>\n<p>Reunidos, n\u00e3o coincidentemente, em pontos geogr\u00e1ficos pr\u00f3ximos, a maioria deles em S\u00e3o Paulo, maior Col\u00e9gio Eleitoral brasileiro, ambos os Candidatos parecem querer exibir aos Eleitores, comparativamente, abordando temas em comum, seus posicionamentos e plataformas eleitorais, assim como foi, perante \u201cOrganiza\u00e7\u00f5es M\u00e9dicas\u201d, A\u00e9cio Neves, ao anunciar o eventual\u00a0 \u201cFuneral\u201d do Programa Mais M\u00e9dicos, ao fim dos tr\u00eas anos de Contrato com os Cubanos, em caso de ser eleito, logicamente agradando a Representa\u00e7\u00e3o Olig\u00e1rquica da Categoria, espelhando um poss\u00edvel Governo \u201cN\u00e3o-esquerdista\u201d, mais \u00e0 Direita, enquanto Dilma, noutro ponto da Cidade, num Centro de Sa\u00fade do Governo, destacava as not\u00f3rias virtudes, para a Popula\u00e7\u00e3o, do tal Programa, no entanto, ao meu sentir, mero \u201cRem\u00e9dio\u201d para\u00a0 Sa\u00fade P\u00fablica brasileira, mas n\u00e3o a \u201cCura\u201d.<\/p>\n<p>Fato subsequente, Reuni\u00e3o dos tr\u00eas Candidatos, perante a poderosa CNA \u2013 Confedera\u00e7\u00e3o Nacional da Agricultura, que congrega latifundi\u00e1rios e Empres\u00e1rios do Setor de Agroneg\u00f3cios brasileiros, voltados \u00e0 Exporta\u00e7\u00e3o, Pequenas Empresas e Agricultura Familiar fora, novamente, demonstrando \u201cN\u00e3o-alinhamento\u201d com as Invas\u00f5es de Terra e o MST, A\u00e9cio prometeu Seguran\u00e7a Jur\u00eddica para o Setor, quanto \u00e0 propriedade da Terra, enquanto, no mesmo evento, mantinha Dilma, em tom ameno, o bom, e velho, Discurso, evidentemente \u201cJusto\u201d, pr\u00f3-misero, da serventia Social da Terra, no entanto, 12 anos depois do PT no Poder: Mais Discurso, do que Fato Novo.<\/p>\n<p>Ponto por ponto, quanto \u00e0 Candidatura Dilma Roussef, \u00e0 frente do atual Governo, pleiteando, por meio da pesada M\u00e1quina P\u00fablica, a seu favor, inaugurando obras do PAC \u2013 Programa de Acelera\u00e7\u00e3o do Crescimento, atualmente com p\u00e9s no freio, na vigente estagna\u00e7\u00e3o econ\u00f4mica brasileira, que muito dep\u00f5e contra si, PAC 01, PAC 02, PAC 03, e assim vai, herdados do Governo Lula, ap\u00f3s 12 anos consecutivos de \u201cGoverno Reformista de Esquerda\u201d, do PT \u2013 Partido dos Trabalhadores, sem que nada, de fato, tenha sido Reformado, completamente adaptada ao Poder, e acostumando-se com ele, e sua benesses, ap\u00f3s aparelhar com seus afilhados, completamente, o Estado (Veja em: http:\/\/www.abdic.org.br\/index.php\/333-decreto-8-243-lei-popular-ou-golpe ),\u00a0 parece, com o mesmo \u201cDiscurso das Migalhas\u201d do Bolsa Fam\u00edlia, Minha Casa, Minha Vida, e outros m\u00f3dicos, anunciar igual continu\u00edsmo, ou seja: Mais do mesmo.<\/p>\n<blockquote><p>Por seu turno, Eduardo Campos, que em todos os eventos vem aparecendo, embora que com uma presen\u00e7a menor, tendente a ser o \u201cFiel da Balan\u00e7a\u201d, em caso de Segundo Turno, que \u00e9 a sua melhor aposta, no qual, caso ocorra, muito possivelmente, vencer\u00e1 o Candidato remanescente indicado por ele, se esse Candidato soube \u201cNegociar\u201d tal apoio, fruto de uma Alian\u00e7a, no m\u00ednimo Curiosa, que agrega em sua Chapa, Marina Silva, com seu \u201cProjeto Verde\u201d, completamente irrealista, que, \u00e0 grosso modo, pretende transformar o Brasil em uma Imensa Selva Intocada, retroagindo o Pa\u00eds pro tempo colonial, das Ocas e Tabas, exagero nosso, tal Chapa, parece-nos, embora simp\u00e1tica, decente em sua valoriza\u00e7\u00e3o \u00e9tica e moral, contudo, muito mais uma \u201cM\u00e9dia de Caf\u00e9 com Leite\u201d, onde o primeiro liquido, \u00e9 completamente colorado pelo segundo, embora predominante, tendente a n\u00e3o se homogeneizar.<\/p><\/blockquote>\n<p>J\u00e1 A\u00e9cio, antes, na vig\u00eancia do Governo Mineiro, e em seus Mandatos nas Casas Legislativas, C\u00e2mara e Senado, que veio \u00e0 Pol\u00edtica no colo do seu Av\u00f4, Tancredo Neves, ainda menino, completamente sem bagagem,\u00a0 embora adotando, ao longo da sua vida parlamentar, quase sempre um \u201cDiscurso Conciliador\u201d do \u201cVamos ver como fica\u201d, do seu \u201cChoque de Gest\u00e3o Administrativa\u201d, \u00e0 frente do Estado de Minas Gerais, definitivamente, querendo angariar not\u00f3rias simpatias, diante do atual insucesso econ\u00f4mico de Governo Dilma, qui\u00e7a, capitalizando, a tiracolo, fatores t\u00e3o improv\u00e1veis, como a atual Seca em S\u00e3o Paulo (Veja em: http:\/\/www.abdic.org.br\/index.php\/360-previsao-do-tempo-psdb-enfrentara-dias-quentes-e-sol-escaldente ), a p\u00e9ssima Campanha da Sele\u00e7\u00e3o do Brasil, e os Movimentos de Rua Pr\u00e9-copa, da rejei\u00e7\u00e3o, e cansa\u00e7o,\u00a0 do desgaste da Imagem do pr\u00f3prio PT, doze anos depois, sem Reforma Pol\u00edtica, Tributaria e Trabalhista, adquire posi\u00e7\u00f5es mais radicais, \u00e0 moda: \u201cDireita, vamos ver ?\u201d<\/p>\n<p>Diante de tal Quadro de Candidaturas, e \u201cPropostas Pol\u00edticas\u201d postas em Cena, meu Caro Eleitor, acho que estamos, mesmo, fritos.<\/p>\n<p>\u00c9 como diz o Ditado Popular. \u201cSe Correr o Bicho Pega. Se Ficar o Bicho Pega, tamb\u00e9m\u201d<\/p>\n<p>Tamo F\u00fa&#8230;!!<\/p>\n<p><strong>Pettersen Filho<\/strong><\/p>\n","protected":false},"excerpt":{"rendered":"<p>Passados apenas uns poucos dias, desde que foi deflagrada, oficialmente, \u201cAbertas as Elei\u00e7\u00f5es\u201d, com Candidatos Oficiais, Coliga\u00e7\u00f5es Partid\u00e1rias, enfim, com cartazes e faixas nas ruas, j\u00e1 \u00e9 poss\u00edvel, aos mais observadores, verificar a tend\u00eancia Politico-ideol\u00f3gica que assumem, cada uma das Campanhas, \u00e0 partir dos eventos, entrevistas e sabatinas, \u00e0 que se submetem, pelo menos, quanto [&hellip;]<\/p>\n","protected":false},"author":2,"featured_media":18971,"comment_status":"open","ping_status":"closed","sticky":false,"template":"","format":"standard","meta":{"_acf_changed":false,"footnotes":""},"categories":[25],"tags":[],"class_list":["post-18970","post","type-post","status-publish","format-standard","has-post-thumbnail","hentry","category-opina-ai"],"acf":[],"yoast_head":"<!-- This site is optimized with the Yoast SEO plugin v27.5 - https:\/\/yoast.com\/product\/yoast-seo-wordpress\/ -->\n<title>Com os candidatos que est\u00e3o a\u00ed, se correr o bicho pega, se ficar... - Notibras<\/title>\n<meta name=\"robots\" content=\"index, follow, max-snippet:-1, max-image-preview:large, max-video-preview:-1\" \/>\n<link rel=\"canonical\" href=\"https:\/\/www.notibras.com\/site\/com-os-candidatos-que-estao-ai-se-correr-o-bicho-pega-se-ficar\/\" \/>\n<meta property=\"og:locale\" content=\"pt_BR\" \/>\n<meta property=\"og:type\" content=\"article\" \/>\n<meta property=\"og:title\" content=\"Com os candidatos que est\u00e3o a\u00ed, se correr o bicho pega, se ficar... - Notibras\" \/>\n<meta property=\"og:description\" content=\"Passados apenas uns poucos dias, desde que foi deflagrada, oficialmente, \u201cAbertas as Elei\u00e7\u00f5es\u201d, com Candidatos Oficiais, Coliga\u00e7\u00f5es Partid\u00e1rias, enfim, com cartazes e faixas nas ruas, j\u00e1 \u00e9 poss\u00edvel, aos mais observadores, verificar a tend\u00eancia Politico-ideol\u00f3gica que assumem, cada uma das Campanhas, \u00e0 partir dos eventos, entrevistas e sabatinas, \u00e0 que se submetem, pelo menos, quanto [&hellip;]\" \/>\n<meta property=\"og:url\" content=\"https:\/\/www.notibras.com\/site\/com-os-candidatos-que-estao-ai-se-correr-o-bicho-pega-se-ficar\/\" \/>\n<meta property=\"og:site_name\" content=\"Notibras\" \/>\n<meta property=\"article:publisher\" content=\"https:\/\/www.facebook.com\/notibras\/\" \/>\n<meta property=\"article:published_time\" content=\"2014-08-09T00:07:00+00:00\" \/>\n<meta property=\"og:image\" content=\"https:\/\/www.notibras.com\/site\/wp-content\/uploads\/2014\/08\/brasil_no_buraco.jpg\" \/>\n\t<meta property=\"og:image:width\" content=\"800\" \/>\n\t<meta property=\"og:image:height\" content=\"500\" \/>\n\t<meta property=\"og:image:type\" content=\"image\/jpeg\" \/>\n<meta name=\"author\" content=\"Reda\u00e7\u00e3o\" \/>\n<meta name=\"twitter:card\" content=\"summary_large_image\" \/>\n<meta name=\"twitter:creator\" content=\"@Notibras\" \/>\n<meta name=\"twitter:site\" content=\"@Notibras\" \/>\n<meta name=\"twitter:label1\" content=\"Escrito por\" \/>\n\t<meta name=\"twitter:data1\" content=\"Reda\u00e7\u00e3o\" \/>\n\t<meta name=\"twitter:label2\" content=\"Est. tempo de leitura\" \/>\n\t<meta name=\"twitter:data2\" content=\"4 minutos\" \/>\n<script type=\"application\/ld+json\" class=\"yoast-schema-graph\">{\"@context\":\"https:\\\/\\\/schema.org\",\"@graph\":[{\"@type\":\"Article\",\"@id\":\"https:\\\/\\\/www.notibras.com\\\/site\\\/com-os-candidatos-que-estao-ai-se-correr-o-bicho-pega-se-ficar\\\/#article\",\"isPartOf\":{\"@id\":\"https:\\\/\\\/www.notibras.com\\\/site\\\/com-os-candidatos-que-estao-ai-se-correr-o-bicho-pega-se-ficar\\\/\"},\"author\":{\"name\":\"Reda\u00e7\u00e3o\",\"@id\":\"https:\\\/\\\/www.notibras.com\\\/site\\\/#\\\/schema\\\/person\\\/36ab0979449956132d3e5b517ea76ac8\"},\"headline\":\"Com os candidatos que est\u00e3o a\u00ed, se correr o bicho pega, se ficar&#8230;\",\"datePublished\":\"2014-08-09T00:07:00+00:00\",\"mainEntityOfPage\":{\"@id\":\"https:\\\/\\\/www.notibras.com\\\/site\\\/com-os-candidatos-que-estao-ai-se-correr-o-bicho-pega-se-ficar\\\/\"},\"wordCount\":840,\"commentCount\":0,\"publisher\":{\"@id\":\"https:\\\/\\\/www.notibras.com\\\/site\\\/#organization\"},\"image\":{\"@id\":\"https:\\\/\\\/www.notibras.com\\\/site\\\/com-os-candidatos-que-estao-ai-se-correr-o-bicho-pega-se-ficar\\\/#primaryimage\"},\"thumbnailUrl\":\"https:\\\/\\\/www.notibras.com\\\/site\\\/wp-content\\\/uploads\\\/2014\\\/08\\\/brasil_no_buraco.jpg\",\"articleSection\":[\"Opina a\u00ed\"],\"inLanguage\":\"pt-BR\",\"potentialAction\":[{\"@type\":\"CommentAction\",\"name\":\"Comment\",\"target\":[\"https:\\\/\\\/www.notibras.com\\\/site\\\/com-os-candidatos-que-estao-ai-se-correr-o-bicho-pega-se-ficar\\\/#respond\"]}]},{\"@type\":\"WebPage\",\"@id\":\"https:\\\/\\\/www.notibras.com\\\/site\\\/com-os-candidatos-que-estao-ai-se-correr-o-bicho-pega-se-ficar\\\/\",\"url\":\"https:\\\/\\\/www.notibras.com\\\/site\\\/com-os-candidatos-que-estao-ai-se-correr-o-bicho-pega-se-ficar\\\/\",\"name\":\"Com os candidatos que est\u00e3o a\u00ed, se correr o bicho pega, se ficar... - Notibras\",\"isPartOf\":{\"@id\":\"https:\\\/\\\/www.notibras.com\\\/site\\\/#website\"},\"primaryImageOfPage\":{\"@id\":\"https:\\\/\\\/www.notibras.com\\\/site\\\/com-os-candidatos-que-estao-ai-se-correr-o-bicho-pega-se-ficar\\\/#primaryimage\"},\"image\":{\"@id\":\"https:\\\/\\\/www.notibras.com\\\/site\\\/com-os-candidatos-que-estao-ai-se-correr-o-bicho-pega-se-ficar\\\/#primaryimage\"},\"thumbnailUrl\":\"https:\\\/\\\/www.notibras.com\\\/site\\\/wp-content\\\/uploads\\\/2014\\\/08\\\/brasil_no_buraco.jpg\",\"datePublished\":\"2014-08-09T00:07:00+00:00\",\"breadcrumb\":{\"@id\":\"https:\\\/\\\/www.notibras.com\\\/site\\\/com-os-candidatos-que-estao-ai-se-correr-o-bicho-pega-se-ficar\\\/#breadcrumb\"},\"inLanguage\":\"pt-BR\",\"potentialAction\":[{\"@type\":\"ReadAction\",\"target\":[\"https:\\\/\\\/www.notibras.com\\\/site\\\/com-os-candidatos-que-estao-ai-se-correr-o-bicho-pega-se-ficar\\\/\"]}]},{\"@type\":\"ImageObject\",\"inLanguage\":\"pt-BR\",\"@id\":\"https:\\\/\\\/www.notibras.com\\\/site\\\/com-os-candidatos-que-estao-ai-se-correr-o-bicho-pega-se-ficar\\\/#primaryimage\",\"url\":\"https:\\\/\\\/www.notibras.com\\\/site\\\/wp-content\\\/uploads\\\/2014\\\/08\\\/brasil_no_buraco.jpg\",\"contentUrl\":\"https:\\\/\\\/www.notibras.com\\\/site\\\/wp-content\\\/uploads\\\/2014\\\/08\\\/brasil_no_buraco.jpg\",\"width\":800,\"height\":500},{\"@type\":\"BreadcrumbList\",\"@id\":\"https:\\\/\\\/www.notibras.com\\\/site\\\/com-os-candidatos-que-estao-ai-se-correr-o-bicho-pega-se-ficar\\\/#breadcrumb\",\"itemListElement\":[{\"@type\":\"ListItem\",\"position\":1,\"name\":\"In\u00edcio\",\"item\":\"https:\\\/\\\/www.notibras.com\\\/site\\\/\"},{\"@type\":\"ListItem\",\"position\":2,\"name\":\"Com os candidatos que est\u00e3o a\u00ed, se correr o bicho pega, se ficar&#8230;\"}]},{\"@type\":\"WebSite\",\"@id\":\"https:\\\/\\\/www.notibras.com\\\/site\\\/#website\",\"url\":\"https:\\\/\\\/www.notibras.com\\\/site\\\/\",\"name\":\"Notibras\",\"description\":\"Not\u00edcias de Bras\u00edlia, do Brasil e do Mundo\",\"publisher\":{\"@id\":\"https:\\\/\\\/www.notibras.com\\\/site\\\/#organization\"},\"potentialAction\":[{\"@type\":\"SearchAction\",\"target\":{\"@type\":\"EntryPoint\",\"urlTemplate\":\"https:\\\/\\\/www.notibras.com\\\/site\\\/?s={search_term_string}\"},\"query-input\":{\"@type\":\"PropertyValueSpecification\",\"valueRequired\":true,\"valueName\":\"search_term_string\"}}],\"inLanguage\":\"pt-BR\"},{\"@type\":\"Organization\",\"@id\":\"https:\\\/\\\/www.notibras.com\\\/site\\\/#organization\",\"name\":\"Grupo Notibras de Comunica\u00e7\u00e3o\",\"url\":\"https:\\\/\\\/www.notibras.com\\\/site\\\/\",\"logo\":{\"@type\":\"ImageObject\",\"inLanguage\":\"pt-BR\",\"@id\":\"https:\\\/\\\/www.notibras.com\\\/site\\\/#\\\/schema\\\/logo\\\/image\\\/\",\"url\":\"https:\\\/\\\/www.notibras.com\\\/site\\\/wp-content\\\/uploads\\\/2023\\\/01\\\/notibras23.png\",\"contentUrl\":\"https:\\\/\\\/www.notibras.com\\\/site\\\/wp-content\\\/uploads\\\/2023\\\/01\\\/notibras23.png\",\"width\":350,\"height\":87,\"caption\":\"Grupo Notibras de Comunica\u00e7\u00e3o\"},\"image\":{\"@id\":\"https:\\\/\\\/www.notibras.com\\\/site\\\/#\\\/schema\\\/logo\\\/image\\\/\"},\"sameAs\":[\"https:\\\/\\\/www.facebook.com\\\/notibras\\\/\",\"https:\\\/\\\/x.com\\\/Notibras\",\"https:\\\/\\\/www.instagram.com\\\/notibras\\\/\"]},{\"@type\":\"Person\",\"@id\":\"https:\\\/\\\/www.notibras.com\\\/site\\\/#\\\/schema\\\/person\\\/36ab0979449956132d3e5b517ea76ac8\",\"name\":\"Reda\u00e7\u00e3o\",\"image\":{\"@type\":\"ImageObject\",\"inLanguage\":\"pt-BR\",\"@id\":\"https:\\\/\\\/secure.gravatar.com\\\/avatar\\\/e0a867bdedb85fd243eadf09663511f96fc81e0720a4a42581f334ad4303aa6b?s=96&d=mm&r=g\",\"url\":\"https:\\\/\\\/secure.gravatar.com\\\/avatar\\\/e0a867bdedb85fd243eadf09663511f96fc81e0720a4a42581f334ad4303aa6b?s=96&d=mm&r=g\",\"contentUrl\":\"https:\\\/\\\/secure.gravatar.com\\\/avatar\\\/e0a867bdedb85fd243eadf09663511f96fc81e0720a4a42581f334ad4303aa6b?s=96&d=mm&r=g\",\"caption\":\"Reda\u00e7\u00e3o\"}}]}<\/script>\n<!-- \/ Yoast SEO plugin. -->","yoast_head_json":{"title":"Com os candidatos que est\u00e3o a\u00ed, se correr o bicho pega, se ficar... - Notibras","robots":{"index":"index","follow":"follow","max-snippet":"max-snippet:-1","max-image-preview":"max-image-preview:large","max-video-preview":"max-video-preview:-1"},"canonical":"https:\/\/www.notibras.com\/site\/com-os-candidatos-que-estao-ai-se-correr-o-bicho-pega-se-ficar\/","og_locale":"pt_BR","og_type":"article","og_title":"Com os candidatos que est\u00e3o a\u00ed, se correr o bicho pega, se ficar... - Notibras","og_description":"Passados apenas uns poucos dias, desde que foi deflagrada, oficialmente, \u201cAbertas as Elei\u00e7\u00f5es\u201d, com Candidatos Oficiais, Coliga\u00e7\u00f5es Partid\u00e1rias, enfim, com cartazes e faixas nas ruas, j\u00e1 \u00e9 poss\u00edvel, aos mais observadores, verificar a tend\u00eancia Politico-ideol\u00f3gica que assumem, cada uma das Campanhas, \u00e0 partir dos eventos, entrevistas e sabatinas, \u00e0 que se submetem, pelo menos, quanto [&hellip;]","og_url":"https:\/\/www.notibras.com\/site\/com-os-candidatos-que-estao-ai-se-correr-o-bicho-pega-se-ficar\/","og_site_name":"Notibras","article_publisher":"https:\/\/www.facebook.com\/notibras\/","article_published_time":"2014-08-09T00:07:00+00:00","og_image":[{"width":800,"height":500,"url":"https:\/\/www.notibras.com\/site\/wp-content\/uploads\/2014\/08\/brasil_no_buraco.jpg","type":"image\/jpeg"}],"author":"Reda\u00e7\u00e3o","twitter_card":"summary_large_image","twitter_creator":"@Notibras","twitter_site":"@Notibras","twitter_misc":{"Escrito por":"Reda\u00e7\u00e3o","Est. tempo de leitura":"4 minutos"},"schema":{"@context":"https:\/\/schema.org","@graph":[{"@type":"Article","@id":"https:\/\/www.notibras.com\/site\/com-os-candidatos-que-estao-ai-se-correr-o-bicho-pega-se-ficar\/#article","isPartOf":{"@id":"https:\/\/www.notibras.com\/site\/com-os-candidatos-que-estao-ai-se-correr-o-bicho-pega-se-ficar\/"},"author":{"name":"Reda\u00e7\u00e3o","@id":"https:\/\/www.notibras.com\/site\/#\/schema\/person\/36ab0979449956132d3e5b517ea76ac8"},"headline":"Com os candidatos que est\u00e3o a\u00ed, se correr o bicho pega, se ficar&#8230;","datePublished":"2014-08-09T00:07:00+00:00","mainEntityOfPage":{"@id":"https:\/\/www.notibras.com\/site\/com-os-candidatos-que-estao-ai-se-correr-o-bicho-pega-se-ficar\/"},"wordCount":840,"commentCount":0,"publisher":{"@id":"https:\/\/www.notibras.com\/site\/#organization"},"image":{"@id":"https:\/\/www.notibras.com\/site\/com-os-candidatos-que-estao-ai-se-correr-o-bicho-pega-se-ficar\/#primaryimage"},"thumbnailUrl":"https:\/\/www.notibras.com\/site\/wp-content\/uploads\/2014\/08\/brasil_no_buraco.jpg","articleSection":["Opina a\u00ed"],"inLanguage":"pt-BR","potentialAction":[{"@type":"CommentAction","name":"Comment","target":["https:\/\/www.notibras.com\/site\/com-os-candidatos-que-estao-ai-se-correr-o-bicho-pega-se-ficar\/#respond"]}]},{"@type":"WebPage","@id":"https:\/\/www.notibras.com\/site\/com-os-candidatos-que-estao-ai-se-correr-o-bicho-pega-se-ficar\/","url":"https:\/\/www.notibras.com\/site\/com-os-candidatos-que-estao-ai-se-correr-o-bicho-pega-se-ficar\/","name":"Com os candidatos que est\u00e3o a\u00ed, se correr o bicho pega, se ficar... - Notibras","isPartOf":{"@id":"https:\/\/www.notibras.com\/site\/#website"},"primaryImageOfPage":{"@id":"https:\/\/www.notibras.com\/site\/com-os-candidatos-que-estao-ai-se-correr-o-bicho-pega-se-ficar\/#primaryimage"},"image":{"@id":"https:\/\/www.notibras.com\/site\/com-os-candidatos-que-estao-ai-se-correr-o-bicho-pega-se-ficar\/#primaryimage"},"thumbnailUrl":"https:\/\/www.notibras.com\/site\/wp-content\/uploads\/2014\/08\/brasil_no_buraco.jpg","datePublished":"2014-08-09T00:07:00+00:00","breadcrumb":{"@id":"https:\/\/www.notibras.com\/site\/com-os-candidatos-que-estao-ai-se-correr-o-bicho-pega-se-ficar\/#breadcrumb"},"inLanguage":"pt-BR","potentialAction":[{"@type":"ReadAction","target":["https:\/\/www.notibras.com\/site\/com-os-candidatos-que-estao-ai-se-correr-o-bicho-pega-se-ficar\/"]}]},{"@type":"ImageObject","inLanguage":"pt-BR","@id":"https:\/\/www.notibras.com\/site\/com-os-candidatos-que-estao-ai-se-correr-o-bicho-pega-se-ficar\/#primaryimage","url":"https:\/\/www.notibras.com\/site\/wp-content\/uploads\/2014\/08\/brasil_no_buraco.jpg","contentUrl":"https:\/\/www.notibras.com\/site\/wp-content\/uploads\/2014\/08\/brasil_no_buraco.jpg","width":800,"height":500},{"@type":"BreadcrumbList","@id":"https:\/\/www.notibras.com\/site\/com-os-candidatos-que-estao-ai-se-correr-o-bicho-pega-se-ficar\/#breadcrumb","itemListElement":[{"@type":"ListItem","position":1,"name":"In\u00edcio","item":"https:\/\/www.notibras.com\/site\/"},{"@type":"ListItem","position":2,"name":"Com os candidatos que est\u00e3o a\u00ed, se correr o bicho pega, se ficar&#8230;"}]},{"@type":"WebSite","@id":"https:\/\/www.notibras.com\/site\/#website","url":"https:\/\/www.notibras.com\/site\/","name":"Notibras","description":"Not\u00edcias de Bras\u00edlia, do Brasil e do Mundo","publisher":{"@id":"https:\/\/www.notibras.com\/site\/#organization"},"potentialAction":[{"@type":"SearchAction","target":{"@type":"EntryPoint","urlTemplate":"https:\/\/www.notibras.com\/site\/?s={search_term_string}"},"query-input":{"@type":"PropertyValueSpecification","valueRequired":true,"valueName":"search_term_string"}}],"inLanguage":"pt-BR"},{"@type":"Organization","@id":"https:\/\/www.notibras.com\/site\/#organization","name":"Grupo Notibras de Comunica\u00e7\u00e3o","url":"https:\/\/www.notibras.com\/site\/","logo":{"@type":"ImageObject","inLanguage":"pt-BR","@id":"https:\/\/www.notibras.com\/site\/#\/schema\/logo\/image\/","url":"https:\/\/www.notibras.com\/site\/wp-content\/uploads\/2023\/01\/notibras23.png","contentUrl":"https:\/\/www.notibras.com\/site\/wp-content\/uploads\/2023\/01\/notibras23.png","width":350,"height":87,"caption":"Grupo Notibras de Comunica\u00e7\u00e3o"},"image":{"@id":"https:\/\/www.notibras.com\/site\/#\/schema\/logo\/image\/"},"sameAs":["https:\/\/www.facebook.com\/notibras\/","https:\/\/x.com\/Notibras","https:\/\/www.instagram.com\/notibras\/"]},{"@type":"Person","@id":"https:\/\/www.notibras.com\/site\/#\/schema\/person\/36ab0979449956132d3e5b517ea76ac8","name":"Reda\u00e7\u00e3o","image":{"@type":"ImageObject","inLanguage":"pt-BR","@id":"https:\/\/secure.gravatar.com\/avatar\/e0a867bdedb85fd243eadf09663511f96fc81e0720a4a42581f334ad4303aa6b?s=96&d=mm&r=g","url":"https:\/\/secure.gravatar.com\/avatar\/e0a867bdedb85fd243eadf09663511f96fc81e0720a4a42581f334ad4303aa6b?s=96&d=mm&r=g","contentUrl":"https:\/\/secure.gravatar.com\/avatar\/e0a867bdedb85fd243eadf09663511f96fc81e0720a4a42581f334ad4303aa6b?s=96&d=mm&r=g","caption":"Reda\u00e7\u00e3o"}}]}},"amp_enabled":true,"_links":{"self":[{"href":"https:\/\/www.notibras.com\/site\/wp-json\/wp\/v2\/posts\/18970","targetHints":{"allow":["GET"]}}],"collection":[{"href":"https:\/\/www.notibras.com\/site\/wp-json\/wp\/v2\/posts"}],"about":[{"href":"https:\/\/www.notibras.com\/site\/wp-json\/wp\/v2\/types\/post"}],"author":[{"embeddable":true,"href":"https:\/\/www.notibras.com\/site\/wp-json\/wp\/v2\/users\/2"}],"replies":[{"embeddable":true,"href":"https:\/\/www.notibras.com\/site\/wp-json\/wp\/v2\/comments?post=18970"}],"version-history":[{"count":0,"href":"https:\/\/www.notibras.com\/site\/wp-json\/wp\/v2\/posts\/18970\/revisions"}],"wp:featuredmedia":[{"embeddable":true,"href":"https:\/\/www.notibras.com\/site\/wp-json\/wp\/v2\/media\/18971"}],"wp:attachment":[{"href":"https:\/\/www.notibras.com\/site\/wp-json\/wp\/v2\/media?parent=18970"}],"wp:term":[{"taxonomy":"category","embeddable":true,"href":"https:\/\/www.notibras.com\/site\/wp-json\/wp\/v2\/categories?post=18970"},{"taxonomy":"post_tag","embeddable":true,"href":"https:\/\/www.notibras.com\/site\/wp-json\/wp\/v2\/tags?post=18970"}],"curies":[{"name":"wp","href":"https:\/\/api.w.org\/{rel}","templated":true}]}}