{"id":19001,"date":"2014-08-09T19:26:25","date_gmt":"2014-08-09T22:26:25","guid":{"rendered":"http:\/\/www.notibras.com\/site\/?p=19001"},"modified":"2014-08-09T20:29:34","modified_gmt":"2014-08-09T23:29:34","slug":"parana-supera-dificuldades-e-afunda-o-vila-nova-no-campanema","status":"publish","type":"post","link":"https:\/\/www.notibras.com\/site\/parana-supera-dificuldades-e-afunda-o-vila-nova-no-campanema\/","title":{"rendered":"Paran\u00e1 supera dificuldades e afunda o Vila Nova no Campanema"},"content":{"rendered":"<p>O Paran\u00e1 Clube voltou a vencer diante de sua torcida na Vila Capanema e fez sua parte para sair da zona de rebaixamento da S\u00e9rie B do Campeonato Brasileiro ao passar pelo lanterna Vila Nova, por 3 a 1. Com o resultado, os paranaenses chegar\u00e3o \u00e0 16\u00aa coloca\u00e7\u00e3o, com 16 pontos ganhos, e ter\u00e3o uma semana mais tranquila, pelo menos dento de campo, j\u00e1 que h\u00e1 problemas financeiros, com atrasos de sal\u00e1rios.<\/p>\n<p>O Tricolor da Vila come\u00e7ou a partida com muito toque de bola. Aos seis minutos, a primeira boa jogada do ataque paranista, com Ricardinho mergulhando para desviar de cabe\u00e7a, nas m\u00e3os do goleiro Cleber. Na resposta, dois minutos depois, \u00cdtalo, de cabe\u00e7a, levou perigo ao gol de Marcos.<\/p>\n<blockquote><p>Para a segunda etapa, o Tricolor voltou com Pedro Castro no lugar de Chiquinho. Logo aos dois minutos, Gustavo carimbou no travess\u00e3o e, no rebote, Tiago Alves dominou com categoria e fuzilou para as redes. Atr\u00e1s no placar, os goianos partiram para o ataque. Aos 13 minutos, Hugo entrou na \u00e1rea, mas driblou para o lado errado. Aos 17 minutos, jogada ensaiada em cobran\u00e7a de falta entre L\u00facio Flavio e Pedro Castro mostrou que faltou para ambos treinar melhor o lance.<\/p><\/blockquote>\n<p>O t\u00e9cnico Claudinei Oliveira apostou na entrada de Arthur no lugar de Giancarlo e, aos 25 minutos, o atacante aproveitou cruzamento de L\u00facio Fl\u00e1vio para desviar e fazer o terceiro. A partida caiu muito tecnicamente, com o Vila Nova tentado chegar na base do chut\u00e3o. Os paranistas tocavam a bola, deixando a bola passar. Aos 44 minutos, Mateus Anderson teve a chance de descontar e parou nos p\u00e9s de Marcos.<\/p>\n","protected":false},"excerpt":{"rendered":"<p>O Paran\u00e1 Clube voltou a vencer diante de sua torcida na Vila Capanema e fez sua parte para sair da zona de rebaixamento da S\u00e9rie B do Campeonato Brasileiro ao passar pelo lanterna Vila Nova, por 3 a 1. Com o resultado, os paranaenses chegar\u00e3o \u00e0 16\u00aa coloca\u00e7\u00e3o, com 16 pontos ganhos, e ter\u00e3o uma [&hellip;]<\/p>\n","protected":false},"author":2,"featured_media":19002,"comment_status":"open","ping_status":"closed","sticky":false,"template":"","format":"standard","meta":{"_acf_changed":false,"footnotes":""},"categories":[19,29],"tags":[],"class_list":["post-19001","post","type-post","status-publish","format-standard","has-post-thumbnail","hentry","category-esportes","category-futebol"],"acf":[],"yoast_head":"<!-- This site is optimized with the Yoast SEO plugin v27.2 - https:\/\/yoast.com\/product\/yoast-seo-wordpress\/ -->\n<title>Paran\u00e1 supera dificuldades e afunda o Vila Nova no Campanema - Notibras<\/title>\n<meta name=\"robots\" content=\"index, follow, max-snippet:-1, max-image-preview:large, max-video-preview:-1\" \/>\n<link rel=\"canonical\" href=\"https:\/\/www.notibras.com\/site\/parana-supera-dificuldades-e-afunda-o-vila-nova-no-campanema\/\" \/>\n<meta property=\"og:locale\" content=\"pt_BR\" \/>\n<meta property=\"og:type\" content=\"article\" \/>\n<meta property=\"og:title\" content=\"Paran\u00e1 supera dificuldades e afunda o Vila Nova no Campanema - Notibras\" \/>\n<meta property=\"og:description\" content=\"O Paran\u00e1 Clube voltou a vencer diante de sua torcida na Vila Capanema e fez sua parte para sair da zona de rebaixamento da S\u00e9rie B do Campeonato Brasileiro ao passar pelo lanterna Vila Nova, por 3 a 1. Com o resultado, os paranaenses chegar\u00e3o \u00e0 16\u00aa coloca\u00e7\u00e3o, com 16 pontos ganhos, e ter\u00e3o uma [&hellip;]\" \/>\n<meta property=\"og:url\" content=\"https:\/\/www.notibras.com\/site\/parana-supera-dificuldades-e-afunda-o-vila-nova-no-campanema\/\" \/>\n<meta property=\"og:site_name\" content=\"Notibras\" \/>\n<meta property=\"article:publisher\" content=\"https:\/\/www.facebook.com\/notibras\/\" \/>\n<meta property=\"article:published_time\" content=\"2014-08-09T22:26:25+00:00\" \/>\n<meta property=\"article:modified_time\" content=\"2014-08-09T23:29:34+00:00\" \/>\n<meta property=\"og:image\" content=\"https:\/\/www.notibras.com\/site\/wp-content\/uploads\/2014\/08\/giancarlo210514.jpg\" \/>\n\t<meta property=\"og:image:width\" content=\"500\" \/>\n\t<meta property=\"og:image:height\" content=\"370\" \/>\n\t<meta property=\"og:image:type\" content=\"image\/jpeg\" \/>\n<meta name=\"author\" content=\"Reda\u00e7\u00e3o\" \/>\n<meta name=\"twitter:card\" content=\"summary_large_image\" \/>\n<meta name=\"twitter:creator\" content=\"@Notibras\" \/>\n<meta name=\"twitter:site\" content=\"@Notibras\" \/>\n<meta name=\"twitter:label1\" content=\"Escrito por\" \/>\n\t<meta name=\"twitter:data1\" content=\"Reda\u00e7\u00e3o\" \/>\n\t<meta name=\"twitter:label2\" content=\"Est. tempo de leitura\" \/>\n\t<meta name=\"twitter:data2\" content=\"1 minuto\" \/>\n<script type=\"application\/ld+json\" class=\"yoast-schema-graph\">{\"@context\":\"https:\/\/schema.org\",\"@graph\":[{\"@type\":\"Article\",\"@id\":\"https:\/\/www.notibras.com\/site\/parana-supera-dificuldades-e-afunda-o-vila-nova-no-campanema\/#article\",\"isPartOf\":{\"@id\":\"https:\/\/www.notibras.com\/site\/parana-supera-dificuldades-e-afunda-o-vila-nova-no-campanema\/\"},\"author\":{\"name\":\"Reda\u00e7\u00e3o\",\"@id\":\"https:\/\/www.notibras.com\/site\/#\/schema\/person\/36ab0979449956132d3e5b517ea76ac8\"},\"headline\":\"Paran\u00e1 supera dificuldades e afunda o Vila Nova no Campanema\",\"datePublished\":\"2014-08-09T22:26:25+00:00\",\"dateModified\":\"2014-08-09T23:29:34+00:00\",\"mainEntityOfPage\":{\"@id\":\"https:\/\/www.notibras.com\/site\/parana-supera-dificuldades-e-afunda-o-vila-nova-no-campanema\/\"},\"wordCount\":290,\"commentCount\":0,\"publisher\":{\"@id\":\"https:\/\/www.notibras.com\/site\/#organization\"},\"image\":{\"@id\":\"https:\/\/www.notibras.com\/site\/parana-supera-dificuldades-e-afunda-o-vila-nova-no-campanema\/#primaryimage\"},\"thumbnailUrl\":\"https:\/\/www.notibras.com\/site\/wp-content\/uploads\/2014\/08\/giancarlo210514.jpg\",\"articleSection\":[\"Esportes\",\"Futebol\"],\"inLanguage\":\"pt-BR\",\"potentialAction\":[{\"@type\":\"CommentAction\",\"name\":\"Comment\",\"target\":[\"https:\/\/www.notibras.com\/site\/parana-supera-dificuldades-e-afunda-o-vila-nova-no-campanema\/#respond\"]}]},{\"@type\":\"WebPage\",\"@id\":\"https:\/\/www.notibras.com\/site\/parana-supera-dificuldades-e-afunda-o-vila-nova-no-campanema\/\",\"url\":\"https:\/\/www.notibras.com\/site\/parana-supera-dificuldades-e-afunda-o-vila-nova-no-campanema\/\",\"name\":\"Paran\u00e1 supera dificuldades e afunda o Vila Nova no Campanema - Notibras\",\"isPartOf\":{\"@id\":\"https:\/\/www.notibras.com\/site\/#website\"},\"primaryImageOfPage\":{\"@id\":\"https:\/\/www.notibras.com\/site\/parana-supera-dificuldades-e-afunda-o-vila-nova-no-campanema\/#primaryimage\"},\"image\":{\"@id\":\"https:\/\/www.notibras.com\/site\/parana-supera-dificuldades-e-afunda-o-vila-nova-no-campanema\/#primaryimage\"},\"thumbnailUrl\":\"https:\/\/www.notibras.com\/site\/wp-content\/uploads\/2014\/08\/giancarlo210514.jpg\",\"datePublished\":\"2014-08-09T22:26:25+00:00\",\"dateModified\":\"2014-08-09T23:29:34+00:00\",\"breadcrumb\":{\"@id\":\"https:\/\/www.notibras.com\/site\/parana-supera-dificuldades-e-afunda-o-vila-nova-no-campanema\/#breadcrumb\"},\"inLanguage\":\"pt-BR\",\"potentialAction\":[{\"@type\":\"ReadAction\",\"target\":[\"https:\/\/www.notibras.com\/site\/parana-supera-dificuldades-e-afunda-o-vila-nova-no-campanema\/\"]}]},{\"@type\":\"ImageObject\",\"inLanguage\":\"pt-BR\",\"@id\":\"https:\/\/www.notibras.com\/site\/parana-supera-dificuldades-e-afunda-o-vila-nova-no-campanema\/#primaryimage\",\"url\":\"https:\/\/www.notibras.com\/site\/wp-content\/uploads\/2014\/08\/giancarlo210514.jpg\",\"contentUrl\":\"https:\/\/www.notibras.com\/site\/wp-content\/uploads\/2014\/08\/giancarlo210514.jpg\",\"width\":500,\"height\":370},{\"@type\":\"BreadcrumbList\",\"@id\":\"https:\/\/www.notibras.com\/site\/parana-supera-dificuldades-e-afunda-o-vila-nova-no-campanema\/#breadcrumb\",\"itemListElement\":[{\"@type\":\"ListItem\",\"position\":1,\"name\":\"In\u00edcio\",\"item\":\"https:\/\/www.notibras.com\/site\/\"},{\"@type\":\"ListItem\",\"position\":2,\"name\":\"Paran\u00e1 supera dificuldades e afunda o Vila Nova no Campanema\"}]},{\"@type\":\"WebSite\",\"@id\":\"https:\/\/www.notibras.com\/site\/#website\",\"url\":\"https:\/\/www.notibras.com\/site\/\",\"name\":\"Notibras\",\"description\":\"Not\u00edcias de Bras\u00edlia, do Brasil e do Mundo\",\"publisher\":{\"@id\":\"https:\/\/www.notibras.com\/site\/#organization\"},\"potentialAction\":[{\"@type\":\"SearchAction\",\"target\":{\"@type\":\"EntryPoint\",\"urlTemplate\":\"https:\/\/www.notibras.com\/site\/?s={search_term_string}\"},\"query-input\":{\"@type\":\"PropertyValueSpecification\",\"valueRequired\":true,\"valueName\":\"search_term_string\"}}],\"inLanguage\":\"pt-BR\"},{\"@type\":\"Organization\",\"@id\":\"https:\/\/www.notibras.com\/site\/#organization\",\"name\":\"Grupo Notibras de Comunica\u00e7\u00e3o\",\"url\":\"https:\/\/www.notibras.com\/site\/\",\"logo\":{\"@type\":\"ImageObject\",\"inLanguage\":\"pt-BR\",\"@id\":\"https:\/\/www.notibras.com\/site\/#\/schema\/logo\/image\/\",\"url\":\"https:\/\/www.notibras.com\/site\/wp-content\/uploads\/2023\/01\/notibras23.png\",\"contentUrl\":\"https:\/\/www.notibras.com\/site\/wp-content\/uploads\/2023\/01\/notibras23.png\",\"width\":350,\"height\":87,\"caption\":\"Grupo Notibras de Comunica\u00e7\u00e3o\"},\"image\":{\"@id\":\"https:\/\/www.notibras.com\/site\/#\/schema\/logo\/image\/\"},\"sameAs\":[\"https:\/\/www.facebook.com\/notibras\/\",\"https:\/\/x.com\/Notibras\",\"https:\/\/www.instagram.com\/notibras\/\"]},{\"@type\":\"Person\",\"@id\":\"https:\/\/www.notibras.com\/site\/#\/schema\/person\/36ab0979449956132d3e5b517ea76ac8\",\"name\":\"Reda\u00e7\u00e3o\",\"image\":{\"@type\":\"ImageObject\",\"inLanguage\":\"pt-BR\",\"@id\":\"https:\/\/secure.gravatar.com\/avatar\/e0a867bdedb85fd243eadf09663511f96fc81e0720a4a42581f334ad4303aa6b?s=96&d=mm&r=g\",\"url\":\"https:\/\/secure.gravatar.com\/avatar\/e0a867bdedb85fd243eadf09663511f96fc81e0720a4a42581f334ad4303aa6b?s=96&d=mm&r=g\",\"contentUrl\":\"https:\/\/secure.gravatar.com\/avatar\/e0a867bdedb85fd243eadf09663511f96fc81e0720a4a42581f334ad4303aa6b?s=96&d=mm&r=g\",\"caption\":\"Reda\u00e7\u00e3o\"}}]}<\/script>\n<!-- \/ Yoast SEO plugin. -->","yoast_head_json":{"title":"Paran\u00e1 supera dificuldades e afunda o Vila Nova no Campanema - Notibras","robots":{"index":"index","follow":"follow","max-snippet":"max-snippet:-1","max-image-preview":"max-image-preview:large","max-video-preview":"max-video-preview:-1"},"canonical":"https:\/\/www.notibras.com\/site\/parana-supera-dificuldades-e-afunda-o-vila-nova-no-campanema\/","og_locale":"pt_BR","og_type":"article","og_title":"Paran\u00e1 supera dificuldades e afunda o Vila Nova no Campanema - Notibras","og_description":"O Paran\u00e1 Clube voltou a vencer diante de sua torcida na Vila Capanema e fez sua parte para sair da zona de rebaixamento da S\u00e9rie B do Campeonato Brasileiro ao passar pelo lanterna Vila Nova, por 3 a 1. Com o resultado, os paranaenses chegar\u00e3o \u00e0 16\u00aa coloca\u00e7\u00e3o, com 16 pontos ganhos, e ter\u00e3o uma [&hellip;]","og_url":"https:\/\/www.notibras.com\/site\/parana-supera-dificuldades-e-afunda-o-vila-nova-no-campanema\/","og_site_name":"Notibras","article_publisher":"https:\/\/www.facebook.com\/notibras\/","article_published_time":"2014-08-09T22:26:25+00:00","article_modified_time":"2014-08-09T23:29:34+00:00","og_image":[{"width":500,"height":370,"url":"https:\/\/www.notibras.com\/site\/wp-content\/uploads\/2014\/08\/giancarlo210514.jpg","type":"image\/jpeg"}],"author":"Reda\u00e7\u00e3o","twitter_card":"summary_large_image","twitter_creator":"@Notibras","twitter_site":"@Notibras","twitter_misc":{"Escrito por":"Reda\u00e7\u00e3o","Est. tempo de leitura":"1 minuto"},"schema":{"@context":"https:\/\/schema.org","@graph":[{"@type":"Article","@id":"https:\/\/www.notibras.com\/site\/parana-supera-dificuldades-e-afunda-o-vila-nova-no-campanema\/#article","isPartOf":{"@id":"https:\/\/www.notibras.com\/site\/parana-supera-dificuldades-e-afunda-o-vila-nova-no-campanema\/"},"author":{"name":"Reda\u00e7\u00e3o","@id":"https:\/\/www.notibras.com\/site\/#\/schema\/person\/36ab0979449956132d3e5b517ea76ac8"},"headline":"Paran\u00e1 supera dificuldades e afunda o Vila Nova no Campanema","datePublished":"2014-08-09T22:26:25+00:00","dateModified":"2014-08-09T23:29:34+00:00","mainEntityOfPage":{"@id":"https:\/\/www.notibras.com\/site\/parana-supera-dificuldades-e-afunda-o-vila-nova-no-campanema\/"},"wordCount":290,"commentCount":0,"publisher":{"@id":"https:\/\/www.notibras.com\/site\/#organization"},"image":{"@id":"https:\/\/www.notibras.com\/site\/parana-supera-dificuldades-e-afunda-o-vila-nova-no-campanema\/#primaryimage"},"thumbnailUrl":"https:\/\/www.notibras.com\/site\/wp-content\/uploads\/2014\/08\/giancarlo210514.jpg","articleSection":["Esportes","Futebol"],"inLanguage":"pt-BR","potentialAction":[{"@type":"CommentAction","name":"Comment","target":["https:\/\/www.notibras.com\/site\/parana-supera-dificuldades-e-afunda-o-vila-nova-no-campanema\/#respond"]}]},{"@type":"WebPage","@id":"https:\/\/www.notibras.com\/site\/parana-supera-dificuldades-e-afunda-o-vila-nova-no-campanema\/","url":"https:\/\/www.notibras.com\/site\/parana-supera-dificuldades-e-afunda-o-vila-nova-no-campanema\/","name":"Paran\u00e1 supera dificuldades e afunda o Vila Nova no Campanema - Notibras","isPartOf":{"@id":"https:\/\/www.notibras.com\/site\/#website"},"primaryImageOfPage":{"@id":"https:\/\/www.notibras.com\/site\/parana-supera-dificuldades-e-afunda-o-vila-nova-no-campanema\/#primaryimage"},"image":{"@id":"https:\/\/www.notibras.com\/site\/parana-supera-dificuldades-e-afunda-o-vila-nova-no-campanema\/#primaryimage"},"thumbnailUrl":"https:\/\/www.notibras.com\/site\/wp-content\/uploads\/2014\/08\/giancarlo210514.jpg","datePublished":"2014-08-09T22:26:25+00:00","dateModified":"2014-08-09T23:29:34+00:00","breadcrumb":{"@id":"https:\/\/www.notibras.com\/site\/parana-supera-dificuldades-e-afunda-o-vila-nova-no-campanema\/#breadcrumb"},"inLanguage":"pt-BR","potentialAction":[{"@type":"ReadAction","target":["https:\/\/www.notibras.com\/site\/parana-supera-dificuldades-e-afunda-o-vila-nova-no-campanema\/"]}]},{"@type":"ImageObject","inLanguage":"pt-BR","@id":"https:\/\/www.notibras.com\/site\/parana-supera-dificuldades-e-afunda-o-vila-nova-no-campanema\/#primaryimage","url":"https:\/\/www.notibras.com\/site\/wp-content\/uploads\/2014\/08\/giancarlo210514.jpg","contentUrl":"https:\/\/www.notibras.com\/site\/wp-content\/uploads\/2014\/08\/giancarlo210514.jpg","width":500,"height":370},{"@type":"BreadcrumbList","@id":"https:\/\/www.notibras.com\/site\/parana-supera-dificuldades-e-afunda-o-vila-nova-no-campanema\/#breadcrumb","itemListElement":[{"@type":"ListItem","position":1,"name":"In\u00edcio","item":"https:\/\/www.notibras.com\/site\/"},{"@type":"ListItem","position":2,"name":"Paran\u00e1 supera dificuldades e afunda o Vila Nova no Campanema"}]},{"@type":"WebSite","@id":"https:\/\/www.notibras.com\/site\/#website","url":"https:\/\/www.notibras.com\/site\/","name":"Notibras","description":"Not\u00edcias de Bras\u00edlia, do Brasil e do Mundo","publisher":{"@id":"https:\/\/www.notibras.com\/site\/#organization"},"potentialAction":[{"@type":"SearchAction","target":{"@type":"EntryPoint","urlTemplate":"https:\/\/www.notibras.com\/site\/?s={search_term_string}"},"query-input":{"@type":"PropertyValueSpecification","valueRequired":true,"valueName":"search_term_string"}}],"inLanguage":"pt-BR"},{"@type":"Organization","@id":"https:\/\/www.notibras.com\/site\/#organization","name":"Grupo Notibras de Comunica\u00e7\u00e3o","url":"https:\/\/www.notibras.com\/site\/","logo":{"@type":"ImageObject","inLanguage":"pt-BR","@id":"https:\/\/www.notibras.com\/site\/#\/schema\/logo\/image\/","url":"https:\/\/www.notibras.com\/site\/wp-content\/uploads\/2023\/01\/notibras23.png","contentUrl":"https:\/\/www.notibras.com\/site\/wp-content\/uploads\/2023\/01\/notibras23.png","width":350,"height":87,"caption":"Grupo Notibras de Comunica\u00e7\u00e3o"},"image":{"@id":"https:\/\/www.notibras.com\/site\/#\/schema\/logo\/image\/"},"sameAs":["https:\/\/www.facebook.com\/notibras\/","https:\/\/x.com\/Notibras","https:\/\/www.instagram.com\/notibras\/"]},{"@type":"Person","@id":"https:\/\/www.notibras.com\/site\/#\/schema\/person\/36ab0979449956132d3e5b517ea76ac8","name":"Reda\u00e7\u00e3o","image":{"@type":"ImageObject","inLanguage":"pt-BR","@id":"https:\/\/secure.gravatar.com\/avatar\/e0a867bdedb85fd243eadf09663511f96fc81e0720a4a42581f334ad4303aa6b?s=96&d=mm&r=g","url":"https:\/\/secure.gravatar.com\/avatar\/e0a867bdedb85fd243eadf09663511f96fc81e0720a4a42581f334ad4303aa6b?s=96&d=mm&r=g","contentUrl":"https:\/\/secure.gravatar.com\/avatar\/e0a867bdedb85fd243eadf09663511f96fc81e0720a4a42581f334ad4303aa6b?s=96&d=mm&r=g","caption":"Reda\u00e7\u00e3o"}}]}},"amp_enabled":true,"_links":{"self":[{"href":"https:\/\/www.notibras.com\/site\/wp-json\/wp\/v2\/posts\/19001","targetHints":{"allow":["GET"]}}],"collection":[{"href":"https:\/\/www.notibras.com\/site\/wp-json\/wp\/v2\/posts"}],"about":[{"href":"https:\/\/www.notibras.com\/site\/wp-json\/wp\/v2\/types\/post"}],"author":[{"embeddable":true,"href":"https:\/\/www.notibras.com\/site\/wp-json\/wp\/v2\/users\/2"}],"replies":[{"embeddable":true,"href":"https:\/\/www.notibras.com\/site\/wp-json\/wp\/v2\/comments?post=19001"}],"version-history":[{"count":0,"href":"https:\/\/www.notibras.com\/site\/wp-json\/wp\/v2\/posts\/19001\/revisions"}],"wp:featuredmedia":[{"embeddable":true,"href":"https:\/\/www.notibras.com\/site\/wp-json\/wp\/v2\/media\/19002"}],"wp:attachment":[{"href":"https:\/\/www.notibras.com\/site\/wp-json\/wp\/v2\/media?parent=19001"}],"wp:term":[{"taxonomy":"category","embeddable":true,"href":"https:\/\/www.notibras.com\/site\/wp-json\/wp\/v2\/categories?post=19001"},{"taxonomy":"post_tag","embeddable":true,"href":"https:\/\/www.notibras.com\/site\/wp-json\/wp\/v2\/tags?post=19001"}],"curies":[{"name":"wp","href":"https:\/\/api.w.org\/{rel}","templated":true}]}}