{"id":19056,"date":"2014-08-10T18:40:54","date_gmt":"2014-08-10T21:40:54","guid":{"rendered":"http:\/\/www.notibras.com\/site\/?p=19056"},"modified":"2014-08-10T21:54:16","modified_gmt":"2014-08-11T00:54:16","slug":"estudo-da-usp-adverte-para-morte-de-256-mil-paulistas-por-poluicao","status":"publish","type":"post","link":"https:\/\/www.notibras.com\/site\/estudo-da-usp-adverte-para-morte-de-256-mil-paulistas-por-poluicao\/","title":{"rendered":"Estudo da USP adverte para risco de morte de 256 mil por polui\u00e7\u00e3o"},"content":{"rendered":"<p>Um estudo realizado pelo Instituto Sa\u00fade e Sustentabilidade, com profissionais da Universidade de S\u00e3o Paulo (USP), estima que a polui\u00e7\u00e3o atmosf\u00e9rica vai matar at\u00e9 256 mil pessoas nos pr\u00f3ximos 16 anos no Estado de S\u00e3o Paulo.<\/p>\n<p>Segundo o estudo, nesse per\u00edodo a concentra\u00e7\u00e3o de material particulado no ar ainda provocar\u00e1 a interna\u00e7\u00e3o de 1 milh\u00e3o de pessoas e um gasto p\u00fablico estimado em R$ 1,5 bilh\u00e3o. Cerca de 25% das mortes &#8211; 59 mil &#8211; ocorrer\u00e3o na capital paulista.<\/p>\n<blockquote>\n<p class=\"text\">No atual cen\u00e1rio, segundo o estudo, a polui\u00e7\u00e3o vai matar at\u00e9 seis vezes mais do que a Aids e tr\u00eas vezes mais do que acidentes de tr\u00e2nsito e c\u00e2ncer de mamas.<\/p>\n<\/blockquote>\n<p class=\"text\">Entre as causas mais prov\u00e1veis de mortes provocadas pela polui\u00e7\u00e3o, o c\u00e2ncer poder\u00e1 ser respons\u00e1vel por quase 30 mil casos at\u00e9 2030 em toda a cidade de S\u00e3o Paulo. Bronquite, Asmas e outras doen\u00e7as respirat\u00f3rias agravadas pela polui\u00e7\u00e3o podem representar outras 93 mil mortes.<\/p>\n","protected":false},"excerpt":{"rendered":"<p>Um estudo realizado pelo Instituto Sa\u00fade e Sustentabilidade, com profissionais da Universidade de S\u00e3o Paulo (USP), estima que a polui\u00e7\u00e3o atmosf\u00e9rica vai matar at\u00e9 256 mil pessoas nos pr\u00f3ximos 16 anos no Estado de S\u00e3o Paulo. Segundo o estudo, nesse per\u00edodo a concentra\u00e7\u00e3o de material particulado no ar ainda provocar\u00e1 a interna\u00e7\u00e3o de 1 milh\u00e3o [&hellip;]<\/p>\n","protected":false},"author":2,"featured_media":19057,"comment_status":"open","ping_status":"closed","sticky":false,"template":"","format":"standard","meta":{"_acf_changed":false,"footnotes":""},"categories":[24],"tags":[],"class_list":["post-19056","post","type-post","status-publish","format-standard","has-post-thumbnail","hentry","category-sao-paulo"],"acf":[],"_links":{"self":[{"href":"https:\/\/www.notibras.com\/site\/wp-json\/wp\/v2\/posts\/19056","targetHints":{"allow":["GET"]}}],"collection":[{"href":"https:\/\/www.notibras.com\/site\/wp-json\/wp\/v2\/posts"}],"about":[{"href":"https:\/\/www.notibras.com\/site\/wp-json\/wp\/v2\/types\/post"}],"author":[{"embeddable":true,"href":"https:\/\/www.notibras.com\/site\/wp-json\/wp\/v2\/users\/2"}],"replies":[{"embeddable":true,"href":"https:\/\/www.notibras.com\/site\/wp-json\/wp\/v2\/comments?post=19056"}],"version-history":[{"count":0,"href":"https:\/\/www.notibras.com\/site\/wp-json\/wp\/v2\/posts\/19056\/revisions"}],"wp:featuredmedia":[{"embeddable":true,"href":"https:\/\/www.notibras.com\/site\/wp-json\/wp\/v2\/media\/19057"}],"wp:attachment":[{"href":"https:\/\/www.notibras.com\/site\/wp-json\/wp\/v2\/media?parent=19056"}],"wp:term":[{"taxonomy":"category","embeddable":true,"href":"https:\/\/www.notibras.com\/site\/wp-json\/wp\/v2\/categories?post=19056"},{"taxonomy":"post_tag","embeddable":true,"href":"https:\/\/www.notibras.com\/site\/wp-json\/wp\/v2\/tags?post=19056"}],"curies":[{"name":"wp","href":"https:\/\/api.w.org\/{rel}","templated":true}]}}