{"id":19064,"date":"2014-08-10T21:29:26","date_gmt":"2014-08-11T00:29:26","guid":{"rendered":"http:\/\/www.notibras.com\/site\/?p=19064"},"modified":"2016-07-30T16:58:22","modified_gmt":"2016-07-30T19:58:22","slug":"cratera-do-fim-do-mundo-serve-de-alerta-para-aquecimentoo-planeta","status":"publish","type":"post","link":"https:\/\/www.notibras.com\/site\/cratera-do-fim-do-mundo-serve-de-alerta-para-aquecimentoo-planeta\/","title":{"rendered":"Cratera do Fim do Mundo serve de alerta para aquecimento do planeta"},"content":{"rendered":"<p>A conhecida &#8220;cratera do fim do mundo&#8221;, que se formou no norte da Sib\u00e9ria e cuja imagem atraiu mais de nove milh\u00f5es de visitas no YouTube, n\u00e3o \u00e9 \u00fanica e \u00e9 um fen\u00f4meno natural que corrobora a mudan\u00e7a clim\u00e1tica, segundo os cientistas.<\/p>\n<p>&#8220;A cratera confirma que a mudan\u00e7a clim\u00e1tica \u00e9 real. O extraordin\u00e1rio \u00e9 que este fen\u00f4meno, \u00e0 vista natural, tenha ocorrido em um espa\u00e7o de tempo t\u00e3o curto, perante nossos olhos&#8221;, comentou \u00e0 Ag\u00eancia Efe Leonid Rijvanov, doutor em Geologia pela Universidade de Tomsk.<\/p>\n<p>Normalmente, os fen\u00f4menos geol\u00f3gicos s\u00e3o resultado de processos de centenas ou milhares de anos, mas os &#8220;buracos negros&#8221;, como tamb\u00e9m s\u00e3o conhecidas as crateras aparecidas na pen\u00ednsula de Jamal (que significa &#8220;Fim da Terra&#8221; em l\u00edngua abor\u00edgine) s\u00e3o relativamente recentes.<\/p>\n<blockquote><p>&#8220;S\u00e3o consequ\u00eancia direta do aquecimento de nosso planeta, que provoca o derretimento dos gelo perp\u00e9tuos que cobrem a tundra siberiana. Por\u00e9m n\u00e3o \u00e9 algo catastr\u00f3fico, j\u00e1 que a Sib\u00e9ria \u00e9 um lugar muito sens\u00edvel \u00e0s mudan\u00e7as&#8221;, afirmou.<\/p><\/blockquote>\n<p>Rijvanov lembrou que o gelo cont\u00e9m g\u00e1s e, quando se reduz a espessura da superf\u00edcie gelada, esse g\u00e1s sai disparado como se tratasse de fumarolas nas zonas vulc\u00e2nicas e cria esses buracos com formas t\u00e3o perfeitas, que parecem feitas pelo homem, por extraterrestres ou um meteorito, como se comenta nas redes sociais.<\/p>\n<p>A famosa cratera, que se encontra a cerca de 30 quil\u00f4metros da cidade de Bovanenkovo, cativou especialistas e ne\u00f3fitos por seu tamanho &#8211; mais de 60 metros de di\u00e2metro e 20 de grossura em sua boca.<\/p>\n<p>O fato de que perto do buraco se encontre uma das maiores jazidas de petr\u00f3leo e g\u00e1s da R\u00fassia, e que seu operador seja a gigante Gazprom inquietou os ecologistas, mas a passagem dos dias parece ter acalmado os \u00e2nimos dos mais exaltados.<\/p>\n","protected":false},"excerpt":{"rendered":"<p>A conhecida &#8220;cratera do fim do mundo&#8221;, que se formou no norte da Sib\u00e9ria e cuja imagem atraiu mais de nove milh\u00f5es de visitas no YouTube, n\u00e3o \u00e9 \u00fanica e \u00e9 um fen\u00f4meno natural que corrobora a mudan\u00e7a clim\u00e1tica, segundo os cientistas. &#8220;A cratera confirma que a mudan\u00e7a clim\u00e1tica \u00e9 real. O extraordin\u00e1rio \u00e9 que [&hellip;]<\/p>\n","protected":false},"author":2,"featured_media":19065,"comment_status":"open","ping_status":"closed","sticky":false,"template":"","format":"standard","meta":{"_acf_changed":false,"footnotes":""},"categories":[71],"tags":[],"class_list":["post-19064","post","type-post","status-publish","format-standard","has-post-thumbnail","hentry","category-curiosidades"],"acf":[],"_links":{"self":[{"href":"https:\/\/www.notibras.com\/site\/wp-json\/wp\/v2\/posts\/19064","targetHints":{"allow":["GET"]}}],"collection":[{"href":"https:\/\/www.notibras.com\/site\/wp-json\/wp\/v2\/posts"}],"about":[{"href":"https:\/\/www.notibras.com\/site\/wp-json\/wp\/v2\/types\/post"}],"author":[{"embeddable":true,"href":"https:\/\/www.notibras.com\/site\/wp-json\/wp\/v2\/users\/2"}],"replies":[{"embeddable":true,"href":"https:\/\/www.notibras.com\/site\/wp-json\/wp\/v2\/comments?post=19064"}],"version-history":[{"count":1,"href":"https:\/\/www.notibras.com\/site\/wp-json\/wp\/v2\/posts\/19064\/revisions"}],"predecessor-version":[{"id":110016,"href":"https:\/\/www.notibras.com\/site\/wp-json\/wp\/v2\/posts\/19064\/revisions\/110016"}],"wp:featuredmedia":[{"embeddable":true,"href":"https:\/\/www.notibras.com\/site\/wp-json\/wp\/v2\/media\/19065"}],"wp:attachment":[{"href":"https:\/\/www.notibras.com\/site\/wp-json\/wp\/v2\/media?parent=19064"}],"wp:term":[{"taxonomy":"category","embeddable":true,"href":"https:\/\/www.notibras.com\/site\/wp-json\/wp\/v2\/categories?post=19064"},{"taxonomy":"post_tag","embeddable":true,"href":"https:\/\/www.notibras.com\/site\/wp-json\/wp\/v2\/tags?post=19064"}],"curies":[{"name":"wp","href":"https:\/\/api.w.org\/{rel}","templated":true}]}}