{"id":19073,"date":"2014-08-10T21:46:34","date_gmt":"2014-08-11T00:46:34","guid":{"rendered":"http:\/\/www.notibras.com\/site\/?p=19073"},"modified":"2014-08-11T18:18:22","modified_gmt":"2014-08-11T21:18:22","slug":"paciente-algemado-tem-surto-psicotico-e-assume-direcao-de-ambulancia","status":"publish","type":"post","link":"https:\/\/www.notibras.com\/site\/paciente-algemado-tem-surto-psicotico-e-assume-direcao-de-ambulancia\/","title":{"rendered":"Paciente tem surto psic\u00f3tico e sai dirigindo ambul\u00e2ncia"},"content":{"rendered":"<p>A Pol\u00edcia Rodovi\u00e1ria Federal (PRF) precisou parar um homem que, mesmo algemado, conseguiu dirigir uma ambul\u00e2ncia no s\u00e1bado (9), na BR-101, em Os\u00f3rio, no Litoral Norte do Rio Grande do Sul.<\/p>\n<p>O paciente de 35 anos conduziu o ve\u00edculo por cerca de 80 metros no acostamento da rodovia at\u00e9 ser contido pelos policiais.<\/p>\n<p>Segundo a PRF, a equipe foi acionada para ajudar a controlar o homem que, conforme a fam\u00edlia, sofre de depress\u00e3o e estava em um surto psic\u00f3tico. Ele foi algemado e colocado na parte traseira de uma ambul\u00e2ncia do Servi\u00e7o M\u00f3vel de Atendimento de Urg\u00eancia (Samu). Por\u00e9m, no momento em que os enfermeiros e os policiais realizavam tr\u00e2mites da ocorr\u00eancia, ele assumiu o volante.<\/p>\n<blockquote><p>\u201cEles pararam no posto da Pol\u00edcia Rodovi\u00e1ria Federal para assinar documentos, coisas da ocorr\u00eancia, e aproveitaram que ele tinha se acalmado. Ent\u00e3o, ele ficou sozinho na parte de tr\u00e1s. Ele saiu acelerando o ve\u00edculo, mas estava com o freio de m\u00e3o puxado, ent\u00e3o o policial conseguiu conter pela janela\u201d, contou o chefe de comunica\u00e7\u00e3o da PRF no RS, Alessandro Castro.<\/p><\/blockquote>\n<p>O homem foi encaminhado a um hospital de Porto Alegre. De acordo com a PRF, uma ocorr\u00eancia foi registrada na Pol\u00edcia Civil por tentativa de roubo de ve\u00edculo p\u00fablico.<\/p>\n","protected":false},"excerpt":{"rendered":"<p>A Pol\u00edcia Rodovi\u00e1ria Federal (PRF) precisou parar um homem que, mesmo algemado, conseguiu dirigir uma ambul\u00e2ncia no s\u00e1bado (9), na BR-101, em Os\u00f3rio, no Litoral Norte do Rio Grande do Sul. O paciente de 35 anos conduziu o ve\u00edculo por cerca de 80 metros no acostamento da rodovia at\u00e9 ser contido pelos policiais. Segundo a [&hellip;]<\/p>\n","protected":false},"author":2,"featured_media":19074,"comment_status":"open","ping_status":"closed","sticky":false,"template":"","format":"standard","meta":{"_acf_changed":false,"footnotes":""},"categories":[16],"tags":[],"class_list":["post-19073","post","type-post","status-publish","format-standard","has-post-thumbnail","hentry","category-brasil"],"acf":[],"_links":{"self":[{"href":"https:\/\/www.notibras.com\/site\/wp-json\/wp\/v2\/posts\/19073","targetHints":{"allow":["GET"]}}],"collection":[{"href":"https:\/\/www.notibras.com\/site\/wp-json\/wp\/v2\/posts"}],"about":[{"href":"https:\/\/www.notibras.com\/site\/wp-json\/wp\/v2\/types\/post"}],"author":[{"embeddable":true,"href":"https:\/\/www.notibras.com\/site\/wp-json\/wp\/v2\/users\/2"}],"replies":[{"embeddable":true,"href":"https:\/\/www.notibras.com\/site\/wp-json\/wp\/v2\/comments?post=19073"}],"version-history":[{"count":0,"href":"https:\/\/www.notibras.com\/site\/wp-json\/wp\/v2\/posts\/19073\/revisions"}],"wp:featuredmedia":[{"embeddable":true,"href":"https:\/\/www.notibras.com\/site\/wp-json\/wp\/v2\/media\/19074"}],"wp:attachment":[{"href":"https:\/\/www.notibras.com\/site\/wp-json\/wp\/v2\/media?parent=19073"}],"wp:term":[{"taxonomy":"category","embeddable":true,"href":"https:\/\/www.notibras.com\/site\/wp-json\/wp\/v2\/categories?post=19073"},{"taxonomy":"post_tag","embeddable":true,"href":"https:\/\/www.notibras.com\/site\/wp-json\/wp\/v2\/tags?post=19073"}],"curies":[{"name":"wp","href":"https:\/\/api.w.org\/{rel}","templated":true}]}}