{"id":19082,"date":"2014-08-10T23:36:10","date_gmt":"2014-08-11T02:36:10","guid":{"rendered":"http:\/\/www.notibras.com\/site\/?p=19082"},"modified":"2014-08-10T23:36:10","modified_gmt":"2014-08-11T02:36:10","slug":"etica-jornalistica-fonte-corrupta-e-a-queda-da-mascara","status":"publish","type":"post","link":"https:\/\/www.notibras.com\/site\/etica-jornalistica-fonte-corrupta-e-a-queda-da-mascara\/","title":{"rendered":"\u00c9tica jornal\u00edstica, fonte corrupta e a queda da m\u00e1scara"},"content":{"rendered":"<p>A fonte, pela \u00e9tica jornal\u00edstica, ser\u00e1 preservada a qualquer pre\u00e7o. Mas cabe ao jornalista dizer \u00e0 mesma fonte, que n\u00e3o pode ser usado, por suas mat\u00e9rias, para achacar denunciados. Escrever a verdade \u00e9 sin\u00f4nimo de indignidade. Mas tomar a verdade para si, e dela usufruir, \u00e9 crime. E pode levar a um novo filme onde as m\u00e1scaras cair\u00e3o.<\/p>\n","protected":false},"excerpt":{"rendered":"<p>A fonte, pela \u00e9tica jornal\u00edstica, ser\u00e1 preservada a qualquer pre\u00e7o. Mas cabe ao jornalista dizer \u00e0 mesma fonte, que n\u00e3o pode ser usado, por suas mat\u00e9rias, para achacar denunciados. Escrever a verdade \u00e9 sin\u00f4nimo de indignidade. Mas tomar a verdade para si, e dela usufruir, \u00e9 crime. E pode levar a um novo filme onde [&hellip;]<\/p>\n","protected":false},"author":2,"featured_media":19083,"comment_status":"open","ping_status":"closed","sticky":false,"template":"","format":"standard","meta":{"_acf_changed":false,"footnotes":""},"categories":[26],"tags":[],"class_list":["post-19082","post","type-post","status-publish","format-standard","has-post-thumbnail","hentry","category-eleicoes-2022"],"acf":[],"_links":{"self":[{"href":"https:\/\/www.notibras.com\/site\/wp-json\/wp\/v2\/posts\/19082","targetHints":{"allow":["GET"]}}],"collection":[{"href":"https:\/\/www.notibras.com\/site\/wp-json\/wp\/v2\/posts"}],"about":[{"href":"https:\/\/www.notibras.com\/site\/wp-json\/wp\/v2\/types\/post"}],"author":[{"embeddable":true,"href":"https:\/\/www.notibras.com\/site\/wp-json\/wp\/v2\/users\/2"}],"replies":[{"embeddable":true,"href":"https:\/\/www.notibras.com\/site\/wp-json\/wp\/v2\/comments?post=19082"}],"version-history":[{"count":0,"href":"https:\/\/www.notibras.com\/site\/wp-json\/wp\/v2\/posts\/19082\/revisions"}],"wp:featuredmedia":[{"embeddable":true,"href":"https:\/\/www.notibras.com\/site\/wp-json\/wp\/v2\/media\/19083"}],"wp:attachment":[{"href":"https:\/\/www.notibras.com\/site\/wp-json\/wp\/v2\/media?parent=19082"}],"wp:term":[{"taxonomy":"category","embeddable":true,"href":"https:\/\/www.notibras.com\/site\/wp-json\/wp\/v2\/categories?post=19082"},{"taxonomy":"post_tag","embeddable":true,"href":"https:\/\/www.notibras.com\/site\/wp-json\/wp\/v2\/tags?post=19082"}],"curies":[{"name":"wp","href":"https:\/\/api.w.org\/{rel}","templated":true}]}}