{"id":19085,"date":"2014-08-10T23:38:45","date_gmt":"2014-08-11T02:38:45","guid":{"rendered":"http:\/\/www.notibras.com\/site\/?p=19085"},"modified":"2014-08-10T23:38:45","modified_gmt":"2014-08-11T02:38:45","slug":"o-valor-da-verdade-e-o-preco-de-quem-dela-procura-usufruir","status":"publish","type":"post","link":"https:\/\/www.notibras.com\/site\/o-valor-da-verdade-e-o-preco-de-quem-dela-procura-usufruir\/","title":{"rendered":"O valor da verdade e o pre\u00e7o de quem dela procura usufruir"},"content":{"rendered":"<p>\u00c0 medida em que as den\u00fancias iam sendo veiculadas, fora levantadas logo sepultadas. Apesar disso, chegou o momento de lembrar que jornalista n\u00e3o pode valer-se da sua condi\u00e7\u00e3o para obter vantagens pessoais. Tem por obriga\u00e7\u00e3o manter suas fontes no anonimato. Mas n\u00e3o pode aceitar que essas mesmas fontes usufruam vantagens, fiduci\u00e1rias ou n\u00e3o, em fun\u00e7\u00e3o das informa\u00e7\u00f5es prestadas.<\/p>\n","protected":false},"excerpt":{"rendered":"<p>\u00c0 medida em que as den\u00fancias iam sendo veiculadas, fora levantadas logo sepultadas. Apesar disso, chegou o momento de lembrar que jornalista n\u00e3o pode valer-se da sua condi\u00e7\u00e3o para obter vantagens pessoais. Tem por obriga\u00e7\u00e3o manter suas fontes no anonimato. Mas n\u00e3o pode aceitar que essas mesmas fontes usufruam vantagens, fiduci\u00e1rias ou n\u00e3o, em fun\u00e7\u00e3o [&hellip;]<\/p>\n","protected":false},"author":2,"featured_media":19086,"comment_status":"open","ping_status":"closed","sticky":false,"template":"","format":"standard","meta":{"_acf_changed":false,"footnotes":""},"categories":[26],"tags":[],"class_list":["post-19085","post","type-post","status-publish","format-standard","has-post-thumbnail","hentry","category-eleicoes-2022"],"acf":[],"_links":{"self":[{"href":"https:\/\/www.notibras.com\/site\/wp-json\/wp\/v2\/posts\/19085","targetHints":{"allow":["GET"]}}],"collection":[{"href":"https:\/\/www.notibras.com\/site\/wp-json\/wp\/v2\/posts"}],"about":[{"href":"https:\/\/www.notibras.com\/site\/wp-json\/wp\/v2\/types\/post"}],"author":[{"embeddable":true,"href":"https:\/\/www.notibras.com\/site\/wp-json\/wp\/v2\/users\/2"}],"replies":[{"embeddable":true,"href":"https:\/\/www.notibras.com\/site\/wp-json\/wp\/v2\/comments?post=19085"}],"version-history":[{"count":0,"href":"https:\/\/www.notibras.com\/site\/wp-json\/wp\/v2\/posts\/19085\/revisions"}],"wp:featuredmedia":[{"embeddable":true,"href":"https:\/\/www.notibras.com\/site\/wp-json\/wp\/v2\/media\/19086"}],"wp:attachment":[{"href":"https:\/\/www.notibras.com\/site\/wp-json\/wp\/v2\/media?parent=19085"}],"wp:term":[{"taxonomy":"category","embeddable":true,"href":"https:\/\/www.notibras.com\/site\/wp-json\/wp\/v2\/categories?post=19085"},{"taxonomy":"post_tag","embeddable":true,"href":"https:\/\/www.notibras.com\/site\/wp-json\/wp\/v2\/tags?post=19085"}],"curies":[{"name":"wp","href":"https:\/\/api.w.org\/{rel}","templated":true}]}}