{"id":19096,"date":"2014-08-11T08:41:42","date_gmt":"2014-08-11T11:41:42","guid":{"rendered":"http:\/\/www.notibras.com\/site\/?p=19096"},"modified":"2014-08-11T08:41:42","modified_gmt":"2014-08-11T11:41:42","slug":"rollemberg-ataca-governo-agnelo-e-fala-em-eleicao-de-administradores","status":"publish","type":"post","link":"https:\/\/www.notibras.com\/site\/rollemberg-ataca-governo-agnelo-e-fala-em-eleicao-de-administradores\/","title":{"rendered":"Rollemberg ataca governo Agnelo e fala em elei\u00e7\u00e3o de administradores"},"content":{"rendered":"<p>O senador Rodrigo Rollemberg (DF), candidato ao Pal\u00e1cio do Buriti no pleito de outubro, defendeu, em entrevista ao Uol, um choque de gest\u00e3o, com elei\u00e7\u00e3o direta para os administradores das 31 regi\u00f5es que comp\u00f5em o Distrito Federal<\/p>\n<p>Os administradores, esp\u00e9cies de &#8220;prefeitos&#8221; do que j\u00e1 foi chamado de cidade-sat\u00e9lite, s\u00e3o hoje escolhidos pelo governador. Na entrevista, Rollemberg defendeu a redu\u00e7\u00e3o de 60% dos cargos comissionados de livre provimento, preenchidos por indica\u00e7\u00e3o, sem concurso p\u00fablico.<\/p>\n<p>Rollemberg n\u00e3o poupa cr\u00edticas \u00e0 atual gest\u00e3o do petista Agnelo Queiroz, de quem era aliado at\u00e9 2013 e com quem rompeu para lan\u00e7ar candidatura pr\u00f3pria.<\/p>\n<p>O pessebista conseguiu articular uma alian\u00e7a com o PDT do deputado federal Reguffe, proporcionalmente o mais votado do pa\u00eds em 2010 e que agora tenta uma vaga no Senado. A coliga\u00e7\u00e3o, que tamb\u00e9m tem o SD e o PSD, poder\u00e1 render frutos a Rollemberg, que tamb\u00e9m espera se beneficiar da alian\u00e7a do seu partido no plano nacional com a ex-senadora Marina Silva, que, em 2010, quando disputou a Presid\u00eancia, teve vota\u00e7\u00e3o expressiva entre o eleitorado de Bras\u00edlia.<\/p>\n<p>Veja trechos da entrevista<\/p>\n<blockquote><p><strong>Quais os principais desafios no Distrito Federal?<\/strong><\/p>\n<p><strong>Rodrigo Rollemberg &#8211; <\/strong>O primeiro desafio \u00e9 de governan\u00e7a e de gest\u00e3o, n\u00f3s estamos vivendo no Distrito Federal um apag\u00e3o de gest\u00e3o. Precisamos combater de forma rigorosa a burocracia. Temos que simplificar, informatizar e dar transpar\u00eancia total aos processos da administra\u00e7\u00e3o p\u00fablica. Nesse sentido, queremos criar um conselho de transpar\u00eancia composto exclusivamente por entidades da sociedade civil, como o Contas Abertas. Queremos que a senha que hoje s\u00f3 os deputados distritais t\u00eam para acessar o or\u00e7amento esteja dispon\u00edvel a qualquer cidad\u00e3o. E n\u00f3s queremos colocar pain\u00e9is nos locais de grande movimento da cidade, como se fosse um di\u00e1rio oficial popular, com informa\u00e7\u00f5es em tempo real dos contratos e conv\u00eanios.<\/p>\n<p><strong>Em uma pesquisa recente do Ibope, sa\u00fade foi apontada por 42% dos entrevistados como a \u00e1rea mais problem\u00e1tica do Distrito Federal. Quais s\u00e3o as suas propostas?<\/strong><\/p>\n<p>O Distrito Federal, segundo o Minist\u00e9rio da Sa\u00fade, est\u00e1 em 20\u00ba lugar entre as 27 unidades da federa\u00e7\u00e3o na qualidade do atendimento em sa\u00fade e apenas 27% da popula\u00e7\u00e3o tem acesso ao Sa\u00fade da Fam\u00edlia, uma das coberturas mais baixas do Brasil. Vamos investir na promo\u00e7\u00e3o da sa\u00fade e na preven\u00e7\u00e3o, contratando agentes comunit\u00e1rios em grande quantidade atrav\u00e9s de concurso p\u00fablico para fazer a preven\u00e7\u00e3o. Queremos melhorar a infraestrutura hospitalar no Distrito Federal, pois a maior necessidade hoje \u00e9 de ter um hospital do c\u00e2ncer. Mas queremos hospitais, queremos UPAs [Unidades de Pronto Atendimento] com m\u00e9dicos trabalhando. N\u00e3o adianta ter um hospital e n\u00e3o ter m\u00e9dico. Isso, em grande parte, \u00e9 gest\u00e3o, porque, pela Organiza\u00e7\u00e3o Mundial da Sa\u00fade, temos m\u00e9dicos suficientes. O problema \u00e9 que eles n\u00e3o est\u00e3o bem alocados.<\/p>\n<p><strong>Quais os planos para a seguran\u00e7a p\u00fablica visando reduzir os \u00edndices de viol\u00eancia e evitar novas &#8220;opera\u00e7\u00f5es Tartaruga&#8221; pelas pol\u00edcias?<\/strong><\/p>\n<p>\u00c9 fundamental motivar os policiais militares, bombeiros e policiais civis, discutindo plano de cargos e sal\u00e1rios que seja poss\u00edvel de ser implementado e que traga melhoria de condi\u00e7\u00f5es de trabalho. Vamos implantar um programa que tem como princ\u00edpios a preven\u00e7\u00e3o, a intelig\u00eancia e o combate ao crime. Iremos dividir o Distrito Federal em regi\u00f5es e criar metas de redu\u00e7\u00e3o para cada regi\u00e3o, com um coordenador escolhido por concurso p\u00fablico para coordenar cada uma. Faremos como em Pernambuco, em que o governador, uma vez por semana, se re\u00fane com toda a equipe do governo, a \u00e1rea de seguran\u00e7a e as demais \u00e1reas, al\u00e9m de representantes do Minist\u00e9rio P\u00fablico e do Tribunal de Justi\u00e7a, para fazer um monitoramento. \u00c9 fundamental tamb\u00e9m retomar o policiamento ostensivo com a pol\u00edcia nas ruas atrav\u00e9s das duplas de &#8220;Cosme e Dami\u00e3o&#8221;, policiamento de motocicleta e policiamento de carro.<\/p>\n<p><strong>E quanto \u00e0 mobilidade urbana?<\/strong><\/p>\n<p>Hoje, a popula\u00e7\u00e3o est\u00e1 extremamente irritada porque est\u00e1 esperando muito tempo pelos \u00f4nibus, al\u00e9m de precisar pegar mais de uma condu\u00e7\u00e3o. Temos tamb\u00e9m que fazer a integra\u00e7\u00e3o dos meios de transporte. Vamos fazer a cria\u00e7\u00e3o da tarifa \u00fanica, n\u00e3o tem sentido uma pessoa que vai pegar dois ou tr\u00eas \u00f4nibus no mesmo per\u00edodo pagar duas ou tr\u00eas passagens. As pessoas t\u00eam que perceber que mobilidade urbana n\u00e3o \u00e9 s\u00f3 obra, \u00e9, sobretudo, um servi\u00e7o e, portanto, a quest\u00e3o da tarifa \u00fanica e da integra\u00e7\u00e3o \u00e9 fundamental.<\/p>\n<p>E temos que ter alternativas para os eixos de mobilidade urbana e que s\u00e3o os eixos de desenvolvimento do Distrito Federal. Por exemplo, na \u00e1rea do Entorno sul, ligando Bras\u00edlia a Luzi\u00e2nia (GO), j\u00e1 temos uma estrada de ferro. A ideia \u00e9 transformar essa linha de ferro, com as adapta\u00e7\u00f5es necess\u00e1rias, em linha de passageiros.<\/p>\n<p><strong>O Est\u00e1dio Man\u00e9 Garrincha foi constru\u00eddo para a Copa do Mundo a um custo de R$ 2 bilh\u00f5es. Que fim pretende dar a ele?<\/strong><\/p>\n<p>Segundo auditores do Tribunal de Contas do Distrito Federal, j\u00e1 foi detectado um superfaturamento de R$ 431 milh\u00f5es. N\u00f3s temos que apurar isso, mas tamb\u00e9m temos que olhar para a frente para ver o que vai acontecer com o est\u00e1dio. N\u00e3o cabe a privatiza\u00e7\u00e3o porque ningu\u00e9m vai pagar o pre\u00e7o gasto. O que tem que ser feito \u00e9 uma pol\u00edtica de concess\u00e3o, com um pre\u00e7o m\u00ednimo a ser pago pela iniciativa privada e um conjunto m\u00ednimo de eventos de pr\u00e1tica esportiva, de car\u00e1ter cultural ao longo dos anos para ser realizado nesse est\u00e1dio e ele ser utilizado para uma pol\u00edtica de incentivo ao turismo. Antes, faremos um debate amplo com a popula\u00e7\u00e3o e, depois, teremos um conselho para fiscalizar e acompanhar essa concess\u00e3o.<\/p>\n<p><strong>De quanto tempo seria a concess\u00e3o?<\/strong><\/p>\n<p>Os t\u00e9cnicos v\u00e3o ter que fazer um estudo da viabilidade econ\u00f4mica que d\u00ea retorno para ambos os lados, que valha a pena para o empres\u00e1rio que for explorar uma concess\u00e3o dessa e, ao mesmo tempo, que d\u00ea retorno do ponto de vista financeiro e de eventos culturais e esportivos para o Distrito Federal.<\/p>\n<p><strong>Como avalia a mudan\u00e7a da sede do governo do Pal\u00e1cio do Buriti para a cidade de Taguatinga, prevista para este semestre?<\/strong><\/p>\n<p>Acho positiva. Hoje, 47% dos empregos do Distrito Federal est\u00e3o concentrados no Plano Piloto e isso faz com que haja um movimento pendular todos os dias, de vinda para c\u00e1 de manh\u00e3 e de volta no final da tarde. Isso ser\u00e1 reduzido com a mudan\u00e7a do centro administrativo, mas \u00e9 muito importante tamb\u00e9m mudarmos o modelo das nossas administra\u00e7\u00f5es regionais.<\/p>\n<p><strong>De que forma?<\/strong><\/p>\n<p>Hoje, temos administra\u00e7\u00f5es regionais em que 100% dos servidores s\u00e3o comissionados, s\u00e3o servidores de livre provimento. Quando muda o administrador, muda 100% da administra\u00e7\u00e3o, n\u00e3o fica nem a mem\u00f3ria da administra\u00e7\u00e3o. Temos muitos administradores que sequer moram nas cidades que administram. A maioria serve mais aos deputados distritais que os indicam do que ao conjunto da popula\u00e7\u00e3o. Precisamos mudar isso, colocando servidores concursados, qualificados e promovendo elei\u00e7\u00e3o direta para os administradores regionais.<\/p>\n<p>No nosso governo, vamos fazer a reorganiza\u00e7\u00e3o das administra\u00e7\u00f5es com servidores efetivos e, em seguida, vamos fazer elei\u00e7\u00e3o direta para administradores regionais. N\u00f3s entendemos que quem tem que escolher os administradores \u00e9 a popula\u00e7\u00e3o da cidade.<\/p>\n<p><strong>Teria que haver mudan\u00e7a de legisla\u00e7\u00e3o, n\u00e3o?<\/strong><\/p>\n<p>Sim, o Tribunal de Justi\u00e7a do Distrito Federal deu um prazo para o governo do DF regulamentar o artigo 6\u00ba da Lei Org\u00e2nica que diz que a lei definir\u00e1 a forma de participa\u00e7\u00e3o popular para a escolha dos administradores regionais. O governo est\u00e1 obrigado a definir e a regulamentar isso.<\/p>\n<p><strong>Acha que pode encontrar resist\u00eancia na C\u00e2mara Legislativa?<\/strong><\/p>\n<p>Essa regulamenta\u00e7\u00e3o depende da C\u00e2mara Legislativa, mas \u00e9 de iniciativa exclusiva do governador do Distrito Federal. [Se] O governo est\u00e1 fazendo as coisas certas e tem o apoio da sociedade, o deputado distrital que ficar contra o governo ter\u00e1 um \u00f4nus muito grande.<\/p>\n<p><strong>E daria tempo de fazer uma elei\u00e7\u00e3o direta para os administradores regionais em um mandato?<\/strong><\/p>\n<p>Depois de fazermos um concurso p\u00fablico e que essas administra\u00e7\u00f5es regionais j\u00e1 estejam com engenheiros, arquitetos com quadro qualificado de servidores concursados, ser\u00e1 poss\u00edvel regulamentar as elei\u00e7\u00f5es diretas e realiz\u00e1-las, se for o caso, no curso do mandato ou no in\u00edcio do pr\u00f3ximo mandato.<\/p>\n<p><strong>Qual \u00e9 o teto m\u00e1ximo para comissionados?<\/strong><\/p>\n<p>O Distrito Federal tem 19.600 cargos comissionados. Vamos manter os cargos comissionados para os servidores p\u00fablicos efetivos porque s\u00e3o gratifica\u00e7\u00f5es que estimulam as pessoas do servi\u00e7o p\u00fablico concursadas que exercem cargo de dire\u00e7\u00e3o. Aqueles de livre provimento, que hoje s\u00e3o 9.223, vamos reduzir em 60% por concursados.<\/p>\n<p><strong>Quantas secretarias julga um n\u00famero ideal?<\/strong><\/p>\n<p>Hoje, temos 38 secretarias ou unidades gestoras com status de secretaria no Distrito Federal. Entendemos que com 15 ou 16 \u00e9 absolutamente poss\u00edvel governar.<\/p>\n<p><strong>Qual a solu\u00e7\u00e3o para as cidades do Entorno do Distrito Federal, que enfrentam uma car\u00eancia maior de estrutura?<\/strong><\/p>\n<p>Historicamente, a regi\u00e3o do Entorno se transformou na regi\u00e3o do &#8220;nem&#8221;, nem Goi\u00e1s cuida, nem o DF cuida, nem a Uni\u00e3o cuida. O fato \u00e9 que n\u00f3s temos uma popula\u00e7\u00e3o muito grande que n\u00e3o tem infraestrutura b\u00e1sica, n\u00e3o tem oportunidades de emprego e acaba vindo para Bras\u00edlia em busca de servi\u00e7os p\u00fablicos e emprego. Por isso, temos que ter pol\u00edticas p\u00fablicas comuns entre DF, Goi\u00e1s e Uni\u00e3o e nos parece que a melhor forma de fazer isso \u00e9 criar uma ag\u00eancia executiva do Entorno com representantes do DF, de Goi\u00e1s e da Uni\u00e3o.<\/p>\n<p><strong>A coleta seletiva ainda \u00e9 um problema no Distrito Federal. Como lidar com isso e com a exig\u00eancia legal de desativar o lix\u00e3o da Estrutural?<\/strong><\/p>\n<p>\u00c9 mais uma \u00e1rea que mostra um apag\u00e3o de gest\u00e3o. Bras\u00edlia \u00e9 a capital do pa\u00eds, se encerrou o prazo que todos os munic\u00edpios brasileiros tinham pela Pol\u00edtica Nacional de Res\u00edduos S\u00f3lidos de acabar com os lix\u00f5es, de construir aterro sanit\u00e1rio. A menos de 20 km do Pal\u00e1cio do Planalto, continuamos convivendo com um lix\u00e3o com uma condi\u00e7\u00e3o humana degradante. Temos que implantar efetivamente uma coleta seletiva, precisamos ter uma pol\u00edtica integrada de res\u00edduos s\u00f3lidos articulada com a regi\u00e3o do entorno e um aterro sanit\u00e1rio na cidade.<\/p>\n<p><strong>Onde faria esse aterro sanit\u00e1rio?<\/strong><\/p>\n<p>Entendo que devemos buscar uma regi\u00e3o do entorno.<\/p><\/blockquote>\n","protected":false},"excerpt":{"rendered":"<p>O senador Rodrigo Rollemberg (DF), candidato ao Pal\u00e1cio do Buriti no pleito de outubro, defendeu, em entrevista ao Uol, um choque de gest\u00e3o, com elei\u00e7\u00e3o direta para os administradores das 31 regi\u00f5es que comp\u00f5em o Distrito Federal Os administradores, esp\u00e9cies de &#8220;prefeitos&#8221; do que j\u00e1 foi chamado de cidade-sat\u00e9lite, s\u00e3o hoje escolhidos pelo governador. Na [&hellip;]<\/p>\n","protected":false},"author":2,"featured_media":19097,"comment_status":"open","ping_status":"closed","sticky":false,"template":"","format":"standard","meta":{"_acf_changed":false,"footnotes":""},"categories":[33],"tags":[],"class_list":["post-19096","post","type-post","status-publish","format-standard","has-post-thumbnail","hentry","category-eleicoes-2014"],"acf":[],"_links":{"self":[{"href":"https:\/\/www.notibras.com\/site\/wp-json\/wp\/v2\/posts\/19096","targetHints":{"allow":["GET"]}}],"collection":[{"href":"https:\/\/www.notibras.com\/site\/wp-json\/wp\/v2\/posts"}],"about":[{"href":"https:\/\/www.notibras.com\/site\/wp-json\/wp\/v2\/types\/post"}],"author":[{"embeddable":true,"href":"https:\/\/www.notibras.com\/site\/wp-json\/wp\/v2\/users\/2"}],"replies":[{"embeddable":true,"href":"https:\/\/www.notibras.com\/site\/wp-json\/wp\/v2\/comments?post=19096"}],"version-history":[{"count":0,"href":"https:\/\/www.notibras.com\/site\/wp-json\/wp\/v2\/posts\/19096\/revisions"}],"wp:featuredmedia":[{"embeddable":true,"href":"https:\/\/www.notibras.com\/site\/wp-json\/wp\/v2\/media\/19097"}],"wp:attachment":[{"href":"https:\/\/www.notibras.com\/site\/wp-json\/wp\/v2\/media?parent=19096"}],"wp:term":[{"taxonomy":"category","embeddable":true,"href":"https:\/\/www.notibras.com\/site\/wp-json\/wp\/v2\/categories?post=19096"},{"taxonomy":"post_tag","embeddable":true,"href":"https:\/\/www.notibras.com\/site\/wp-json\/wp\/v2\/tags?post=19096"}],"curies":[{"name":"wp","href":"https:\/\/api.w.org\/{rel}","templated":true}]}}