{"id":19130,"date":"2014-08-11T12:20:18","date_gmt":"2014-08-11T15:20:18","guid":{"rendered":"http:\/\/www.notibras.com\/site\/?p=19130"},"modified":"2014-08-11T12:20:18","modified_gmt":"2014-08-11T15:20:18","slug":"juventude-do-pt-do-rio-se-reune-em-ato-pro-dilma-na-praca-xv","status":"publish","type":"post","link":"https:\/\/www.notibras.com\/site\/juventude-do-pt-do-rio-se-reune-em-ato-pro-dilma-na-praca-xv\/","title":{"rendered":"Juventude do PT do Rio se re\u00fane em ato pr\u00f3 Dilma na Pra\u00e7a XV"},"content":{"rendered":"<p>A Juventude do PT do Rio de Janeiro programou para a tarde desta segunda-feira (11), \u00e0s 16 horas, ato pol\u00edtico pela reelei\u00e7\u00e3o da presidente Dilma Rousseff, na Pra\u00e7a XV, Centro do Rio. O evento foi denominado \u201cEstudantes com Dilma\u201d e defender\u00e1 as pol\u00edticas p\u00fablicas da chefe do Executivo nacional em prol da educa\u00e7\u00e3o e da juventude no pa\u00eds. O ato teve a presen\u00e7a confirmada do candidato a governador pela Frente Popular (PT-PV-PSB-PCdoB), senador Lindbergh Farias (PT).<\/p>\n<p>\u201cA reelei\u00e7\u00e3o da presidenta Dilma Rousseff \u00e9 fundamental para o Brasil continuar crescendo com distribui\u00e7\u00e3o de renda e responsabilidade social. Faremos um governo afinados na mesma ideologia, que \u00e9 fazer para quem mais precisa e valorizar a Educa\u00e7\u00e3o e os estudantes. As Mobiliza\u00e7\u00f5es de 2013 apresentaram ao Brasil uma Juventude que percebe uma crise de representa\u00e7\u00e3o na pol\u00edtica e clama por novos mecanismos de participa\u00e7\u00e3o social nos processos de decis\u00e3o. Esses jovens querem mais conquistas e mais direitos, querem mais avan\u00e7os e mais qualidade de vida, querem se reconhecer na pol\u00edtica e influenciar nela\u201d, afirmou Farias.<\/p>\n<p>Continuou o petista: \u201c Somos parte dos 6,8 milh\u00f5es de estudantes do PRONATEC, dos 1,4 milh\u00f5es de estudantes do PROUNI, dos 1,6 milh\u00f5es de estudantes do FIES, dos quase 100 mil estudantes do Ci\u00eancias Sem Fronteiras, estamos nos 152 novos campi das Universidades Federais. Somos a Escola P\u00fablica na Universidade! Negros, negras e ind\u00edgenas que superaram, com Lula e com Dilma, atrav\u00e9s das cotas as barreiras hist\u00f3ricas. Conquistamos os 10% do PIB para a Educa\u00e7\u00e3o, mas queremos mais\u201d, citou o candidato.<\/p>\n<p>Mais cedo, Farias viajou de trem do M\u00e9ier a S\u00e3o Crist\u00f3v\u00e3o, na zona norte do Rio e \u00e0 noite, agendou debate no Circo Crescer e Viver, na Cidade Nova. Ele prometeu investir em transporte de massa. \u201c\u00c9 incompreens\u00edvel o governo n\u00e3o investir em transporte. Hoje, o que encontramos \u00e9 uma SuperVia sucateada. Vou transformar os trens em metr\u00f4 de superf\u00edcie e levar o metr\u00f4 at\u00e9 a Baixada. Al\u00e9m disso, as esta\u00e7\u00f5es ser\u00e3o modernizadas\u201d, garantiu.<\/p>\n","protected":false},"excerpt":{"rendered":"<p>A Juventude do PT do Rio de Janeiro programou para a tarde desta segunda-feira (11), \u00e0s 16 horas, ato pol\u00edtico pela reelei\u00e7\u00e3o da presidente Dilma Rousseff, na Pra\u00e7a XV, Centro do Rio. O evento foi denominado \u201cEstudantes com Dilma\u201d e defender\u00e1 as pol\u00edticas p\u00fablicas da chefe do Executivo nacional em prol da educa\u00e7\u00e3o e da [&hellip;]<\/p>\n","protected":false},"author":1,"featured_media":19131,"comment_status":"open","ping_status":"closed","sticky":false,"template":"","format":"standard","meta":{"_acf_changed":false,"footnotes":""},"categories":[33],"tags":[],"class_list":["post-19130","post","type-post","status-publish","format-standard","has-post-thumbnail","hentry","category-eleicoes-2014"],"acf":[],"_links":{"self":[{"href":"https:\/\/www.notibras.com\/site\/wp-json\/wp\/v2\/posts\/19130","targetHints":{"allow":["GET"]}}],"collection":[{"href":"https:\/\/www.notibras.com\/site\/wp-json\/wp\/v2\/posts"}],"about":[{"href":"https:\/\/www.notibras.com\/site\/wp-json\/wp\/v2\/types\/post"}],"author":[{"embeddable":true,"href":"https:\/\/www.notibras.com\/site\/wp-json\/wp\/v2\/users\/1"}],"replies":[{"embeddable":true,"href":"https:\/\/www.notibras.com\/site\/wp-json\/wp\/v2\/comments?post=19130"}],"version-history":[{"count":0,"href":"https:\/\/www.notibras.com\/site\/wp-json\/wp\/v2\/posts\/19130\/revisions"}],"wp:featuredmedia":[{"embeddable":true,"href":"https:\/\/www.notibras.com\/site\/wp-json\/wp\/v2\/media\/19131"}],"wp:attachment":[{"href":"https:\/\/www.notibras.com\/site\/wp-json\/wp\/v2\/media?parent=19130"}],"wp:term":[{"taxonomy":"category","embeddable":true,"href":"https:\/\/www.notibras.com\/site\/wp-json\/wp\/v2\/categories?post=19130"},{"taxonomy":"post_tag","embeddable":true,"href":"https:\/\/www.notibras.com\/site\/wp-json\/wp\/v2\/tags?post=19130"}],"curies":[{"name":"wp","href":"https:\/\/api.w.org\/{rel}","templated":true}]}}