{"id":19133,"date":"2014-08-11T14:28:50","date_gmt":"2014-08-11T17:28:50","guid":{"rendered":"http:\/\/www.notibras.com\/site\/?p=19133"},"modified":"2014-08-11T14:28:50","modified_gmt":"2014-08-11T17:28:50","slug":"greenpeace-satiriza-e-faz-cobrancas-aos-tres-candidatos-mais-fortes","status":"publish","type":"post","link":"https:\/\/www.notibras.com\/site\/greenpeace-satiriza-e-faz-cobrancas-aos-tres-candidatos-mais-fortes\/","title":{"rendered":"Greenpeace satiriza e faz cobran\u00e7as aos tr\u00eas candidatos mais fortes"},"content":{"rendered":"<p>O Greenpeace criou uma maneira diferente de cobrar e satirizar os tr\u00eas principais candidatos \u00e0 presid\u00eancia da Rep\u00fablica, Dilma Rousseff (PT), A\u00e9cio Neves (PSDB) e Eduardo Campos (PSB), principalmente na bandeira defendida pela institui\u00e7\u00e3o.<\/p>\n<p class=\"text\">Nesta segunda-feira, a organiza\u00e7\u00e3o apresentou um programa semanal chamado \u201cCamarim dos candidatos\u201d, que ter\u00e1 os personagens\u00a0Dilma Ruchefa, A\u00e9cio das Neves e Eduardo dos Campos, al\u00e9m de Marina da Selva e Lola. De acordo com o Greenpeace, a ideia \u00e9 \u201cquebrar com humor politicamente incorreto o marasmo e a mesmice dos discursos eleitoreiros dos candidatos em seus programas televisivos\u201d.<\/p>\n<p class=\"text\">Ser\u00e3o 16 programas que\u00a0contar\u00e3o com dire\u00e7\u00e3o e roteiro de Tadeu Jungle e Fernando Salem, al\u00e9m de\u00a0bonecos criados por Fernando Gomes, respons\u00e1vel pelos personagens do programa <em>Cocoric\u00f3<\/em>, da TV Cultura.<\/p>\n<p class=\"text\">\u201cPensamos nesse projeto para trabalhar com as elei\u00e7\u00f5es. O Greenpeace usou o per\u00edodo eleitoral para tentar pressionar candidatos a considerar os nossos assuntos e pautas que s\u00e3o muito esquecidas quando n\u00e3o totalmente irrelevantes no discurso e principalmente na pr\u00e1tica dos candidatos\u201d, afirmou Marcio Astrini, coordenador de campanha da institui\u00e7\u00e3o.<\/p>\n<p class=\"text\">De acordo com Astrini, o programa \u00e9 uma maneira de atingir diferentes p\u00fablicos, j\u00e1 que os v\u00eddeos ser\u00e3o publicados na internet com dura\u00e7\u00e3o de cerca de 5 minutos cada.<\/p>\n<blockquote>\n<p class=\"text\">\u201cDecidimos criar um projeto que trabalhasse um pouco mais organizado com esses candidatos, mas que n\u00e3o fosse s\u00f3 pedir pro candidato assinar pra cobrarmos depois. Criamos novas metodologias de comunica\u00e7\u00e3o para pedir ao p\u00fablico e ao eleitor para cobrar esses candidatos. Pra isso tivemos que inventar novas maneiras que ainda n\u00e3o t\u00ednhamos trabalhado. Criamos novas plataformas, mas tamb\u00e9m temos que fazer o tradicional. S\u00e3o propostas concretas que esperamos que as pessoas se interessem para fazer press\u00e3o\u201d, disse um dos idealizadores do programa.<\/p>\n<\/blockquote>\n<p class=\"text\">O \u201cCamarim dos Candidatos\u201d critica os tr\u00eas principais postulantes \u00e0 presid\u00eancia, uns com um tom um pouco mais agressivo e outros nem tanto. \u201cO camarim \u00e9 aquele lugar fict\u00edcio onde eles se encontram antes do debate. Mas, nesse camarim, todos est\u00e3o no mesmo local, juntos. Eles podem interagir. Eles dialogam, brincam, cantam\u201d, disse Tadeu Jungle.<\/p>\n<p class=\"text\">No caso da candidata \u00e0 reelei\u00e7\u00e3o Dilma Rousseff, a apresenta\u00e7\u00e3o do programa cita as torturas sofridas pela petista na \u00e9poca da ditadura. Na m\u00fasica, Dilma Ruchefa pede votos. \u201cSe liga no meu pop\u00f4, h\u00e1 quatro anos ele esquenta uma cadeira do planalto feita s\u00f3 pra presidenta\u201d. Enquanto isso, os advers\u00e1rios pol\u00edticos no programa falam que a presidente \u00e9 o \u201cpop\u00f4 do camarim\u201d e a chama de \u201cPopoz\u00e3o\u201d.<\/p>\n<p class=\"text\">J\u00e1 no caso de A\u00e9cio Neves, a cr\u00edtica coloca o senador como um verdadeiro bo\u00eamio. Com um copo na m\u00e3o ele diz que o \u201cmelhor agroneg\u00f3cio \u00e9 mexer com \u00e1lcool\u201d e que em seu governo o Brasil vai ser o \u201cpa\u00eds do Carnaval e do canavial\u201d. J\u00e1 os advers\u00e1rios dizem que o \u201ctucano \u00e9 bom de bico, mineirinho e pagad\u00f4\u201d.<\/p>\n<p class=\"text\">As cr\u00edticas a Eduardo Campos e sua vice Marina Silva t\u00eam a ver com o fato da parceria entre eles. \u201cMeu querido Eduardo agora n\u00f3s somos um. Unidos no mesmo corpo, cabe\u00e7a tronco e bumbum. Pra camada de oz\u00f4nio ser\u00e1 apenas um pum\u201d, canta Marina da Selva. Quando questionado sobre o teor das brincadeiras, M\u00e1rcio disse n\u00e3o acreditar na rejei\u00e7\u00e3o dos candidatos e que eles deveriam\u00a0aproveitar os v\u00eddeos.<\/p>\n","protected":false},"excerpt":{"rendered":"<p>O Greenpeace criou uma maneira diferente de cobrar e satirizar os tr\u00eas principais candidatos \u00e0 presid\u00eancia da Rep\u00fablica, Dilma Rousseff (PT), A\u00e9cio Neves (PSDB) e Eduardo Campos (PSB), principalmente na bandeira defendida pela institui\u00e7\u00e3o. Nesta segunda-feira, a organiza\u00e7\u00e3o apresentou um programa semanal chamado \u201cCamarim dos candidatos\u201d, que ter\u00e1 os personagens\u00a0Dilma Ruchefa, A\u00e9cio das Neves e [&hellip;]<\/p>\n","protected":false},"author":2,"featured_media":19134,"comment_status":"open","ping_status":"closed","sticky":false,"template":"","format":"standard","meta":{"_acf_changed":false,"footnotes":""},"categories":[33],"tags":[],"class_list":["post-19133","post","type-post","status-publish","format-standard","has-post-thumbnail","hentry","category-eleicoes-2014"],"acf":[],"_links":{"self":[{"href":"https:\/\/www.notibras.com\/site\/wp-json\/wp\/v2\/posts\/19133","targetHints":{"allow":["GET"]}}],"collection":[{"href":"https:\/\/www.notibras.com\/site\/wp-json\/wp\/v2\/posts"}],"about":[{"href":"https:\/\/www.notibras.com\/site\/wp-json\/wp\/v2\/types\/post"}],"author":[{"embeddable":true,"href":"https:\/\/www.notibras.com\/site\/wp-json\/wp\/v2\/users\/2"}],"replies":[{"embeddable":true,"href":"https:\/\/www.notibras.com\/site\/wp-json\/wp\/v2\/comments?post=19133"}],"version-history":[{"count":0,"href":"https:\/\/www.notibras.com\/site\/wp-json\/wp\/v2\/posts\/19133\/revisions"}],"wp:featuredmedia":[{"embeddable":true,"href":"https:\/\/www.notibras.com\/site\/wp-json\/wp\/v2\/media\/19134"}],"wp:attachment":[{"href":"https:\/\/www.notibras.com\/site\/wp-json\/wp\/v2\/media?parent=19133"}],"wp:term":[{"taxonomy":"category","embeddable":true,"href":"https:\/\/www.notibras.com\/site\/wp-json\/wp\/v2\/categories?post=19133"},{"taxonomy":"post_tag","embeddable":true,"href":"https:\/\/www.notibras.com\/site\/wp-json\/wp\/v2\/tags?post=19133"}],"curies":[{"name":"wp","href":"https:\/\/api.w.org\/{rel}","templated":true}]}}