{"id":19136,"date":"2014-08-11T14:33:47","date_gmt":"2014-08-11T17:33:47","guid":{"rendered":"http:\/\/www.notibras.com\/site\/?p=19136"},"modified":"2014-08-11T14:34:30","modified_gmt":"2014-08-11T17:34:30","slug":"luciana-genro-promete-voto-a-adversario-do-pai-pelo-governo-gaucho","status":"publish","type":"post","link":"https:\/\/www.notibras.com\/site\/luciana-genro-promete-voto-a-adversario-do-pai-pelo-governo-gaucho\/","title":{"rendered":"Luciana Genro promete voto a advers\u00e1rio do pai pelo governo"},"content":{"rendered":"<p class=\"text\">A candidata do Psol \u00e0 Presid\u00eancia da Rep\u00fablica, Luciana Genro n\u00e3o vai votar em seu pai, Tarso Genro, postulante ao governo do Rio Grande do Sul pelo PT. Em partido diferente do de Tarso\u00a0desde 2003, Luciana afirmou que votar\u00e1 em\u00a0Roberto Robaina (Psol) como futuro governador ga\u00facho.<\/p>\n<p class=\"text\">&#8220;Hoje sou candidata a Presid\u00eancia da Rep\u00fablica pelo Psol e meu pai candidato \u00e0 reelei\u00e7\u00e3o pelo PT. Meu voto para governador \u00e9 de Roberto Robaina, candidato do PSOL, que por coincid\u00eancia \u00e9 pai do meu filho, Fernando, 26 anos. O voto do meu pai deve ir para Dilma&#8221;, explicou Luciana.<\/p>\n<p class=\"text\">A candidata do Psol tamb\u00e9m lembrou o porqu\u00ea da sua sa\u00edda do PT em 2003 para a posterior funda\u00e7\u00e3o da legenda pela qual ela concorre \u00e0 Presid\u00eancia. Segundo Luciana, a aproxima\u00e7\u00e3o do seu ex-partido a antigos rivais como Jos\u00e9 Sarney foi o que motivou a separa\u00e7\u00e3o.<\/p>\n<blockquote>\n<p class=\"text\">&#8220;O\u00a0comum \u00e9 que a filha fosse sua seguidora, bra\u00e7o direito, aliada incondicional. Mas n\u00e3o \u00e9 bem assim. E n\u00e3o ser assim \u00e9 o que faz a beleza da nossa hist\u00f3ria. Em 2003 quando ele era ministro do Lula eu sa\u00ed do PT e iniciei a constru\u00e7\u00e3o do PSOL. Meu falecido av\u00f4 Adelmo, pai do meu pai, escreveu na ocasi\u00e3o: &#8216;ela puxou ao av\u00f4, n\u00e3o lambe o prato que cuspiu&#8217;. Ele fazia alus\u00e3o ao fato de que eu n\u00e3o aceitava as mudan\u00e7as que se operavam no PT, que se juntou a Sarney e outras figurinhas outrora repudiadas pelo partido&#8221;, explicou Luciana Genro.<\/p>\n<\/blockquote>\n","protected":false},"excerpt":{"rendered":"<p>A candidata do Psol \u00e0 Presid\u00eancia da Rep\u00fablica, Luciana Genro n\u00e3o vai votar em seu pai, Tarso Genro, postulante ao governo do Rio Grande do Sul pelo PT. Em partido diferente do de Tarso\u00a0desde 2003, Luciana afirmou que votar\u00e1 em\u00a0Roberto Robaina (Psol) como futuro governador ga\u00facho. &#8220;Hoje sou candidata a Presid\u00eancia da Rep\u00fablica pelo Psol [&hellip;]<\/p>\n","protected":false},"author":2,"featured_media":19137,"comment_status":"open","ping_status":"closed","sticky":false,"template":"","format":"standard","meta":{"_acf_changed":false,"footnotes":""},"categories":[33],"tags":[],"class_list":["post-19136","post","type-post","status-publish","format-standard","has-post-thumbnail","hentry","category-eleicoes-2014"],"acf":[],"_links":{"self":[{"href":"https:\/\/www.notibras.com\/site\/wp-json\/wp\/v2\/posts\/19136","targetHints":{"allow":["GET"]}}],"collection":[{"href":"https:\/\/www.notibras.com\/site\/wp-json\/wp\/v2\/posts"}],"about":[{"href":"https:\/\/www.notibras.com\/site\/wp-json\/wp\/v2\/types\/post"}],"author":[{"embeddable":true,"href":"https:\/\/www.notibras.com\/site\/wp-json\/wp\/v2\/users\/2"}],"replies":[{"embeddable":true,"href":"https:\/\/www.notibras.com\/site\/wp-json\/wp\/v2\/comments?post=19136"}],"version-history":[{"count":0,"href":"https:\/\/www.notibras.com\/site\/wp-json\/wp\/v2\/posts\/19136\/revisions"}],"wp:featuredmedia":[{"embeddable":true,"href":"https:\/\/www.notibras.com\/site\/wp-json\/wp\/v2\/media\/19137"}],"wp:attachment":[{"href":"https:\/\/www.notibras.com\/site\/wp-json\/wp\/v2\/media?parent=19136"}],"wp:term":[{"taxonomy":"category","embeddable":true,"href":"https:\/\/www.notibras.com\/site\/wp-json\/wp\/v2\/categories?post=19136"},{"taxonomy":"post_tag","embeddable":true,"href":"https:\/\/www.notibras.com\/site\/wp-json\/wp\/v2\/tags?post=19136"}],"curies":[{"name":"wp","href":"https:\/\/api.w.org\/{rel}","templated":true}]}}