{"id":19160,"date":"2014-08-11T17:26:21","date_gmt":"2014-08-11T20:26:21","guid":{"rendered":"http:\/\/www.notibras.com\/site\/?p=19160"},"modified":"2014-08-11T17:30:58","modified_gmt":"2014-08-11T20:30:58","slug":"daniele-e-victor-hugo-um-drama-que-eduardo-pedrosa-promete-acabar","status":"publish","type":"post","link":"https:\/\/www.notibras.com\/site\/daniele-e-victor-hugo-um-drama-que-eduardo-pedrosa-promete-acabar\/","title":{"rendered":"Daniele e Victor Hugo, drama que Eduardo Pedrosa promete acabar"},"content":{"rendered":"<p>O candidato a deputado distrital, Eduardo Pedrosa (PPS), tomou a iniciativa de vivenciar a dificuldade de uma m\u00e3e para levar o filho, portador de necessidades especiais, ao hospital.<\/p>\n<p>Daniela \u00e9 m\u00e3e do Victor Hugo, uma crian\u00e7a de 8 anos, que tem ALD, uma doen\u00e7a gen\u00e9tica que ataca o sistema nervoso central, causando paralisia corporal e dificuldades para se alimentar, perda de vis\u00e3o, audi\u00e7\u00e3o e mem\u00f3ria.<\/p>\n<blockquote><p>O trajeto que Eduardo acompanhou, at\u00e9 o Hospital da Crian\u00e7a, \u00e9 feito at\u00e9 cinco vezes por m\u00eas.&#8221;Desde os 5 anos, o menino e a m\u00e3e fazem esse percurso complicado e sem acessibilidade. N\u00e3o \u00e9 mais admiss\u00edvel que essas pessoas tenham tantas dificuldades&#8221;, desabafou Eduardo.<\/p><\/blockquote>\n<p>No percurso entre Santa Maria e o Hospital da Crian\u00e7a, na Asa Norte, as dificuldades come\u00e7am ainda na parada de \u00f4nibus. Como a frota de ve\u00edculos n\u00e3o \u00e9 100% preparada para receber cadeirantes \u00e9 necess\u00e1rio pegar tr\u00eas condu\u00e7\u00f5es. O percurso dura aproximadamente duas horas.<\/p>\n<p>Essa realidade \u00e9 vivenciada por muitas m\u00e3es que precisam dar assist\u00eancia para os filhos com necessidades especiais. Daniela conta que \u00e9 muito dif\u00edcil cuidar do filho sozinha.<\/p>\n<blockquote><p>&#8220;Quando houve o diagn\u00f3stico da doen\u00e7a tive que sair do trabalho para cuidar do Victor.&#8221; explicou a m\u00e3e da crian\u00e7a. Para Eduardo Pedrosa \u00e9 absurdo que n\u00e3o haja mais investimentos para facilitar o atendimento de sa\u00fade de portadores de necessidades especiais.<\/p><\/blockquote>\n<p>Segundo ele, conhecer essa fam\u00edlia foi uma grande li\u00e7\u00e3o de vida. &#8220;O que mais me impressionou foi a for\u00e7a de vontade dessa m\u00e3e que enfrenta todos os obst\u00e1culos para dar o melhor tratamento para o filho&#8221;, e completou: &#8220;S\u00e3o hist\u00f3rias como essa que me fazem continuar a minha caminhada.&#8221;<\/p>\n","protected":false},"excerpt":{"rendered":"<p>O candidato a deputado distrital, Eduardo Pedrosa (PPS), tomou a iniciativa de vivenciar a dificuldade de uma m\u00e3e para levar o filho, portador de necessidades especiais, ao hospital. Daniela \u00e9 m\u00e3e do Victor Hugo, uma crian\u00e7a de 8 anos, que tem ALD, uma doen\u00e7a gen\u00e9tica que ataca o sistema nervoso central, causando paralisia corporal e [&hellip;]<\/p>\n","protected":false},"author":2,"featured_media":19161,"comment_status":"open","ping_status":"closed","sticky":false,"template":"","format":"standard","meta":{"_acf_changed":false,"footnotes":""},"categories":[33],"tags":[],"class_list":["post-19160","post","type-post","status-publish","format-standard","has-post-thumbnail","hentry","category-eleicoes-2014"],"acf":[],"_links":{"self":[{"href":"https:\/\/www.notibras.com\/site\/wp-json\/wp\/v2\/posts\/19160","targetHints":{"allow":["GET"]}}],"collection":[{"href":"https:\/\/www.notibras.com\/site\/wp-json\/wp\/v2\/posts"}],"about":[{"href":"https:\/\/www.notibras.com\/site\/wp-json\/wp\/v2\/types\/post"}],"author":[{"embeddable":true,"href":"https:\/\/www.notibras.com\/site\/wp-json\/wp\/v2\/users\/2"}],"replies":[{"embeddable":true,"href":"https:\/\/www.notibras.com\/site\/wp-json\/wp\/v2\/comments?post=19160"}],"version-history":[{"count":0,"href":"https:\/\/www.notibras.com\/site\/wp-json\/wp\/v2\/posts\/19160\/revisions"}],"wp:featuredmedia":[{"embeddable":true,"href":"https:\/\/www.notibras.com\/site\/wp-json\/wp\/v2\/media\/19161"}],"wp:attachment":[{"href":"https:\/\/www.notibras.com\/site\/wp-json\/wp\/v2\/media?parent=19160"}],"wp:term":[{"taxonomy":"category","embeddable":true,"href":"https:\/\/www.notibras.com\/site\/wp-json\/wp\/v2\/categories?post=19160"},{"taxonomy":"post_tag","embeddable":true,"href":"https:\/\/www.notibras.com\/site\/wp-json\/wp\/v2\/tags?post=19160"}],"curies":[{"name":"wp","href":"https:\/\/api.w.org\/{rel}","templated":true}]}}