{"id":19164,"date":"2014-08-11T18:17:02","date_gmt":"2014-08-11T21:17:02","guid":{"rendered":"http:\/\/www.notibras.com\/site\/?p=19164"},"modified":"2014-08-12T16:04:57","modified_gmt":"2014-08-12T19:04:57","slug":"relatorio-do-mercado-financeiro-aponta-juro-mais-alto-para-consumidor","status":"publish","type":"post","link":"https:\/\/www.notibras.com\/site\/relatorio-do-mercado-financeiro-aponta-juro-mais-alto-para-consumidor\/","title":{"rendered":"Mercado financeiro aponta juro mais alto ao consumidor"},"content":{"rendered":"<p>As taxas de juros das opera\u00e7\u00f5es de cr\u00e9dito voltaram a crescer em julho, apontou pesquisa da Associa\u00e7\u00e3o Nacional dos Executivos de Finan\u00e7as, Administra\u00e7\u00e3o e Contabilidade (Anefac). Segundo a sondagem, essa foi a 14\u00aa eleva\u00e7\u00e3o seguida das taxas de juros das opera\u00e7\u00f5es de cr\u00e9dito.<\/p>\n<p>Das seis linhas de cr\u00e9dito para pessoa f\u00edsica, tr\u00eas tiveram suas taxas elevadas em julho: juros do com\u00e9rcio, CDC-financiamento de autom\u00f3veis e cheque especial. Duas delas tiveram suas taxas mantidas (cart\u00e3o de cr\u00e9dito rotativo e empr\u00e9stimo pessoal-bancos) e uma apresentou queda (empr\u00e9stimo pessoal-financeiras). Em julho, a taxa m\u00e9dia de juros para pessoa f\u00edsica atingiu 6,05%, a maior desde julho de 2012.<\/p>\n<blockquote><p>Para pessoa jur\u00eddica, das tr\u00eas linhas de cr\u00e9dito pesquisadas, uma apresentou queda (conta garantida) e duas apresentaram eleva\u00e7\u00e3o (desconto de duplicatas e capital de giro). A taxa m\u00e9dia de juros para pessoa jur\u00eddica alcan\u00e7ou 3,45% em julho, a maior taxa de juros desde julho de 2012.<\/p><\/blockquote>\n<p>As eleva\u00e7\u00f5es, de acordo com a associa\u00e7\u00e3o, podem ser atribu\u00eddas \u201c\u00e0 piora do cen\u00e1rio econ\u00f4mico nacional, com expectativa de piora nos \u00edndices de infla\u00e7\u00e3o e de crescimento econ\u00f4mico, o que aumenta o risco de cr\u00e9dito\u201d.\u00a0 De acordo com Miguel Ribeiro de Oliveira, diretor executivo de Pesquisa e Estudos Econ\u00f4micos, esses fatos t\u00eam levado as institui\u00e7\u00f5es financeiras a subirem suas taxas de juros acima das eleva\u00e7\u00f5es da taxa b\u00e1sica de juros, a Selic.<\/p>\n<div class=\"node-info\"><strong>Elaine Patricia Cruz, ABr<\/strong><\/div>\n","protected":false},"excerpt":{"rendered":"<p>As taxas de juros das opera\u00e7\u00f5es de cr\u00e9dito voltaram a crescer em julho, apontou pesquisa da Associa\u00e7\u00e3o Nacional dos Executivos de Finan\u00e7as, Administra\u00e7\u00e3o e Contabilidade (Anefac). Segundo a sondagem, essa foi a 14\u00aa eleva\u00e7\u00e3o seguida das taxas de juros das opera\u00e7\u00f5es de cr\u00e9dito. Das seis linhas de cr\u00e9dito para pessoa f\u00edsica, tr\u00eas tiveram suas taxas [&hellip;]<\/p>\n","protected":false},"author":2,"featured_media":19165,"comment_status":"open","ping_status":"closed","sticky":false,"template":"","format":"standard","meta":{"_acf_changed":false,"footnotes":""},"categories":[16],"tags":[],"class_list":["post-19164","post","type-post","status-publish","format-standard","has-post-thumbnail","hentry","category-brasil"],"acf":[],"_links":{"self":[{"href":"https:\/\/www.notibras.com\/site\/wp-json\/wp\/v2\/posts\/19164","targetHints":{"allow":["GET"]}}],"collection":[{"href":"https:\/\/www.notibras.com\/site\/wp-json\/wp\/v2\/posts"}],"about":[{"href":"https:\/\/www.notibras.com\/site\/wp-json\/wp\/v2\/types\/post"}],"author":[{"embeddable":true,"href":"https:\/\/www.notibras.com\/site\/wp-json\/wp\/v2\/users\/2"}],"replies":[{"embeddable":true,"href":"https:\/\/www.notibras.com\/site\/wp-json\/wp\/v2\/comments?post=19164"}],"version-history":[{"count":0,"href":"https:\/\/www.notibras.com\/site\/wp-json\/wp\/v2\/posts\/19164\/revisions"}],"wp:featuredmedia":[{"embeddable":true,"href":"https:\/\/www.notibras.com\/site\/wp-json\/wp\/v2\/media\/19165"}],"wp:attachment":[{"href":"https:\/\/www.notibras.com\/site\/wp-json\/wp\/v2\/media?parent=19164"}],"wp:term":[{"taxonomy":"category","embeddable":true,"href":"https:\/\/www.notibras.com\/site\/wp-json\/wp\/v2\/categories?post=19164"},{"taxonomy":"post_tag","embeddable":true,"href":"https:\/\/www.notibras.com\/site\/wp-json\/wp\/v2\/tags?post=19164"}],"curies":[{"name":"wp","href":"https:\/\/api.w.org\/{rel}","templated":true}]}}