{"id":1917,"date":"2014-02-17T10:14:04","date_gmt":"2014-02-17T13:14:04","guid":{"rendered":"http:\/\/www.notibras.com\/site\/?p=1917"},"modified":"2014-02-17T10:15:19","modified_gmt":"2014-02-17T13:15:19","slug":"mercado-financeiro-projeta-inflalcao-de-6-para-este-ano","status":"publish","type":"post","link":"https:\/\/www.notibras.com\/site\/mercado-financeiro-projeta-inflalcao-de-6-para-este-ano\/","title":{"rendered":"Mercado financeiro projeta infla\u00e7\u00e3o de 6% para este ano"},"content":{"rendered":"<p>O humor do mercado muda a cada semana. Agora, os investidores e analistas estimam eleva\u00e7\u00e3o da infla\u00e7\u00e3o medida pelo \u00cdndice de Pre\u00e7os ao Consumidor Amplo para 5,93% neste ano ante a queda para 5,89% da previs\u00e3o anterior. Os n\u00fameros est\u00e3o no boletim <em>Focus<\/em>, divulgado semanalmente pelo Banco Central.<\/p>\n<p>A perspectiva para o c\u00e2mbio voltou a subir tamb\u00e9m e passou de R$ 2,47 para R$ 2,48 em dezembro. Para a \u00a0taxa b\u00e1sica de juros a previs\u00e3o foi mantida em 11,25% no fim do ano.<\/p>\n<p>O crescimento da economia, na vis\u00e3o do mercado financeiro, permanece em queda e a expectativa \u00e9 que o ano feche com o Produto Interno Bruto (PIB) crescendo apenas 1,79% ante a estimativa de 1,9% do levantamento anterior, com o crescimento da Produ\u00e7\u00e3o Industrial em 1,93%.<\/p>\n<p>No setor externo, os n\u00fameros mostram que houve um aumento para US$ 73 bilh\u00f5es para US$ 74,6 bilh\u00f5es no d\u00e9ficit em conta corrente, contribuindo para esse resultado a redu\u00e7\u00e3o do saldo previsto da balan\u00e7a comercial de US$ 7,9 bilh\u00f5es. A previs\u00e3o era US$ 8,01, na estimativa anterior. Melhorou a confian\u00e7a dos aplicadores de capital de risco, j\u00e1 que os Investimentos Estrangeiros Diretos (IED) tiveram as estimativas elevadas de US$ 57,5 bilh\u00f5es para US$ 58 bilh\u00f5es.<\/p>\n<p>Os pre\u00e7os administrados, insens\u00edveis \u00e0s condi\u00e7\u00f5es de oferta e de demanda de mercado &#8211; \u00a0uma vez que s\u00e3o estabelecidos por contrato ou por \u00f3rg\u00e3o p\u00fablico -, devem subir de 4,03% para 4,06%, segundo as estimativas.<\/p>\n<p><strong>Daniel Lima, ABr<\/strong><\/p>\n","protected":false},"excerpt":{"rendered":"<p>O humor do mercado muda a cada semana. Agora, os investidores e analistas estimam eleva\u00e7\u00e3o da infla\u00e7\u00e3o medida pelo \u00cdndice de Pre\u00e7os ao Consumidor Amplo para 5,93% neste ano ante a queda para 5,89% da previs\u00e3o anterior. Os n\u00fameros est\u00e3o no boletim Focus, divulgado semanalmente pelo Banco Central. A perspectiva para o c\u00e2mbio voltou a [&hellip;]<\/p>\n","protected":false},"author":2,"featured_media":0,"comment_status":"open","ping_status":"closed","sticky":false,"template":"","format":"standard","meta":{"_acf_changed":false,"footnotes":""},"categories":[16],"tags":[],"class_list":["post-1917","post","type-post","status-publish","format-standard","hentry","category-brasil"],"acf":[],"yoast_head":"<!-- This site is optimized with the Yoast SEO plugin v27.2 - https:\/\/yoast.com\/product\/yoast-seo-wordpress\/ -->\n<title>Mercado financeiro projeta infla\u00e7\u00e3o de 6% para este ano - Notibras<\/title>\n<meta name=\"robots\" content=\"index, follow, max-snippet:-1, max-image-preview:large, max-video-preview:-1\" \/>\n<link rel=\"canonical\" href=\"https:\/\/www.notibras.com\/site\/mercado-financeiro-projeta-inflalcao-de-6-para-este-ano\/\" \/>\n<meta property=\"og:locale\" content=\"pt_BR\" \/>\n<meta property=\"og:type\" content=\"article\" \/>\n<meta property=\"og:title\" content=\"Mercado financeiro projeta infla\u00e7\u00e3o de 6% para este ano - Notibras\" \/>\n<meta property=\"og:description\" content=\"O humor do mercado muda a cada semana. Agora, os investidores e analistas estimam eleva\u00e7\u00e3o da infla\u00e7\u00e3o medida pelo \u00cdndice de Pre\u00e7os ao Consumidor Amplo para 5,93% neste ano ante a queda para 5,89% da previs\u00e3o anterior. Os n\u00fameros est\u00e3o no boletim Focus, divulgado semanalmente pelo Banco Central. A perspectiva para o c\u00e2mbio voltou a [&hellip;]\" \/>\n<meta property=\"og:url\" content=\"https:\/\/www.notibras.com\/site\/mercado-financeiro-projeta-inflalcao-de-6-para-este-ano\/\" \/>\n<meta property=\"og:site_name\" content=\"Notibras\" \/>\n<meta property=\"article:publisher\" content=\"https:\/\/www.facebook.com\/notibras\/\" \/>\n<meta property=\"article:published_time\" content=\"2014-02-17T13:14:04+00:00\" \/>\n<meta property=\"article:modified_time\" content=\"2014-02-17T13:15:19+00:00\" \/>\n<meta name=\"author\" content=\"Reda\u00e7\u00e3o\" \/>\n<meta name=\"twitter:card\" content=\"summary_large_image\" \/>\n<meta name=\"twitter:creator\" content=\"@Notibras\" \/>\n<meta name=\"twitter:site\" content=\"@Notibras\" \/>\n<meta name=\"twitter:label1\" content=\"Escrito por\" \/>\n\t<meta name=\"twitter:data1\" content=\"Reda\u00e7\u00e3o\" \/>\n\t<meta name=\"twitter:label2\" content=\"Est. tempo de leitura\" \/>\n\t<meta name=\"twitter:data2\" content=\"1 minuto\" \/>\n<script type=\"application\/ld+json\" class=\"yoast-schema-graph\">{\"@context\":\"https:\/\/schema.org\",\"@graph\":[{\"@type\":\"Article\",\"@id\":\"https:\/\/www.notibras.com\/site\/mercado-financeiro-projeta-inflalcao-de-6-para-este-ano\/#article\",\"isPartOf\":{\"@id\":\"https:\/\/www.notibras.com\/site\/mercado-financeiro-projeta-inflalcao-de-6-para-este-ano\/\"},\"author\":{\"name\":\"Reda\u00e7\u00e3o\",\"@id\":\"https:\/\/www.notibras.com\/site\/#\/schema\/person\/36ab0979449956132d3e5b517ea76ac8\"},\"headline\":\"Mercado financeiro projeta infla\u00e7\u00e3o de 6% para este ano\",\"datePublished\":\"2014-02-17T13:14:04+00:00\",\"dateModified\":\"2014-02-17T13:15:19+00:00\",\"mainEntityOfPage\":{\"@id\":\"https:\/\/www.notibras.com\/site\/mercado-financeiro-projeta-inflalcao-de-6-para-este-ano\/\"},\"wordCount\":262,\"commentCount\":0,\"publisher\":{\"@id\":\"https:\/\/www.notibras.com\/site\/#organization\"},\"articleSection\":[\"Brasil\"],\"inLanguage\":\"pt-BR\",\"potentialAction\":[{\"@type\":\"CommentAction\",\"name\":\"Comment\",\"target\":[\"https:\/\/www.notibras.com\/site\/mercado-financeiro-projeta-inflalcao-de-6-para-este-ano\/#respond\"]}]},{\"@type\":\"WebPage\",\"@id\":\"https:\/\/www.notibras.com\/site\/mercado-financeiro-projeta-inflalcao-de-6-para-este-ano\/\",\"url\":\"https:\/\/www.notibras.com\/site\/mercado-financeiro-projeta-inflalcao-de-6-para-este-ano\/\",\"name\":\"Mercado financeiro projeta infla\u00e7\u00e3o de 6% para este ano - Notibras\",\"isPartOf\":{\"@id\":\"https:\/\/www.notibras.com\/site\/#website\"},\"datePublished\":\"2014-02-17T13:14:04+00:00\",\"dateModified\":\"2014-02-17T13:15:19+00:00\",\"breadcrumb\":{\"@id\":\"https:\/\/www.notibras.com\/site\/mercado-financeiro-projeta-inflalcao-de-6-para-este-ano\/#breadcrumb\"},\"inLanguage\":\"pt-BR\",\"potentialAction\":[{\"@type\":\"ReadAction\",\"target\":[\"https:\/\/www.notibras.com\/site\/mercado-financeiro-projeta-inflalcao-de-6-para-este-ano\/\"]}]},{\"@type\":\"BreadcrumbList\",\"@id\":\"https:\/\/www.notibras.com\/site\/mercado-financeiro-projeta-inflalcao-de-6-para-este-ano\/#breadcrumb\",\"itemListElement\":[{\"@type\":\"ListItem\",\"position\":1,\"name\":\"In\u00edcio\",\"item\":\"https:\/\/www.notibras.com\/site\/\"},{\"@type\":\"ListItem\",\"position\":2,\"name\":\"Mercado financeiro projeta infla\u00e7\u00e3o de 6% para este ano\"}]},{\"@type\":\"WebSite\",\"@id\":\"https:\/\/www.notibras.com\/site\/#website\",\"url\":\"https:\/\/www.notibras.com\/site\/\",\"name\":\"Notibras\",\"description\":\"Not\u00edcias de Bras\u00edlia, do Brasil e do Mundo\",\"publisher\":{\"@id\":\"https:\/\/www.notibras.com\/site\/#organization\"},\"potentialAction\":[{\"@type\":\"SearchAction\",\"target\":{\"@type\":\"EntryPoint\",\"urlTemplate\":\"https:\/\/www.notibras.com\/site\/?s={search_term_string}\"},\"query-input\":{\"@type\":\"PropertyValueSpecification\",\"valueRequired\":true,\"valueName\":\"search_term_string\"}}],\"inLanguage\":\"pt-BR\"},{\"@type\":\"Organization\",\"@id\":\"https:\/\/www.notibras.com\/site\/#organization\",\"name\":\"Grupo Notibras de Comunica\u00e7\u00e3o\",\"url\":\"https:\/\/www.notibras.com\/site\/\",\"logo\":{\"@type\":\"ImageObject\",\"inLanguage\":\"pt-BR\",\"@id\":\"https:\/\/www.notibras.com\/site\/#\/schema\/logo\/image\/\",\"url\":\"https:\/\/www.notibras.com\/site\/wp-content\/uploads\/2023\/01\/notibras23.png\",\"contentUrl\":\"https:\/\/www.notibras.com\/site\/wp-content\/uploads\/2023\/01\/notibras23.png\",\"width\":350,\"height\":87,\"caption\":\"Grupo Notibras de Comunica\u00e7\u00e3o\"},\"image\":{\"@id\":\"https:\/\/www.notibras.com\/site\/#\/schema\/logo\/image\/\"},\"sameAs\":[\"https:\/\/www.facebook.com\/notibras\/\",\"https:\/\/x.com\/Notibras\",\"https:\/\/www.instagram.com\/notibras\/\"]},{\"@type\":\"Person\",\"@id\":\"https:\/\/www.notibras.com\/site\/#\/schema\/person\/36ab0979449956132d3e5b517ea76ac8\",\"name\":\"Reda\u00e7\u00e3o\",\"image\":{\"@type\":\"ImageObject\",\"inLanguage\":\"pt-BR\",\"@id\":\"https:\/\/secure.gravatar.com\/avatar\/e0a867bdedb85fd243eadf09663511f96fc81e0720a4a42581f334ad4303aa6b?s=96&d=mm&r=g\",\"url\":\"https:\/\/secure.gravatar.com\/avatar\/e0a867bdedb85fd243eadf09663511f96fc81e0720a4a42581f334ad4303aa6b?s=96&d=mm&r=g\",\"contentUrl\":\"https:\/\/secure.gravatar.com\/avatar\/e0a867bdedb85fd243eadf09663511f96fc81e0720a4a42581f334ad4303aa6b?s=96&d=mm&r=g\",\"caption\":\"Reda\u00e7\u00e3o\"}}]}<\/script>\n<!-- \/ Yoast SEO plugin. -->","yoast_head_json":{"title":"Mercado financeiro projeta infla\u00e7\u00e3o de 6% para este ano - Notibras","robots":{"index":"index","follow":"follow","max-snippet":"max-snippet:-1","max-image-preview":"max-image-preview:large","max-video-preview":"max-video-preview:-1"},"canonical":"https:\/\/www.notibras.com\/site\/mercado-financeiro-projeta-inflalcao-de-6-para-este-ano\/","og_locale":"pt_BR","og_type":"article","og_title":"Mercado financeiro projeta infla\u00e7\u00e3o de 6% para este ano - Notibras","og_description":"O humor do mercado muda a cada semana. Agora, os investidores e analistas estimam eleva\u00e7\u00e3o da infla\u00e7\u00e3o medida pelo \u00cdndice de Pre\u00e7os ao Consumidor Amplo para 5,93% neste ano ante a queda para 5,89% da previs\u00e3o anterior. Os n\u00fameros est\u00e3o no boletim Focus, divulgado semanalmente pelo Banco Central. A perspectiva para o c\u00e2mbio voltou a [&hellip;]","og_url":"https:\/\/www.notibras.com\/site\/mercado-financeiro-projeta-inflalcao-de-6-para-este-ano\/","og_site_name":"Notibras","article_publisher":"https:\/\/www.facebook.com\/notibras\/","article_published_time":"2014-02-17T13:14:04+00:00","article_modified_time":"2014-02-17T13:15:19+00:00","author":"Reda\u00e7\u00e3o","twitter_card":"summary_large_image","twitter_creator":"@Notibras","twitter_site":"@Notibras","twitter_misc":{"Escrito por":"Reda\u00e7\u00e3o","Est. tempo de leitura":"1 minuto"},"schema":{"@context":"https:\/\/schema.org","@graph":[{"@type":"Article","@id":"https:\/\/www.notibras.com\/site\/mercado-financeiro-projeta-inflalcao-de-6-para-este-ano\/#article","isPartOf":{"@id":"https:\/\/www.notibras.com\/site\/mercado-financeiro-projeta-inflalcao-de-6-para-este-ano\/"},"author":{"name":"Reda\u00e7\u00e3o","@id":"https:\/\/www.notibras.com\/site\/#\/schema\/person\/36ab0979449956132d3e5b517ea76ac8"},"headline":"Mercado financeiro projeta infla\u00e7\u00e3o de 6% para este ano","datePublished":"2014-02-17T13:14:04+00:00","dateModified":"2014-02-17T13:15:19+00:00","mainEntityOfPage":{"@id":"https:\/\/www.notibras.com\/site\/mercado-financeiro-projeta-inflalcao-de-6-para-este-ano\/"},"wordCount":262,"commentCount":0,"publisher":{"@id":"https:\/\/www.notibras.com\/site\/#organization"},"articleSection":["Brasil"],"inLanguage":"pt-BR","potentialAction":[{"@type":"CommentAction","name":"Comment","target":["https:\/\/www.notibras.com\/site\/mercado-financeiro-projeta-inflalcao-de-6-para-este-ano\/#respond"]}]},{"@type":"WebPage","@id":"https:\/\/www.notibras.com\/site\/mercado-financeiro-projeta-inflalcao-de-6-para-este-ano\/","url":"https:\/\/www.notibras.com\/site\/mercado-financeiro-projeta-inflalcao-de-6-para-este-ano\/","name":"Mercado financeiro projeta infla\u00e7\u00e3o de 6% para este ano - Notibras","isPartOf":{"@id":"https:\/\/www.notibras.com\/site\/#website"},"datePublished":"2014-02-17T13:14:04+00:00","dateModified":"2014-02-17T13:15:19+00:00","breadcrumb":{"@id":"https:\/\/www.notibras.com\/site\/mercado-financeiro-projeta-inflalcao-de-6-para-este-ano\/#breadcrumb"},"inLanguage":"pt-BR","potentialAction":[{"@type":"ReadAction","target":["https:\/\/www.notibras.com\/site\/mercado-financeiro-projeta-inflalcao-de-6-para-este-ano\/"]}]},{"@type":"BreadcrumbList","@id":"https:\/\/www.notibras.com\/site\/mercado-financeiro-projeta-inflalcao-de-6-para-este-ano\/#breadcrumb","itemListElement":[{"@type":"ListItem","position":1,"name":"In\u00edcio","item":"https:\/\/www.notibras.com\/site\/"},{"@type":"ListItem","position":2,"name":"Mercado financeiro projeta infla\u00e7\u00e3o de 6% para este ano"}]},{"@type":"WebSite","@id":"https:\/\/www.notibras.com\/site\/#website","url":"https:\/\/www.notibras.com\/site\/","name":"Notibras","description":"Not\u00edcias de Bras\u00edlia, do Brasil e do Mundo","publisher":{"@id":"https:\/\/www.notibras.com\/site\/#organization"},"potentialAction":[{"@type":"SearchAction","target":{"@type":"EntryPoint","urlTemplate":"https:\/\/www.notibras.com\/site\/?s={search_term_string}"},"query-input":{"@type":"PropertyValueSpecification","valueRequired":true,"valueName":"search_term_string"}}],"inLanguage":"pt-BR"},{"@type":"Organization","@id":"https:\/\/www.notibras.com\/site\/#organization","name":"Grupo Notibras de Comunica\u00e7\u00e3o","url":"https:\/\/www.notibras.com\/site\/","logo":{"@type":"ImageObject","inLanguage":"pt-BR","@id":"https:\/\/www.notibras.com\/site\/#\/schema\/logo\/image\/","url":"https:\/\/www.notibras.com\/site\/wp-content\/uploads\/2023\/01\/notibras23.png","contentUrl":"https:\/\/www.notibras.com\/site\/wp-content\/uploads\/2023\/01\/notibras23.png","width":350,"height":87,"caption":"Grupo Notibras de Comunica\u00e7\u00e3o"},"image":{"@id":"https:\/\/www.notibras.com\/site\/#\/schema\/logo\/image\/"},"sameAs":["https:\/\/www.facebook.com\/notibras\/","https:\/\/x.com\/Notibras","https:\/\/www.instagram.com\/notibras\/"]},{"@type":"Person","@id":"https:\/\/www.notibras.com\/site\/#\/schema\/person\/36ab0979449956132d3e5b517ea76ac8","name":"Reda\u00e7\u00e3o","image":{"@type":"ImageObject","inLanguage":"pt-BR","@id":"https:\/\/secure.gravatar.com\/avatar\/e0a867bdedb85fd243eadf09663511f96fc81e0720a4a42581f334ad4303aa6b?s=96&d=mm&r=g","url":"https:\/\/secure.gravatar.com\/avatar\/e0a867bdedb85fd243eadf09663511f96fc81e0720a4a42581f334ad4303aa6b?s=96&d=mm&r=g","contentUrl":"https:\/\/secure.gravatar.com\/avatar\/e0a867bdedb85fd243eadf09663511f96fc81e0720a4a42581f334ad4303aa6b?s=96&d=mm&r=g","caption":"Reda\u00e7\u00e3o"}}]}},"amp_enabled":true,"_links":{"self":[{"href":"https:\/\/www.notibras.com\/site\/wp-json\/wp\/v2\/posts\/1917","targetHints":{"allow":["GET"]}}],"collection":[{"href":"https:\/\/www.notibras.com\/site\/wp-json\/wp\/v2\/posts"}],"about":[{"href":"https:\/\/www.notibras.com\/site\/wp-json\/wp\/v2\/types\/post"}],"author":[{"embeddable":true,"href":"https:\/\/www.notibras.com\/site\/wp-json\/wp\/v2\/users\/2"}],"replies":[{"embeddable":true,"href":"https:\/\/www.notibras.com\/site\/wp-json\/wp\/v2\/comments?post=1917"}],"version-history":[{"count":0,"href":"https:\/\/www.notibras.com\/site\/wp-json\/wp\/v2\/posts\/1917\/revisions"}],"wp:attachment":[{"href":"https:\/\/www.notibras.com\/site\/wp-json\/wp\/v2\/media?parent=1917"}],"wp:term":[{"taxonomy":"category","embeddable":true,"href":"https:\/\/www.notibras.com\/site\/wp-json\/wp\/v2\/categories?post=1917"},{"taxonomy":"post_tag","embeddable":true,"href":"https:\/\/www.notibras.com\/site\/wp-json\/wp\/v2\/tags?post=1917"}],"curies":[{"name":"wp","href":"https:\/\/api.w.org\/{rel}","templated":true}]}}