{"id":19172,"date":"2014-08-11T19:50:35","date_gmt":"2014-08-11T22:50:35","guid":{"rendered":"http:\/\/www.notibras.com\/site\/?p=19172"},"modified":"2014-08-11T19:50:57","modified_gmt":"2014-08-11T22:50:57","slug":"governo-abre-licitacao-para-exploracao-de-195-lojas-no-shopping-popular","status":"publish","type":"post","link":"https:\/\/www.notibras.com\/site\/governo-abre-licitacao-para-exploracao-de-195-lojas-no-shopping-popular\/","title":{"rendered":"GDF abre licita\u00e7\u00e3o para explora\u00e7\u00e3o de 195 lojas no Shopping Popular"},"content":{"rendered":"<p>O governo do Distrito Federal divulgou edital de licita\u00e7\u00e3o para a ocupa\u00e7\u00e3o de 195 boxes do Shopping Popular de Bras\u00edlia. Segundo o GDF, ser\u00e3o 12 destinados ao setor de alimenta\u00e7\u00e3o. O Shopping Popular possui aproximadamente 1,5 mil boxes.<\/p>\n<p>Para participar do processo licitat\u00f3rio o interessado tem que ser pessoa f\u00edsica, residente e domiciliado no Distrito Federal e n\u00e3o pode ter explorado qualquer outro espa\u00e7o p\u00fablico no DF. O edital pode ser encontrado no <a href=\"http:\/\/www.df.gov.br\/images\/agencia_brasilia\/2014\/08%20Agosto\/Edital%20Versao%20final%20-%20shopping%20popular%2030-07-2014%203%201.pdf\" target=\"_blank\">site da Coordenadoria das Cidades do DF<\/a>, na sede do \u00f3rg\u00e3o e no Shopping Popular.<\/p>\n<blockquote><p>A Coordenadoria informou que o permission\u00e1rio dever\u00e1 pagar, mensalmente, R$ 5,87, por metro quadrado ocupado \u2013 cada box tem aproximadamente 4m\u00b2. No caso do setor de alimenta\u00e7\u00e3o, os boxes medem 16m\u00b2, o que d\u00e1 um aluguel total de R$ 93,92.<\/p><\/blockquote>\n","protected":false},"excerpt":{"rendered":"<p>O governo do Distrito Federal divulgou edital de licita\u00e7\u00e3o para a ocupa\u00e7\u00e3o de 195 boxes do Shopping Popular de Bras\u00edlia. Segundo o GDF, ser\u00e3o 12 destinados ao setor de alimenta\u00e7\u00e3o. O Shopping Popular possui aproximadamente 1,5 mil boxes. Para participar do processo licitat\u00f3rio o interessado tem que ser pessoa f\u00edsica, residente e domiciliado no Distrito [&hellip;]<\/p>\n","protected":false},"author":1,"featured_media":19173,"comment_status":"open","ping_status":"closed","sticky":false,"template":"","format":"standard","meta":{"_acf_changed":false,"footnotes":""},"categories":[1],"tags":[],"class_list":["post-19172","post","type-post","status-publish","format-standard","has-post-thumbnail","hentry","category-brasilia"],"acf":[],"_links":{"self":[{"href":"https:\/\/www.notibras.com\/site\/wp-json\/wp\/v2\/posts\/19172","targetHints":{"allow":["GET"]}}],"collection":[{"href":"https:\/\/www.notibras.com\/site\/wp-json\/wp\/v2\/posts"}],"about":[{"href":"https:\/\/www.notibras.com\/site\/wp-json\/wp\/v2\/types\/post"}],"author":[{"embeddable":true,"href":"https:\/\/www.notibras.com\/site\/wp-json\/wp\/v2\/users\/1"}],"replies":[{"embeddable":true,"href":"https:\/\/www.notibras.com\/site\/wp-json\/wp\/v2\/comments?post=19172"}],"version-history":[{"count":0,"href":"https:\/\/www.notibras.com\/site\/wp-json\/wp\/v2\/posts\/19172\/revisions"}],"wp:featuredmedia":[{"embeddable":true,"href":"https:\/\/www.notibras.com\/site\/wp-json\/wp\/v2\/media\/19173"}],"wp:attachment":[{"href":"https:\/\/www.notibras.com\/site\/wp-json\/wp\/v2\/media?parent=19172"}],"wp:term":[{"taxonomy":"category","embeddable":true,"href":"https:\/\/www.notibras.com\/site\/wp-json\/wp\/v2\/categories?post=19172"},{"taxonomy":"post_tag","embeddable":true,"href":"https:\/\/www.notibras.com\/site\/wp-json\/wp\/v2\/tags?post=19172"}],"curies":[{"name":"wp","href":"https:\/\/api.w.org\/{rel}","templated":true}]}}