{"id":19176,"date":"2014-08-11T20:10:07","date_gmt":"2014-08-11T23:10:07","guid":{"rendered":"http:\/\/www.notibras.com\/site\/?p=19176"},"modified":"2014-08-11T20:10:36","modified_gmt":"2014-08-11T23:10:36","slug":"fiscalizacao-recolhe-265-faixas-irregulares-em-quatro-regioes","status":"publish","type":"post","link":"https:\/\/www.notibras.com\/site\/fiscalizacao-recolhe-265-faixas-irregulares-em-quatro-regioes\/","title":{"rendered":"Fiscaliza\u00e7\u00e3o recolhe 265 faixas irregulares em quatro regi\u00f5es do DF"},"content":{"rendered":"<p>Cerca de 265 faixas de propagandas irregulares foram recolhidas de canteiros, postes de ilumina\u00e7\u00e3o e passarelas nesta segunda-feira (11). A a\u00e7\u00e3o dos agentes da Secretaria da Ordem P\u00fablica e Social passou pelas cidades de Samambaia, Guar\u00e1, Asa Sul e Estrutural.<\/p>\n<blockquote><p>&#8220;Os materiais estavam expostos em locais inapropriados. A maioria foi encontrada pr\u00f3ximo a placas de sinaliza\u00e7\u00e3o de tr\u00e2nsito. Isso \u00e9 um risco \u00e0 visibilidade do motorista&#8221;, lembrou o subsecret\u00e1rio de Opera\u00e7\u00f5es da Seops, Luciano Teixeira.<\/p><\/blockquote>\n<p>Em Samambaia, a fiscaliza\u00e7\u00e3o retirou 78 faixas nas principais avenidas. Outras 71 foram removidas do Guar\u00e1, 62 na Asa Sul, 22 na Epia Sul e 32 removidas na Estrutural. De acordo com a Seops, a maioria dos materiais apreendidos faziam an\u00fancios de planos de sa\u00fade e im\u00f3veis, al\u00e9m de indica\u00e7\u00e3o de locais de festas.<\/p>\n<p>A Seops informou que nenhuma faixa estava relacionada com propaganda eleitoral. Essa fiscaliza\u00e7\u00e3o est\u00e1 a cargo do Tribunal Regional Eleitoral (TRE).<\/p>\n<p>As faixas apreendidas na opera\u00e7\u00e3o seguiram para uma cooperativa de reciclagem da Estrutural, onde os objetos ser\u00e3o transformados em m\u00f3veis sustent\u00e1veis ou adubos.<\/p>\n<p>A fixa\u00e7\u00e3o de publicidade e propaganda em \u00e1rea p\u00fablica depende de autoriza\u00e7\u00e3o, que pode ser obtida na administra\u00e7\u00e3o regional da cidade onde se pretende instalar o objeto. SCaso haja previs\u00e3o dessa autoriza\u00e7\u00e3o no Plano Diretor de Publicidade local, o \u00f3rg\u00e3o poder\u00e1 emitir licen\u00e7a com validade de at\u00e9 sete dias.<\/p>\n<p>Quem estiver em desacordo com a lei pode receber multas, emitidas pela Ag\u00eancia de Fiscaliza\u00e7\u00e3o (Agefis), que variam entre R$ 400 e R$ 1,2 mil, conforme o tamanho do material e o local do an\u00fancio. A infra\u00e7\u00e3o incide sobre o CPF ou CNPJ do autor.<\/p>\n<blockquote><p>&#8220;A opera\u00e7\u00e3o teve o objetivo de deixar a cidade esteticamente mais bonita. Nos pr\u00f3ximos dias, uma a\u00e7\u00e3o conjunta com a Agefis poder\u00e1 multar os respons\u00e1veis pela polui\u00e7\u00e3o visual nas cidades&#8221;, afirmou o subsecret\u00e1rio.<\/p><\/blockquote>\n<p>As den\u00fancias s\u00e3o registradas na Ouvidoria-Geral do GDF pelo telefone 162 ou atrav\u00e9s do <a href=\"http:\/\/www.ouvidoria.df.gov.br\/\" target=\"_blank\">endere\u00e7o eletr\u00f4nico<\/a> do \u00f3rg\u00e3o.<\/p>\n","protected":false},"excerpt":{"rendered":"<p>Cerca de 265 faixas de propagandas irregulares foram recolhidas de canteiros, postes de ilumina\u00e7\u00e3o e passarelas nesta segunda-feira (11). A a\u00e7\u00e3o dos agentes da Secretaria da Ordem P\u00fablica e Social passou pelas cidades de Samambaia, Guar\u00e1, Asa Sul e Estrutural. &#8220;Os materiais estavam expostos em locais inapropriados. A maioria foi encontrada pr\u00f3ximo a placas de [&hellip;]<\/p>\n","protected":false},"author":1,"featured_media":19177,"comment_status":"open","ping_status":"closed","sticky":false,"template":"","format":"standard","meta":{"_acf_changed":false,"footnotes":""},"categories":[1],"tags":[],"class_list":["post-19176","post","type-post","status-publish","format-standard","has-post-thumbnail","hentry","category-brasilia"],"acf":[],"_links":{"self":[{"href":"https:\/\/www.notibras.com\/site\/wp-json\/wp\/v2\/posts\/19176","targetHints":{"allow":["GET"]}}],"collection":[{"href":"https:\/\/www.notibras.com\/site\/wp-json\/wp\/v2\/posts"}],"about":[{"href":"https:\/\/www.notibras.com\/site\/wp-json\/wp\/v2\/types\/post"}],"author":[{"embeddable":true,"href":"https:\/\/www.notibras.com\/site\/wp-json\/wp\/v2\/users\/1"}],"replies":[{"embeddable":true,"href":"https:\/\/www.notibras.com\/site\/wp-json\/wp\/v2\/comments?post=19176"}],"version-history":[{"count":0,"href":"https:\/\/www.notibras.com\/site\/wp-json\/wp\/v2\/posts\/19176\/revisions"}],"wp:featuredmedia":[{"embeddable":true,"href":"https:\/\/www.notibras.com\/site\/wp-json\/wp\/v2\/media\/19177"}],"wp:attachment":[{"href":"https:\/\/www.notibras.com\/site\/wp-json\/wp\/v2\/media?parent=19176"}],"wp:term":[{"taxonomy":"category","embeddable":true,"href":"https:\/\/www.notibras.com\/site\/wp-json\/wp\/v2\/categories?post=19176"},{"taxonomy":"post_tag","embeddable":true,"href":"https:\/\/www.notibras.com\/site\/wp-json\/wp\/v2\/tags?post=19176"}],"curies":[{"name":"wp","href":"https:\/\/api.w.org\/{rel}","templated":true}]}}