{"id":19184,"date":"2014-08-12T07:17:13","date_gmt":"2014-08-12T10:17:13","guid":{"rendered":"http:\/\/www.notibras.com\/site\/?p=19184"},"modified":"2014-08-12T07:32:53","modified_gmt":"2014-08-12T10:32:53","slug":"detran-abre-35-vagas-no-curso-de-mecanica-para-mulheres","status":"publish","type":"post","link":"https:\/\/www.notibras.com\/site\/detran-abre-35-vagas-no-curso-de-mecanica-para-mulheres\/","title":{"rendered":"Detran abre 35 vagas no curso de mec\u00e2nica para mulheres nesta quarta"},"content":{"rendered":"<p>O Detran abre nesta quarta-feira (13) inscri\u00e7\u00f5es para as 35 vagas oferecidas no Curso de Mec\u00e2nica para Mulheres. O objetivo \u00e9 atualiz\u00e1-las nos conhecimentos b\u00e1sicos sobre o funcionamento de ve\u00edculos de duas e de quatro rodas. A iniciativa \u00e9 gratuita.<\/p>\n<blockquote><p>Entre as disciplinas do curso, est\u00e3o rela\u00e7\u00f5es interpessoais, dire\u00e7\u00e3o defensiva e no\u00e7\u00f5es b\u00e1sicas de mec\u00e2nica de ve\u00edculos. A carga hor\u00e1ria \u00e9 de 20 horas.<\/p><\/blockquote>\n<p>Para se inscrever, as interessadas devem levar documentos pessoais e CNH \u00e0 <strong>Escola P\u00fablica de Tr\u00e2nsito &#8211; 706\/906 Sul<\/strong>. As aulas acontecer\u00e3o entre 19 e 29 de agosto, entre 18h30 e 22h. As alunas que tiverem 100% de presen\u00e7a ganhar\u00e3o certificado de participa\u00e7\u00e3o.<\/p>\n","protected":false},"excerpt":{"rendered":"<p>O Detran abre nesta quarta-feira (13) inscri\u00e7\u00f5es para as 35 vagas oferecidas no Curso de Mec\u00e2nica para Mulheres. O objetivo \u00e9 atualiz\u00e1-las nos conhecimentos b\u00e1sicos sobre o funcionamento de ve\u00edculos de duas e de quatro rodas. A iniciativa \u00e9 gratuita. Entre as disciplinas do curso, est\u00e3o rela\u00e7\u00f5es interpessoais, dire\u00e7\u00e3o defensiva e no\u00e7\u00f5es b\u00e1sicas de mec\u00e2nica [&hellip;]<\/p>\n","protected":false},"author":1,"featured_media":19185,"comment_status":"open","ping_status":"closed","sticky":false,"template":"","format":"standard","meta":{"_acf_changed":false,"footnotes":""},"categories":[1],"tags":[],"class_list":["post-19184","post","type-post","status-publish","format-standard","has-post-thumbnail","hentry","category-brasilia"],"acf":[],"_links":{"self":[{"href":"https:\/\/www.notibras.com\/site\/wp-json\/wp\/v2\/posts\/19184","targetHints":{"allow":["GET"]}}],"collection":[{"href":"https:\/\/www.notibras.com\/site\/wp-json\/wp\/v2\/posts"}],"about":[{"href":"https:\/\/www.notibras.com\/site\/wp-json\/wp\/v2\/types\/post"}],"author":[{"embeddable":true,"href":"https:\/\/www.notibras.com\/site\/wp-json\/wp\/v2\/users\/1"}],"replies":[{"embeddable":true,"href":"https:\/\/www.notibras.com\/site\/wp-json\/wp\/v2\/comments?post=19184"}],"version-history":[{"count":0,"href":"https:\/\/www.notibras.com\/site\/wp-json\/wp\/v2\/posts\/19184\/revisions"}],"wp:featuredmedia":[{"embeddable":true,"href":"https:\/\/www.notibras.com\/site\/wp-json\/wp\/v2\/media\/19185"}],"wp:attachment":[{"href":"https:\/\/www.notibras.com\/site\/wp-json\/wp\/v2\/media?parent=19184"}],"wp:term":[{"taxonomy":"category","embeddable":true,"href":"https:\/\/www.notibras.com\/site\/wp-json\/wp\/v2\/categories?post=19184"},{"taxonomy":"post_tag","embeddable":true,"href":"https:\/\/www.notibras.com\/site\/wp-json\/wp\/v2\/tags?post=19184"}],"curies":[{"name":"wp","href":"https:\/\/api.w.org\/{rel}","templated":true}]}}