{"id":191954,"date":"2018-10-01T11:48:31","date_gmt":"2018-10-01T14:48:31","guid":{"rendered":"https:\/\/www.notibras.com\/site\/?p=191954"},"modified":"2018-10-01T11:48:31","modified_gmt":"2018-10-01T14:48:31","slug":"eua-e-canada-anunciam-acordo-para-substituir-o-nafta","status":"publish","type":"post","link":"https:\/\/www.notibras.com\/site\/eua-e-canada-anunciam-acordo-para-substituir-o-nafta\/","title":{"rendered":"EUA e Canad\u00e1 anunciam acordo para substituir o Nafta"},"content":{"rendered":"<p>O Canad\u00e1 e os Estados Unidos anunciaram neste domingo, 30, um novo acordo comercial trilateral junto ao M\u00e9xico depois de meses de negocia\u00e7\u00e3o, que substituir\u00e1 o Tratado Norte-Americano de Livre-Com\u00e9rcio (Nafta, na sigla em ingl\u00eas).<\/p>\n<p>&#8220;Hoje, Canad\u00e1 e EUA fecharam junto com M\u00e9xico um novo e modernizado acordo comercial para o s\u00e9culo 21: o EUA-M\u00e9xico-Canad\u00e1 (USMCA, na sigla em ingl\u00eas)&#8221;, informaram em comunicado conjunto o representante de Com\u00e9rcio dos EUA, Robert Lighthizer, e a ministra canadense das Rela\u00e7\u00f5es Exteriores, Chrystia Freeland.<\/p>\n<p>O acordo surge quatro dias depois de Lighthizer dizer no Congresso americano que as diverg\u00eancias entre os dois pa\u00edses eram grandes demais para serem superadas no prazo que havia sido imposto pelos EUA, ou seja, at\u00e9 o \u00faltimo minuto de domingo.<\/p>\n<p>&#8220;O USMCA dar\u00e1 aos trabalhadores, fazendeiros e comerciantes um acordo comercial de alta qualidade que resultar\u00e1 em mercados mais livres, com\u00e9rcio mais seguro e crescimento econ\u00f4mico mais robusto em nossa regi\u00e3o&#8221;, segundo o texto.<\/p>\n<p>A nota acrescenta que o pacto fortalecer\u00e1 a classe m\u00e9dia e criar\u00e1 &#8220;bons trabalhos bem pagos e novas oportunidades&#8221; para cerca de 500 milh\u00f5es de pessoas &#8220;que chamam a Am\u00e9rica do Norte de lar&#8221;.<\/p>\n<p>Lighthizer e Chrystia disseram que querem aprofundar mais os la\u00e7os econ\u00f4micos de seus pa\u00edses quando o acordo entrar em vigor. &#8220;Gostar\u00edamos de agradecer ao ministro mexicano de Economia, Ildefonso Guajardo, por sua colabora\u00e7\u00e3o pr\u00f3xima durante os \u00faltimos 13 meses&#8221;, conclui o comunicado.<\/p>\n<p>Uma autoridade americana afirmou que os EUA chegaram a um entendimento com Canad\u00e1 e M\u00e9xico para reverter a amea\u00e7a de Washington de impor tarifas a carros. Al\u00e9m disso, o USMCA oferecer\u00e1 &#8220;substanciais novas oportunidades de exporta\u00e7\u00e3o&#8221; de latic\u00ednios ao Canad\u00e1. Segundo a mesma fonte, as tarifas dos EUA impostas a importa\u00e7\u00f5es de a\u00e7o e alum\u00ednio ser\u00e3o discutidas separadamente.<\/p>\n<p>O novo acordo tamb\u00e9m estabelece, pela primeira vez, regras para servi\u00e7os financeiros e neg\u00f3cios digitais que surgiram desde que o Nafta foi criado, de forma a atender os interesses de v\u00e1rios setores, de empresas farmac\u00eauticas a mercados financeiros.<\/p>\n<p>O Nafta, em vigor desde 1994, engloba US$ 1 trilh\u00e3o por ano em interc\u00e2mbios entre EUA, Canad\u00e1 e M\u00e9xico, mas foi submetido a um processo de renova\u00e7\u00e3o durante meses ap\u00f3s a chegada de Trump \u00e0 Casa Branca, que havia qualificado o acordo como um desastre. No fim de agosto, EUA e M\u00e9xico fecharam um pacto bilateral preliminar, ao qual faltava se somar o Canad\u00e1.<\/p>\n<p><strong>Rea\u00e7\u00f5es &#8211;\u00a0<\/strong>&#8220;Alcan\u00e7amos um novo acordo comercial maravilhoso com o Canad\u00e1&#8221;, disse Trump em sua conta no Twitter. &#8220;\u00c9 um grande pacto para todos os tr\u00eas pa\u00edses.&#8221;<\/p>\n<p>O ministro das Rela\u00e7\u00f5es Exteriores do M\u00e9xico, Luis Videgaray, tamb\u00e9m comemorou o novo acordo comercial. &#8220;\u00c9 uma boa noite para o M\u00e9xico e para a Am\u00e9rica de Norte&#8221;, escreveu o chanceler mexicano em sua conta no Twitter.<\/p>\n<p>Na curta mensagem, Videgaray afirmou que \u00e9 &#8220;uma honra e um gosto trabalhar sob a lideran\u00e7a do presidente Enrique Pe\u00f1a Nieto junto ao ministro da Economia, Ildefonso Guajardo, e uma grande equipe negociadora mexicana&#8221;.<\/p>\n<p>Ele tamb\u00e9m destacou como positivo o trabalho com o futuro chanceler, Marcelo Ebrard, e com Jes\u00fas Seade, chefe negociador do gabinete do presidente eleito do M\u00e9xico, Andr\u00e9s Manuel L\u00f3pez Obrador, que assumir\u00e1 o poder no dia 1.\u00ba de dezembro.<\/p>\n","protected":false},"excerpt":{"rendered":"<p>O Canad\u00e1 e os Estados Unidos anunciaram neste domingo, 30, um novo acordo comercial trilateral junto ao M\u00e9xico depois de meses de negocia\u00e7\u00e3o, que substituir\u00e1 o Tratado Norte-Americano de Livre-Com\u00e9rcio (Nafta, na sigla em ingl\u00eas). &#8220;Hoje, Canad\u00e1 e EUA fecharam junto com M\u00e9xico um novo e modernizado acordo comercial para o s\u00e9culo 21: o EUA-M\u00e9xico-Canad\u00e1 [&hellip;]<\/p>\n","protected":false},"author":1,"featured_media":191955,"comment_status":"closed","ping_status":"closed","sticky":false,"template":"","format":"standard","meta":{"_acf_changed":false,"footnotes":""},"categories":[17],"tags":[],"class_list":["post-191954","post","type-post","status-publish","format-standard","has-post-thumbnail","hentry","category-mundo"],"acf":[],"yoast_head":"<!-- This site is optimized with the Yoast SEO plugin v27.2 - https:\/\/yoast.com\/product\/yoast-seo-wordpress\/ -->\n<title>EUA e Canad\u00e1 anunciam acordo para substituir o Nafta - Notibras<\/title>\n<meta name=\"robots\" content=\"index, follow, max-snippet:-1, max-image-preview:large, max-video-preview:-1\" \/>\n<link rel=\"canonical\" href=\"https:\/\/www.notibras.com\/site\/eua-e-canada-anunciam-acordo-para-substituir-o-nafta\/\" \/>\n<meta property=\"og:locale\" content=\"pt_BR\" \/>\n<meta property=\"og:type\" content=\"article\" \/>\n<meta property=\"og:title\" content=\"EUA e Canad\u00e1 anunciam acordo para substituir o Nafta - Notibras\" \/>\n<meta property=\"og:description\" content=\"O Canad\u00e1 e os Estados Unidos anunciaram neste domingo, 30, um novo acordo comercial trilateral junto ao M\u00e9xico depois de meses de negocia\u00e7\u00e3o, que substituir\u00e1 o Tratado Norte-Americano de Livre-Com\u00e9rcio (Nafta, na sigla em ingl\u00eas). &#8220;Hoje, Canad\u00e1 e EUA fecharam junto com M\u00e9xico um novo e modernizado acordo comercial para o s\u00e9culo 21: o EUA-M\u00e9xico-Canad\u00e1 [&hellip;]\" \/>\n<meta property=\"og:url\" content=\"https:\/\/www.notibras.com\/site\/eua-e-canada-anunciam-acordo-para-substituir-o-nafta\/\" \/>\n<meta property=\"og:site_name\" content=\"Notibras\" \/>\n<meta property=\"article:publisher\" content=\"https:\/\/www.facebook.com\/notibras\/\" \/>\n<meta property=\"article:published_time\" content=\"2018-10-01T14:48:31+00:00\" \/>\n<meta property=\"og:image\" content=\"https:\/\/www.notibras.com\/site\/wp-content\/uploads\/2018\/10\/1538383914223.jpg\" \/>\n\t<meta property=\"og:image:width\" content=\"932\" \/>\n\t<meta property=\"og:image:height\" content=\"635\" \/>\n\t<meta property=\"og:image:type\" content=\"image\/jpeg\" \/>\n<meta name=\"author\" content=\"Reda\u00e7\u00e3o\" \/>\n<meta name=\"twitter:card\" content=\"summary_large_image\" \/>\n<meta name=\"twitter:creator\" content=\"@Notibras\" \/>\n<meta name=\"twitter:site\" content=\"@Notibras\" \/>\n<meta name=\"twitter:label1\" content=\"Escrito por\" \/>\n\t<meta name=\"twitter:data1\" content=\"Reda\u00e7\u00e3o\" \/>\n\t<meta name=\"twitter:label2\" content=\"Est. tempo de leitura\" \/>\n\t<meta name=\"twitter:data2\" content=\"3 minutos\" \/>\n<script type=\"application\/ld+json\" class=\"yoast-schema-graph\">{\"@context\":\"https:\/\/schema.org\",\"@graph\":[{\"@type\":\"Article\",\"@id\":\"https:\/\/www.notibras.com\/site\/eua-e-canada-anunciam-acordo-para-substituir-o-nafta\/#article\",\"isPartOf\":{\"@id\":\"https:\/\/www.notibras.com\/site\/eua-e-canada-anunciam-acordo-para-substituir-o-nafta\/\"},\"author\":{\"name\":\"Reda\u00e7\u00e3o\",\"@id\":\"https:\/\/www.notibras.com\/site\/#\/schema\/person\/00b8e1aa08f9ef6563e878c5159d01cf\"},\"headline\":\"EUA e Canad\u00e1 anunciam acordo para substituir o Nafta\",\"datePublished\":\"2018-10-01T14:48:31+00:00\",\"mainEntityOfPage\":{\"@id\":\"https:\/\/www.notibras.com\/site\/eua-e-canada-anunciam-acordo-para-substituir-o-nafta\/\"},\"wordCount\":587,\"publisher\":{\"@id\":\"https:\/\/www.notibras.com\/site\/#organization\"},\"image\":{\"@id\":\"https:\/\/www.notibras.com\/site\/eua-e-canada-anunciam-acordo-para-substituir-o-nafta\/#primaryimage\"},\"thumbnailUrl\":\"https:\/\/www.notibras.com\/site\/wp-content\/uploads\/2018\/10\/1538383914223.jpg\",\"articleSection\":[\"Mundo\"],\"inLanguage\":\"pt-BR\"},{\"@type\":\"WebPage\",\"@id\":\"https:\/\/www.notibras.com\/site\/eua-e-canada-anunciam-acordo-para-substituir-o-nafta\/\",\"url\":\"https:\/\/www.notibras.com\/site\/eua-e-canada-anunciam-acordo-para-substituir-o-nafta\/\",\"name\":\"EUA e Canad\u00e1 anunciam acordo para substituir o Nafta - Notibras\",\"isPartOf\":{\"@id\":\"https:\/\/www.notibras.com\/site\/#website\"},\"primaryImageOfPage\":{\"@id\":\"https:\/\/www.notibras.com\/site\/eua-e-canada-anunciam-acordo-para-substituir-o-nafta\/#primaryimage\"},\"image\":{\"@id\":\"https:\/\/www.notibras.com\/site\/eua-e-canada-anunciam-acordo-para-substituir-o-nafta\/#primaryimage\"},\"thumbnailUrl\":\"https:\/\/www.notibras.com\/site\/wp-content\/uploads\/2018\/10\/1538383914223.jpg\",\"datePublished\":\"2018-10-01T14:48:31+00:00\",\"breadcrumb\":{\"@id\":\"https:\/\/www.notibras.com\/site\/eua-e-canada-anunciam-acordo-para-substituir-o-nafta\/#breadcrumb\"},\"inLanguage\":\"pt-BR\",\"potentialAction\":[{\"@type\":\"ReadAction\",\"target\":[\"https:\/\/www.notibras.com\/site\/eua-e-canada-anunciam-acordo-para-substituir-o-nafta\/\"]}]},{\"@type\":\"ImageObject\",\"inLanguage\":\"pt-BR\",\"@id\":\"https:\/\/www.notibras.com\/site\/eua-e-canada-anunciam-acordo-para-substituir-o-nafta\/#primaryimage\",\"url\":\"https:\/\/www.notibras.com\/site\/wp-content\/uploads\/2018\/10\/1538383914223.jpg\",\"contentUrl\":\"https:\/\/www.notibras.com\/site\/wp-content\/uploads\/2018\/10\/1538383914223.jpg\",\"width\":932,\"height\":635,\"caption\":\"Foto: Edgard Garrido \/ Reuters\"},{\"@type\":\"BreadcrumbList\",\"@id\":\"https:\/\/www.notibras.com\/site\/eua-e-canada-anunciam-acordo-para-substituir-o-nafta\/#breadcrumb\",\"itemListElement\":[{\"@type\":\"ListItem\",\"position\":1,\"name\":\"In\u00edcio\",\"item\":\"https:\/\/www.notibras.com\/site\/\"},{\"@type\":\"ListItem\",\"position\":2,\"name\":\"EUA e Canad\u00e1 anunciam acordo para substituir o Nafta\"}]},{\"@type\":\"WebSite\",\"@id\":\"https:\/\/www.notibras.com\/site\/#website\",\"url\":\"https:\/\/www.notibras.com\/site\/\",\"name\":\"Notibras\",\"description\":\"Not\u00edcias de Bras\u00edlia, do Brasil e do Mundo\",\"publisher\":{\"@id\":\"https:\/\/www.notibras.com\/site\/#organization\"},\"potentialAction\":[{\"@type\":\"SearchAction\",\"target\":{\"@type\":\"EntryPoint\",\"urlTemplate\":\"https:\/\/www.notibras.com\/site\/?s={search_term_string}\"},\"query-input\":{\"@type\":\"PropertyValueSpecification\",\"valueRequired\":true,\"valueName\":\"search_term_string\"}}],\"inLanguage\":\"pt-BR\"},{\"@type\":\"Organization\",\"@id\":\"https:\/\/www.notibras.com\/site\/#organization\",\"name\":\"Grupo Notibras de Comunica\u00e7\u00e3o\",\"url\":\"https:\/\/www.notibras.com\/site\/\",\"logo\":{\"@type\":\"ImageObject\",\"inLanguage\":\"pt-BR\",\"@id\":\"https:\/\/www.notibras.com\/site\/#\/schema\/logo\/image\/\",\"url\":\"https:\/\/www.notibras.com\/site\/wp-content\/uploads\/2023\/01\/notibras23.png\",\"contentUrl\":\"https:\/\/www.notibras.com\/site\/wp-content\/uploads\/2023\/01\/notibras23.png\",\"width\":350,\"height\":87,\"caption\":\"Grupo Notibras de Comunica\u00e7\u00e3o\"},\"image\":{\"@id\":\"https:\/\/www.notibras.com\/site\/#\/schema\/logo\/image\/\"},\"sameAs\":[\"https:\/\/www.facebook.com\/notibras\/\",\"https:\/\/x.com\/Notibras\",\"https:\/\/www.instagram.com\/notibras\/\"]},{\"@type\":\"Person\",\"@id\":\"https:\/\/www.notibras.com\/site\/#\/schema\/person\/00b8e1aa08f9ef6563e878c5159d01cf\",\"name\":\"Reda\u00e7\u00e3o\",\"image\":{\"@type\":\"ImageObject\",\"inLanguage\":\"pt-BR\",\"@id\":\"https:\/\/secure.gravatar.com\/avatar\/ac5a707d5b47784a5ed426c6e213e201423c750890f64e4c379114dade67dfb9?s=96&d=mm&r=g\",\"url\":\"https:\/\/secure.gravatar.com\/avatar\/ac5a707d5b47784a5ed426c6e213e201423c750890f64e4c379114dade67dfb9?s=96&d=mm&r=g\",\"contentUrl\":\"https:\/\/secure.gravatar.com\/avatar\/ac5a707d5b47784a5ed426c6e213e201423c750890f64e4c379114dade67dfb9?s=96&d=mm&r=g\",\"caption\":\"Reda\u00e7\u00e3o\"}}]}<\/script>\n<!-- \/ Yoast SEO plugin. -->","yoast_head_json":{"title":"EUA e Canad\u00e1 anunciam acordo para substituir o Nafta - Notibras","robots":{"index":"index","follow":"follow","max-snippet":"max-snippet:-1","max-image-preview":"max-image-preview:large","max-video-preview":"max-video-preview:-1"},"canonical":"https:\/\/www.notibras.com\/site\/eua-e-canada-anunciam-acordo-para-substituir-o-nafta\/","og_locale":"pt_BR","og_type":"article","og_title":"EUA e Canad\u00e1 anunciam acordo para substituir o Nafta - Notibras","og_description":"O Canad\u00e1 e os Estados Unidos anunciaram neste domingo, 30, um novo acordo comercial trilateral junto ao M\u00e9xico depois de meses de negocia\u00e7\u00e3o, que substituir\u00e1 o Tratado Norte-Americano de Livre-Com\u00e9rcio (Nafta, na sigla em ingl\u00eas). &#8220;Hoje, Canad\u00e1 e EUA fecharam junto com M\u00e9xico um novo e modernizado acordo comercial para o s\u00e9culo 21: o EUA-M\u00e9xico-Canad\u00e1 [&hellip;]","og_url":"https:\/\/www.notibras.com\/site\/eua-e-canada-anunciam-acordo-para-substituir-o-nafta\/","og_site_name":"Notibras","article_publisher":"https:\/\/www.facebook.com\/notibras\/","article_published_time":"2018-10-01T14:48:31+00:00","og_image":[{"width":932,"height":635,"url":"https:\/\/www.notibras.com\/site\/wp-content\/uploads\/2018\/10\/1538383914223.jpg","type":"image\/jpeg"}],"author":"Reda\u00e7\u00e3o","twitter_card":"summary_large_image","twitter_creator":"@Notibras","twitter_site":"@Notibras","twitter_misc":{"Escrito por":"Reda\u00e7\u00e3o","Est. tempo de leitura":"3 minutos"},"schema":{"@context":"https:\/\/schema.org","@graph":[{"@type":"Article","@id":"https:\/\/www.notibras.com\/site\/eua-e-canada-anunciam-acordo-para-substituir-o-nafta\/#article","isPartOf":{"@id":"https:\/\/www.notibras.com\/site\/eua-e-canada-anunciam-acordo-para-substituir-o-nafta\/"},"author":{"name":"Reda\u00e7\u00e3o","@id":"https:\/\/www.notibras.com\/site\/#\/schema\/person\/00b8e1aa08f9ef6563e878c5159d01cf"},"headline":"EUA e Canad\u00e1 anunciam acordo para substituir o Nafta","datePublished":"2018-10-01T14:48:31+00:00","mainEntityOfPage":{"@id":"https:\/\/www.notibras.com\/site\/eua-e-canada-anunciam-acordo-para-substituir-o-nafta\/"},"wordCount":587,"publisher":{"@id":"https:\/\/www.notibras.com\/site\/#organization"},"image":{"@id":"https:\/\/www.notibras.com\/site\/eua-e-canada-anunciam-acordo-para-substituir-o-nafta\/#primaryimage"},"thumbnailUrl":"https:\/\/www.notibras.com\/site\/wp-content\/uploads\/2018\/10\/1538383914223.jpg","articleSection":["Mundo"],"inLanguage":"pt-BR"},{"@type":"WebPage","@id":"https:\/\/www.notibras.com\/site\/eua-e-canada-anunciam-acordo-para-substituir-o-nafta\/","url":"https:\/\/www.notibras.com\/site\/eua-e-canada-anunciam-acordo-para-substituir-o-nafta\/","name":"EUA e Canad\u00e1 anunciam acordo para substituir o Nafta - Notibras","isPartOf":{"@id":"https:\/\/www.notibras.com\/site\/#website"},"primaryImageOfPage":{"@id":"https:\/\/www.notibras.com\/site\/eua-e-canada-anunciam-acordo-para-substituir-o-nafta\/#primaryimage"},"image":{"@id":"https:\/\/www.notibras.com\/site\/eua-e-canada-anunciam-acordo-para-substituir-o-nafta\/#primaryimage"},"thumbnailUrl":"https:\/\/www.notibras.com\/site\/wp-content\/uploads\/2018\/10\/1538383914223.jpg","datePublished":"2018-10-01T14:48:31+00:00","breadcrumb":{"@id":"https:\/\/www.notibras.com\/site\/eua-e-canada-anunciam-acordo-para-substituir-o-nafta\/#breadcrumb"},"inLanguage":"pt-BR","potentialAction":[{"@type":"ReadAction","target":["https:\/\/www.notibras.com\/site\/eua-e-canada-anunciam-acordo-para-substituir-o-nafta\/"]}]},{"@type":"ImageObject","inLanguage":"pt-BR","@id":"https:\/\/www.notibras.com\/site\/eua-e-canada-anunciam-acordo-para-substituir-o-nafta\/#primaryimage","url":"https:\/\/www.notibras.com\/site\/wp-content\/uploads\/2018\/10\/1538383914223.jpg","contentUrl":"https:\/\/www.notibras.com\/site\/wp-content\/uploads\/2018\/10\/1538383914223.jpg","width":932,"height":635,"caption":"Foto: Edgard Garrido \/ Reuters"},{"@type":"BreadcrumbList","@id":"https:\/\/www.notibras.com\/site\/eua-e-canada-anunciam-acordo-para-substituir-o-nafta\/#breadcrumb","itemListElement":[{"@type":"ListItem","position":1,"name":"In\u00edcio","item":"https:\/\/www.notibras.com\/site\/"},{"@type":"ListItem","position":2,"name":"EUA e Canad\u00e1 anunciam acordo para substituir o Nafta"}]},{"@type":"WebSite","@id":"https:\/\/www.notibras.com\/site\/#website","url":"https:\/\/www.notibras.com\/site\/","name":"Notibras","description":"Not\u00edcias de Bras\u00edlia, do Brasil e do Mundo","publisher":{"@id":"https:\/\/www.notibras.com\/site\/#organization"},"potentialAction":[{"@type":"SearchAction","target":{"@type":"EntryPoint","urlTemplate":"https:\/\/www.notibras.com\/site\/?s={search_term_string}"},"query-input":{"@type":"PropertyValueSpecification","valueRequired":true,"valueName":"search_term_string"}}],"inLanguage":"pt-BR"},{"@type":"Organization","@id":"https:\/\/www.notibras.com\/site\/#organization","name":"Grupo Notibras de Comunica\u00e7\u00e3o","url":"https:\/\/www.notibras.com\/site\/","logo":{"@type":"ImageObject","inLanguage":"pt-BR","@id":"https:\/\/www.notibras.com\/site\/#\/schema\/logo\/image\/","url":"https:\/\/www.notibras.com\/site\/wp-content\/uploads\/2023\/01\/notibras23.png","contentUrl":"https:\/\/www.notibras.com\/site\/wp-content\/uploads\/2023\/01\/notibras23.png","width":350,"height":87,"caption":"Grupo Notibras de Comunica\u00e7\u00e3o"},"image":{"@id":"https:\/\/www.notibras.com\/site\/#\/schema\/logo\/image\/"},"sameAs":["https:\/\/www.facebook.com\/notibras\/","https:\/\/x.com\/Notibras","https:\/\/www.instagram.com\/notibras\/"]},{"@type":"Person","@id":"https:\/\/www.notibras.com\/site\/#\/schema\/person\/00b8e1aa08f9ef6563e878c5159d01cf","name":"Reda\u00e7\u00e3o","image":{"@type":"ImageObject","inLanguage":"pt-BR","@id":"https:\/\/secure.gravatar.com\/avatar\/ac5a707d5b47784a5ed426c6e213e201423c750890f64e4c379114dade67dfb9?s=96&d=mm&r=g","url":"https:\/\/secure.gravatar.com\/avatar\/ac5a707d5b47784a5ed426c6e213e201423c750890f64e4c379114dade67dfb9?s=96&d=mm&r=g","contentUrl":"https:\/\/secure.gravatar.com\/avatar\/ac5a707d5b47784a5ed426c6e213e201423c750890f64e4c379114dade67dfb9?s=96&d=mm&r=g","caption":"Reda\u00e7\u00e3o"}}]}},"amp_enabled":true,"_links":{"self":[{"href":"https:\/\/www.notibras.com\/site\/wp-json\/wp\/v2\/posts\/191954","targetHints":{"allow":["GET"]}}],"collection":[{"href":"https:\/\/www.notibras.com\/site\/wp-json\/wp\/v2\/posts"}],"about":[{"href":"https:\/\/www.notibras.com\/site\/wp-json\/wp\/v2\/types\/post"}],"author":[{"embeddable":true,"href":"https:\/\/www.notibras.com\/site\/wp-json\/wp\/v2\/users\/1"}],"replies":[{"embeddable":true,"href":"https:\/\/www.notibras.com\/site\/wp-json\/wp\/v2\/comments?post=191954"}],"version-history":[{"count":1,"href":"https:\/\/www.notibras.com\/site\/wp-json\/wp\/v2\/posts\/191954\/revisions"}],"predecessor-version":[{"id":191956,"href":"https:\/\/www.notibras.com\/site\/wp-json\/wp\/v2\/posts\/191954\/revisions\/191956"}],"wp:featuredmedia":[{"embeddable":true,"href":"https:\/\/www.notibras.com\/site\/wp-json\/wp\/v2\/media\/191955"}],"wp:attachment":[{"href":"https:\/\/www.notibras.com\/site\/wp-json\/wp\/v2\/media?parent=191954"}],"wp:term":[{"taxonomy":"category","embeddable":true,"href":"https:\/\/www.notibras.com\/site\/wp-json\/wp\/v2\/categories?post=191954"},{"taxonomy":"post_tag","embeddable":true,"href":"https:\/\/www.notibras.com\/site\/wp-json\/wp\/v2\/tags?post=191954"}],"curies":[{"name":"wp","href":"https:\/\/api.w.org\/{rel}","templated":true}]}}