{"id":191957,"date":"2018-10-01T11:51:29","date_gmt":"2018-10-01T14:51:29","guid":{"rendered":"https:\/\/www.notibras.com\/site\/?p=191957"},"modified":"2018-10-01T11:51:29","modified_gmt":"2018-10-01T14:51:29","slug":"pivo-de-escandalo-do-nobel-e-condenado-por-estupro-na-suica","status":"publish","type":"post","link":"https:\/\/www.notibras.com\/site\/pivo-de-escandalo-do-nobel-e-condenado-por-estupro-na-suica\/","title":{"rendered":"Piv\u00f4 de esc\u00e2ndalo do Nobel \u00e9 condenado por estupro na Su\u00ed\u00e7a"},"content":{"rendered":"<p>O franc\u00eas Jean-Claude Arnault, processado na Su\u00e9cia por estupro, em um caso revelado em plena campanha #MeToo e que obrigou o adiamento por um ano do an\u00fancio do Pr\u00eamio Nobel de Literatura, foi condenado por um tribunal de Estocolmo a dois anos de pris\u00e3o.<\/p>\n<p>Arnault, 72 anos, era acusado de estuprar duas vezes, em outubro e dezembro de 2011, uma jovem em um apartamento da capital sueca. Ele foi condenado pelo crime de outubro, anunciou a ju\u00edza Gudrun Antemar em um comunicado.<\/p>\n<p>&#8220;N\u00e3o h\u00e1 nenhuma raz\u00e3o para uma pena mais curta que dois anos&#8221;, afirmou a magistrada em uma entrevista coletiva. Esta \u00e9 a primeira condena\u00e7\u00e3o em um julgamento vinculado ao movimento #MeToo.<\/p>\n<p>O esc\u00e2ndalo, que abalou a Academia Sueca, explodiu em novembro de 2017, um m\u00eas depois das revela\u00e7\u00f5es sobre estupros e outras agress\u00f5es sexuais atribu\u00eddas ao produtor de cinema americano Harvey Weinstein.<\/p>\n<p>Os depoimentos de 18 mulheres, incluindo a demandante, publicados no jornal sueco Dagens Nyheter, que acusavam o franc\u00eas de estupro ou agress\u00e3o sexual, implodiram a Academia Sueca, que concede desde 1901 o Pr\u00eamio Nobel de Literatura.<\/p>\n<p>Arnault, casado com uma acad\u00eamica, tinha rela\u00e7\u00f5es estreitas com a institui\u00e7\u00e3o sueca. Deste ent\u00e3o, os membros da Academia n\u00e3o conseguem assumir suas responsabilidades e n\u00e3o conseguem encontrar uma forma de administrar a crise.<\/p>\n<p>Desacreditada, privada do qu\u00f3rum necess\u00e1rio para funcionar ap\u00f3s a ren\u00fancia de v\u00e1rios membros, a Academia Sueca adiou para o pr\u00f3ximo ano o nome do vencedor do Pr\u00eamio Nobel de Literatura de 2018, algo que n\u00e3o acontecia h\u00e1 70 anos.<\/p>\n","protected":false},"excerpt":{"rendered":"<p>O franc\u00eas Jean-Claude Arnault, processado na Su\u00e9cia por estupro, em um caso revelado em plena campanha #MeToo e que obrigou o adiamento por um ano do an\u00fancio do Pr\u00eamio Nobel de Literatura, foi condenado por um tribunal de Estocolmo a dois anos de pris\u00e3o. Arnault, 72 anos, era acusado de estuprar duas vezes, em outubro [&hellip;]<\/p>\n","protected":false},"author":1,"featured_media":191958,"comment_status":"closed","ping_status":"closed","sticky":false,"template":"","format":"standard","meta":{"_acf_changed":false,"footnotes":""},"categories":[17],"tags":[],"class_list":["post-191957","post","type-post","status-publish","format-standard","has-post-thumbnail","hentry","category-mundo"],"acf":[],"yoast_head":"<!-- This site is optimized with the Yoast SEO plugin v27.2 - https:\/\/yoast.com\/product\/yoast-seo-wordpress\/ -->\n<title>Piv\u00f4 de esc\u00e2ndalo do Nobel \u00e9 condenado por estupro na Su\u00ed\u00e7a - Notibras<\/title>\n<meta name=\"robots\" content=\"index, follow, max-snippet:-1, max-image-preview:large, max-video-preview:-1\" \/>\n<link rel=\"canonical\" href=\"https:\/\/www.notibras.com\/site\/pivo-de-escandalo-do-nobel-e-condenado-por-estupro-na-suica\/\" \/>\n<meta property=\"og:locale\" content=\"pt_BR\" \/>\n<meta property=\"og:type\" content=\"article\" \/>\n<meta property=\"og:title\" content=\"Piv\u00f4 de esc\u00e2ndalo do Nobel \u00e9 condenado por estupro na Su\u00ed\u00e7a - Notibras\" \/>\n<meta property=\"og:description\" content=\"O franc\u00eas Jean-Claude Arnault, processado na Su\u00e9cia por estupro, em um caso revelado em plena campanha #MeToo e que obrigou o adiamento por um ano do an\u00fancio do Pr\u00eamio Nobel de Literatura, foi condenado por um tribunal de Estocolmo a dois anos de pris\u00e3o. Arnault, 72 anos, era acusado de estuprar duas vezes, em outubro [&hellip;]\" \/>\n<meta property=\"og:url\" content=\"https:\/\/www.notibras.com\/site\/pivo-de-escandalo-do-nobel-e-condenado-por-estupro-na-suica\/\" \/>\n<meta property=\"og:site_name\" content=\"Notibras\" \/>\n<meta property=\"article:publisher\" content=\"https:\/\/www.facebook.com\/notibras\/\" \/>\n<meta property=\"article:published_time\" content=\"2018-10-01T14:51:29+00:00\" \/>\n<meta property=\"og:image\" content=\"https:\/\/www.notibras.com\/site\/wp-content\/uploads\/2018\/10\/1538401048961.jpg\" \/>\n\t<meta property=\"og:image:width\" content=\"932\" \/>\n\t<meta property=\"og:image:height\" content=\"659\" \/>\n\t<meta property=\"og:image:type\" content=\"image\/jpeg\" \/>\n<meta name=\"author\" content=\"Reda\u00e7\u00e3o\" \/>\n<meta name=\"twitter:card\" content=\"summary_large_image\" \/>\n<meta name=\"twitter:creator\" content=\"@Notibras\" \/>\n<meta name=\"twitter:site\" content=\"@Notibras\" \/>\n<meta name=\"twitter:label1\" content=\"Escrito por\" \/>\n\t<meta name=\"twitter:data1\" content=\"Reda\u00e7\u00e3o\" \/>\n\t<meta name=\"twitter:label2\" content=\"Est. tempo de leitura\" \/>\n\t<meta name=\"twitter:data2\" content=\"1 minuto\" \/>\n<script type=\"application\/ld+json\" class=\"yoast-schema-graph\">{\"@context\":\"https:\/\/schema.org\",\"@graph\":[{\"@type\":\"Article\",\"@id\":\"https:\/\/www.notibras.com\/site\/pivo-de-escandalo-do-nobel-e-condenado-por-estupro-na-suica\/#article\",\"isPartOf\":{\"@id\":\"https:\/\/www.notibras.com\/site\/pivo-de-escandalo-do-nobel-e-condenado-por-estupro-na-suica\/\"},\"author\":{\"name\":\"Reda\u00e7\u00e3o\",\"@id\":\"https:\/\/www.notibras.com\/site\/#\/schema\/person\/00b8e1aa08f9ef6563e878c5159d01cf\"},\"headline\":\"Piv\u00f4 de esc\u00e2ndalo do Nobel \u00e9 condenado por estupro na Su\u00ed\u00e7a\",\"datePublished\":\"2018-10-01T14:51:29+00:00\",\"mainEntityOfPage\":{\"@id\":\"https:\/\/www.notibras.com\/site\/pivo-de-escandalo-do-nobel-e-condenado-por-estupro-na-suica\/\"},\"wordCount\":287,\"publisher\":{\"@id\":\"https:\/\/www.notibras.com\/site\/#organization\"},\"image\":{\"@id\":\"https:\/\/www.notibras.com\/site\/pivo-de-escandalo-do-nobel-e-condenado-por-estupro-na-suica\/#primaryimage\"},\"thumbnailUrl\":\"https:\/\/www.notibras.com\/site\/wp-content\/uploads\/2018\/10\/1538401048961.jpg\",\"articleSection\":[\"Mundo\"],\"inLanguage\":\"pt-BR\"},{\"@type\":\"WebPage\",\"@id\":\"https:\/\/www.notibras.com\/site\/pivo-de-escandalo-do-nobel-e-condenado-por-estupro-na-suica\/\",\"url\":\"https:\/\/www.notibras.com\/site\/pivo-de-escandalo-do-nobel-e-condenado-por-estupro-na-suica\/\",\"name\":\"Piv\u00f4 de esc\u00e2ndalo do Nobel \u00e9 condenado por estupro na Su\u00ed\u00e7a - Notibras\",\"isPartOf\":{\"@id\":\"https:\/\/www.notibras.com\/site\/#website\"},\"primaryImageOfPage\":{\"@id\":\"https:\/\/www.notibras.com\/site\/pivo-de-escandalo-do-nobel-e-condenado-por-estupro-na-suica\/#primaryimage\"},\"image\":{\"@id\":\"https:\/\/www.notibras.com\/site\/pivo-de-escandalo-do-nobel-e-condenado-por-estupro-na-suica\/#primaryimage\"},\"thumbnailUrl\":\"https:\/\/www.notibras.com\/site\/wp-content\/uploads\/2018\/10\/1538401048961.jpg\",\"datePublished\":\"2018-10-01T14:51:29+00:00\",\"breadcrumb\":{\"@id\":\"https:\/\/www.notibras.com\/site\/pivo-de-escandalo-do-nobel-e-condenado-por-estupro-na-suica\/#breadcrumb\"},\"inLanguage\":\"pt-BR\",\"potentialAction\":[{\"@type\":\"ReadAction\",\"target\":[\"https:\/\/www.notibras.com\/site\/pivo-de-escandalo-do-nobel-e-condenado-por-estupro-na-suica\/\"]}]},{\"@type\":\"ImageObject\",\"inLanguage\":\"pt-BR\",\"@id\":\"https:\/\/www.notibras.com\/site\/pivo-de-escandalo-do-nobel-e-condenado-por-estupro-na-suica\/#primaryimage\",\"url\":\"https:\/\/www.notibras.com\/site\/wp-content\/uploads\/2018\/10\/1538401048961.jpg\",\"contentUrl\":\"https:\/\/www.notibras.com\/site\/wp-content\/uploads\/2018\/10\/1538401048961.jpg\",\"width\":932,\"height\":659,\"caption\":\"Foto: EFE\/ Janerik Henriksson\"},{\"@type\":\"BreadcrumbList\",\"@id\":\"https:\/\/www.notibras.com\/site\/pivo-de-escandalo-do-nobel-e-condenado-por-estupro-na-suica\/#breadcrumb\",\"itemListElement\":[{\"@type\":\"ListItem\",\"position\":1,\"name\":\"In\u00edcio\",\"item\":\"https:\/\/www.notibras.com\/site\/\"},{\"@type\":\"ListItem\",\"position\":2,\"name\":\"Piv\u00f4 de esc\u00e2ndalo do Nobel \u00e9 condenado por estupro na Su\u00ed\u00e7a\"}]},{\"@type\":\"WebSite\",\"@id\":\"https:\/\/www.notibras.com\/site\/#website\",\"url\":\"https:\/\/www.notibras.com\/site\/\",\"name\":\"Notibras\",\"description\":\"Not\u00edcias de Bras\u00edlia, do Brasil e do Mundo\",\"publisher\":{\"@id\":\"https:\/\/www.notibras.com\/site\/#organization\"},\"potentialAction\":[{\"@type\":\"SearchAction\",\"target\":{\"@type\":\"EntryPoint\",\"urlTemplate\":\"https:\/\/www.notibras.com\/site\/?s={search_term_string}\"},\"query-input\":{\"@type\":\"PropertyValueSpecification\",\"valueRequired\":true,\"valueName\":\"search_term_string\"}}],\"inLanguage\":\"pt-BR\"},{\"@type\":\"Organization\",\"@id\":\"https:\/\/www.notibras.com\/site\/#organization\",\"name\":\"Grupo Notibras de Comunica\u00e7\u00e3o\",\"url\":\"https:\/\/www.notibras.com\/site\/\",\"logo\":{\"@type\":\"ImageObject\",\"inLanguage\":\"pt-BR\",\"@id\":\"https:\/\/www.notibras.com\/site\/#\/schema\/logo\/image\/\",\"url\":\"https:\/\/www.notibras.com\/site\/wp-content\/uploads\/2023\/01\/notibras23.png\",\"contentUrl\":\"https:\/\/www.notibras.com\/site\/wp-content\/uploads\/2023\/01\/notibras23.png\",\"width\":350,\"height\":87,\"caption\":\"Grupo Notibras de Comunica\u00e7\u00e3o\"},\"image\":{\"@id\":\"https:\/\/www.notibras.com\/site\/#\/schema\/logo\/image\/\"},\"sameAs\":[\"https:\/\/www.facebook.com\/notibras\/\",\"https:\/\/x.com\/Notibras\",\"https:\/\/www.instagram.com\/notibras\/\"]},{\"@type\":\"Person\",\"@id\":\"https:\/\/www.notibras.com\/site\/#\/schema\/person\/00b8e1aa08f9ef6563e878c5159d01cf\",\"name\":\"Reda\u00e7\u00e3o\",\"image\":{\"@type\":\"ImageObject\",\"inLanguage\":\"pt-BR\",\"@id\":\"https:\/\/secure.gravatar.com\/avatar\/ac5a707d5b47784a5ed426c6e213e201423c750890f64e4c379114dade67dfb9?s=96&d=mm&r=g\",\"url\":\"https:\/\/secure.gravatar.com\/avatar\/ac5a707d5b47784a5ed426c6e213e201423c750890f64e4c379114dade67dfb9?s=96&d=mm&r=g\",\"contentUrl\":\"https:\/\/secure.gravatar.com\/avatar\/ac5a707d5b47784a5ed426c6e213e201423c750890f64e4c379114dade67dfb9?s=96&d=mm&r=g\",\"caption\":\"Reda\u00e7\u00e3o\"}}]}<\/script>\n<!-- \/ Yoast SEO plugin. -->","yoast_head_json":{"title":"Piv\u00f4 de esc\u00e2ndalo do Nobel \u00e9 condenado por estupro na Su\u00ed\u00e7a - Notibras","robots":{"index":"index","follow":"follow","max-snippet":"max-snippet:-1","max-image-preview":"max-image-preview:large","max-video-preview":"max-video-preview:-1"},"canonical":"https:\/\/www.notibras.com\/site\/pivo-de-escandalo-do-nobel-e-condenado-por-estupro-na-suica\/","og_locale":"pt_BR","og_type":"article","og_title":"Piv\u00f4 de esc\u00e2ndalo do Nobel \u00e9 condenado por estupro na Su\u00ed\u00e7a - Notibras","og_description":"O franc\u00eas Jean-Claude Arnault, processado na Su\u00e9cia por estupro, em um caso revelado em plena campanha #MeToo e que obrigou o adiamento por um ano do an\u00fancio do Pr\u00eamio Nobel de Literatura, foi condenado por um tribunal de Estocolmo a dois anos de pris\u00e3o. Arnault, 72 anos, era acusado de estuprar duas vezes, em outubro [&hellip;]","og_url":"https:\/\/www.notibras.com\/site\/pivo-de-escandalo-do-nobel-e-condenado-por-estupro-na-suica\/","og_site_name":"Notibras","article_publisher":"https:\/\/www.facebook.com\/notibras\/","article_published_time":"2018-10-01T14:51:29+00:00","og_image":[{"width":932,"height":659,"url":"https:\/\/www.notibras.com\/site\/wp-content\/uploads\/2018\/10\/1538401048961.jpg","type":"image\/jpeg"}],"author":"Reda\u00e7\u00e3o","twitter_card":"summary_large_image","twitter_creator":"@Notibras","twitter_site":"@Notibras","twitter_misc":{"Escrito por":"Reda\u00e7\u00e3o","Est. tempo de leitura":"1 minuto"},"schema":{"@context":"https:\/\/schema.org","@graph":[{"@type":"Article","@id":"https:\/\/www.notibras.com\/site\/pivo-de-escandalo-do-nobel-e-condenado-por-estupro-na-suica\/#article","isPartOf":{"@id":"https:\/\/www.notibras.com\/site\/pivo-de-escandalo-do-nobel-e-condenado-por-estupro-na-suica\/"},"author":{"name":"Reda\u00e7\u00e3o","@id":"https:\/\/www.notibras.com\/site\/#\/schema\/person\/00b8e1aa08f9ef6563e878c5159d01cf"},"headline":"Piv\u00f4 de esc\u00e2ndalo do Nobel \u00e9 condenado por estupro na Su\u00ed\u00e7a","datePublished":"2018-10-01T14:51:29+00:00","mainEntityOfPage":{"@id":"https:\/\/www.notibras.com\/site\/pivo-de-escandalo-do-nobel-e-condenado-por-estupro-na-suica\/"},"wordCount":287,"publisher":{"@id":"https:\/\/www.notibras.com\/site\/#organization"},"image":{"@id":"https:\/\/www.notibras.com\/site\/pivo-de-escandalo-do-nobel-e-condenado-por-estupro-na-suica\/#primaryimage"},"thumbnailUrl":"https:\/\/www.notibras.com\/site\/wp-content\/uploads\/2018\/10\/1538401048961.jpg","articleSection":["Mundo"],"inLanguage":"pt-BR"},{"@type":"WebPage","@id":"https:\/\/www.notibras.com\/site\/pivo-de-escandalo-do-nobel-e-condenado-por-estupro-na-suica\/","url":"https:\/\/www.notibras.com\/site\/pivo-de-escandalo-do-nobel-e-condenado-por-estupro-na-suica\/","name":"Piv\u00f4 de esc\u00e2ndalo do Nobel \u00e9 condenado por estupro na Su\u00ed\u00e7a - Notibras","isPartOf":{"@id":"https:\/\/www.notibras.com\/site\/#website"},"primaryImageOfPage":{"@id":"https:\/\/www.notibras.com\/site\/pivo-de-escandalo-do-nobel-e-condenado-por-estupro-na-suica\/#primaryimage"},"image":{"@id":"https:\/\/www.notibras.com\/site\/pivo-de-escandalo-do-nobel-e-condenado-por-estupro-na-suica\/#primaryimage"},"thumbnailUrl":"https:\/\/www.notibras.com\/site\/wp-content\/uploads\/2018\/10\/1538401048961.jpg","datePublished":"2018-10-01T14:51:29+00:00","breadcrumb":{"@id":"https:\/\/www.notibras.com\/site\/pivo-de-escandalo-do-nobel-e-condenado-por-estupro-na-suica\/#breadcrumb"},"inLanguage":"pt-BR","potentialAction":[{"@type":"ReadAction","target":["https:\/\/www.notibras.com\/site\/pivo-de-escandalo-do-nobel-e-condenado-por-estupro-na-suica\/"]}]},{"@type":"ImageObject","inLanguage":"pt-BR","@id":"https:\/\/www.notibras.com\/site\/pivo-de-escandalo-do-nobel-e-condenado-por-estupro-na-suica\/#primaryimage","url":"https:\/\/www.notibras.com\/site\/wp-content\/uploads\/2018\/10\/1538401048961.jpg","contentUrl":"https:\/\/www.notibras.com\/site\/wp-content\/uploads\/2018\/10\/1538401048961.jpg","width":932,"height":659,"caption":"Foto: EFE\/ Janerik Henriksson"},{"@type":"BreadcrumbList","@id":"https:\/\/www.notibras.com\/site\/pivo-de-escandalo-do-nobel-e-condenado-por-estupro-na-suica\/#breadcrumb","itemListElement":[{"@type":"ListItem","position":1,"name":"In\u00edcio","item":"https:\/\/www.notibras.com\/site\/"},{"@type":"ListItem","position":2,"name":"Piv\u00f4 de esc\u00e2ndalo do Nobel \u00e9 condenado por estupro na Su\u00ed\u00e7a"}]},{"@type":"WebSite","@id":"https:\/\/www.notibras.com\/site\/#website","url":"https:\/\/www.notibras.com\/site\/","name":"Notibras","description":"Not\u00edcias de Bras\u00edlia, do Brasil e do Mundo","publisher":{"@id":"https:\/\/www.notibras.com\/site\/#organization"},"potentialAction":[{"@type":"SearchAction","target":{"@type":"EntryPoint","urlTemplate":"https:\/\/www.notibras.com\/site\/?s={search_term_string}"},"query-input":{"@type":"PropertyValueSpecification","valueRequired":true,"valueName":"search_term_string"}}],"inLanguage":"pt-BR"},{"@type":"Organization","@id":"https:\/\/www.notibras.com\/site\/#organization","name":"Grupo Notibras de Comunica\u00e7\u00e3o","url":"https:\/\/www.notibras.com\/site\/","logo":{"@type":"ImageObject","inLanguage":"pt-BR","@id":"https:\/\/www.notibras.com\/site\/#\/schema\/logo\/image\/","url":"https:\/\/www.notibras.com\/site\/wp-content\/uploads\/2023\/01\/notibras23.png","contentUrl":"https:\/\/www.notibras.com\/site\/wp-content\/uploads\/2023\/01\/notibras23.png","width":350,"height":87,"caption":"Grupo Notibras de Comunica\u00e7\u00e3o"},"image":{"@id":"https:\/\/www.notibras.com\/site\/#\/schema\/logo\/image\/"},"sameAs":["https:\/\/www.facebook.com\/notibras\/","https:\/\/x.com\/Notibras","https:\/\/www.instagram.com\/notibras\/"]},{"@type":"Person","@id":"https:\/\/www.notibras.com\/site\/#\/schema\/person\/00b8e1aa08f9ef6563e878c5159d01cf","name":"Reda\u00e7\u00e3o","image":{"@type":"ImageObject","inLanguage":"pt-BR","@id":"https:\/\/secure.gravatar.com\/avatar\/ac5a707d5b47784a5ed426c6e213e201423c750890f64e4c379114dade67dfb9?s=96&d=mm&r=g","url":"https:\/\/secure.gravatar.com\/avatar\/ac5a707d5b47784a5ed426c6e213e201423c750890f64e4c379114dade67dfb9?s=96&d=mm&r=g","contentUrl":"https:\/\/secure.gravatar.com\/avatar\/ac5a707d5b47784a5ed426c6e213e201423c750890f64e4c379114dade67dfb9?s=96&d=mm&r=g","caption":"Reda\u00e7\u00e3o"}}]}},"amp_enabled":true,"_links":{"self":[{"href":"https:\/\/www.notibras.com\/site\/wp-json\/wp\/v2\/posts\/191957","targetHints":{"allow":["GET"]}}],"collection":[{"href":"https:\/\/www.notibras.com\/site\/wp-json\/wp\/v2\/posts"}],"about":[{"href":"https:\/\/www.notibras.com\/site\/wp-json\/wp\/v2\/types\/post"}],"author":[{"embeddable":true,"href":"https:\/\/www.notibras.com\/site\/wp-json\/wp\/v2\/users\/1"}],"replies":[{"embeddable":true,"href":"https:\/\/www.notibras.com\/site\/wp-json\/wp\/v2\/comments?post=191957"}],"version-history":[{"count":2,"href":"https:\/\/www.notibras.com\/site\/wp-json\/wp\/v2\/posts\/191957\/revisions"}],"predecessor-version":[{"id":191960,"href":"https:\/\/www.notibras.com\/site\/wp-json\/wp\/v2\/posts\/191957\/revisions\/191960"}],"wp:featuredmedia":[{"embeddable":true,"href":"https:\/\/www.notibras.com\/site\/wp-json\/wp\/v2\/media\/191958"}],"wp:attachment":[{"href":"https:\/\/www.notibras.com\/site\/wp-json\/wp\/v2\/media?parent=191957"}],"wp:term":[{"taxonomy":"category","embeddable":true,"href":"https:\/\/www.notibras.com\/site\/wp-json\/wp\/v2\/categories?post=191957"},{"taxonomy":"post_tag","embeddable":true,"href":"https:\/\/www.notibras.com\/site\/wp-json\/wp\/v2\/tags?post=191957"}],"curies":[{"name":"wp","href":"https:\/\/api.w.org\/{rel}","templated":true}]}}