{"id":19217,"date":"2014-08-12T08:19:43","date_gmt":"2014-08-12T11:19:43","guid":{"rendered":"http:\/\/www.notibras.com\/site\/?p=19217"},"modified":"2014-08-12T08:19:43","modified_gmt":"2014-08-12T11:19:43","slug":"o-dia-em-que-a-ficha-suja-pode-encardir-ou-ficar-verde","status":"publish","type":"post","link":"https:\/\/www.notibras.com\/site\/o-dia-em-que-a-ficha-suja-pode-encardir-ou-ficar-verde\/","title":{"rendered":"O dia em que a ficha suja pode encardir ou ficar verde"},"content":{"rendered":"<p>Se n\u00e3o houver acidente de percurso, o Tribunal Regional Eleitoral do Distrito Federal vota no in\u00edcio da noite desta ter\u00e7a-feira 12, o pedido de impugna\u00e7\u00e3o da candidatura do ex-governador Jos\u00e9 Roberto Arruda (PR) ao Pal\u00e1cio do Buriti. Condenado em segunda inst\u00e2ncia por improbidade administrativa, o candidato diz ter a seu favor a jurisprud\u00eancia formada em outras esferas do Poder Judici\u00e1rio.<\/p>\n","protected":false},"excerpt":{"rendered":"<p>Se n\u00e3o houver acidente de percurso, o Tribunal Regional Eleitoral do Distrito Federal vota no in\u00edcio da noite desta ter\u00e7a-feira 12, o pedido de impugna\u00e7\u00e3o da candidatura do ex-governador Jos\u00e9 Roberto Arruda (PR) ao Pal\u00e1cio do Buriti. Condenado em segunda inst\u00e2ncia por improbidade administrativa, o candidato diz ter a seu favor a jurisprud\u00eancia formada em [&hellip;]<\/p>\n","protected":false},"author":2,"featured_media":19218,"comment_status":"open","ping_status":"closed","sticky":false,"template":"","format":"standard","meta":{"_acf_changed":false,"footnotes":""},"categories":[26],"tags":[],"class_list":["post-19217","post","type-post","status-publish","format-standard","has-post-thumbnail","hentry","category-eleicoes-2022"],"acf":[],"_links":{"self":[{"href":"https:\/\/www.notibras.com\/site\/wp-json\/wp\/v2\/posts\/19217","targetHints":{"allow":["GET"]}}],"collection":[{"href":"https:\/\/www.notibras.com\/site\/wp-json\/wp\/v2\/posts"}],"about":[{"href":"https:\/\/www.notibras.com\/site\/wp-json\/wp\/v2\/types\/post"}],"author":[{"embeddable":true,"href":"https:\/\/www.notibras.com\/site\/wp-json\/wp\/v2\/users\/2"}],"replies":[{"embeddable":true,"href":"https:\/\/www.notibras.com\/site\/wp-json\/wp\/v2\/comments?post=19217"}],"version-history":[{"count":0,"href":"https:\/\/www.notibras.com\/site\/wp-json\/wp\/v2\/posts\/19217\/revisions"}],"wp:featuredmedia":[{"embeddable":true,"href":"https:\/\/www.notibras.com\/site\/wp-json\/wp\/v2\/media\/19218"}],"wp:attachment":[{"href":"https:\/\/www.notibras.com\/site\/wp-json\/wp\/v2\/media?parent=19217"}],"wp:term":[{"taxonomy":"category","embeddable":true,"href":"https:\/\/www.notibras.com\/site\/wp-json\/wp\/v2\/categories?post=19217"},{"taxonomy":"post_tag","embeddable":true,"href":"https:\/\/www.notibras.com\/site\/wp-json\/wp\/v2\/tags?post=19217"}],"curies":[{"name":"wp","href":"https:\/\/api.w.org\/{rel}","templated":true}]}}