{"id":19231,"date":"2014-08-12T10:21:50","date_gmt":"2014-08-12T13:21:50","guid":{"rendered":"http:\/\/www.notibras.com\/site\/?p=19231"},"modified":"2014-08-12T10:27:56","modified_gmt":"2014-08-12T13:27:56","slug":"divulgada-lista-de-filmes-que-concorrem-ao-19o-trofeu-camara-legislativa","status":"publish","type":"post","link":"https:\/\/www.notibras.com\/site\/divulgada-lista-de-filmes-que-concorrem-ao-19o-trofeu-camara-legislativa\/","title":{"rendered":"Anunciados filmes que concorrem ao Trof\u00e9u C\u00e2mara Legislativa"},"content":{"rendered":"<p>A C\u00e2mara Legislativa do Distrito Federal divulgou a rela\u00e7\u00e3o dos filmes selecionados para concorrer ao 19\u00ba Trof\u00e9u C\u00e2mara Legislativa. De 57 inscritos (14 longas e 43 curtas), quatro longas-metragens e 13 curtas-metragens foram selecionados para disputar um total de R$ 200 mil em pr\u00eamios. Os filmes, produzidos no DF, ser\u00e3o exibidos na Mostra Bras\u00edlia do 47\u00ba Festival de Bras\u00edlia do Cinema Brasileiro, em setembro.<\/p>\n<p>As produ\u00e7\u00f5es selecionadas v\u00e3o compor uma programa\u00e7\u00e3o de cerca de 600 minutos, distribu\u00eddos em cinco sess\u00f5es, no Cine Bras\u00edlia e em algumas cidades-sat\u00e9lites, de 18 a 22 de setembro. A mostra vai constituir um panorama da produ\u00e7\u00e3o cinematogr\u00e1fica do DF no \u00faltimo ano, e os vencedores ser\u00e3o conhecidos durante a cerim\u00f4nia de encerramento do Festival de Bras\u00edlia no dia 23 de setembro.<\/p>\n<p>O presidente da Associa\u00e7\u00e3o Brasiliense de Cinema e V\u00eddeo (ABCV), Norlan Silva, ressaltou que o Trof\u00e9u C\u00e2mara Legislativa \u00e9 a &#8216;alma do festival&#8217;, pois possibilita que a cidade e os brasilienses sejam retratados na tela. O cineasta elogiou as novidades previstas para este ano e a composi\u00e7\u00e3o da comiss\u00e3o de sele\u00e7\u00e3o, al\u00e9m de defender que a exibi\u00e7\u00e3o dos filmes locais chegue tamb\u00e9m \u00e0s cidades do Entorno.<\/p>\n<p>A coordenadora do Comit\u00ea Gestor do Trof\u00e9u C\u00e2mara Legislativa, Ver\u00f4nica Pedra, destacou a parceria com a Secretaria de Cultura, que h\u00e1 anos vem contribuindo para o fortalecimento da produ\u00e7\u00e3o cinematogr\u00e1fica local.<\/p>\n<p>Para Sara Rocha, coordenadora-adjunta do Festival de Bras\u00edlia, a edi\u00e7\u00e3o da Mostra Bras\u00edlia deste ano apresenta avan\u00e7os, como uma presen\u00e7a mais ampla ao longo de todo o evento e a exibi\u00e7\u00e3o, tamb\u00e9m, em Taguatinga, Ceil\u00e2ndia, Gama e Sobradinho.<\/p>\n<p><strong>Trof\u00e9u C\u00e2mara Legislativa<br \/>\n<\/strong>Criado em 1996 como um reconhecimento aos cineastas de Bras\u00edlia e, ainda, como incentivo aos jovens realizadores que come\u00e7avam a despontar no cen\u00e1rio local e nacional, o Trof\u00e9u CLDF \u00e9 entregue anualmente durante o Festival de Bras\u00edlia do Cinema Brasileiro.<\/p>\n<blockquote><p><strong>Filmes selecionados<\/strong><\/p>\n<p><strong>Longas<br \/>\n<\/strong>&#8211;<em> Branco Sai. Preto Fica<\/em>, de Adirley Queir\u00f3s;<br \/>\n&#8211; <em>Jogo da Mem\u00f3ria<\/em>, de Jimi Figueiredo;<br \/>\n&#8211; <em>O \u00daltimo Cine Drive-in<\/em>, de Iber\u00ea Carvalho;<br \/>\n&#8211; <em>Zirig Dum Bras\u00edlia \u2013 A Arte e o Sonho de Renato Matos<\/em>, de Andr\u00e9 Luiz Oliveira.<\/p>\n<p><strong>Curtas<br \/>\n<\/strong>&#8211; <em>\u00c0 M\u00e3o Armada<\/em>, de Afonso Serpa;<br \/>\n&#8211; <em>\u00c1cido Ac\u00e9tico<\/em>, de F\u00e1uston da Silva;<br \/>\n&#8211; <em>Cine Drive-in \u2013 Cinema Sob o C\u00e9u<\/em>, de Claudio Moraes;<br \/>\n&#8211; <em>Cr\u00f4nicas de Uma Cidade Inventada<\/em>, de Lu\u00edsa Caetano;<br \/>\n&#8211; <em>Curi\u00f3<\/em>, de Tiago de Arag\u00e3o;<br \/>\n&#8211; <em>Doce de Goiabada<\/em>, de Fernanda Rocha;<br \/>\n&#8211; <em>Fragmentos<\/em>, de Adriana Vasconcelos;<br \/>\n&#8211; <em>Jogos Ind\u00edgenas<\/em>, de Thiago Frade \/ Co-dire\u00e7\u00e3o Alexandre Magno;<br \/>\n&#8211; <em>Meio Fio<\/em>, de Denise Vieira;<br \/>\n&#8211; <em>Nara<\/em>, de Santiago Dellape;<br \/>\n&#8211; <em>Querido Capric\u00f3rnio<\/em>, de Amanda Devulsky;<br \/>\n&#8211; <em>Rua J<\/em>, de Gustavo Serrate;<br \/>\n&#8211; <em>Submersa<\/em>, de Lara Campedelli.<\/p>\n<p><strong>Premia\u00e7\u00e3o<br \/>\n<\/strong>Pr\u00eamios do J\u00fari Oficial<br \/>\n\u2022 Melhor longa-metragem: R$ 80 mil;<br \/>\n\u2022 Melhor curta-metragem: R$ 30 mil;<br \/>\n\u2022 Melhor dire\u00e7\u00e3o: R$ 6 mil;<br \/>\n\u2022 Melhor ator: R$ 6 mil;<br \/>\n\u2022 Melhor atriz: R$ 6 mil;<br \/>\n\u2022 Melhor roteiro: R$ 6 mil;<br \/>\n\u2022 Melhor fotografia: R$ 6 mil;<br \/>\n\u2022 Melhor montagem: R$ 6 mil;<br \/>\n\u2022 Melhor dire\u00e7\u00e3o de arte: R$ 6 mil;<br \/>\n\u2022 Melhor edi\u00e7\u00e3o de som: R$ 6 mil;<br \/>\n\u2022 Melhor capta\u00e7\u00e3o de som direto: R$ 6 mil;<br \/>\n\u2022 Melhor trilha sonora: R$ 6 mil.<\/p>\n<p>Pr\u00eamio do J\u00fari Popular:<br \/>\n\u2022 Melhor longa-metragem: R$ 20 mil;<br \/>\n\u2022 Melhor curta-metragem: R$ 10 mil.<\/p><\/blockquote>\n","protected":false},"excerpt":{"rendered":"<p>A C\u00e2mara Legislativa do Distrito Federal divulgou a rela\u00e7\u00e3o dos filmes selecionados para concorrer ao 19\u00ba Trof\u00e9u C\u00e2mara Legislativa. De 57 inscritos (14 longas e 43 curtas), quatro longas-metragens e 13 curtas-metragens foram selecionados para disputar um total de R$ 200 mil em pr\u00eamios. Os filmes, produzidos no DF, ser\u00e3o exibidos na Mostra Bras\u00edlia do [&hellip;]<\/p>\n","protected":false},"author":1,"featured_media":17829,"comment_status":"open","ping_status":"closed","sticky":false,"template":"","format":"standard","meta":{"_acf_changed":false,"footnotes":""},"categories":[1],"tags":[],"class_list":["post-19231","post","type-post","status-publish","format-standard","has-post-thumbnail","hentry","category-brasilia"],"acf":[],"_links":{"self":[{"href":"https:\/\/www.notibras.com\/site\/wp-json\/wp\/v2\/posts\/19231","targetHints":{"allow":["GET"]}}],"collection":[{"href":"https:\/\/www.notibras.com\/site\/wp-json\/wp\/v2\/posts"}],"about":[{"href":"https:\/\/www.notibras.com\/site\/wp-json\/wp\/v2\/types\/post"}],"author":[{"embeddable":true,"href":"https:\/\/www.notibras.com\/site\/wp-json\/wp\/v2\/users\/1"}],"replies":[{"embeddable":true,"href":"https:\/\/www.notibras.com\/site\/wp-json\/wp\/v2\/comments?post=19231"}],"version-history":[{"count":0,"href":"https:\/\/www.notibras.com\/site\/wp-json\/wp\/v2\/posts\/19231\/revisions"}],"wp:featuredmedia":[{"embeddable":true,"href":"https:\/\/www.notibras.com\/site\/wp-json\/wp\/v2\/media\/17829"}],"wp:attachment":[{"href":"https:\/\/www.notibras.com\/site\/wp-json\/wp\/v2\/media?parent=19231"}],"wp:term":[{"taxonomy":"category","embeddable":true,"href":"https:\/\/www.notibras.com\/site\/wp-json\/wp\/v2\/categories?post=19231"},{"taxonomy":"post_tag","embeddable":true,"href":"https:\/\/www.notibras.com\/site\/wp-json\/wp\/v2\/tags?post=19231"}],"curies":[{"name":"wp","href":"https:\/\/api.w.org\/{rel}","templated":true}]}}